{"id":41018,"date":"2026-03-16T14:40:05","date_gmt":"2026-03-16T20:40:05","guid":{"rendered":"https:\/\/redaccionoaxaca.com\/?p=41018"},"modified":"2026-03-16T14:40:05","modified_gmt":"2026-03-16T20:40:05","slug":"gobierno-presenta-5-denuncias-por-cobrar-ilegalmente-hasta-400-pesos-en-tomas-de-caseta-de-barranca-larga-ventanilla","status":"publish","type":"post","link":"https:\/\/redaccionoaxaca.com\/index.php\/2026\/03\/16\/gobierno-presenta-5-denuncias-por-cobrar-ilegalmente-hasta-400-pesos-en-tomas-de-caseta-de-barranca-larga-ventanilla\/","title":{"rendered":"Gobierno presenta 5 denuncias por cobrar ilegalmente hasta 400 pesos en tomas de caseta de Barranca Larga\u2013Ventanilla"},"content":{"rendered":"<p><strong>#Redacci\u00f3nOaxaca<\/strong><\/p>\n<p><strong>#Oaxaca<\/strong><\/p>\n<p><strong>#JaimeGUERRERO<\/strong><\/p>\n<p style=\"text-align: justify;\">El gobierno federal interpuso cinco denuncias penales contra integrantes de organizaciones sociales que bloquearon las casetas de la autopista Barranca Larga\u2013Ventanilla y cobraron a los automovilistas hasta 400 pesos por permitirles el paso \u2014por encima del costo oficial de peaje\u2014, inform\u00f3 el secretario de Gobierno, Jes\u00fas Romero L\u00f3pez.<\/p>\n<p style=\"text-align: justify;\">El funcionario precis\u00f3 que la m\u00e1s reciente de estas acciones ocurri\u00f3 la noche anterior, protagonizada por integrantes de la organizaci\u00f3n identificada como \u201cForo\u201d.<\/p>\n<p style=\"text-align: justify;\">Romero L\u00f3pez describi\u00f3 la conducta como un \u201cdelito grave a las finanzas de la naci\u00f3n y del pueblo de M\u00e9xico\u201d.<\/p>\n<p style=\"text-align: justify;\">El secretario explic\u00f3 que el gobierno estatal no tiene atribuciones para intervenir directamente con cuerpos de seguridad en esas instalaciones, debido a que se trata de zona federal.<\/p>\n<p style=\"text-align: justify;\">\u201cNosotros lo que hacemos es acudir a la caseta; el delegado de paz dialoga con quienes est\u00e1n protestando, los exhorta a retirarse y advierte que se est\u00e1 cometiendo un delito grave\u201d, dijo Romero L\u00f3pez.<\/p>\n<p style=\"text-align: justify;\">La actuaci\u00f3n policial, a\u00f1adi\u00f3, corresponde a la Guardia Nacional conforme a su propio protocolo de actuaci\u00f3n.<\/p>\n<p style=\"text-align: justify;\">En cuanto al \u00e1mbito penal, el secretario se\u00f1al\u00f3 que existe un grupo de trabajo integrado por Capufe y la Secretar\u00eda de Infraestructura, Comunicaciones y Transportes (SICT) con un protocolo establecido para presentar denuncias de manera directa.<\/p>\n<p style=\"text-align: justify;\">\u201cNosotros no participamos en ese protocolo; es estrictamente federal\u201d, indic\u00f3. Romero L\u00f3pez dijo desconocer si existen \u00f3rdenes de aprehensi\u00f3n derivadas de incidentes previos, pero confirm\u00f3 que de los hechos m\u00e1s recientes se presentaron cinco denuncias contra los responsables directos.<\/p>\n<p style=\"text-align: justify;\">La autopista Oaxaca\u2013Puerto Escondido estuvo bloqueada desde el 9 de marzo de 2026 por habitantes de Santa Mar\u00eda Colotepec y comunidades vecinas, quienes exigen el cumplimiento de compromisos relacionados con la construcci\u00f3n de caminos alternos, pasos ganaderos y la gratuidad del peaje para residentes.<\/p>\n<p style=\"text-align: justify;\">Durante el conflicto, conductores reportaron que el paso solo se permit\u00eda por intervalos y tras el pago de una cuota a los manifestantes. Ante la espera, muchos optaron por tomar la carretera federal, lo que extend\u00eda el trayecto entre seis y siete horas.<\/p>\n<p style=\"text-align: justify;\">Tras cuatro d\u00edas de bloqueo y varias rondas de negociaci\u00f3n, la autopista fue reabierta la noche del jueves.<\/p>\n<p style=\"text-align: justify;\">Los acuerdos alcanzados incluyen gestiones para trabajos de mantenimiento, pavimentaci\u00f3n y mejoras en la infraestructura vial en beneficio de las comunidades de Santa Mar\u00eda Colotepec.<\/p>\n<p style=\"text-align: justify;\">No obstante, el secretario Romero L\u00f3pez advirti\u00f3 que los bloqueos han sido recurrentes por parte de distintas organizaciones y que continuar\u00e1n atendi\u00e9ndose conforme al esquema de di\u00e1logo a trav\u00e9s de los delegados de paz y canalizaci\u00f3n de las denuncias penales a las autoridades federales competentes.<\/p>\n","protected":false},"excerpt":{"rendered":"<p>#Redacci\u00f3nOaxaca #Oaxaca #JaimeGUERRERO El gobierno federal interpuso cinco denuncias penales contra integrantes de organizaciones sociales que bloquearon las casetas de la autopista Barranca Larga\u2013Ventanilla y cobraron a los automovilistas hasta 400 pesos por permitirles el paso \u2014por encima del costo oficial de peaje\u2014, inform\u00f3 el secretario de Gobierno, Jes\u00fas Romero L\u00f3pez. El funcionario precis\u00f3 que [&hellip;]<\/p>\n","protected":false},"author":9,"featured_media":41019,"comment_status":"open","ping_status":"open","sticky":false,"template":"","format":"standard","meta":{"jetpack_post_was_ever_published":false,"_jetpack_newsletter_access":"","_jetpack_dont_email_post_to_subs":false,"_jetpack_newsletter_tier_id":0,"_jetpack_memberships_contains_paywalled_content":false,"_jetpack_memberships_contains_paid_content":false,"footnotes":"","jetpack_publicize_message":"","jetpack_publicize_feature_enabled":true,"jetpack_social_post_already_shared":true,"jetpack_social_options":{"image_generator_settings":{"template":"highway","default_image_id":0,"font":"","enabled":false},"version":2}},"categories":[7,3,6],"tags":[],"class_list":{"0":"post-41018","1":"post","2":"type-post","3":"status-publish","4":"format-standard","5":"has-post-thumbnail","7":"category-al-cierre","8":"category-mesa-de-redaccion","9":"category-tendencias"},"jetpack_publicize_connections":[],"jetpack_featured_media_url":"https:\/\/i0.wp.com\/redaccionoaxaca.com\/wp-content\/uploads\/2026\/03\/images-53.jpeg?fit=772%2C397&ssl=1","jetpack_sharing_enabled":true,"jetpack_shortlink":"https:\/\/wp.me\/p9Ynjw-aFA","jetpack-related-posts":[{"id":41509,"url":"https:\/\/redaccionoaxaca.com\/index.php\/2026\/04\/13\/sict-arrancan-trabajos-en-autopista-barranca-larga-ventanilla-inversion-cercana-a-1-mil-216-millones-de-pesos\/","url_meta":{"origin":41018,"position":0},"title":"SICT arrancan trabajos en autopista Barranca Larga-Ventanilla; inversi\u00f3n cercana a 1 mil 216 millones de pesos","author":"ariadna","date":"abril 13, 2026","format":false,"excerpt":"#Redacci\u00f3nOaxaca #Oaxaca #JaimeGUERRERO La Secretar\u00eda de Infraestructura, Comunicaciones y Transportes (SICT) y Caminos y Puentes Federales (CAPUFE) iniciaron este lunes los trabajos de limpieza y mantenimiento en el tramo de San Sebasti\u00e1n Coatl\u00e1n hacia Ventanilla de la autopista Barranca Larga-Ventanilla, con presencia de elementos de la Guardia Nacional y la\u2026","rel":"","context":"En &quot;Mesa de Redacci\u00f3n&quot;","block_context":{"text":"Mesa de Redacci\u00f3n","link":"https:\/\/redaccionoaxaca.com\/index.php\/category\/mesa-de-redaccion\/"},"img":{"alt_text":"","src":"https:\/\/i0.wp.com\/redaccionoaxaca.com\/wp-content\/uploads\/2026\/04\/Screenshot_20260413_195133_WhatsApp-scaled.jpg?fit=1200%2C670&ssl=1&resize=350%2C200","width":350,"height":200,"srcset":"https:\/\/i0.wp.com\/redaccionoaxaca.com\/wp-content\/uploads\/2026\/04\/Screenshot_20260413_195133_WhatsApp-scaled.jpg?fit=1200%2C670&ssl=1&resize=350%2C200 1x, https:\/\/i0.wp.com\/redaccionoaxaca.com\/wp-content\/uploads\/2026\/04\/Screenshot_20260413_195133_WhatsApp-scaled.jpg?fit=1200%2C670&ssl=1&resize=525%2C300 1.5x, https:\/\/i0.wp.com\/redaccionoaxaca.com\/wp-content\/uploads\/2026\/04\/Screenshot_20260413_195133_WhatsApp-scaled.jpg?fit=1200%2C670&ssl=1&resize=700%2C400 2x, https:\/\/i0.wp.com\/redaccionoaxaca.com\/wp-content\/uploads\/2026\/04\/Screenshot_20260413_195133_WhatsApp-scaled.jpg?fit=1200%2C670&ssl=1&resize=1050%2C600 3x"},"classes":[]},{"id":40970,"url":"https:\/\/redaccionoaxaca.com\/index.php\/2026\/03\/13\/acuerdos-de-mantenimiento-y-pavimentacion-ponen-fin-al-bloqueo-de-cuatro-dias-en-la-autopista-barranca-larga-ventanilla\/","url_meta":{"origin":41018,"position":1},"title":"Acuerdos de mantenimiento y pavimentaci\u00f3n ponen fin al bloqueo de cuatro d\u00edas en la autopista Barranca Larga\u2013Ventanilla","author":"ariadna","date":"marzo 13, 2026","format":false,"excerpt":"#Redacci\u00f3nOaxaca #Oaxaca #JaimeGUERRERO La autopista Barranca Larga\u2013Ventanilla y la Plaza de Cobro Ventanilla quedaron liberadas este jueves luego de que el gobierno estatal, federal y representantes de Santa Mar\u00eda Colotepec alcanzaron acuerdos de mantenimiento y pavimentaci\u00f3n carretera. La mesa de di\u00e1logo encabezada por el Secretario de Gobierno, Jes\u00fas Romero L\u00f3pez\u2026","rel":"","context":"En &quot;Agenda Pol\u00edtica&quot;","block_context":{"text":"Agenda Pol\u00edtica","link":"https:\/\/redaccionoaxaca.com\/index.php\/category\/agenda-politica\/"},"img":{"alt_text":"","src":"https:\/\/i0.wp.com\/redaccionoaxaca.com\/wp-content\/uploads\/2026\/03\/IMG-20260312-WA0263.jpg?fit=1200%2C900&ssl=1&resize=350%2C200","width":350,"height":200,"srcset":"https:\/\/i0.wp.com\/redaccionoaxaca.com\/wp-content\/uploads\/2026\/03\/IMG-20260312-WA0263.jpg?fit=1200%2C900&ssl=1&resize=350%2C200 1x, https:\/\/i0.wp.com\/redaccionoaxaca.com\/wp-content\/uploads\/2026\/03\/IMG-20260312-WA0263.jpg?fit=1200%2C900&ssl=1&resize=525%2C300 1.5x, https:\/\/i0.wp.com\/redaccionoaxaca.com\/wp-content\/uploads\/2026\/03\/IMG-20260312-WA0263.jpg?fit=1200%2C900&ssl=1&resize=700%2C400 2x, https:\/\/i0.wp.com\/redaccionoaxaca.com\/wp-content\/uploads\/2026\/03\/IMG-20260312-WA0263.jpg?fit=1200%2C900&ssl=1&resize=1050%2C600 3x"},"classes":[]},{"id":40604,"url":"https:\/\/redaccionoaxaca.com\/index.php\/2026\/02\/19\/secretaria-de-gobierno-llama-a-san-sebastian-coatlan-a-permitir-rehabilitacion-en-autopista-barranca-larga-ventanilla\/","url_meta":{"origin":41018,"position":2},"title":"Secretar\u00eda de Gobierno llama a San Sebasti\u00e1n Coatl\u00e1n a permitir rehabilitaci\u00f3n en autopista Barranca Larga-Ventanilla","author":"ariadna","date":"febrero 19, 2026","format":false,"excerpt":"#Redacci\u00f3nOaxaca #Oaxaca #JaimeGUERRERO Ante la creciente demanda ciudadana de mejorar las condiciones viales en de la autopista Barranca Larga-Ventanilla, tramo que ha registrado numerosos accidentes, el secretario de Gobierno, Jes\u00fas Romero L\u00f3pez, hizo un llamado p\u00fablico a la comunidad de San Sebasti\u00e1n Coatl\u00e1n para que permita el inicio de los\u2026","rel":"","context":"En &quot;Agenda Pol\u00edtica&quot;","block_context":{"text":"Agenda Pol\u00edtica","link":"https:\/\/redaccionoaxaca.com\/index.php\/category\/agenda-politica\/"},"img":{"alt_text":"","src":"https:\/\/i0.wp.com\/redaccionoaxaca.com\/wp-content\/uploads\/2026\/02\/BJDZZW7J4ZDNLGMOL4NOIQ6WSA.jpg?fit=1201%2C740&ssl=1&resize=350%2C200","width":350,"height":200,"srcset":"https:\/\/i0.wp.com\/redaccionoaxaca.com\/wp-content\/uploads\/2026\/02\/BJDZZW7J4ZDNLGMOL4NOIQ6WSA.jpg?fit=1201%2C740&ssl=1&resize=350%2C200 1x, https:\/\/i0.wp.com\/redaccionoaxaca.com\/wp-content\/uploads\/2026\/02\/BJDZZW7J4ZDNLGMOL4NOIQ6WSA.jpg?fit=1201%2C740&ssl=1&resize=525%2C300 1.5x, https:\/\/i0.wp.com\/redaccionoaxaca.com\/wp-content\/uploads\/2026\/02\/BJDZZW7J4ZDNLGMOL4NOIQ6WSA.jpg?fit=1201%2C740&ssl=1&resize=700%2C400 2x, https:\/\/i0.wp.com\/redaccionoaxaca.com\/wp-content\/uploads\/2026\/02\/BJDZZW7J4ZDNLGMOL4NOIQ6WSA.jpg?fit=1201%2C740&ssl=1&resize=1050%2C600 3x"},"classes":[]},{"id":40830,"url":"https:\/\/redaccionoaxaca.com\/index.php\/2026\/03\/04\/congreso-local-exhorta-a-diversas-autoridades-a-garantizar-el-transito-seguro-en-la-autopista-barranca-larga-ventanilla\/","url_meta":{"origin":41018,"position":3},"title":"Congreso local exhorta a diversas autoridades a garantizar el tr\u00e1nsito seguro en la autopista Barranca Larga\u2013Ventanilla","author":"ariadna","date":"marzo 4, 2026","format":false,"excerpt":"#Redacci\u00f3nOaxaca #Oaxaca * Se busca garantizar una movilidad eficiente y vialidades en \u00f3ptimas condiciones San Raymundo Jalpan, Oax., a 04 de marzo de 2026.- Con el objetivo de garantizar el tr\u00e1nsito seguro de conductores y pasajeros, en Sesi\u00f3n Ordinaria las y los diputados de la Comisi\u00f3n Permanente de Infraestructura y\u2026","rel":"","context":"En &quot;Agenda Pol\u00edtica&quot;","block_context":{"text":"Agenda Pol\u00edtica","link":"https:\/\/redaccionoaxaca.com\/index.php\/category\/agenda-politica\/"},"img":{"alt_text":"","src":"https:\/\/i0.wp.com\/redaccionoaxaca.com\/wp-content\/uploads\/2026\/03\/Screenshot_20260304_193047_Facebook-scaled.jpg?fit=1200%2C808&ssl=1&resize=350%2C200","width":350,"height":200,"srcset":"https:\/\/i0.wp.com\/redaccionoaxaca.com\/wp-content\/uploads\/2026\/03\/Screenshot_20260304_193047_Facebook-scaled.jpg?fit=1200%2C808&ssl=1&resize=350%2C200 1x, https:\/\/i0.wp.com\/redaccionoaxaca.com\/wp-content\/uploads\/2026\/03\/Screenshot_20260304_193047_Facebook-scaled.jpg?fit=1200%2C808&ssl=1&resize=525%2C300 1.5x, https:\/\/i0.wp.com\/redaccionoaxaca.com\/wp-content\/uploads\/2026\/03\/Screenshot_20260304_193047_Facebook-scaled.jpg?fit=1200%2C808&ssl=1&resize=700%2C400 2x, https:\/\/i0.wp.com\/redaccionoaxaca.com\/wp-content\/uploads\/2026\/03\/Screenshot_20260304_193047_Facebook-scaled.jpg?fit=1200%2C808&ssl=1&resize=1050%2C600 3x"},"classes":[]},{"id":4471,"url":"https:\/\/redaccionoaxaca.com\/index.php\/2018\/12\/15\/amlo-detiene-construccion-de-autopista-de-la-costa-y-la-del-istmo-no-hay-acuerdo-con-carso\/","url_meta":{"origin":41018,"position":4},"title":"AMLO detiene construcci\u00f3n de autopista  de la Costa; y la del Istmo no hay acuerdo con Carso.","author":"jaime","date":"diciembre 15, 2018","format":false,"excerpt":"#Redacci\u00f3nOaxaca #Oaxaca Jaime GUERRERO El Secretario de las Infraestructuras y Ordenamiento Territorial Sustentable (SINFRA), Fabi\u00e1n Sebasti\u00e1n Herrera Villag\u00f3mez, confirm\u00f3 que la construcci\u00f3n de la super carretera Puerto Escondido-Oaxaca, fue suspendida, por el Gobierno de Andr\u00e9s Manuel L\u00f3pez Obrador, tras declarar desiertas las licitaciones de 2 de cuatro tramos pendientes. En\u2026","rel":"","context":"Entrada similar ","block_context":{"text":"Entrada similar ","link":""},"img":{"alt_text":"","src":"","width":0,"height":0},"classes":[]},{"id":36153,"url":"https:\/\/redaccionoaxaca.com\/index.php\/2025\/03\/19\/pobladores-de-coatlanes-oaxaca-se-apoderan-de-caseta-barranca-larga-ventanilla-y-liberan-paso-exigen-no-cobro\/","url_meta":{"origin":41018,"position":5},"title":"Pobladores de Coatlanes, Oaxaca se apoderan de caseta Barranca Larga-Ventanilla y liberan paso; exigen NO cobro","author":"ariadna","date":"marzo 19, 2025","format":false,"excerpt":"#Redacci\u00f3nOaxaca #Oaxaca Jaime GUERRERO Pobladores de cuatro municipios de zona de Coatl\u00e1n, Miahuatl\u00e1n se apoderan de casetas de Caminos y Puentes Federales (Capufe) para liberar el paso en autopista Barranca Larga-Ventanilla, #Oaxaca. Exigen que NO les cobren el peaje. Habitantes de San Vicente Coatl\u00e1n, San Pablo Coatl\u00e1n, San Jer\u00f3nimo Coatl\u00e1n\u2026","rel":"","context":"En &quot;Agenda Pol\u00edtica&quot;","block_context":{"text":"Agenda Pol\u00edtica","link":"https:\/\/redaccionoaxaca.com\/index.php\/category\/agenda-politica\/"},"img":{"alt_text":"","src":"","width":0,"height":0},"classes":[]}],"_links":{"self":[{"href":"https:\/\/redaccionoaxaca.com\/index.php\/wp-json\/wp\/v2\/posts\/41018","targetHints":{"allow":["GET"]}}],"collection":[{"href":"https:\/\/redaccionoaxaca.com\/index.php\/wp-json\/wp\/v2\/posts"}],"about":[{"href":"https:\/\/redaccionoaxaca.com\/index.php\/wp-json\/wp\/v2\/types\/post"}],"author":[{"embeddable":true,"href":"https:\/\/redaccionoaxaca.com\/index.php\/wp-json\/wp\/v2\/users\/9"}],"replies":[{"embeddable":true,"href":"https:\/\/redaccionoaxaca.com\/index.php\/wp-json\/wp\/v2\/comments?post=41018"}],"version-history":[{"count":1,"href":"https:\/\/redaccionoaxaca.com\/index.php\/wp-json\/wp\/v2\/posts\/41018\/revisions"}],"predecessor-version":[{"id":41020,"href":"https:\/\/redaccionoaxaca.com\/index.php\/wp-json\/wp\/v2\/posts\/41018\/revisions\/41020"}],"wp:featuredmedia":[{"embeddable":true,"href":"https:\/\/redaccionoaxaca.com\/index.php\/wp-json\/wp\/v2\/media\/41019"}],"wp:attachment":[{"href":"https:\/\/redaccionoaxaca.com\/index.php\/wp-json\/wp\/v2\/media?parent=41018"}],"wp:term":[{"taxonomy":"category","embeddable":true,"href":"https:\/\/redaccionoaxaca.com\/index.php\/wp-json\/wp\/v2\/categories?post=41018"},{"taxonomy":"post_tag","embeddable":true,"href":"https:\/\/redaccionoaxaca.com\/index.php\/wp-json\/wp\/v2\/tags?post=41018"}],"curies":[{"name":"wp","href":"https:\/\/api.w.org\/{rel}","templated":true}]}}