{"id":41021,"date":"2026-03-16T15:24:00","date_gmt":"2026-03-16T21:24:00","guid":{"rendered":"https:\/\/redaccionoaxaca.com\/?p=41021"},"modified":"2026-03-16T15:24:00","modified_gmt":"2026-03-16T21:24:00","slug":"conductor-del-camion-que-causo-accidente-en-guelatao-dio-positivo-a-alcohol-y-metanfetamina-fiscalia-de-oaxaca","status":"publish","type":"post","link":"https:\/\/redaccionoaxaca.com\/index.php\/2026\/03\/16\/conductor-del-camion-que-causo-accidente-en-guelatao-dio-positivo-a-alcohol-y-metanfetamina-fiscalia-de-oaxaca\/","title":{"rendered":"Conductor del cami\u00f3n que caus\u00f3 accidente en Guelatao dio positivo a alcohol y metanfetamina: Fiscal\u00eda de Oaxaca"},"content":{"rendered":"<p><strong>#Redacci\u00f3nOaxaca<\/strong><\/p>\n<p style=\"text-align: justify;\"><strong>#Oaxaca<\/strong><\/p>\n<p>Oaxaca de Ju\u00e1rez, Oax., 16 de marzo de 2026.- El titular de la Fiscal\u00eda General del Estado de Oaxaca, Bernardo Rodr\u00edguez Alamilla, inform\u00f3 que el conductor del cami\u00f3n involucrado en el accidente ocurrido el fin de semana en Guelatao de Ju\u00e1rez dio positivo a alcohol y metanfetamina, adem\u00e1s de que la unidad presentaba fallas mec\u00e1nicas en el sistema de frenos.<\/p>\n<p style=\"text-align: justify;\">Durante una entrevista, el fiscal se\u00f1al\u00f3 que el hecho dej\u00f3 cuatro personas fallecidas y seis m\u00e1s lesionadas, de las cuales cuatro ya fueron dadas de alta, mientras que dos contin\u00faan hospitalizadas.<\/p>\n<p style=\"text-align: justify;\">Rodr\u00edguez Alamilla explic\u00f3 que el conductor, un hombre de 27 a\u00f1os que tambi\u00e9n falleci\u00f3 en el accidente, presentaba en su organismo alcohol y metanfetamina, lo que forma parte de los elementos que la instituci\u00f3n considera para determinar responsabilidades.<\/p>\n<p style=\"text-align: justify;\">Asimismo, indic\u00f3 que los peritajes realizados por la Fiscal\u00eda detectaron que el veh\u00edculo involucrado ten\u00eda fallas mec\u00e1nicas, particularmente en el sistema de frenos, lo que tambi\u00e9n habr\u00eda influido en el siniestro.<\/p>\n<p style=\"text-align: justify;\">El fiscal detall\u00f3 que la carpeta de investigaci\u00f3n ya se integra bajo el delito de homicidio culposo por tr\u00e1nsito de veh\u00edculo, debido a que el accidente dej\u00f3 v\u00edctimas mortales.<\/p>\n<p style=\"text-align: justify;\">Adem\u00e1s, precis\u00f3 que la persona que aparece como propietaria del cami\u00f3n no es la misma que lo conduc\u00eda, por lo que podr\u00eda configurarse una responsabilidad solidaria para la reparaci\u00f3n del da\u00f1o a las v\u00edctimas.<\/p>\n<p style=\"text-align: justify;\">La Fiscal\u00eda tambi\u00e9n realiza indagatorias para conocer si el veh\u00edculo contaba con los permisos o concesiones correspondientes para el traslado de madera, en coordinaci\u00f3n con instancias estatales y federales.<\/p>\n<p style=\"text-align: justify;\">Finalmente, el funcionario se\u00f1al\u00f3 que la instituci\u00f3n mantiene acompa\u00f1amiento a las familias de las v\u00edctimas, adem\u00e1s de agilizar los tr\u00e1mites legales y forenses para la entrega de los cuerpos, procurando que el proceso sea lo menos complicado posible para los deudos.<\/p>\n<p>&nbsp;<\/p>\n","protected":false},"excerpt":{"rendered":"<p>#Redacci\u00f3nOaxaca #Oaxaca Oaxaca de Ju\u00e1rez, Oax., 16 de marzo de 2026.- El titular de la Fiscal\u00eda General del Estado de Oaxaca, Bernardo Rodr\u00edguez Alamilla, inform\u00f3 que el conductor del cami\u00f3n involucrado en el accidente ocurrido el fin de semana en Guelatao de Ju\u00e1rez dio positivo a alcohol y metanfetamina, adem\u00e1s de que la unidad presentaba [&hellip;]<\/p>\n","protected":false},"author":9,"featured_media":41022,"comment_status":"open","ping_status":"open","sticky":false,"template":"","format":"standard","meta":{"jetpack_post_was_ever_published":false,"_jetpack_newsletter_access":"","_jetpack_dont_email_post_to_subs":false,"_jetpack_newsletter_tier_id":0,"_jetpack_memberships_contains_paywalled_content":false,"_jetpack_memberships_contains_paid_content":false,"footnotes":"","jetpack_publicize_message":"","jetpack_publicize_feature_enabled":true,"jetpack_social_post_already_shared":true,"jetpack_social_options":{"image_generator_settings":{"template":"highway","default_image_id":0,"font":"","enabled":false},"version":2}},"categories":[5,3,6],"tags":[],"class_list":{"0":"post-41021","1":"post","2":"type-post","3":"status-publish","4":"format-standard","5":"has-post-thumbnail","7":"category-imagen","8":"category-mesa-de-redaccion","9":"category-tendencias"},"jetpack_publicize_connections":[],"jetpack_featured_media_url":"https:\/\/i0.wp.com\/redaccionoaxaca.com\/wp-content\/uploads\/2026\/03\/Screenshot_20260316_152314_Gallery-scaled.jpg?fit=2560%2C1899&ssl=1","jetpack_sharing_enabled":true,"jetpack_shortlink":"https:\/\/wp.me\/p9Ynjw-aFD","jetpack-related-posts":[{"id":41034,"url":"https:\/\/redaccionoaxaca.com\/index.php\/2026\/03\/17\/congreso-de-oaxaca-exhorta-a-la-sict-y-la-guardia-nacional-a-reforzar-supervision-del-transporte-de-carga\/","url_meta":{"origin":41021,"position":0},"title":"Congreso de Oaxaca exhorta a la SICT y la Guardia Nacional a reforzar supervisi\u00f3n del transporte de carga","author":"ariadna","date":"marzo 17, 2026","format":false,"excerpt":"#Redacci\u00f3nOaxaca #Oaxaca #JaimeGUERRERO El pleno del Congreso del Estado aprob\u00f3 por urgente y obvia resoluci\u00f3n un punto de acuerdo que exhorta a la Secretar\u00eda de Infraestructura, Comunicaciones y Transportes (SICT) del gobierno federal y a la Guardia Nacional a implementar acciones permanentes de prevenci\u00f3n, supervisi\u00f3n y control sobre el transporte\u2026","rel":"","context":"En &quot;Agenda Pol\u00edtica&quot;","block_context":{"text":"Agenda Pol\u00edtica","link":"https:\/\/redaccionoaxaca.com\/index.php\/category\/agenda-politica\/"},"img":{"alt_text":"","src":"https:\/\/i0.wp.com\/redaccionoaxaca.com\/wp-content\/uploads\/2026\/03\/21-11-scaled.jpg?fit=1200%2C699&ssl=1&resize=350%2C200","width":350,"height":200,"srcset":"https:\/\/i0.wp.com\/redaccionoaxaca.com\/wp-content\/uploads\/2026\/03\/21-11-scaled.jpg?fit=1200%2C699&ssl=1&resize=350%2C200 1x, https:\/\/i0.wp.com\/redaccionoaxaca.com\/wp-content\/uploads\/2026\/03\/21-11-scaled.jpg?fit=1200%2C699&ssl=1&resize=525%2C300 1.5x, https:\/\/i0.wp.com\/redaccionoaxaca.com\/wp-content\/uploads\/2026\/03\/21-11-scaled.jpg?fit=1200%2C699&ssl=1&resize=700%2C400 2x, https:\/\/i0.wp.com\/redaccionoaxaca.com\/wp-content\/uploads\/2026\/03\/21-11-scaled.jpg?fit=1200%2C699&ssl=1&resize=1050%2C600 3x"},"classes":[]},{"id":36080,"url":"https:\/\/redaccionoaxaca.com\/index.php\/2025\/03\/14\/peritajes-confirman-conductor-perdio-el-control-en-tragico-accidente-de-la-mitla-tehuantepec\/","url_meta":{"origin":41021,"position":1},"title":"Peritajes confirman: conductor perdi\u00f3 el control en tr\u00e1gico accidente de la Mitla-Tehuantepec","author":"ariadna","date":"marzo 14, 2025","format":false,"excerpt":"#Redacci\u00f3nOaxaca #Oaxaca * Estudios periciales establecen que accidente en la carretera Mitla-Tehuantepec, ocurri\u00f3 porque conductor perdi\u00f3 el control del autob\u00fas Oaxaca de Ju\u00e1rez, Oax., 13 de marzo de 2025.- Derivado de los trabajos periciales realizados por especialistas de la Fiscal\u00eda General del Estado de Oaxaca se logr\u00f3 establecer la causa\u2026","rel":"","context":"En &quot;Imagen&quot;","block_context":{"text":"Imagen","link":"https:\/\/redaccionoaxaca.com\/index.php\/category\/imagen\/"},"img":{"alt_text":"","src":"","width":0,"height":0},"classes":[]},{"id":31500,"url":"https:\/\/redaccionoaxaca.com\/index.php\/2024\/04\/30\/fgeo-realiza-cateo-en-colonia-volcanes-de-la-capital-detienen-a-cuatro-personas-ademas-de-asegurar-armas-drogas-motocicletas-y-un-mototaxi\/","url_meta":{"origin":41021,"position":2},"title":"FGEO realiza cateo en colonia Volcanes de la capital, detienen a cuatro personas adem\u00e1s de asegurar armas, drogas, motocicletas y un mototaxi","author":"ariadna","date":"abril 30, 2024","format":false,"excerpt":"#Redacci\u00f3nOaxaca #Oaxaca Oaxaca de Ju\u00e1rez, Oax., a 30 de abril de 2024. Como parte de las labores de investigaci\u00f3n ministerial para el combate de los delitos de alto impacto, la Fiscalia General del Estado de Oaxaca (FGEO) ejecut\u00f3 una orden de cateo en un domicilio en la capital del estado,\u2026","rel":"","context":"En &quot;Imagen&quot;","block_context":{"text":"Imagen","link":"https:\/\/redaccionoaxaca.com\/index.php\/category\/imagen\/"},"img":{"alt_text":"","src":"https:\/\/i0.wp.com\/redaccionoaxaca.com\/wp-content\/uploads\/2024\/04\/InShot_20240430_163738561-300x206.jpg?resize=350%2C200&ssl=1","width":350,"height":200},"classes":[]},{"id":37992,"url":"https:\/\/redaccionoaxaca.com\/index.php\/2025\/08\/23\/ministro-electo-aristides-guerrero-se-recupera-satisfactoriamente-tras-accidente-vehicular-regresaba-de-oaxaca\/","url_meta":{"origin":41021,"position":3},"title":"Ministro Electo Ar\u00edstides Guerrero se recupera satisfactoriamente tras accidente vehicular; regresaba de Oaxaca","author":"ariadna","date":"agosto 23, 2025","format":false,"excerpt":"#Redacci\u00f3nOaxaca #Oaxaca Jaime GUERRERO La noche del 22 de agosto, alrededor de las 22:30 horas, al regresar de la ciudad de Oaxaca tras participar como invitado en un evento p\u00fablico de la Fiscalia del Estado, el Ministro Electo Aristides Rodrigo Guerrero Garc\u00eda sufri\u00f3 un accidente vehicular sobre la avenida R\u00edo\u2026","rel":"","context":"Entrada similar ","block_context":{"text":"Entrada similar ","link":""},"img":{"alt_text":"","src":"https:\/\/i0.wp.com\/redaccionoaxaca.com\/wp-content\/uploads\/2025\/08\/IMG-20250823-WA0259.jpg?fit=1200%2C800&ssl=1&resize=350%2C200","width":350,"height":200,"srcset":"https:\/\/i0.wp.com\/redaccionoaxaca.com\/wp-content\/uploads\/2025\/08\/IMG-20250823-WA0259.jpg?fit=1200%2C800&ssl=1&resize=350%2C200 1x, https:\/\/i0.wp.com\/redaccionoaxaca.com\/wp-content\/uploads\/2025\/08\/IMG-20250823-WA0259.jpg?fit=1200%2C800&ssl=1&resize=525%2C300 1.5x, https:\/\/i0.wp.com\/redaccionoaxaca.com\/wp-content\/uploads\/2025\/08\/IMG-20250823-WA0259.jpg?fit=1200%2C800&ssl=1&resize=700%2C400 2x, https:\/\/i0.wp.com\/redaccionoaxaca.com\/wp-content\/uploads\/2025\/08\/IMG-20250823-WA0259.jpg?fit=1200%2C800&ssl=1&resize=1050%2C600 3x"},"classes":[]},{"id":10259,"url":"https:\/\/redaccionoaxaca.com\/index.php\/2020\/01\/21\/presentados-2-choferes-implicados-en-la-muerte-de-una-madre-de-familia-atropellada\/","url_meta":{"origin":41021,"position":4},"title":"PRESENTADOS 2 CHOFERES IMPLICADOS EN LA MUERTE DE UNA MADRE DE FAMILIA ATROPELLADA","author":"denise","date":"enero 21, 2020","format":false,"excerpt":"#Redacci\u00f3nOaxaca Derivado del tr\u00e1gico accidente en el que perdi\u00f3 la vida la se\u00f1ora Antonieta L\u00f3pez S\u00e1nchez, cuando llevaba a su hija a la escuela. La Polic\u00eda Vial Estatal present\u00f3 a los dos choferes y los camiones de carga involucrados y asegurados. De acuerdo con la corporaci\u00f3n, el accidente de registro\u2026","rel":"","context":"En &quot;Imagen&quot;","block_context":{"text":"Imagen","link":"https:\/\/redaccionoaxaca.com\/index.php\/category\/imagen\/"},"img":{"alt_text":"","src":"https:\/\/i0.wp.com\/redaccionoaxaca.com\/wp-content\/uploads\/2020\/01\/WhatsApp-Image-2020-01-21-at-18.40.50.jpeg?resize=350%2C200","width":350,"height":200},"classes":[]},{"id":34897,"url":"https:\/\/redaccionoaxaca.com\/index.php\/2024\/12\/26\/30-y35-muertes-violentas-de-mujeres-relacionadas-con-delincuencia-organizada-fiscal\/","url_meta":{"origin":41021,"position":5},"title":"30 y35% muertes violentas de mujeres, relacionadas con delincuencia organizada: Fiscal","author":"ariadna","date":"diciembre 26, 2024","format":false,"excerpt":"#Redacci\u00f3nOaxaca #Oaxaca Sayra Cruz Entre el 30% y 35% de las muertes violentas de mujeres est\u00e1n relacionadas con la delincuencia organizada, principalmente en las regiones de la Costa y el Istmo, inform\u00f3 el fiscal de Oaxaca, Bernardo Rodr\u00edguez Alamilla. En los datos preliminares de este 2024, han ocurrido 103 casos,\u2026","rel":"","context":"En &quot;Imagen&quot;","block_context":{"text":"Imagen","link":"https:\/\/redaccionoaxaca.com\/index.php\/category\/imagen\/"},"img":{"alt_text":"","src":"","width":0,"height":0},"classes":[]}],"_links":{"self":[{"href":"https:\/\/redaccionoaxaca.com\/index.php\/wp-json\/wp\/v2\/posts\/41021","targetHints":{"allow":["GET"]}}],"collection":[{"href":"https:\/\/redaccionoaxaca.com\/index.php\/wp-json\/wp\/v2\/posts"}],"about":[{"href":"https:\/\/redaccionoaxaca.com\/index.php\/wp-json\/wp\/v2\/types\/post"}],"author":[{"embeddable":true,"href":"https:\/\/redaccionoaxaca.com\/index.php\/wp-json\/wp\/v2\/users\/9"}],"replies":[{"embeddable":true,"href":"https:\/\/redaccionoaxaca.com\/index.php\/wp-json\/wp\/v2\/comments?post=41021"}],"version-history":[{"count":1,"href":"https:\/\/redaccionoaxaca.com\/index.php\/wp-json\/wp\/v2\/posts\/41021\/revisions"}],"predecessor-version":[{"id":41023,"href":"https:\/\/redaccionoaxaca.com\/index.php\/wp-json\/wp\/v2\/posts\/41021\/revisions\/41023"}],"wp:featuredmedia":[{"embeddable":true,"href":"https:\/\/redaccionoaxaca.com\/index.php\/wp-json\/wp\/v2\/media\/41022"}],"wp:attachment":[{"href":"https:\/\/redaccionoaxaca.com\/index.php\/wp-json\/wp\/v2\/media?parent=41021"}],"wp:term":[{"taxonomy":"category","embeddable":true,"href":"https:\/\/redaccionoaxaca.com\/index.php\/wp-json\/wp\/v2\/categories?post=41021"},{"taxonomy":"post_tag","embeddable":true,"href":"https:\/\/redaccionoaxaca.com\/index.php\/wp-json\/wp\/v2\/tags?post=41021"}],"curies":[{"name":"wp","href":"https:\/\/api.w.org\/{rel}","templated":true}]}}