{"id":41024,"date":"2026-03-17T11:10:51","date_gmt":"2026-03-17T17:10:51","guid":{"rendered":"https:\/\/redaccionoaxaca.com\/?p=41024"},"modified":"2026-03-17T11:36:34","modified_gmt":"2026-03-17T17:36:34","slug":"codep-exige-hasta-500-mdp-y-desata-bloqueos-sego","status":"publish","type":"post","link":"https:\/\/redaccionoaxaca.com\/index.php\/2026\/03\/17\/codep-exige-hasta-500-mdp-y-desata-bloqueos-sego\/","title":{"rendered":"CODEP exige hasta 500 mdp y desata bloqueos; Sego"},"content":{"rendered":"<p><strong>#Redacci\u00f3nOaxaca<\/strong><\/p>\n<p><strong>#Oaxaca<\/strong><\/p>\n<p><strong>Ariadna Mendoza\u00a0<\/strong><\/p>\n<p style=\"text-align: justify;\">El conflicto en las calles de Oaxaca escal\u00f3 m\u00e1s all\u00e1 de los bloqueos. El secretario de Gobierno, Jes\u00fas Romero L\u00f3pez, acus\u00f3 directamente a organizaciones sociales de intentar presionar al gobierno para obtener hasta 500 millones de pesos en obras, bajo pr\u00e1cticas que calific\u00f3 como \u201cdel pasado\u201d.<\/p>\n<p style=\"text-align: justify;\">\u201cQuer\u00edan que les dij\u00e9ramos cu\u00e1nto, cu\u00e1ndo y d\u00f3nde. Eso ya no pasa\u201d, lanz\u00f3 el funcionario, al asegurar que algunos grupos no solo exigen recursos, sino que buscan imponer a sus propias constructoras para quedarse con comisiones de hasta el 20 por ciento.<\/p>\n<p style=\"text-align: justify;\">Las declaraciones llegan en medio del caos vial que paraliz\u00f3 puntos clave de la capital, afectando incluso rutas completas del transporte p\u00fablico como el ViniBus. Para el gobierno estatal, no se trat\u00f3 de protesta social, sino de una estrategia de presi\u00f3n.<\/p>\n<p style=\"text-align: justify;\">Romero L\u00f3pez puso nombre a uno de los grupos: CODEP, al que se\u00f1al\u00f3 de recurrir constantemente al bloqueo y al \u201cchantaje\u201d para obtener beneficios, incluso con exigencias fuera de la ley, como imponer autoridades comunitarias sin asambleas.<\/p>\n<p style=\"text-align: justify;\">A diferencia de otros movimientos, dijo, hay organizaciones que s\u00ed han optado por el di\u00e1logo y no han generado conflictos, lo que \u2014seg\u00fan el funcionario\u2014 evidencia que el problema no es generalizado, sino de grupos espec\u00edficos que \u201cno quieren soltar los privilegios\u201d.<\/p>\n<p style=\"text-align: justify;\">Pese a la tensi\u00f3n, el gobierno asegur\u00f3 que no hubo desalojos ni detenidos, aunque reconoci\u00f3 que tuvo que intervenir para liberar las vialidades y evitar mayores afectaciones a la ciudadan\u00eda.<br \/>\n\u201cCuando no entienden el di\u00e1logo, hay que tomar decisiones\u201d, advirti\u00f3.<\/p>\n<p style=\"text-align: justify;\">Mientras tanto, las calles fueron liberadas y parte de los manifestantes comenz\u00f3 a retirarse del Z\u00f3calo. Pero el mensaje desde el gobierno fue claro: no habr\u00e1 m\u00e1s negociaciones bajo presi\u00f3n.<\/p>\n<div style=\"width: 696px;\" class=\"wp-video\"><video class=\"wp-video-shortcode\" id=\"video-41024-1\" width=\"696\" height=\"376\" preload=\"metadata\" controls=\"controls\"><source type=\"video\/mp4\" src=\"https:\/\/redaccionoaxaca.com\/wp-content\/uploads\/2026\/03\/InShot_20260317_110737590.mp4?_=1\" \/><a href=\"https:\/\/redaccionoaxaca.com\/wp-content\/uploads\/2026\/03\/InShot_20260317_110737590.mp4\">https:\/\/redaccionoaxaca.com\/wp-content\/uploads\/2026\/03\/InShot_20260317_110737590.mp4<\/a><\/video><\/div>\n","protected":false},"excerpt":{"rendered":"<p>#Redacci\u00f3nOaxaca #Oaxaca Ariadna Mendoza\u00a0 El conflicto en las calles de Oaxaca escal\u00f3 m\u00e1s all\u00e1 de los bloqueos. El secretario de Gobierno, Jes\u00fas Romero L\u00f3pez, acus\u00f3 directamente a organizaciones sociales de intentar presionar al gobierno para obtener hasta 500 millones de pesos en obras, bajo pr\u00e1cticas que calific\u00f3 como \u201cdel pasado\u201d. \u201cQuer\u00edan que les dij\u00e9ramos cu\u00e1nto, [&hellip;]<\/p>\n","protected":false},"author":9,"featured_media":41026,"comment_status":"open","ping_status":"open","sticky":false,"template":"","format":"video","meta":{"jetpack_post_was_ever_published":false,"_jetpack_newsletter_access":"","_jetpack_dont_email_post_to_subs":false,"_jetpack_newsletter_tier_id":0,"_jetpack_memberships_contains_paywalled_content":false,"_jetpack_memberships_contains_paid_content":false,"footnotes":"","jetpack_publicize_message":"","jetpack_publicize_feature_enabled":true,"jetpack_social_post_already_shared":true,"jetpack_social_options":{"image_generator_settings":{"template":"highway","default_image_id":0,"font":"","enabled":false},"version":2}},"categories":[4,3,6],"tags":[],"class_list":{"0":"post-41024","1":"post","2":"type-post","3":"status-publish","4":"format-video","5":"has-post-thumbnail","7":"category-agenda-politica","8":"category-mesa-de-redaccion","9":"category-tendencias","10":"post_format-post-format-video"},"jetpack_publicize_connections":[],"jetpack_featured_media_url":"https:\/\/i0.wp.com\/redaccionoaxaca.com\/wp-content\/uploads\/2026\/03\/IMG-20260317-WA01081.jpg?fit=1200%2C641&ssl=1","jetpack_sharing_enabled":true,"jetpack_shortlink":"https:\/\/wp.me\/p9Ynjw-aFG","jetpack-related-posts":[{"id":26246,"url":"https:\/\/redaccionoaxaca.com\/index.php\/2022\/06\/21\/ganaderos-de-oaxaca-exigen-8-millones-y-medio-para-proyecto-de-maiz-al-gobierno-estatal-amagan-con-bloqueos-durante-guelaguetza-en-caso-de-no-obtener-respuesta\/","url_meta":{"origin":41024,"position":0},"title":"Ganaderos de Oaxaca exigen 8 millones y medio para proyecto de ma\u00edz al gobierno estatal, amagan con bloqueos durante Guelaguetza en caso de no obtener respuesta.","author":"ariadna","date":"junio 21, 2022","format":"video","excerpt":"#Redacci\u00f3nOaxaca #Oaxaca Ariadna Mendoza Un grupo de ganaderos llegaron con pancartas a cd. Administrativa, para exigir cumplimiento a una serie de demandas entre las que destacaron la ejecuci\u00f3n y entrega de un proyecto de ma\u00edz, el cual aseguran el gobierno del estado se comprometi\u00f3 a entregarlo desde hace dos a\u00f1os.\u2026","rel":"","context":"En &quot;Agenda Pol\u00edtica&quot;","block_context":{"text":"Agenda Pol\u00edtica","link":"https:\/\/redaccionoaxaca.com\/index.php\/category\/agenda-politica\/"},"img":{"alt_text":"","src":"","width":0,"height":0},"classes":[]},{"id":15023,"url":"https:\/\/redaccionoaxaca.com\/index.php\/2020\/11\/03\/presidenta-de-tehuantepec-rompe-acuerdo-y-promueve-bloqueos-en-el-istmo\/","url_meta":{"origin":41024,"position":1},"title":"PRESIDENTA DE TEHUANTEPEC, ROMPE ACUERDO Y PROMUEVE  BLOQUEOS EN EL ISTMO.","author":"ariadna","date":"noviembre 3, 2020","format":false,"excerpt":"#Redacci\u00f3nOaxaca #Oaxaca Un grupo de productores de sorgo que reclaman indemnizaciones por una mala cosecha en el 2019, ten\u00edan el ofrecimiento de una reuni\u00f3n de trabajo con autoridades del sector agr\u00edcola, concertada por la Secretar\u00eda General de Gobierno, aun as\u00ed, decidieron romper el acuerdo y montaron sendos bloqueos en la\u2026","rel":"","context":"En &quot;Agenda Pol\u00edtica&quot;","block_context":{"text":"Agenda Pol\u00edtica","link":"https:\/\/redaccionoaxaca.com\/index.php\/category\/agenda-politica\/"},"img":{"alt_text":"","src":"https:\/\/i0.wp.com\/redaccionoaxaca.com\/wp-content\/uploads\/2020\/11\/IMG-20201103-WA0023-225x300.jpg?resize=350%2C200","width":350,"height":200},"classes":[]},{"id":21903,"url":"https:\/\/redaccionoaxaca.com\/index.php\/2021\/10\/27\/continuaran-trabajadores-despedidos-del-sector-salud-bloqueos-y-protestas-advierten-aseguran-que-la-federacion-si-entrego-el-recurso-y-salud-estatal-lo-destino-a-otra-cosa\/","url_meta":{"origin":41024,"position":2},"title":"Continuar\u00e1n trabajadores despedidos del sector salud bloqueos y protestas advierten; aseguran que la Federaci\u00f3n si entreg\u00f3 el recurso y Salud Estatal lo destin\u00f3 a otra cosa.","author":"ariadna","date":"octubre 27, 2021","format":false,"excerpt":"#Redacci\u00f3nOaxaca #Oaxaca Maira Ric\u00e1rdez Las protestas cotidianas en la capital Oaxaque\u00f1a habr\u00e1n de continuar hasta que el Gobierno Estatal no ofrezca soluci\u00f3n al recorte de alrededor de 2,200 trabajadores de la salud en el Estado, afirm\u00f3 el Secretario General de la Secci\u00f3n 09 del Sindicato Independiente Nacional de Trabajadores de\u2026","rel":"","context":"En &quot;Imagen&quot;","block_context":{"text":"Imagen","link":"https:\/\/redaccionoaxaca.com\/index.php\/category\/imagen\/"},"img":{"alt_text":"","src":"","width":0,"height":0},"classes":[]},{"id":18336,"url":"https:\/\/redaccionoaxaca.com\/index.php\/2021\/04\/15\/con-bloqueos-carreteros-autoridades-y-pobladores-de-municipio-mixe-de-oaxaca-denuncian-desvio-de-recursos-a-candidata-del-pri\/","url_meta":{"origin":41024,"position":3},"title":"Con bloqueos carreteros, autoridades y pobladores de municipio Mixe de Oaxaca, denuncian desv\u00edo de recursos a candidata del PRI.","author":"ariadna","date":"abril 15, 2021","format":false,"excerpt":"#Redacci\u00f3nOaxaca #Oaxaca Jaime GUERRERO Con bloqueos carreteros, habitantes y autoridades de las agencias de Nuevo Progreso, El Tortuguero, Villanueva II, Nuevo Centro y San Pedro Acatl\u00e1n, San Juan Mazatl\u00e1n Mixe, a la Auditor\u00eda Superior de la Federaci\u00f3n (#ASF), al Organismo Superior de Fiscalizaci\u00f3n de Oaxaca (#OSFEO), auditar los recursos que\u2026","rel":"","context":"En &quot;Al Cierre&quot;","block_context":{"text":"Al Cierre","link":"https:\/\/redaccionoaxaca.com\/index.php\/category\/al-cierre\/"},"img":{"alt_text":"","src":"https:\/\/i0.wp.com\/redaccionoaxaca.com\/wp-content\/uploads\/2021\/04\/bloq-225x300.jpg?resize=350%2C200","width":350,"height":200},"classes":[]},{"id":40377,"url":"https:\/\/redaccionoaxaca.com\/index.php\/2026\/02\/06\/maestros-de-oaxaca-anuncian-receso-en-planton-y-bloqueos-definiran-acciones-el-14-de-febrero\/","url_meta":{"origin":41024,"position":4},"title":"Maestros de Oaxaca  anuncian receso en plant\u00f3n y bloqueos; definir\u00e1n acciones el 14 de febrero","author":"ariadna","date":"febrero 6, 2026","format":false,"excerpt":"#Redacci\u00f3nOaxaca #Oaxaca Jaime GUERRERO Maestros de nivel secundaria t\u00e9cnicas y educaci\u00f3n f\u00edsica de la Secci\u00f3n 22 del Sindicato Nacional de Trabajadores de la Educaci\u00f3n (SNTE) anunciaron este viernes que har\u00e1n un receso en el plant\u00f3n que instalaron en el Z\u00f3calo capitalino de Oaxaca, as\u00ed como en los bloqueos que mantuvieron\u2026","rel":"","context":"En &quot;Agenda Pol\u00edtica&quot;","block_context":{"text":"Agenda Pol\u00edtica","link":"https:\/\/redaccionoaxaca.com\/index.php\/category\/agenda-politica\/"},"img":{"alt_text":"","src":"https:\/\/i0.wp.com\/redaccionoaxaca.com\/wp-content\/uploads\/2026\/02\/IMG-20260206-WA0041.jpg?fit=1200%2C675&ssl=1&resize=350%2C200","width":350,"height":200,"srcset":"https:\/\/i0.wp.com\/redaccionoaxaca.com\/wp-content\/uploads\/2026\/02\/IMG-20260206-WA0041.jpg?fit=1200%2C675&ssl=1&resize=350%2C200 1x, https:\/\/i0.wp.com\/redaccionoaxaca.com\/wp-content\/uploads\/2026\/02\/IMG-20260206-WA0041.jpg?fit=1200%2C675&ssl=1&resize=525%2C300 1.5x, https:\/\/i0.wp.com\/redaccionoaxaca.com\/wp-content\/uploads\/2026\/02\/IMG-20260206-WA0041.jpg?fit=1200%2C675&ssl=1&resize=700%2C400 2x, https:\/\/i0.wp.com\/redaccionoaxaca.com\/wp-content\/uploads\/2026\/02\/IMG-20260206-WA0041.jpg?fit=1200%2C675&ssl=1&resize=1050%2C600 3x"},"classes":[]},{"id":38581,"url":"https:\/\/redaccionoaxaca.com\/index.php\/2025\/10\/07\/gobierno-morenista-de-izquierda-en-oaxaca-ya-no-comparte-lucha-magisterial-de-la-cnte\/","url_meta":{"origin":41024,"position":5},"title":"Gobierno morenista de izquierda en Oaxaca ya no comparte lucha magisterial de la CNTE","author":"ariadna","date":"octubre 7, 2025","format":false,"excerpt":"#RedEsOaxaca #Oaxaca Jaime GUERRERO Tras varios a\u00f1os de compaginar con el movimiento sindical de la Secci\u00f3n 22 de la Coordinadora Nacional de Trabajadores de la Educaci\u00f3n (CNTE), el primer Gobierno emanado de la izquierda -bajo las siglas del Partido Movimiento de Regeneraci\u00f3n Nacional (Morena)- en Oaxaca, ya no comparte la\u2026","rel":"","context":"En &quot;Agenda Pol\u00edtica&quot;","block_context":{"text":"Agenda Pol\u00edtica","link":"https:\/\/redaccionoaxaca.com\/index.php\/category\/agenda-politica\/"},"img":{"alt_text":"","src":"","width":0,"height":0},"classes":[]}],"_links":{"self":[{"href":"https:\/\/redaccionoaxaca.com\/index.php\/wp-json\/wp\/v2\/posts\/41024","targetHints":{"allow":["GET"]}}],"collection":[{"href":"https:\/\/redaccionoaxaca.com\/index.php\/wp-json\/wp\/v2\/posts"}],"about":[{"href":"https:\/\/redaccionoaxaca.com\/index.php\/wp-json\/wp\/v2\/types\/post"}],"author":[{"embeddable":true,"href":"https:\/\/redaccionoaxaca.com\/index.php\/wp-json\/wp\/v2\/users\/9"}],"replies":[{"embeddable":true,"href":"https:\/\/redaccionoaxaca.com\/index.php\/wp-json\/wp\/v2\/comments?post=41024"}],"version-history":[{"count":2,"href":"https:\/\/redaccionoaxaca.com\/index.php\/wp-json\/wp\/v2\/posts\/41024\/revisions"}],"predecessor-version":[{"id":41033,"href":"https:\/\/redaccionoaxaca.com\/index.php\/wp-json\/wp\/v2\/posts\/41024\/revisions\/41033"}],"wp:featuredmedia":[{"embeddable":true,"href":"https:\/\/redaccionoaxaca.com\/index.php\/wp-json\/wp\/v2\/media\/41026"}],"wp:attachment":[{"href":"https:\/\/redaccionoaxaca.com\/index.php\/wp-json\/wp\/v2\/media?parent=41024"}],"wp:term":[{"taxonomy":"category","embeddable":true,"href":"https:\/\/redaccionoaxaca.com\/index.php\/wp-json\/wp\/v2\/categories?post=41024"},{"taxonomy":"post_tag","embeddable":true,"href":"https:\/\/redaccionoaxaca.com\/index.php\/wp-json\/wp\/v2\/tags?post=41024"}],"curies":[{"name":"wp","href":"https:\/\/api.w.org\/{rel}","templated":true}]}}