{"id":41028,"date":"2026-03-17T11:19:39","date_gmt":"2026-03-17T17:19:39","guid":{"rendered":"https:\/\/redaccionoaxaca.com\/?p=41028"},"modified":"2026-03-17T11:20:05","modified_gmt":"2026-03-17T17:20:05","slug":"desalojo-del-codep-en-al-menos-ocho-bloquos-en-la-cd-de-oaxaca","status":"publish","type":"post","link":"https:\/\/redaccionoaxaca.com\/index.php\/2026\/03\/17\/desalojo-del-codep-en-al-menos-ocho-bloquos-en-la-cd-de-oaxaca\/","title":{"rendered":"DESALOJO DEL CODEP EN AL MENOS  OCHO BLOQUEOS EN LA CD. DE OAXACA"},"content":{"rendered":"<p><strong>#Redacci\u00f3nOaxaca<\/strong><\/p>\n<p><strong>#Oaxaca<\/strong><\/p>\n<p><strong>Humberto Cruz <\/strong><\/p>\n<p style=\"text-align: justify;\">Elementos de la Polic\u00eda Estatal desalojaron a integrantes del <strong>#CODEP<\/strong> en al menos 8 puntos de bloqueos en la ciudad de #Oaxaca.<\/p>\n<p style=\"text-align: justify;\">Los manifestantes exig\u00edan una mesa de negociaci\u00f3n con el Gobierno del Estado de Oaxaca y desde la madrugada cerraron los principales cruceros de la capital del estado en donde perpetraron diversos agravios contra la ciudadan\u00eda.<\/p>\n<p style=\"text-align: justify;\">El secretario de Gobierno, Jes\u00fas Romero se\u00f1al\u00f3 que les habr\u00edan ofrecido una mesa de negociaci\u00f3n con el gobernador Salom\u00f3n Jara Cruz el pr\u00f3ximo martes, pero los dirigentes exig\u00edan que fuera esta misma ma\u00f1ana.<\/p>\n<p style=\"text-align: justify;\">En los desalojo hubo solo un conato de enfrentsmiento y no se reportan personas detenidas.<\/p>\n<div style=\"width: 696px;\" class=\"wp-video\"><video class=\"wp-video-shortcode\" id=\"video-41028-1\" width=\"696\" height=\"394\" preload=\"metadata\" controls=\"controls\"><source type=\"video\/mp4\" src=\"https:\/\/redaccionoaxaca.com\/wp-content\/uploads\/2026\/03\/VID-20260317-WA0173.mp4?_=1\" \/><a href=\"https:\/\/redaccionoaxaca.com\/wp-content\/uploads\/2026\/03\/VID-20260317-WA0173.mp4\">https:\/\/redaccionoaxaca.com\/wp-content\/uploads\/2026\/03\/VID-20260317-WA0173.mp4<\/a><\/video><\/div>\n","protected":false},"excerpt":{"rendered":"<p>#Redacci\u00f3nOaxaca #Oaxaca Humberto Cruz Elementos de la Polic\u00eda Estatal desalojaron a integrantes del #CODEP en al menos 8 puntos de bloqueos en la ciudad de #Oaxaca. Los manifestantes exig\u00edan una mesa de negociaci\u00f3n con el Gobierno del Estado de Oaxaca y desde la madrugada cerraron los principales cruceros de la capital del estado en donde [&hellip;]<\/p>\n","protected":false},"author":9,"featured_media":41030,"comment_status":"open","ping_status":"open","sticky":false,"template":"","format":"video","meta":{"jetpack_post_was_ever_published":false,"_jetpack_newsletter_access":"","_jetpack_dont_email_post_to_subs":false,"_jetpack_newsletter_tier_id":0,"_jetpack_memberships_contains_paywalled_content":false,"_jetpack_memberships_contains_paid_content":false,"footnotes":"","jetpack_publicize_message":"","jetpack_publicize_feature_enabled":true,"jetpack_social_post_already_shared":true,"jetpack_social_options":{"image_generator_settings":{"template":"highway","default_image_id":0,"font":"","enabled":false},"version":2}},"categories":[4,3,6],"tags":[],"class_list":{"0":"post-41028","1":"post","2":"type-post","3":"status-publish","4":"format-video","5":"has-post-thumbnail","7":"category-agenda-politica","8":"category-mesa-de-redaccion","9":"category-tendencias","10":"post_format-post-format-video"},"jetpack_publicize_connections":[],"jetpack_featured_media_url":"https:\/\/i0.wp.com\/redaccionoaxaca.com\/wp-content\/uploads\/2026\/03\/IMG-20260317-WA0110.jpg?fit=1200%2C659&ssl=1","jetpack_sharing_enabled":true,"jetpack_shortlink":"https:\/\/wp.me\/p9Ynjw-aFK","jetpack-related-posts":[{"id":40733,"url":"https:\/\/redaccionoaxaca.com\/index.php\/2026\/02\/27\/liberan-a-detenidos-tras-desalojo-con-gases-lacrimogenos-en-san-dionisio-del-mar-padres-de-familia-exigian-la-destitucion-de-cuatro-profesores-del-cecyteo-acusados-de-maltratar-a-estudiantes\/","url_meta":{"origin":41028,"position":0},"title":"Liberan a detenidos tras desalojo con gases lacrim\u00f3genos en San Dionisio del Mar; Padres de familia exig\u00edan la destituci\u00f3n de cuatro profesores del Cecyteo acusados de maltratar a estudiantes","author":"ariadna","date":"febrero 27, 2026","format":false,"excerpt":"#Redacci\u00f3nOaxaca #Oaxaca #JaimeGUERRERO Fueron liberadas las personas detenidas durante el desalojo que elementos de la seguridad p\u00fablica del gobierno de Oaxaca ejecutaron esta tarde contra habitantes de San Dionisio del Mar, quienes bloqueaban la carretera Panamericana. El operativo, que incluy\u00f3 el uso de gases lacrim\u00f3genos, dej\u00f3 al menos dos personas\u2026","rel":"","context":"En &quot;Agenda Pol\u00edtica&quot;","block_context":{"text":"Agenda Pol\u00edtica","link":"https:\/\/redaccionoaxaca.com\/index.php\/category\/agenda-politica\/"},"img":{"alt_text":"","src":"https:\/\/i0.wp.com\/redaccionoaxaca.com\/wp-content\/uploads\/2026\/02\/IMG-20260227-WA0045.jpg?fit=1046%2C666&ssl=1&resize=350%2C200","width":350,"height":200,"srcset":"https:\/\/i0.wp.com\/redaccionoaxaca.com\/wp-content\/uploads\/2026\/02\/IMG-20260227-WA0045.jpg?fit=1046%2C666&ssl=1&resize=350%2C200 1x, https:\/\/i0.wp.com\/redaccionoaxaca.com\/wp-content\/uploads\/2026\/02\/IMG-20260227-WA0045.jpg?fit=1046%2C666&ssl=1&resize=525%2C300 1.5x, https:\/\/i0.wp.com\/redaccionoaxaca.com\/wp-content\/uploads\/2026\/02\/IMG-20260227-WA0045.jpg?fit=1046%2C666&ssl=1&resize=700%2C400 2x"},"classes":[]},{"id":41024,"url":"https:\/\/redaccionoaxaca.com\/index.php\/2026\/03\/17\/codep-exige-hasta-500-mdp-y-desata-bloqueos-sego\/","url_meta":{"origin":41028,"position":1},"title":"CODEP exige hasta 500 mdp y desata bloqueos; Sego","author":"ariadna","date":"marzo 17, 2026","format":"video","excerpt":"#Redacci\u00f3nOaxaca #Oaxaca Ariadna Mendoza\u00a0 El conflicto en las calles de Oaxaca escal\u00f3 m\u00e1s all\u00e1 de los bloqueos. El secretario de Gobierno, Jes\u00fas Romero L\u00f3pez, acus\u00f3 directamente a organizaciones sociales de intentar presionar al gobierno para obtener hasta 500 millones de pesos en obras, bajo pr\u00e1cticas que calific\u00f3 como \u201cdel pasado\u201d.\u2026","rel":"","context":"En &quot;Agenda Pol\u00edtica&quot;","block_context":{"text":"Agenda Pol\u00edtica","link":"https:\/\/redaccionoaxaca.com\/index.php\/category\/agenda-politica\/"},"img":{"alt_text":"","src":"https:\/\/i0.wp.com\/redaccionoaxaca.com\/wp-content\/uploads\/2026\/03\/IMG-20260317-WA01081.jpg?fit=1200%2C641&ssl=1&resize=350%2C200","width":350,"height":200,"srcset":"https:\/\/i0.wp.com\/redaccionoaxaca.com\/wp-content\/uploads\/2026\/03\/IMG-20260317-WA01081.jpg?fit=1200%2C641&ssl=1&resize=350%2C200 1x, https:\/\/i0.wp.com\/redaccionoaxaca.com\/wp-content\/uploads\/2026\/03\/IMG-20260317-WA01081.jpg?fit=1200%2C641&ssl=1&resize=525%2C300 1.5x, https:\/\/i0.wp.com\/redaccionoaxaca.com\/wp-content\/uploads\/2026\/03\/IMG-20260317-WA01081.jpg?fit=1200%2C641&ssl=1&resize=700%2C400 2x, https:\/\/i0.wp.com\/redaccionoaxaca.com\/wp-content\/uploads\/2026\/03\/IMG-20260317-WA01081.jpg?fit=1200%2C641&ssl=1&resize=1050%2C600 3x"},"classes":[]},{"id":14656,"url":"https:\/\/redaccionoaxaca.com\/index.php\/2020\/10\/05\/coctel-de-bloqueos-de-organizaciones-para-exigir-impunidad-para-sus-lideres-y-miembros\/","url_meta":{"origin":41028,"position":2},"title":"C\u00f3ctel de bloqueos de organizaciones para exigir  impunidad para sus l\u00edderes y miembros.","author":"ariadna","date":"octubre 5, 2020","format":false,"excerpt":"#Redacci\u00f3nOaxaca #Oaxaca Jaime GUERRERO La Alianza de Los Pueblos Ind\u00edgenas y la Asamblea de Pueblos en Defensa Del Territorio, la Educaci\u00f3n P\u00fablica, Gratuita y los Derechos Humanos y la Organizaci\u00f3n #CODEDI, bloquean 8 puntos en el Estado para exigir lo que llaman Justicia y alto a la persecuci\u00f3n de sus\u2026","rel":"","context":"En &quot;Al Cierre&quot;","block_context":{"text":"Al Cierre","link":"https:\/\/redaccionoaxaca.com\/index.php\/category\/al-cierre\/"},"img":{"alt_text":"","src":"","width":0,"height":0},"classes":[]},{"id":35579,"url":"https:\/\/redaccionoaxaca.com\/index.php\/2025\/02\/10\/alianza-de-pueblos-de-oaxaca-se-deslinda-de-marcha-a-cdmx-convocada-por-faccion-e-integrante-de-codep-detenido-por-feminicidio-en-grado-de-tentativa\/","url_meta":{"origin":41028,"position":3},"title":"Alianza de Pueblos de Oaxaca se deslinda de marcha a CDMX convocada por facci\u00f3n e integrante de CODEP detenido por feminicidio en grado de tentativa","author":"ariadna","date":"febrero 10, 2025","format":false,"excerpt":"#Redacci\u00f3nOaxaca #Oaxaca Jaime GUERRERO La dirigencia de la Alianza de Pueblos por la Justicia Social de Oaxaca, se deslind\u00f3 de la movilizaci\u00f3n que anunci\u00f3, Jos\u00e9 Mart\u00ednez Pablo y Ernesto L\u00f3pez, uno de los lideres del CODEP. Por la ma\u00f1ana, Mart\u00ednez Pablo anunci\u00f3 la caravana motorizada que partir\u00eda del Z\u00f3calo Capitalino\u2026","rel":"","context":"En &quot;Agenda Pol\u00edtica&quot;","block_context":{"text":"Agenda Pol\u00edtica","link":"https:\/\/redaccionoaxaca.com\/index.php\/category\/agenda-politica\/"},"img":{"alt_text":"","src":"","width":0,"height":0},"classes":[]},{"id":41053,"url":"https:\/\/redaccionoaxaca.com\/index.php\/2026\/03\/18\/seccion-22-paraliza-en-oaxaca-802-mil-alumnos-sin-clases-y-bloqueos-en-seis-regiones\/","url_meta":{"origin":41028,"position":4},"title":"Secci\u00f3n 22 \u201cparaliza\u201d en Oaxaca: 802 mil alumnos sin clases y bloqueos en seis regiones","author":"ariadna","date":"marzo 18, 2026","format":false,"excerpt":"#Redacci\u00f3nOaxaca #Oaxaca #JaimeGUERRERO La Secci\u00f3n 22 del SNTE inici\u00f3 un paro de labores de 72 horas y dej\u00f3 sin clases desde este mi\u00e9rcoles a 802 mil 614 alumnas y alumnos en 11 mil 629 escuelas de educaci\u00f3n b\u00e1sica en Oaxaca. El paro es parte de las movilizaciones nacionales de la\u2026","rel":"","context":"En &quot;Agenda Pol\u00edtica&quot;","block_context":{"text":"Agenda Pol\u00edtica","link":"https:\/\/redaccionoaxaca.com\/index.php\/category\/agenda-politica\/"},"img":{"alt_text":"","src":"https:\/\/i0.wp.com\/redaccionoaxaca.com\/wp-content\/uploads\/2026\/03\/IMG-20260318-WA0032.jpg?fit=1200%2C675&ssl=1&resize=350%2C200","width":350,"height":200,"srcset":"https:\/\/i0.wp.com\/redaccionoaxaca.com\/wp-content\/uploads\/2026\/03\/IMG-20260318-WA0032.jpg?fit=1200%2C675&ssl=1&resize=350%2C200 1x, https:\/\/i0.wp.com\/redaccionoaxaca.com\/wp-content\/uploads\/2026\/03\/IMG-20260318-WA0032.jpg?fit=1200%2C675&ssl=1&resize=525%2C300 1.5x, https:\/\/i0.wp.com\/redaccionoaxaca.com\/wp-content\/uploads\/2026\/03\/IMG-20260318-WA0032.jpg?fit=1200%2C675&ssl=1&resize=700%2C400 2x, https:\/\/i0.wp.com\/redaccionoaxaca.com\/wp-content\/uploads\/2026\/03\/IMG-20260318-WA0032.jpg?fit=1200%2C675&ssl=1&resize=1050%2C600 3x"},"classes":[]},{"id":14661,"url":"https:\/\/redaccionoaxaca.com\/index.php\/2020\/10\/05\/no-porque-marchen-habra-recursos-no-hay-negociacion-en-la-justicia-la-ley-se-aplica-murat-a-los-que-exigen-impunidad-de-lideres\/","url_meta":{"origin":41028,"position":5},"title":"No porque marchen habr\u00e1 recursos; no hay negociaci\u00f3n en la  justicia, la ley se aplica: Murat a los que exigen impunidad de l\u00edderes.","author":"ariadna","date":"octubre 5, 2020","format":false,"excerpt":"#Redacci\u00f3nOaxaca #Oaxaca Jaime GUERRERO Tras se\u00f1alar que hay organizaciones que no responden al bien com\u00fan y social, el Gobernador del Estado, Alejandro Murat Hinojosa, pidi\u00f3 a \u00e9stas, responsabilidad social, dijo que, \u201cno por marchar y bloquear habr\u00e1 m\u00e1s recursos\u201d y de paso les pidi\u00f3 no confundirse porque no hay negociaci\u00f3n\u2026","rel":"","context":"En &quot;Agenda Pol\u00edtica&quot;","block_context":{"text":"Agenda Pol\u00edtica","link":"https:\/\/redaccionoaxaca.com\/index.php\/category\/agenda-politica\/"},"img":{"alt_text":"","src":"","width":0,"height":0},"classes":[]}],"_links":{"self":[{"href":"https:\/\/redaccionoaxaca.com\/index.php\/wp-json\/wp\/v2\/posts\/41028","targetHints":{"allow":["GET"]}}],"collection":[{"href":"https:\/\/redaccionoaxaca.com\/index.php\/wp-json\/wp\/v2\/posts"}],"about":[{"href":"https:\/\/redaccionoaxaca.com\/index.php\/wp-json\/wp\/v2\/types\/post"}],"author":[{"embeddable":true,"href":"https:\/\/redaccionoaxaca.com\/index.php\/wp-json\/wp\/v2\/users\/9"}],"replies":[{"embeddable":true,"href":"https:\/\/redaccionoaxaca.com\/index.php\/wp-json\/wp\/v2\/comments?post=41028"}],"version-history":[{"count":2,"href":"https:\/\/redaccionoaxaca.com\/index.php\/wp-json\/wp\/v2\/posts\/41028\/revisions"}],"predecessor-version":[{"id":41032,"href":"https:\/\/redaccionoaxaca.com\/index.php\/wp-json\/wp\/v2\/posts\/41028\/revisions\/41032"}],"wp:featuredmedia":[{"embeddable":true,"href":"https:\/\/redaccionoaxaca.com\/index.php\/wp-json\/wp\/v2\/media\/41030"}],"wp:attachment":[{"href":"https:\/\/redaccionoaxaca.com\/index.php\/wp-json\/wp\/v2\/media?parent=41028"}],"wp:term":[{"taxonomy":"category","embeddable":true,"href":"https:\/\/redaccionoaxaca.com\/index.php\/wp-json\/wp\/v2\/categories?post=41028"},{"taxonomy":"post_tag","embeddable":true,"href":"https:\/\/redaccionoaxaca.com\/index.php\/wp-json\/wp\/v2\/tags?post=41028"}],"curies":[{"name":"wp","href":"https:\/\/api.w.org\/{rel}","templated":true}]}}