{"id":41311,"date":"2026-04-04T21:13:41","date_gmt":"2026-04-05T03:13:41","guid":{"rendered":"https:\/\/redaccionoaxaca.com\/?p=41311"},"modified":"2026-04-04T21:13:41","modified_gmt":"2026-04-05T03:13:41","slug":"onu-advierte-crisis-forense-en-mexico-con-mas-de-70-mil-cuerpos-sin-identificar","status":"publish","type":"post","link":"https:\/\/redaccionoaxaca.com\/index.php\/2026\/04\/04\/onu-advierte-crisis-forense-en-mexico-con-mas-de-70-mil-cuerpos-sin-identificar\/","title":{"rendered":"ONU advierte crisis forense en M\u00e9xico con m\u00e1s de 70 mil cuerpos sin identificar"},"content":{"rendered":"<p><strong>#Redacci\u00f3nOaxaca<\/strong><\/p>\n<p><strong>#Oaxaca<\/strong><\/p>\n<p><strong>#JaimeGUERRERO<\/strong><\/p>\n<p style=\"text-align: justify;\">El Comit\u00e9 de la ONU contra la Desaparici\u00f3n Forzada (CED) advirti\u00f3 que M\u00e9xico enfrenta una crisis forense sin precedentes: m\u00e1s de 70 mil cuerpos sin identificar acumulados en morgues, fosas comunes y centros de resguardo en todo el pa\u00eds.<\/p>\n<p style=\"text-align: justify;\">La situaci\u00f3n fue incluida como \u00e1rea prioritaria en la resoluci\u00f3n con la que el organismo solicit\u00f3, el 2 de abril, elevar el caso ante la Asamblea General de las Naciones Unidas.<\/p>\n<p style=\"text-align: justify;\">El Comit\u00e9 record\u00f3 que durante su visita a M\u00e9xico en 2021 ya document\u00f3 la existencia de 52 mil personas fallecidas sin identificar. Cinco a\u00f1os despu\u00e9s, las cifras oficiales estiman alrededor de 72 mil restos humanos sin identificar a inicios de 2026.<\/p>\n<p style=\"text-align: justify;\">\u201cSi bien las cifras de fosas localizadas en el pa\u00eds var\u00edan entre autoridades, se eval\u00faa que hay m\u00e1s de cuatro mil 500 fosas clandestinas donde se han encontrado m\u00e1s de seis mil 200 cuerpos y cuatro mil 600 restos\u201d, apunt\u00f3 la resoluci\u00f3n del CED.<\/p>\n<p style=\"text-align: justify;\">Jalisco, Nuevo Le\u00f3n y Edomex, focos cr\u00edticos<br \/>\nEl Comit\u00e9 identific\u00f3 a Jalisco como el estado con el mayor n\u00famero de personas desaparecidas y un foco rojo de inhumaciones clandestinas; a Nuevo Le\u00f3n, por la prevalencia de desapariciones sistem\u00e1ticas; y al Estado de M\u00e9xico, donde el fen\u00f3meno se ha generalizado en la zona centro del pa\u00eds.<\/p>\n<p style=\"text-align: justify;\">La Plataforma Ciudadana de Fosas \u2014impulsada por Art\u00edculo 19, Data C\u00edvica y la Universidad Iberoamericana\u2014 document\u00f3 que entre 2006 y 2024 las fiscal\u00edas estatales reportaron cinco mil 532 fosas clandestinas, mientras que la Fiscal\u00eda General de la Rep\u00fablica reconoci\u00f3 \u00fanicamente 630 en el mismo periodo. Jalisco, Sonora y Guanajuato concentraron el 36 por ciento de los cuerpos exhumados a nivel nacional.<\/p>\n<p style=\"text-align: justify;\">Opacidad y desmantelamiento institucional<br \/>\nLa misma plataforma advierte que entre 2019 y 2023 ingresaron a morgues 34 mil 699 cuerpos sin identidad, en paralelo a la desaparici\u00f3n de 51 mil 791 personas.<\/p>\n<p style=\"text-align: justify;\">Tambi\u00e9n documenta la disoluci\u00f3n del Mecanismo Extraordinario de Identificaci\u00f3n Forense, el Banco Nacional de Datos Forenses y el Centro Nacional de Identificaci\u00f3n Humana, as\u00ed como la eliminaci\u00f3n en 2024 del mapa p\u00fablico de hallazgos de fosas de la Comisi\u00f3n Nacional de B\u00fasqueda.<\/p>\n<p style=\"text-align: justify;\">M\u00e9xico acumula m\u00e1s de 133 mil personas desaparecidas seg\u00fan el Registro Nacional de Personas Desaparecidas y No Localizadas.<\/p>\n","protected":false},"excerpt":{"rendered":"<p>#Redacci\u00f3nOaxaca #Oaxaca #JaimeGUERRERO El Comit\u00e9 de la ONU contra la Desaparici\u00f3n Forzada (CED) advirti\u00f3 que M\u00e9xico enfrenta una crisis forense sin precedentes: m\u00e1s de 70 mil cuerpos sin identificar acumulados en morgues, fosas comunes y centros de resguardo en todo el pa\u00eds. La situaci\u00f3n fue incluida como \u00e1rea prioritaria en la resoluci\u00f3n con la que [&hellip;]<\/p>\n","protected":false},"author":9,"featured_media":41312,"comment_status":"open","ping_status":"open","sticky":false,"template":"","format":"standard","meta":{"jetpack_post_was_ever_published":false,"_jetpack_newsletter_access":"","_jetpack_dont_email_post_to_subs":false,"_jetpack_newsletter_tier_id":0,"_jetpack_memberships_contains_paywalled_content":false,"_jetpack_memberships_contains_paid_content":false,"footnotes":"","jetpack_publicize_message":"","jetpack_publicize_feature_enabled":true,"jetpack_social_post_already_shared":true,"jetpack_social_options":{"image_generator_settings":{"template":"highway","default_image_id":0,"font":"","enabled":false},"version":2}},"categories":[4,5,6],"tags":[],"class_list":{"0":"post-41311","1":"post","2":"type-post","3":"status-publish","4":"format-standard","5":"has-post-thumbnail","7":"category-agenda-politica","8":"category-imagen","9":"category-tendencias"},"jetpack_publicize_connections":[],"jetpack_featured_media_url":"https:\/\/i0.wp.com\/redaccionoaxaca.com\/wp-content\/uploads\/2026\/04\/5FVFRSOEBRGJVO6XMV2KNHQZEY.jpeg?fit=1200%2C800&ssl=1","jetpack_sharing_enabled":true,"jetpack_shortlink":"https:\/\/wp.me\/p9Ynjw-aKj","jetpack-related-posts":[{"id":21934,"url":"https:\/\/redaccionoaxaca.com\/index.php\/2021\/10\/28\/expide-64-legislatura-ley-en-materia-de-localizacion-e-identificacion-de-personas\/","url_meta":{"origin":41311,"position":0},"title":"Expide 64 Legislatura ley en materia de localizaci\u00f3n e identificaci\u00f3n de personas.","author":"ariadna","date":"octubre 28, 2021","format":false,"excerpt":"#Redacci\u00f3nOaxaca #Oaxaca Comunicado San Raymundo Jalpan, Oax. 28 octubre de 2021.- El Congreso de Oaxaca aprob\u00f3 la expedici\u00f3n de la Ley para la Localizaci\u00f3n, Recuperaci\u00f3n e Identificaci\u00f3n Forense de Personas del Estado. Esta legislaci\u00f3n pretende lograr una mayor eficacia en la b\u00fasqueda de personas y su identificaci\u00f3n en los casos\u2026","rel":"","context":"En &quot;Agenda Pol\u00edtica&quot;","block_context":{"text":"Agenda Pol\u00edtica","link":"https:\/\/redaccionoaxaca.com\/index.php\/category\/agenda-politica\/"},"img":{"alt_text":"","src":"","width":0,"height":0},"classes":[]},{"id":14222,"url":"https:\/\/redaccionoaxaca.com\/index.php\/2020\/09\/01\/amlo-miente-economia-en-crisis-inseguridad-desbordada-pobreza-en-aumento-pemex-al-borde-del-colapso-e-inversiones-perdidas-pan\/","url_meta":{"origin":41311,"position":1},"title":"AMLO miente, econom\u00eda en crisis, inseguridad desbordada, pobreza  en aumento, Pemex al borde del colapso e inversiones perdidas: PAN.","author":"ariadna","date":"septiembre 1, 2020","format":false,"excerpt":"#Redacci\u00f3nOaxaca #Oaxaca Jaime GUERRERO La Presidenta del Comit\u00e9 Directivo Estatal del Partido Acci\u00f3n Nacional (PAN), Navidad D\u00edaz Jim\u00e9nez, asegur\u00f3 que el Presidente, Andr\u00e9s Manuel L\u00f3pez Obrador, le miente a los mexicanos, no tiene nada que presumir en sus dos a\u00f1os de Gobierno, debido a que la econom\u00eda esta en crisis,\u2026","rel":"","context":"En &quot;Agenda Pol\u00edtica&quot;","block_context":{"text":"Agenda Pol\u00edtica","link":"https:\/\/redaccionoaxaca.com\/index.php\/category\/agenda-politica\/"},"img":{"alt_text":"","src":"","width":0,"height":0},"classes":[]},{"id":39538,"url":"https:\/\/redaccionoaxaca.com\/index.php\/2025\/12\/18\/fiscalia-de-oaxaca-obtiene-vinculacion-a-proceso-contra-detenido-por-red-de-pornografia-infantil-y-amplia-investigaciones-tras-hallazgos-iniciales\/","url_meta":{"origin":41311,"position":2},"title":"Fiscal\u00eda de Oaxaca obtiene vinculaci\u00f3n a proceso contra detenido por red de pornograf\u00eda infantil y ampl\u00eda investigaciones tras hallazgos iniciales","author":"ariadna","date":"diciembre 18, 2025","format":false,"excerpt":"#Redacci\u00f3nOaxaca #Oaxaca La Fiscal\u00eda General del Estado de Oaxaca (FGEO) obtuvo auto de vinculaci\u00f3n a proceso en contra de L.A.F.V., quien estar\u00eda vinculado con una red de distribuci\u00f3n de pornograf\u00eda infantil que operaba desde la capital oaxaque\u00f1a, est\u00e1 acci\u00f3n es resultado de una investigaci\u00f3n sustentada en trabajos de inteligencia criminal,\u2026","rel":"","context":"En &quot;Imagen&quot;","block_context":{"text":"Imagen","link":"https:\/\/redaccionoaxaca.com\/index.php\/category\/imagen\/"},"img":{"alt_text":"","src":"https:\/\/i0.wp.com\/redaccionoaxaca.com\/wp-content\/uploads\/2025\/12\/IMG-20251209-WA0211.jpg?fit=707%2C471&ssl=1&resize=350%2C200","width":350,"height":200,"srcset":"https:\/\/i0.wp.com\/redaccionoaxaca.com\/wp-content\/uploads\/2025\/12\/IMG-20251209-WA0211.jpg?fit=707%2C471&ssl=1&resize=350%2C200 1x, https:\/\/i0.wp.com\/redaccionoaxaca.com\/wp-content\/uploads\/2025\/12\/IMG-20251209-WA0211.jpg?fit=707%2C471&ssl=1&resize=525%2C300 1.5x, https:\/\/i0.wp.com\/redaccionoaxaca.com\/wp-content\/uploads\/2025\/12\/IMG-20251209-WA0211.jpg?fit=707%2C471&ssl=1&resize=700%2C400 2x"},"classes":[]},{"id":2591,"url":"https:\/\/redaccionoaxaca.com\/index.php\/2018\/09\/21\/son-ninas-y-madres-mas-de-mil-500-oaxaquenas\/","url_meta":{"origin":41311,"position":3},"title":"Son ni\u00f1as y madres, m\u00e1s de mil 500 oaxaque\u00f1as","author":"citlali","date":"septiembre 21, 2018","format":false,"excerpt":"A su corta edad tuvieron que enfrentarse a la maternidad. Son m\u00e1s de mil 500 ni\u00f1as oaxaque\u00f1as menores de 14 a\u00f1os quienes cursaron por un embarazo y lo llevaron a t\u00e9rmino, revelan cifras compiladas por el Comit\u00e9 de Am\u00e9rica Latina y el Caribe para la defensa de los Derechos Humanos\u2026","rel":"","context":"En &quot;Agenda Pol\u00edtica&quot;","block_context":{"text":"Agenda Pol\u00edtica","link":"https:\/\/redaccionoaxaca.com\/index.php\/category\/agenda-politica\/"},"img":{"alt_text":"","src":"","width":0,"height":0},"classes":[]},{"id":13189,"url":"https:\/\/redaccionoaxaca.com\/index.php\/2020\/07\/02\/van-2-anos-de-retroceso-en-mexico-con-gobierno-de-amlo-pan\/","url_meta":{"origin":41311,"position":4},"title":"Van 2 a\u00f1os de retroceso en M\u00e9xico con gobierno de AMLO: PAN.","author":"ariadna","date":"julio 2, 2020","format":false,"excerpt":"#Redacci\u00f3nOaxaca #Oaxaca Jaime GUERRERO A dos a\u00f1os de haber ganado las elecciones de 2018, cada d\u00eda se confirma que el pa\u00eds, est\u00e1 peor con el Presidente, Andr\u00e9s Manuel L\u00f3pez Obrador, asegur\u00f3 la Presidenta de la Comit\u00e9 Directivo Estatal del Partido Acci\u00f3n Nacional (PAN), Natividad D\u00edaz Jim\u00e9nez. De acuerdo a la\u2026","rel":"","context":"Entrada similar ","block_context":{"text":"Entrada similar ","link":""},"img":{"alt_text":"","src":"","width":0,"height":0},"classes":[]},{"id":1813,"url":"https:\/\/redaccionoaxaca.com\/index.php\/2018\/08\/06\/oaxaca-en-semaforo-rojo-en-pobreza-laboral-trabajadores-perciben-el-peor-ingreso-del-pais\/","url_meta":{"origin":41311,"position":5},"title":"Oaxaca en sem\u00e1foro rojo en pobreza laboral;  trabajadores perciben el peor ingreso del pa\u00eds","author":"denise","date":"agosto 6, 2018","format":false,"excerpt":"#Redacci\u00f3nOaxaca\u00a0 Jaime GUERRERO En Oaxaca se percibe el segundo peor ingreso promedio del pa\u00eds, revelan cifras de la Encuesta Nacional de Ocupaci\u00f3n y Empleo (ENOE), del primer semestre de 2018 que realiza el Instituto Nacional de Estad\u00edstica y Geograf\u00eda (Inegi). Mientras que la Organizaci\u00f3n No Gubernamental (ONG), \u201cM\u00e9xico \u00bfC\u00f3mo vamos?\u201d,\u2026","rel":"","context":"En &quot;Tendencias&quot;","block_context":{"text":"Tendencias","link":"https:\/\/redaccionoaxaca.com\/index.php\/category\/tendencias\/"},"img":{"alt_text":"","src":"https:\/\/i0.wp.com\/redaccionoaxaca.com\/wp-content\/uploads\/2018\/08\/caos-300x210.jpg?resize=350%2C200","width":350,"height":200},"classes":[]}],"_links":{"self":[{"href":"https:\/\/redaccionoaxaca.com\/index.php\/wp-json\/wp\/v2\/posts\/41311","targetHints":{"allow":["GET"]}}],"collection":[{"href":"https:\/\/redaccionoaxaca.com\/index.php\/wp-json\/wp\/v2\/posts"}],"about":[{"href":"https:\/\/redaccionoaxaca.com\/index.php\/wp-json\/wp\/v2\/types\/post"}],"author":[{"embeddable":true,"href":"https:\/\/redaccionoaxaca.com\/index.php\/wp-json\/wp\/v2\/users\/9"}],"replies":[{"embeddable":true,"href":"https:\/\/redaccionoaxaca.com\/index.php\/wp-json\/wp\/v2\/comments?post=41311"}],"version-history":[{"count":1,"href":"https:\/\/redaccionoaxaca.com\/index.php\/wp-json\/wp\/v2\/posts\/41311\/revisions"}],"predecessor-version":[{"id":41313,"href":"https:\/\/redaccionoaxaca.com\/index.php\/wp-json\/wp\/v2\/posts\/41311\/revisions\/41313"}],"wp:featuredmedia":[{"embeddable":true,"href":"https:\/\/redaccionoaxaca.com\/index.php\/wp-json\/wp\/v2\/media\/41312"}],"wp:attachment":[{"href":"https:\/\/redaccionoaxaca.com\/index.php\/wp-json\/wp\/v2\/media?parent=41311"}],"wp:term":[{"taxonomy":"category","embeddable":true,"href":"https:\/\/redaccionoaxaca.com\/index.php\/wp-json\/wp\/v2\/categories?post=41311"},{"taxonomy":"post_tag","embeddable":true,"href":"https:\/\/redaccionoaxaca.com\/index.php\/wp-json\/wp\/v2\/tags?post=41311"}],"curies":[{"name":"wp","href":"https:\/\/api.w.org\/{rel}","templated":true}]}}