{"id":41314,"date":"2026-04-04T22:10:26","date_gmt":"2026-04-05T04:10:26","guid":{"rendered":"https:\/\/redaccionoaxaca.com\/?p=41314"},"modified":"2026-04-04T22:10:26","modified_gmt":"2026-04-05T04:10:26","slug":"dos-muertos-y-una-joven-desaparecida-por-mar-de-fondo-en-san-mateo-del-mar-durante-el-sabado-de-gloria","status":"publish","type":"post","link":"https:\/\/redaccionoaxaca.com\/index.php\/2026\/04\/04\/dos-muertos-y-una-joven-desaparecida-por-mar-de-fondo-en-san-mateo-del-mar-durante-el-sabado-de-gloria\/","title":{"rendered":"Dos muertos y una joven desaparecida por mar de fondo en San Mateo del Mar durante el S\u00e1bado de Gloria"},"content":{"rendered":"<p><strong>#Redacci\u00f3nOaxaca<\/strong><\/p>\n<p><strong>#Oaxaca<\/strong><\/p>\n<p><strong>#JaimeGUERRERO<\/strong><\/p>\n<p style=\"text-align: justify;\">Una mujer de aproximadamente 37 a\u00f1os muri\u00f3 ahogada en las playas de San Mateo del Mar, municipio del Istmo de Tehuantepec, al lanzarse al Oc\u00e9ano Pac\u00edfico para intentar rescatar a su hijo, quien era arrastrado por el fuerte oleaje de un fen\u00f3meno de mar de fondo que afecta todo el litoral oaxaque\u00f1o durante la temporada vacacional de Semana Santa.<\/p>\n<p><img data-recalc-dims=\"1\" loading=\"lazy\" decoding=\"async\" data-attachment-id=\"41315\" data-permalink=\"https:\/\/redaccionoaxaca.com\/index.php\/2026\/04\/04\/dos-muertos-y-una-joven-desaparecida-por-mar-de-fondo-en-san-mateo-del-mar-durante-el-sabado-de-gloria\/7-2\/\" data-orig-file=\"https:\/\/i0.wp.com\/redaccionoaxaca.com\/wp-content\/uploads\/2026\/04\/7-2-scaled.jpg?fit=2560%2C1495&amp;ssl=1\" data-orig-size=\"2560,1495\" data-comments-opened=\"1\" data-image-meta=\"{&quot;aperture&quot;:&quot;0&quot;,&quot;credit&quot;:&quot;&quot;,&quot;camera&quot;:&quot;&quot;,&quot;caption&quot;:&quot;&quot;,&quot;created_timestamp&quot;:&quot;0&quot;,&quot;copyright&quot;:&quot;&quot;,&quot;focal_length&quot;:&quot;0&quot;,&quot;iso&quot;:&quot;0&quot;,&quot;shutter_speed&quot;:&quot;0&quot;,&quot;title&quot;:&quot;&quot;,&quot;orientation&quot;:&quot;1&quot;}\" data-image-title=\"7-2\" data-image-description=\"\" data-image-caption=\"\" data-large-file=\"https:\/\/i0.wp.com\/redaccionoaxaca.com\/wp-content\/uploads\/2026\/04\/7-2-scaled.jpg?fit=696%2C406&amp;ssl=1\" class=\"size-medium wp-image-41315 aligncenter\" src=\"https:\/\/i0.wp.com\/redaccionoaxaca.com\/wp-content\/uploads\/2026\/04\/7-2.jpg?resize=300%2C175&#038;ssl=1\" alt=\"\" width=\"300\" height=\"175\" srcset=\"https:\/\/i0.wp.com\/redaccionoaxaca.com\/wp-content\/uploads\/2026\/04\/7-2-scaled.jpg?resize=300%2C175&amp;ssl=1 300w, https:\/\/i0.wp.com\/redaccionoaxaca.com\/wp-content\/uploads\/2026\/04\/7-2-scaled.jpg?resize=1024%2C598&amp;ssl=1 1024w, https:\/\/i0.wp.com\/redaccionoaxaca.com\/wp-content\/uploads\/2026\/04\/7-2-scaled.jpg?resize=768%2C449&amp;ssl=1 768w, https:\/\/i0.wp.com\/redaccionoaxaca.com\/wp-content\/uploads\/2026\/04\/7-2-scaled.jpg?resize=1536%2C897&amp;ssl=1 1536w, https:\/\/i0.wp.com\/redaccionoaxaca.com\/wp-content\/uploads\/2026\/04\/7-2-scaled.jpg?resize=2048%2C1196&amp;ssl=1 2048w, https:\/\/i0.wp.com\/redaccionoaxaca.com\/wp-content\/uploads\/2026\/04\/7-2-scaled.jpg?resize=719%2C420&amp;ssl=1 719w, https:\/\/i0.wp.com\/redaccionoaxaca.com\/wp-content\/uploads\/2026\/04\/7-2-scaled.jpg?resize=696%2C406&amp;ssl=1 696w, https:\/\/i0.wp.com\/redaccionoaxaca.com\/wp-content\/uploads\/2026\/04\/7-2-scaled.jpg?resize=1068%2C624&amp;ssl=1 1068w, https:\/\/i0.wp.com\/redaccionoaxaca.com\/wp-content\/uploads\/2026\/04\/7-2-scaled.jpg?w=1392&amp;ssl=1 1392w\" sizes=\"auto, (max-width: 300px) 100vw, 300px\" \/><\/p>\n<p style=\"text-align: justify;\">El joven fue sacado del agua con vida, pero falleci\u00f3 poco despu\u00e9s en un hospital. Una tercera persona, una joven cuya identidad se desconoce, permanec\u00eda desaparecida y con elementos de la Secretar\u00eda de Marina (SEMAR) realizando labores de b\u00fasqueda en la zona.<\/p>\n<p style=\"text-align: justify;\">La tragedia ocurri\u00f3 en las celebraciones tradicionales del S\u00e1bado de Gloria para el pueblo Ikoots \u2014naci\u00f3n originaria que habita en San Mateo del Mar, en el municipio de Tehuantepec\u2014, jornada que suele congregar a familias enteras en la costa del Pac\u00edfico sur.<\/p>\n<p style=\"text-align: justify;\">El fen\u00f3meno de mar de fondo que provoc\u00f3 las muertes forma parte de un episodio m\u00e1s amplio que afecta la franja costera de Oaxaca desde Pinotepa Nacional hasta San Mateo del Mar<\/p>\n<p style=\"text-align: justify;\">. La Comisi\u00f3n Nacional del Agua alert\u00f3 desde el 1 de abril que el fen\u00f3meno estar\u00eda activo hasta el 5 de abril, generando corrientes fuertes y oleaje con alturas de hasta 2.5 metros en las costas del Pac\u00edfico mexicano, desde Chiapas hasta Jalisco.<\/p>\n<p style=\"text-align: justify;\">Las zonas de playa m\u00e1s afectadas en la Costa oaxaque\u00f1a fueron las ubicadas en inmediaciones de Puerto Escondido \u2014Playa Zicatela y Playa Marinero\u2014, donde la Capitan\u00eda de Puerto iz\u00f3 banderas rojas para exhortar a la poblaci\u00f3n a evitar introducirse al mar abierto.<\/p>\n<p style=\"text-align: justify;\">La Secretar\u00eda de Seguridad y Protecci\u00f3n Ciudadana (SSPC) del gobierno estatal inform\u00f3 que el oleaje alcanz\u00f3 la zona de comercios en ambas playas, por lo que se orden\u00f3 a salvavidas y personal de Protecci\u00f3n Civil iniciar evacuaciones preventivas, al tiempo que se emiti\u00f3 Bandera Roja cerrando el puerto a todo tipo de navegaci\u00f3n.<\/p>\n<p style=\"text-align: justify;\">En el Istmo de Tehuantepec, la SEMAR ten\u00eda desplegado un operativo preventivo desde antes de los hechos.<\/p>\n<p style=\"text-align: justify;\">La D\u00e9cima Regi\u00f3n Naval puso en marcha el \u201cOperativo Salvavidas Semana Santa 2026\u201d en las playas de Salina Cruz y Tehuantepec, con 75 elementos navales y nueve unidades \u2014incluyendo dos buques\u2014 encargados de la vigilancia costera durante el periodo vacacional del 27 de marzo al 12 de abril.<\/p>\n<p style=\"text-align: justify;\">Pese a esos despliegues, el oleaje del Pac\u00edfico cobr\u00f3 las dos vidas en San Mateo del Mar.<\/p>\n<p style=\"text-align: justify;\">Las autoridades advirtieron que el mar de fondo coincide en esta temporada con periodos de marea alta, lo que favorece la formaci\u00f3n de olas de entre dos y cinco metros de altura, adem\u00e1s de corrientes de resaca intensas y rompientes fuertes en las playas.<\/p>\n<p>&nbsp;<\/p>\n","protected":false},"excerpt":{"rendered":"<p>#Redacci\u00f3nOaxaca #Oaxaca #JaimeGUERRERO Una mujer de aproximadamente 37 a\u00f1os muri\u00f3 ahogada en las playas de San Mateo del Mar, municipio del Istmo de Tehuantepec, al lanzarse al Oc\u00e9ano Pac\u00edfico para intentar rescatar a su hijo, quien era arrastrado por el fuerte oleaje de un fen\u00f3meno de mar de fondo que afecta todo el litoral oaxaque\u00f1o [&hellip;]<\/p>\n","protected":false},"author":9,"featured_media":41315,"comment_status":"open","ping_status":"open","sticky":false,"template":"","format":"standard","meta":{"jetpack_post_was_ever_published":false,"_jetpack_newsletter_access":"","_jetpack_dont_email_post_to_subs":false,"_jetpack_newsletter_tier_id":0,"_jetpack_memberships_contains_paywalled_content":false,"_jetpack_memberships_contains_paid_content":false,"footnotes":"","jetpack_publicize_message":"","jetpack_publicize_feature_enabled":true,"jetpack_social_post_already_shared":true,"jetpack_social_options":{"image_generator_settings":{"template":"highway","default_image_id":0,"font":"","enabled":false},"version":2}},"categories":[7,3,6],"tags":[],"class_list":{"0":"post-41314","1":"post","2":"type-post","3":"status-publish","4":"format-standard","5":"has-post-thumbnail","7":"category-al-cierre","8":"category-mesa-de-redaccion","9":"category-tendencias"},"jetpack_publicize_connections":[],"jetpack_featured_media_url":"https:\/\/i0.wp.com\/redaccionoaxaca.com\/wp-content\/uploads\/2026\/04\/7-2-scaled.jpg?fit=2560%2C1495&ssl=1","jetpack_sharing_enabled":true,"jetpack_shortlink":"https:\/\/wp.me\/p9Ynjw-aKm","jetpack-related-posts":[{"id":41326,"url":"https:\/\/redaccionoaxaca.com\/index.php\/2026\/04\/06\/suben-muertes-en-rios-y-playas-de-oaxaca-5-fallecidos-un-desaparecido-y-un-rescatado-en-semana-santa-2026\/","url_meta":{"origin":41314,"position":0},"title":"Suben muertes en r\u00edos y playas de Oaxaca: 5 fallecidos, un desaparecido y un rescatado en Semana Santa 2026","author":"ariadna","date":"abril 6, 2026","format":"video","excerpt":"#Redacci\u00f3nOaxaca #Oaxaca Las tragedias en cuerpos de agua comienzan a marcar este 2026 en Oaxaca. De acuerdo con el titular de Protecci\u00f3n Civil, Manuel Maza S\u00e1nchez, en lo que va del a\u00f1o cinco personas han perdido la vida, una est\u00e1 desaparecida y otra logr\u00f3 ser rescatada, en hechos registrados principalmente\u2026","rel":"","context":"En &quot;Imagen&quot;","block_context":{"text":"Imagen","link":"https:\/\/redaccionoaxaca.com\/index.php\/category\/imagen\/"},"img":{"alt_text":"","src":"https:\/\/i0.wp.com\/redaccionoaxaca.com\/wp-content\/uploads\/2026\/04\/Screenshot_20260406_121118_WhatsApp-scaled.jpg?fit=1200%2C671&ssl=1&resize=350%2C200","width":350,"height":200,"srcset":"https:\/\/i0.wp.com\/redaccionoaxaca.com\/wp-content\/uploads\/2026\/04\/Screenshot_20260406_121118_WhatsApp-scaled.jpg?fit=1200%2C671&ssl=1&resize=350%2C200 1x, https:\/\/i0.wp.com\/redaccionoaxaca.com\/wp-content\/uploads\/2026\/04\/Screenshot_20260406_121118_WhatsApp-scaled.jpg?fit=1200%2C671&ssl=1&resize=525%2C300 1.5x, https:\/\/i0.wp.com\/redaccionoaxaca.com\/wp-content\/uploads\/2026\/04\/Screenshot_20260406_121118_WhatsApp-scaled.jpg?fit=1200%2C671&ssl=1&resize=700%2C400 2x, https:\/\/i0.wp.com\/redaccionoaxaca.com\/wp-content\/uploads\/2026\/04\/Screenshot_20260406_121118_WhatsApp-scaled.jpg?fit=1200%2C671&ssl=1&resize=1050%2C600 3x"},"classes":[]},{"id":3850,"url":"https:\/\/redaccionoaxaca.com\/index.php\/2018\/11\/13\/sin-rastro-de-joselyn-joven-desaparecida-en-oaxaca\/","url_meta":{"origin":41314,"position":1},"title":"Sin rastro de Joselyn, joven desaparecida en Oaxaca","author":"citlali","date":"noviembre 13, 2018","format":false,"excerpt":"El de agosto de 2018, Joselyn Vargas desapareci\u00f3 sin dejar rastro. Desde ese momento hasta la fecha, sus familiares cesan en su b\u00fasqueda. Aunque mantienen encendida la esperanza de hallarla con vida, el contexto de violencia y feminicidio que se vive en el pa\u00eds, desdobla pesadumbre. \u201cYo s\u00e9 que la\u2026","rel":"","context":"En &quot;Mesa de Redacci\u00f3n&quot;","block_context":{"text":"Mesa de Redacci\u00f3n","link":"https:\/\/redaccionoaxaca.com\/index.php\/category\/mesa-de-redaccion\/"},"img":{"alt_text":"","src":"","width":0,"height":0},"classes":[]},{"id":34246,"url":"https:\/\/redaccionoaxaca.com\/index.php\/2024\/11\/04\/con-signos-de-extrema-violencia-hallan-cuerpo-sin-vida-de-enfermera-del-issste-en-oaxaca-detienen-a-su-companero-de-trabajo-por-feminicidio\/","url_meta":{"origin":41314,"position":2},"title":"Con signos de extrema violencia, hallan cuerpo sin vida de enfermera del ISSSTE en Oaxaca; detienen a su compa\u00f1ero de trabajo por feminicidio","author":"ariadna","date":"noviembre 4, 2024","format":false,"excerpt":"#Redacci\u00f3nOaxaca #Oaxaca Jaime GUERRERO Con signos de extrema violencia, hallan sin vida y en estado de descomposici\u00f3n a Judith Vianney Toledo Santos, enfermera del hospital del ISSSTE de la capital de #Oaxaca, desaparecida desde el pasado 22 de octubre. Judith Santos Mendoza, madre de Judith Vianney, exigi\u00f3 la pena m\u00e1xima\u2026","rel":"","context":"En &quot;Imagen&quot;","block_context":{"text":"Imagen","link":"https:\/\/redaccionoaxaca.com\/index.php\/category\/imagen\/"},"img":{"alt_text":"","src":"","width":0,"height":0},"classes":[]},{"id":12995,"url":"https:\/\/redaccionoaxaca.com\/index.php\/2020\/06\/22\/investiga-fiscalia-general-hechos-violentos-en-la-zona-de-san-mateo-del-mar-15-personas-fueron-victimas-de-homicidio\/","url_meta":{"origin":41314,"position":3},"title":"Investiga Fiscal\u00eda General hechos violentos en la zona de San Mateo del Mar; 15 personas fueron v\u00edctimas de homicidio.","author":"ariadna","date":"junio 22, 2020","format":false,"excerpt":"#Redacci\u00f3nOaxaca #Oaxaca \u2022 Despu\u00e9s de las primeras diligencias hechas por la Fiscal\u00eda General, se confirma el fallecimiento de 2 mujeres y 13 hombres. \u2022 Personal de la Agencia Estatal de Investigaciones, Agentes del Ministerio P\u00fablico y peritos del Instituto de Servicios Periciales, realizaron el procesamiento del lugar de los hechos,\u2026","rel":"","context":"En &quot;Mesa de Redacci\u00f3n&quot;","block_context":{"text":"Mesa de Redacci\u00f3n","link":"https:\/\/redaccionoaxaca.com\/index.php\/category\/mesa-de-redaccion\/"},"img":{"alt_text":"","src":"","width":0,"height":0},"classes":[]},{"id":2750,"url":"https:\/\/redaccionoaxaca.com\/index.php\/2018\/09\/26\/pueblo-ikoot-pide-a-amlo-intervenir-para-acabar-con-aislamiento-de-san-mateo-de-mar\/","url_meta":{"origin":41314,"position":4},"title":"Pueblo \u201cIkoot\u201d pide a AMLO intervenir para\u00a0  acabar con aislamiento de San Mateo de Mar","author":"denise","date":"septiembre 26, 2018","format":false,"excerpt":"#Redacci\u00f3nOaxaca Jaime GUERRERO\u00a0 Imagen de la red Autoridades comunales de Santa Mar\u00eda del Mar, Juchit\u00e1n Oaxaca, pidieron al Presidente Electo, Andr\u00e9s Manuel L\u00f3pez Obrador, intervenir en el conflicto social que padecen con su vecino SanMateo del Mar, y no contin\u00fae la violaci\u00f3n de los Derechos Humanos del pueblo ind\u00edgena, denominado\u2026","rel":"","context":"En &quot;Agenda Pol\u00edtica&quot;","block_context":{"text":"Agenda Pol\u00edtica","link":"https:\/\/redaccionoaxaca.com\/index.php\/category\/agenda-politica\/"},"img":{"alt_text":"","src":"","width":0,"height":0},"classes":[]},{"id":27455,"url":"https:\/\/redaccionoaxaca.com\/index.php\/2022\/08\/24\/por-favorecer-la-liberacion-de-cuarto-detenido-por-la-desaparicion-de-zayra-piden-destitucion-de-juez\/","url_meta":{"origin":41314,"position":5},"title":"Por favorecer la liberaci\u00f3n de cuarto detenido por la desaparici\u00f3n de Zayra, piden destituci\u00f3n de Juez","author":"ariadna","date":"agosto 24, 2022","format":false,"excerpt":"#Redacci\u00f3nOaxaca #Oaxaca Citlalli L\u00f3pez Vel\u00e1zquez Por favorecer la liberaci\u00f3n de Jos\u00e9 M. cuarto detenido por la desaparici\u00f3n de Zayra Morales Loyola, la familia de la joven exigi\u00f3 la destituci\u00f3n del juez de control, V\u00edctor Jorge Luis Velasco Castellanos. Leticia Loyola, madre de la v\u00edctima se\u00f1al\u00f3 que durante la audiencia el\u2026","rel":"","context":"En &quot;Imagen&quot;","block_context":{"text":"Imagen","link":"https:\/\/redaccionoaxaca.com\/index.php\/category\/imagen\/"},"img":{"alt_text":"","src":"","width":0,"height":0},"classes":[]}],"_links":{"self":[{"href":"https:\/\/redaccionoaxaca.com\/index.php\/wp-json\/wp\/v2\/posts\/41314","targetHints":{"allow":["GET"]}}],"collection":[{"href":"https:\/\/redaccionoaxaca.com\/index.php\/wp-json\/wp\/v2\/posts"}],"about":[{"href":"https:\/\/redaccionoaxaca.com\/index.php\/wp-json\/wp\/v2\/types\/post"}],"author":[{"embeddable":true,"href":"https:\/\/redaccionoaxaca.com\/index.php\/wp-json\/wp\/v2\/users\/9"}],"replies":[{"embeddable":true,"href":"https:\/\/redaccionoaxaca.com\/index.php\/wp-json\/wp\/v2\/comments?post=41314"}],"version-history":[{"count":1,"href":"https:\/\/redaccionoaxaca.com\/index.php\/wp-json\/wp\/v2\/posts\/41314\/revisions"}],"predecessor-version":[{"id":41316,"href":"https:\/\/redaccionoaxaca.com\/index.php\/wp-json\/wp\/v2\/posts\/41314\/revisions\/41316"}],"wp:featuredmedia":[{"embeddable":true,"href":"https:\/\/redaccionoaxaca.com\/index.php\/wp-json\/wp\/v2\/media\/41315"}],"wp:attachment":[{"href":"https:\/\/redaccionoaxaca.com\/index.php\/wp-json\/wp\/v2\/media?parent=41314"}],"wp:term":[{"taxonomy":"category","embeddable":true,"href":"https:\/\/redaccionoaxaca.com\/index.php\/wp-json\/wp\/v2\/categories?post=41314"},{"taxonomy":"post_tag","embeddable":true,"href":"https:\/\/redaccionoaxaca.com\/index.php\/wp-json\/wp\/v2\/tags?post=41314"}],"curies":[{"name":"wp","href":"https:\/\/api.w.org\/{rel}","templated":true}]}}