{"id":41771,"date":"2026-04-27T10:04:30","date_gmt":"2026-04-27T16:04:30","guid":{"rendered":"https:\/\/redaccionoaxaca.com\/?p=41771"},"modified":"2026-04-27T10:05:03","modified_gmt":"2026-04-27T16:05:03","slug":"arrancara-obra-del-distribuidor-vial-de-viguera-para-aliviar-trafico-en-el-acceso-a-oaxaca","status":"publish","type":"post","link":"https:\/\/redaccionoaxaca.com\/index.php\/2026\/04\/27\/arrancara-obra-del-distribuidor-vial-de-viguera-para-aliviar-trafico-en-el-acceso-a-oaxaca\/","title":{"rendered":"Arrancar\u00e1 obra del Distribuidor Vial de Viguera para aliviar tr\u00e1fico en el acceso a Oaxaca"},"content":{"rendered":"<p><strong>#Redacci\u00f3nOaxaca<\/strong><\/p>\n<p><strong>#Oaxaca<\/strong><\/p>\n<p><strong>Ariadna Mendoza<\/strong><\/p>\n<p style=\"text-align: justify;\">El gobierno estatal y municipal iniciar\u00e1n la construcci\u00f3n del Distribuidor Vial de Viguera, una obra con la que buscan desahogar uno de los puntos m\u00e1s conflictivos de la capital oaxaque\u00f1a: la entrada poniente de la ciudad.<\/p>\n<p style=\"text-align: justify;\">El presidente municipal, Ray Chagoya, confirm\u00f3 que el proyecto contempla un paso a desnivel de ocho carriles \u2014cuatro elevados y cuatro a nivel\u2014, as\u00ed como una rotonda que integrar\u00e1 el monumento a Benito Ju\u00e1rez.<\/p>\n<p style=\"text-align: justify;\">La zona de Viguera ha sido durante a\u00f1os uno de los principales cuellos de botella para automovilistas y transporte p\u00fablico, con constantes embotellamientos y percances viales, especialmente en horas pico. Con esta obra, autoridades buscan reducir los tiempos de traslado y mejorar la circulaci\u00f3n en este punto estrat\u00e9gico.<\/p>\n<p style=\"text-align: justify;\">De acuerdo con lo expuesto, el proyecto tambi\u00e9n incluye la reorganizaci\u00f3n del entorno urbano, con la elevaci\u00f3n del monumento a Ju\u00e1rez como elemento central, en un intento por mejorar la imagen de uno de los accesos m\u00e1s transitados de Oaxaca de Ju\u00e1rez.<\/p>\n<p style=\"text-align: justify;\">El distribuidor vial forma parte de un paquete de obras que autoridades estatales y municipales impulsan para atender rezagos en infraestructura y movilidad en la capital.<\/p>\n<div style=\"width: 696px;\" class=\"wp-video\"><video class=\"wp-video-shortcode\" id=\"video-41771-1\" width=\"696\" height=\"386\" preload=\"metadata\" controls=\"controls\"><source type=\"video\/mp4\" src=\"https:\/\/redaccionoaxaca.com\/wp-content\/uploads\/2026\/04\/VID-20260427-WA0076.mp4?_=1\" \/><a href=\"https:\/\/redaccionoaxaca.com\/wp-content\/uploads\/2026\/04\/VID-20260427-WA0076.mp4\">https:\/\/redaccionoaxaca.com\/wp-content\/uploads\/2026\/04\/VID-20260427-WA0076.mp4<\/a><\/video><\/div>\n","protected":false},"excerpt":{"rendered":"<p>#Redacci\u00f3nOaxaca #Oaxaca Ariadna Mendoza El gobierno estatal y municipal iniciar\u00e1n la construcci\u00f3n del Distribuidor Vial de Viguera, una obra con la que buscan desahogar uno de los puntos m\u00e1s conflictivos de la capital oaxaque\u00f1a: la entrada poniente de la ciudad. El presidente municipal, Ray Chagoya, confirm\u00f3 que el proyecto contempla un paso a desnivel de [&hellip;]<\/p>\n","protected":false},"author":9,"featured_media":41774,"comment_status":"open","ping_status":"open","sticky":false,"template":"","format":"video","meta":{"jetpack_post_was_ever_published":false,"_jetpack_newsletter_access":"","_jetpack_dont_email_post_to_subs":false,"_jetpack_newsletter_tier_id":0,"_jetpack_memberships_contains_paywalled_content":false,"_jetpack_memberships_contains_paid_content":false,"footnotes":"","jetpack_publicize_message":"","jetpack_publicize_feature_enabled":true,"jetpack_social_post_already_shared":true,"jetpack_social_options":{"image_generator_settings":{"template":"highway","default_image_id":0,"font":"","enabled":false},"version":2}},"categories":[4,870,6],"tags":[],"class_list":{"0":"post-41771","1":"post","2":"type-post","3":"status-publish","4":"format-video","5":"has-post-thumbnail","7":"category-agenda-politica","8":"category-obras-publicas","9":"category-tendencias","10":"post_format-post-format-video"},"jetpack_publicize_connections":[],"jetpack_featured_media_url":"https:\/\/i0.wp.com\/redaccionoaxaca.com\/wp-content\/uploads\/2026\/04\/Screenshot_20260427_093850_WhatsApp-scaled.jpg?fit=2560%2C1453&ssl=1","jetpack_sharing_enabled":true,"jetpack_shortlink":"https:\/\/wp.me\/p9Ynjw-aRJ","jetpack-related-posts":[{"id":39072,"url":"https:\/\/redaccionoaxaca.com\/index.php\/2025\/11\/11\/nuevo-paso-a-desnivel-en-viguera-moderniza-la-infraestructura-vial-de-la-capital-ray-chagoya\/","url_meta":{"origin":41771,"position":0},"title":"Nuevo paso a desnivel en Viguera, moderniza la infraestructura vial de la capital: Ray Chagoya","author":"ariadna","date":"noviembre 11, 2025","format":false,"excerpt":"#Redacci\u00f3nOaxaca #Oaxaca - Con una inversi\u00f3n superior a 251 millones de pesos, el proyecto marca un paso firme hacia una ciudad m\u00e1s ordenada, limpia y segura Oaxaca de Ju\u00e1rez, Oax., 11 de noviembre de 2025. En conferencia de prensa encabezada por el gobernador Salom\u00f3n Jara Cruz, el presidente municipal de\u2026","rel":"","context":"En &quot;Agenda Pol\u00edtica&quot;","block_context":{"text":"Agenda Pol\u00edtica","link":"https:\/\/redaccionoaxaca.com\/index.php\/category\/agenda-politica\/"},"img":{"alt_text":"","src":"https:\/\/i0.wp.com\/redaccionoaxaca.com\/wp-content\/uploads\/2025\/11\/IMG-20251111-WA0072.jpg?fit=1200%2C1064&ssl=1&resize=350%2C200","width":350,"height":200,"srcset":"https:\/\/i0.wp.com\/redaccionoaxaca.com\/wp-content\/uploads\/2025\/11\/IMG-20251111-WA0072.jpg?fit=1200%2C1064&ssl=1&resize=350%2C200 1x, https:\/\/i0.wp.com\/redaccionoaxaca.com\/wp-content\/uploads\/2025\/11\/IMG-20251111-WA0072.jpg?fit=1200%2C1064&ssl=1&resize=525%2C300 1.5x, https:\/\/i0.wp.com\/redaccionoaxaca.com\/wp-content\/uploads\/2025\/11\/IMG-20251111-WA0072.jpg?fit=1200%2C1064&ssl=1&resize=700%2C400 2x, https:\/\/i0.wp.com\/redaccionoaxaca.com\/wp-content\/uploads\/2025\/11\/IMG-20251111-WA0072.jpg?fit=1200%2C1064&ssl=1&resize=1050%2C600 3x"},"classes":[]},{"id":41536,"url":"https:\/\/redaccionoaxaca.com\/index.php\/2026\/04\/14\/alistan-centro-de-paz-en-pueblo-nuevo-y-paso-a-desnivel-en-viguera\/","url_meta":{"origin":41771,"position":1},"title":"Alistan centro de paz en Pueblo Nuevo y paso a desnivel en Viguera","author":"ariadna","date":"abril 14, 2026","format":false,"excerpt":"#Redacci\u00f3nOaxaca #Oaxaca Ariadna Mendoza El presidente municipal Ray Chagoya confirm\u00f3 que su gobierno impulsa la construcci\u00f3n de un centro comunitario en Pueblo Nuevo como parte de la estrategia federal de \u201cterritorios de paz\u201d, adem\u00e1s de prever el arranque del paso a desnivel en Viguera para despu\u00e9s de mediados de mayo.\u2026","rel":"","context":"En &quot;Imagen&quot;","block_context":{"text":"Imagen","link":"https:\/\/redaccionoaxaca.com\/index.php\/category\/imagen\/"},"img":{"alt_text":"","src":"https:\/\/i0.wp.com\/redaccionoaxaca.com\/wp-content\/uploads\/2026\/04\/Screenshot_20260414_194712_Gallery-scaled.jpg?fit=1200%2C664&ssl=1&resize=350%2C200","width":350,"height":200,"srcset":"https:\/\/i0.wp.com\/redaccionoaxaca.com\/wp-content\/uploads\/2026\/04\/Screenshot_20260414_194712_Gallery-scaled.jpg?fit=1200%2C664&ssl=1&resize=350%2C200 1x, https:\/\/i0.wp.com\/redaccionoaxaca.com\/wp-content\/uploads\/2026\/04\/Screenshot_20260414_194712_Gallery-scaled.jpg?fit=1200%2C664&ssl=1&resize=525%2C300 1.5x, https:\/\/i0.wp.com\/redaccionoaxaca.com\/wp-content\/uploads\/2026\/04\/Screenshot_20260414_194712_Gallery-scaled.jpg?fit=1200%2C664&ssl=1&resize=700%2C400 2x, https:\/\/i0.wp.com\/redaccionoaxaca.com\/wp-content\/uploads\/2026\/04\/Screenshot_20260414_194712_Gallery-scaled.jpg?fit=1200%2C664&ssl=1&resize=1050%2C600 3x"},"classes":[]},{"id":21351,"url":"https:\/\/redaccionoaxaca.com\/index.php\/2021\/10\/01\/demanda-congreso-deslindar-responsabilidades-por-fallas-y-deterioros-en-distribuidor-vial-cinco-senores\/","url_meta":{"origin":41771,"position":2},"title":"Demanda Congreso deslindar responsabilidades por fallas y deterioros en distribuidor vial \u201cCinco Se\u00f1ores\u201d.","author":"ariadna","date":"octubre 1, 2021","format":false,"excerpt":"#Redacci\u00f3nOaxaca #Oaxaca Comunicado San Raymundo Jalpan, Oax. 1 de octubre de 2021.- El Congreso de Oaxaca demand\u00f3 a las autoridades correspondientes investigar y deslindar responsabilidades relacionadas con las fallas y deterioros del distribuidor vial de \u201cCinco Se\u00f1ores\u201d. Solicit\u00f3 al titular del Ejecutivo Estatal, instruir a la Secretar\u00eda de las Infraestructuras\u2026","rel":"","context":"En &quot;Mesa de Redacci\u00f3n&quot;","block_context":{"text":"Mesa de Redacci\u00f3n","link":"https:\/\/redaccionoaxaca.com\/index.php\/category\/mesa-de-redaccion\/"},"img":{"alt_text":"","src":"","width":0,"height":0},"classes":[]},{"id":21492,"url":"https:\/\/redaccionoaxaca.com\/index.php\/2021\/10\/07\/no-se-advierte-negligencia-en-construccion-del-distribuidor-vial-de-5-senores-lo-que-ha-hecho-falta-es-mantenimiento-y-ya-solicitamos-los-2-5-mdp-que-se-requieren-para-ello-informo-titular-de-sinfra\/","url_meta":{"origin":41771,"position":3},"title":"No se advierte negligencia en construcci\u00f3n del distribuidor vial de 5 se\u00f1ores, lo que ha hecho falta es mantenimiento y ya solicitamos los 2.5 mdp que se requieren para ello, inform\u00f3 titular de SINFRA.","author":"ariadna","date":"octubre 7, 2021","format":false,"excerpt":"#Redacci\u00f3nOaxaca #Oaxaca Maira Ric\u00e1rdez No es una falla estructural la que presenta el distribuidor vial de 5 se\u00f1ores, las fisuras que se observan son en el parapeto del puente por tanto la circunstancia no representa un riesgo para la poblaci\u00f3n; se han hecho dos supervisiones y el diagn\u00f3stico es falta\u2026","rel":"","context":"En &quot;Imagen&quot;","block_context":{"text":"Imagen","link":"https:\/\/redaccionoaxaca.com\/index.php\/category\/imagen\/"},"img":{"alt_text":"","src":"https:\/\/i0.wp.com\/redaccionoaxaca.com\/wp-content\/uploads\/2021\/10\/images-45-300x150.jpeg?resize=350%2C200&ssl=1","width":350,"height":200},"classes":[]},{"id":37941,"url":"https:\/\/redaccionoaxaca.com\/index.php\/2025\/08\/20\/avanzan-con-exito-programas-de-obras-publicas-en-agencias-y-colonias-de-la-capital\/","url_meta":{"origin":41771,"position":4},"title":"Avanzan con \u00e9xito programas de obras p\u00fablicas en agencias y colonias de la capital","author":"ariadna","date":"agosto 20, 2025","format":false,"excerpt":"#RedaccionOaxaca #Oaxaca * En un recorrido, Ray Chagoya constat\u00f3 personalmente los avances de los programas Tache al Bache, Destape al Drenaje y de Rastreo. Oaxaca de Ju\u00e1rez, Oax.- 20 de agosto de 2025.- En un recorrido conjunto, el presidente municipal Ray Chagoya, y el secretario de Obras P\u00fablicas y Desarrollo\u2026","rel":"","context":"En &quot;Al Cierre&quot;","block_context":{"text":"Al Cierre","link":"https:\/\/redaccionoaxaca.com\/index.php\/category\/al-cierre\/"},"img":{"alt_text":"","src":"https:\/\/i0.wp.com\/redaccionoaxaca.com\/wp-content\/uploads\/2025\/08\/WhatsApp-Image-2025-08-20-at-12.26.51-PM.jpeg?fit=1200%2C800&ssl=1&resize=350%2C200","width":350,"height":200,"srcset":"https:\/\/i0.wp.com\/redaccionoaxaca.com\/wp-content\/uploads\/2025\/08\/WhatsApp-Image-2025-08-20-at-12.26.51-PM.jpeg?fit=1200%2C800&ssl=1&resize=350%2C200 1x, https:\/\/i0.wp.com\/redaccionoaxaca.com\/wp-content\/uploads\/2025\/08\/WhatsApp-Image-2025-08-20-at-12.26.51-PM.jpeg?fit=1200%2C800&ssl=1&resize=525%2C300 1.5x, https:\/\/i0.wp.com\/redaccionoaxaca.com\/wp-content\/uploads\/2025\/08\/WhatsApp-Image-2025-08-20-at-12.26.51-PM.jpeg?fit=1200%2C800&ssl=1&resize=700%2C400 2x, https:\/\/i0.wp.com\/redaccionoaxaca.com\/wp-content\/uploads\/2025\/08\/WhatsApp-Image-2025-08-20-at-12.26.51-PM.jpeg?fit=1200%2C800&ssl=1&resize=1050%2C600 3x"},"classes":[]},{"id":38373,"url":"https:\/\/redaccionoaxaca.com\/index.php\/2025\/09\/22\/de-sexenio-de-cue-murat-a-jara-citybus-binnibus-ha-costado-1-mil-960-mdp-secretario-de-finanzas\/","url_meta":{"origin":41771,"position":5},"title":"De sexenio de Cu\u00e9, Murat a Jara, Cityb\u00fas-BinniBus ha costado 1 mil 960 mdp: Secretario de Finanzas","author":"ariadna","date":"septiembre 22, 2025","format":false,"excerpt":"#Redacci\u00f3nOaxaca #Oaxaca Jaime GUERRERO El secretario de Finanzas del estado, Farid L\u00f3pez Acevedo, report\u00f3 que la inversi\u00f3n total realizada en el sistema de transporte BinniBus, sumando los recursos de las administraciones de Gabino Cu\u00e9 Monteagudo y Alejandro Murat, asciende a 1 mil 960 millones de pesos. En conferencia de prensa,\u2026","rel":"","context":"En &quot;Agenda Pol\u00edtica&quot;","block_context":{"text":"Agenda Pol\u00edtica","link":"https:\/\/redaccionoaxaca.com\/index.php\/category\/agenda-politica\/"},"img":{"alt_text":"","src":"https:\/\/i0.wp.com\/redaccionoaxaca.com\/wp-content\/uploads\/2025\/09\/IMG-20250311-WA0026-1024x768-1.jpg?fit=1024%2C768&ssl=1&resize=350%2C200","width":350,"height":200,"srcset":"https:\/\/i0.wp.com\/redaccionoaxaca.com\/wp-content\/uploads\/2025\/09\/IMG-20250311-WA0026-1024x768-1.jpg?fit=1024%2C768&ssl=1&resize=350%2C200 1x, https:\/\/i0.wp.com\/redaccionoaxaca.com\/wp-content\/uploads\/2025\/09\/IMG-20250311-WA0026-1024x768-1.jpg?fit=1024%2C768&ssl=1&resize=525%2C300 1.5x, https:\/\/i0.wp.com\/redaccionoaxaca.com\/wp-content\/uploads\/2025\/09\/IMG-20250311-WA0026-1024x768-1.jpg?fit=1024%2C768&ssl=1&resize=700%2C400 2x"},"classes":[]}],"_links":{"self":[{"href":"https:\/\/redaccionoaxaca.com\/index.php\/wp-json\/wp\/v2\/posts\/41771","targetHints":{"allow":["GET"]}}],"collection":[{"href":"https:\/\/redaccionoaxaca.com\/index.php\/wp-json\/wp\/v2\/posts"}],"about":[{"href":"https:\/\/redaccionoaxaca.com\/index.php\/wp-json\/wp\/v2\/types\/post"}],"author":[{"embeddable":true,"href":"https:\/\/redaccionoaxaca.com\/index.php\/wp-json\/wp\/v2\/users\/9"}],"replies":[{"embeddable":true,"href":"https:\/\/redaccionoaxaca.com\/index.php\/wp-json\/wp\/v2\/comments?post=41771"}],"version-history":[{"count":2,"href":"https:\/\/redaccionoaxaca.com\/index.php\/wp-json\/wp\/v2\/posts\/41771\/revisions"}],"predecessor-version":[{"id":41776,"href":"https:\/\/redaccionoaxaca.com\/index.php\/wp-json\/wp\/v2\/posts\/41771\/revisions\/41776"}],"wp:featuredmedia":[{"embeddable":true,"href":"https:\/\/redaccionoaxaca.com\/index.php\/wp-json\/wp\/v2\/media\/41774"}],"wp:attachment":[{"href":"https:\/\/redaccionoaxaca.com\/index.php\/wp-json\/wp\/v2\/media?parent=41771"}],"wp:term":[{"taxonomy":"category","embeddable":true,"href":"https:\/\/redaccionoaxaca.com\/index.php\/wp-json\/wp\/v2\/categories?post=41771"},{"taxonomy":"post_tag","embeddable":true,"href":"https:\/\/redaccionoaxaca.com\/index.php\/wp-json\/wp\/v2\/tags?post=41771"}],"curies":[{"name":"wp","href":"https:\/\/api.w.org\/{rel}","templated":true}]}}