{"id":41777,"date":"2026-04-27T14:18:20","date_gmt":"2026-04-27T20:18:20","guid":{"rendered":"https:\/\/redaccionoaxaca.com\/?p=41777"},"modified":"2026-04-27T14:18:20","modified_gmt":"2026-04-27T20:18:20","slug":"proponen-restringir-licencia-de-conducir-a-deudores-alimentarios-en-oaxaca","status":"publish","type":"post","link":"https:\/\/redaccionoaxaca.com\/index.php\/2026\/04\/27\/proponen-restringir-licencia-de-conducir-a-deudores-alimentarios-en-oaxaca\/","title":{"rendered":"Proponen restringir licencia de conducir a deudores alimentarios en Oaxaca"},"content":{"rendered":"<p><strong>#Redacci\u00f3nOaxaca<\/strong><\/p>\n<p><strong>#Oaxaca<\/strong><\/p>\n<p style=\"text-align: justify;\">* <em>La Semovi tendr\u00eda facultades para cancelar el documento por tiempo indefinido mientras persista el incumplimiento de dicha obligaci\u00f3n<\/em><\/p>\n<p>San Raymundo Jalpan, Oax., a 27 de abril de 2026.- A fin de garantizar el inter\u00e9s superior de la ni\u00f1ez y combatir la violencia econ\u00f3mica, las diputadas Elvia Gabriela P\u00e9rez L\u00f3pez, Eva Diego Cruz y Melina Hern\u00e1ndez Sosa, integrantes del Grupo Parlamentario del Partido Verde Ecologista de M\u00e9xico (PVEM), presentaron una iniciativa de reforma a la Ley de Movilidad para el Estado de Oaxaca que busca impedir que personas deudoras alimentarias morosas obtengan o renueven su licencia de conducir.<\/p>\n<p style=\"text-align: justify;\">La propuesta legislativa contempla la adici\u00f3n de diversas fracciones a los art\u00edculos 176, 177 y 178 de la citada ley, estableciendo como causal de cancelaci\u00f3n definitiva y restricci\u00f3n de reexpedici\u00f3n del documento el hecho de que el titular se encuentre inscrito en cualquier registro oficial como persona deudora alimentaria morosa.<\/p>\n<p><img data-recalc-dims=\"1\" loading=\"lazy\" decoding=\"async\" data-attachment-id=\"41778\" data-permalink=\"https:\/\/redaccionoaxaca.com\/index.php\/2026\/04\/27\/proponen-restringir-licencia-de-conducir-a-deudores-alimentarios-en-oaxaca\/screenshot_20260427_141413_facebook\/\" data-orig-file=\"https:\/\/i0.wp.com\/redaccionoaxaca.com\/wp-content\/uploads\/2026\/04\/Screenshot_20260427_141413_Facebook-scaled.jpg?fit=2560%2C1686&amp;ssl=1\" data-orig-size=\"2560,1686\" data-comments-opened=\"1\" data-image-meta=\"{&quot;aperture&quot;:&quot;0&quot;,&quot;credit&quot;:&quot;&quot;,&quot;camera&quot;:&quot;&quot;,&quot;caption&quot;:&quot;&quot;,&quot;created_timestamp&quot;:&quot;0&quot;,&quot;copyright&quot;:&quot;&quot;,&quot;focal_length&quot;:&quot;0&quot;,&quot;iso&quot;:&quot;0&quot;,&quot;shutter_speed&quot;:&quot;0&quot;,&quot;title&quot;:&quot;&quot;,&quot;orientation&quot;:&quot;1&quot;}\" data-image-title=\"Screenshot_20260427_141413_Facebook\" data-image-description=\"\" data-image-caption=\"\" data-large-file=\"https:\/\/i0.wp.com\/redaccionoaxaca.com\/wp-content\/uploads\/2026\/04\/Screenshot_20260427_141413_Facebook-scaled.jpg?fit=696%2C458&amp;ssl=1\" class=\"size-medium wp-image-41778 aligncenter\" src=\"https:\/\/i0.wp.com\/redaccionoaxaca.com\/wp-content\/uploads\/2026\/04\/Screenshot_20260427_141413_Facebook.jpg?resize=300%2C198&#038;ssl=1\" alt=\"\" width=\"300\" height=\"198\" srcset=\"https:\/\/i0.wp.com\/redaccionoaxaca.com\/wp-content\/uploads\/2026\/04\/Screenshot_20260427_141413_Facebook-scaled.jpg?resize=300%2C198&amp;ssl=1 300w, https:\/\/i0.wp.com\/redaccionoaxaca.com\/wp-content\/uploads\/2026\/04\/Screenshot_20260427_141413_Facebook-scaled.jpg?resize=1024%2C674&amp;ssl=1 1024w, https:\/\/i0.wp.com\/redaccionoaxaca.com\/wp-content\/uploads\/2026\/04\/Screenshot_20260427_141413_Facebook-scaled.jpg?resize=768%2C506&amp;ssl=1 768w, https:\/\/i0.wp.com\/redaccionoaxaca.com\/wp-content\/uploads\/2026\/04\/Screenshot_20260427_141413_Facebook-scaled.jpg?resize=1536%2C1011&amp;ssl=1 1536w, https:\/\/i0.wp.com\/redaccionoaxaca.com\/wp-content\/uploads\/2026\/04\/Screenshot_20260427_141413_Facebook-scaled.jpg?resize=2048%2C1349&amp;ssl=1 2048w, https:\/\/i0.wp.com\/redaccionoaxaca.com\/wp-content\/uploads\/2026\/04\/Screenshot_20260427_141413_Facebook-scaled.jpg?resize=638%2C420&amp;ssl=1 638w, https:\/\/i0.wp.com\/redaccionoaxaca.com\/wp-content\/uploads\/2026\/04\/Screenshot_20260427_141413_Facebook-scaled.jpg?resize=696%2C458&amp;ssl=1 696w, https:\/\/i0.wp.com\/redaccionoaxaca.com\/wp-content\/uploads\/2026\/04\/Screenshot_20260427_141413_Facebook-scaled.jpg?resize=1068%2C703&amp;ssl=1 1068w, https:\/\/i0.wp.com\/redaccionoaxaca.com\/wp-content\/uploads\/2026\/04\/Screenshot_20260427_141413_Facebook-scaled.jpg?resize=741%2C486&amp;ssl=1 741w, https:\/\/i0.wp.com\/redaccionoaxaca.com\/wp-content\/uploads\/2026\/04\/Screenshot_20260427_141413_Facebook-scaled.jpg?w=1392&amp;ssl=1 1392w\" sizes=\"auto, (max-width: 300px) 100vw, 300px\" \/><\/p>\n<p style=\"text-align: justify;\">De igual forma, la iniciativa indica que la Secretar\u00eda de Movilidad (Semovi) estar\u00eda facultada para realizar dicha cancelaci\u00f3n por tiempo indefinido mientras subsista el incumplimiento de las obligaciones alimentarias.<\/p>\n<p style=\"text-align: justify;\">En su exposici\u00f3n de motivos, las legisladoras se\u00f1alaron que esta medida funciona como un mecanismo coercitivo necesario, dado que en M\u00e9xico el 67.5 por ciento de las madres solteras no reciben pensi\u00f3n alimenticia y 3 de cada 4 hijos de padres separados enfrentan la misma carencia.<\/p>\n<p style=\"text-align: justify;\">La iniciativa subraya que el derecho a la alimentaci\u00f3n es un derecho humano fundamental, irrenunciable e intransferible que debe ser protegido por el Estado. Por lo tanto, se debe atender al car\u00e1cter prevalente de los derechos de la ni\u00f1ez como un mandato constitucional, pues m\u00e1s all\u00e1 de atender la disponibilidad de alimentos, es imperante garantizar el acceso econ\u00f3mico para un desarrollo integral que incluya educaci\u00f3n, salud y vivienda.<\/p>\n<p style=\"text-align: justify;\">La iniciativa fue presentada el 27 de enero del a\u00f1o en curso, y la Mesa Directiva la turn\u00f3 a la Comisi\u00f3n Permanente de Movilidad y Transporte.<\/p>\n<p><img data-recalc-dims=\"1\" loading=\"lazy\" decoding=\"async\" data-attachment-id=\"41779\" data-permalink=\"https:\/\/redaccionoaxaca.com\/index.php\/2026\/04\/27\/proponen-restringir-licencia-de-conducir-a-deudores-alimentarios-en-oaxaca\/screenshot_20260427_141418_facebook\/\" data-orig-file=\"https:\/\/i0.wp.com\/redaccionoaxaca.com\/wp-content\/uploads\/2026\/04\/Screenshot_20260427_141418_Facebook-scaled.jpg?fit=2560%2C1751&amp;ssl=1\" data-orig-size=\"2560,1751\" data-comments-opened=\"1\" data-image-meta=\"{&quot;aperture&quot;:&quot;0&quot;,&quot;credit&quot;:&quot;&quot;,&quot;camera&quot;:&quot;&quot;,&quot;caption&quot;:&quot;&quot;,&quot;created_timestamp&quot;:&quot;0&quot;,&quot;copyright&quot;:&quot;&quot;,&quot;focal_length&quot;:&quot;0&quot;,&quot;iso&quot;:&quot;0&quot;,&quot;shutter_speed&quot;:&quot;0&quot;,&quot;title&quot;:&quot;&quot;,&quot;orientation&quot;:&quot;1&quot;}\" data-image-title=\"Screenshot_20260427_141418_Facebook\" data-image-description=\"\" data-image-caption=\"\" data-large-file=\"https:\/\/i0.wp.com\/redaccionoaxaca.com\/wp-content\/uploads\/2026\/04\/Screenshot_20260427_141418_Facebook-scaled.jpg?fit=696%2C476&amp;ssl=1\" class=\"size-medium wp-image-41779 aligncenter\" src=\"https:\/\/i0.wp.com\/redaccionoaxaca.com\/wp-content\/uploads\/2026\/04\/Screenshot_20260427_141418_Facebook.jpg?resize=300%2C205&#038;ssl=1\" alt=\"\" width=\"300\" height=\"205\" srcset=\"https:\/\/i0.wp.com\/redaccionoaxaca.com\/wp-content\/uploads\/2026\/04\/Screenshot_20260427_141418_Facebook-scaled.jpg?resize=300%2C205&amp;ssl=1 300w, https:\/\/i0.wp.com\/redaccionoaxaca.com\/wp-content\/uploads\/2026\/04\/Screenshot_20260427_141418_Facebook-scaled.jpg?resize=1024%2C700&amp;ssl=1 1024w, https:\/\/i0.wp.com\/redaccionoaxaca.com\/wp-content\/uploads\/2026\/04\/Screenshot_20260427_141418_Facebook-scaled.jpg?resize=768%2C525&amp;ssl=1 768w, https:\/\/i0.wp.com\/redaccionoaxaca.com\/wp-content\/uploads\/2026\/04\/Screenshot_20260427_141418_Facebook-scaled.jpg?resize=1536%2C1050&amp;ssl=1 1536w, https:\/\/i0.wp.com\/redaccionoaxaca.com\/wp-content\/uploads\/2026\/04\/Screenshot_20260427_141418_Facebook-scaled.jpg?resize=2048%2C1401&amp;ssl=1 2048w, https:\/\/i0.wp.com\/redaccionoaxaca.com\/wp-content\/uploads\/2026\/04\/Screenshot_20260427_141418_Facebook-scaled.jpg?resize=614%2C420&amp;ssl=1 614w, https:\/\/i0.wp.com\/redaccionoaxaca.com\/wp-content\/uploads\/2026\/04\/Screenshot_20260427_141418_Facebook-scaled.jpg?resize=218%2C150&amp;ssl=1 218w, https:\/\/i0.wp.com\/redaccionoaxaca.com\/wp-content\/uploads\/2026\/04\/Screenshot_20260427_141418_Facebook-scaled.jpg?resize=696%2C476&amp;ssl=1 696w, https:\/\/i0.wp.com\/redaccionoaxaca.com\/wp-content\/uploads\/2026\/04\/Screenshot_20260427_141418_Facebook-scaled.jpg?resize=1068%2C730&amp;ssl=1 1068w, https:\/\/i0.wp.com\/redaccionoaxaca.com\/wp-content\/uploads\/2026\/04\/Screenshot_20260427_141418_Facebook-scaled.jpg?w=1392&amp;ssl=1 1392w\" sizes=\"auto, (max-width: 300px) 100vw, 300px\" \/><\/p>\n","protected":false},"excerpt":{"rendered":"<p>#Redacci\u00f3nOaxaca #Oaxaca * La Semovi tendr\u00eda facultades para cancelar el documento por tiempo indefinido mientras persista el incumplimiento de dicha obligaci\u00f3n San Raymundo Jalpan, Oax., a 27 de abril de 2026.- A fin de garantizar el inter\u00e9s superior de la ni\u00f1ez y combatir la violencia econ\u00f3mica, las diputadas Elvia Gabriela P\u00e9rez L\u00f3pez, Eva Diego Cruz [&hellip;]<\/p>\n","protected":false},"author":9,"featured_media":41778,"comment_status":"open","ping_status":"open","sticky":false,"template":"","format":"standard","meta":{"jetpack_post_was_ever_published":false,"_jetpack_newsletter_access":"","_jetpack_dont_email_post_to_subs":false,"_jetpack_newsletter_tier_id":0,"_jetpack_memberships_contains_paywalled_content":false,"_jetpack_memberships_contains_paid_content":false,"footnotes":"","jetpack_publicize_message":"","jetpack_publicize_feature_enabled":true,"jetpack_social_post_already_shared":true,"jetpack_social_options":{"image_generator_settings":{"template":"highway","default_image_id":0,"font":"","enabled":false},"version":2}},"categories":[4,5,3],"tags":[],"class_list":{"0":"post-41777","1":"post","2":"type-post","3":"status-publish","4":"format-standard","5":"has-post-thumbnail","7":"category-agenda-politica","8":"category-imagen","9":"category-mesa-de-redaccion"},"jetpack_publicize_connections":[],"jetpack_featured_media_url":"https:\/\/i0.wp.com\/redaccionoaxaca.com\/wp-content\/uploads\/2026\/04\/Screenshot_20260427_141413_Facebook-scaled.jpg?fit=2560%2C1686&ssl=1","jetpack_sharing_enabled":true,"jetpack_shortlink":"https:\/\/wp.me\/p9Ynjw-aRP","jetpack-related-posts":[{"id":8464,"url":"https:\/\/redaccionoaxaca.com\/index.php\/2019\/09\/13\/scjn-avala-ley-de-movilidad-de-oaxaca-y-prohibe-a-policias-retener-licencia-de-conducir-placas-o-tarjetas-de-circulacion-en-multas-de-transito\/","url_meta":{"origin":41777,"position":0},"title":"SCJN avala ley de movilidad de Oaxaca y proh\u00edbe a Polic\u00edas retener  licencia de conducir, placas o tarjetas de circulaci\u00f3n en multas de transito.","author":"ariadna","date":"septiembre 13, 2019","format":false,"excerpt":"#Redacci\u00f3nOaxaca #Oaxaca Jaime GUERRERO El Pleno de la Suprema Corte de Justicia de la Naci\u00f3n (SCJN), reconoci\u00f3 la validez de las reformas y derogaciones a la Ley de Tr\u00e1nsito, Movilidad y Vialidad del Estado de Oaxaca, dando as\u00ed, facultades a los Estados para regular medios y garantizar el cobro de\u2026","rel":"","context":"Entrada similar ","block_context":{"text":"Entrada similar ","link":""},"img":{"alt_text":"","src":"","width":0,"height":0},"classes":[]},{"id":5087,"url":"https:\/\/redaccionoaxaca.com\/index.php\/2019\/01\/25\/licencias-de-conducir-de-por-vida-costaran-2257-pesos-no-aplicara-al-servicio-de-transporte-publico\/","url_meta":{"origin":41777,"position":1},"title":"Licencias de conducir de por vida, costaran  2,257 pesos; no aplicar\u00e1 al Servicio de Transporte P\u00fablico.","author":"jaime","date":"enero 25, 2019","format":false,"excerpt":"#Redacci\u00f3nOaxaca #Oaxaca Jaime GUERRERO A partir de una reforma a la ley estatal de derechos y a la ley estatal de transporte, la Secretar\u00eda de Movilidad y Transporte (Semovi), expedir\u00e1 Licencias Permanentes, es decir de por vida a los conductores de transporte privado en sus diversas modalidades. En el caso\u2026","rel":"","context":"Entrada similar ","block_context":{"text":"Entrada similar ","link":""},"img":{"alt_text":"","src":"https:\/\/i0.wp.com\/redaccionoaxaca.com\/wp-content\/uploads\/2019\/01\/WhatsApp-Image-2019-01-25-at-12.50.27-PM-300x169.jpeg?resize=350%2C200","width":350,"height":200,"srcset":"https:\/\/i0.wp.com\/redaccionoaxaca.com\/wp-content\/uploads\/2019\/01\/WhatsApp-Image-2019-01-25-at-12.50.27-PM-300x169.jpeg?resize=350%2C200 1x, https:\/\/i0.wp.com\/redaccionoaxaca.com\/wp-content\/uploads\/2019\/01\/WhatsApp-Image-2019-01-25-at-12.50.27-PM-300x169.jpeg?resize=525%2C300 1.5x, https:\/\/i0.wp.com\/redaccionoaxaca.com\/wp-content\/uploads\/2019\/01\/WhatsApp-Image-2019-01-25-at-12.50.27-PM-300x169.jpeg?resize=700%2C400 2x"},"classes":[]},{"id":9606,"url":"https:\/\/redaccionoaxaca.com\/index.php\/2019\/12\/13\/cambian-arresto-por-trabajo-comunitario-para-conductores-alcoholizados-en-oaxaca\/","url_meta":{"origin":41777,"position":2},"title":"Cambian arresto por trabajo comunitario\u00a0para conductores alcoholizados en Oaxaca.","author":"ariadna","date":"diciembre 13, 2019","format":false,"excerpt":"#Redacci\u00f3nOaxaca #Oaxaca Jaime GUERRERO\u00a0 La LXIV Legislatura, reform\u00f3 el articulo 85 de la ley de Tr\u00e1nsito, Movilidad y Vialidad del Estado, para que la persona que sea detectada que conduce en estado de ebriedad, en lugar del arresto de 24 horas, se le conmute por actividades de apoyo a la\u2026","rel":"","context":"Entrada similar ","block_context":{"text":"Entrada similar ","link":""},"img":{"alt_text":"","src":"","width":0,"height":0},"classes":[]},{"id":32175,"url":"https:\/\/redaccionoaxaca.com\/index.php\/2024\/06\/13\/proponen-reforma-que-plantea-la-cancelacion-de-licencias-de-conducir-a-quienes-lo-hagan-en-estado-de-ebriedad\/","url_meta":{"origin":41777,"position":3},"title":"Proponen reforma que plantea la cancelaci\u00f3n de licencias de conducir a quienes lo hagan en estado de ebriedad","author":"ariadna","date":"junio 13, 2024","format":false,"excerpt":"#Redacci\u00f3nOaxaca #Oaxaca *Ser\u00e1 analizada por la Comisi\u00f3n Permanente de Movilidad y Transportes. San Raymundo Jalpan, Oax. 12 de junio de 2024.- En sesi\u00f3n ordinaria de la Diputaci\u00f3n Permanente de la LXV Legislatura local, se recibi\u00f3 una iniciativa de reforma al art\u00edculo 85 de la Ley de Tr\u00e1nsito y Vialidad del\u2026","rel":"","context":"En &quot;Agenda Pol\u00edtica&quot;","block_context":{"text":"Agenda Pol\u00edtica","link":"https:\/\/redaccionoaxaca.com\/index.php\/category\/agenda-politica\/"},"img":{"alt_text":"","src":"","width":0,"height":0},"classes":[]},{"id":5300,"url":"https:\/\/redaccionoaxaca.com\/index.php\/2019\/02\/11\/en-oaxaca-ya-se-podran-tramitar-las-licencias-permanentes\/","url_meta":{"origin":41777,"position":4},"title":"En #Oaxaca ya se podr\u00e1n tramitar las Licencias Permanentes.","author":"denise","date":"febrero 11, 2019","format":false,"excerpt":"#Redacci\u00f3nOaxaca Tienen un costo de 2 mil 365 pesos. Ya est\u00e1n disponibles, previo pago de derechos, en los 32 m\u00f3dulos de la Secretar\u00eda. Las licencias de 2, 3 y 5 a\u00f1os tendr\u00e1n un aumento de 20 a 30 pesos. TIPO \u201cA\u201d (Motocicletas y veh\u00edculos similares).- Para DOS A\u00d1OS 473 pesos,\u2026","rel":"","context":"En &quot;Tendencias&quot;","block_context":{"text":"Tendencias","link":"https:\/\/redaccionoaxaca.com\/index.php\/category\/tendencias\/"},"img":{"alt_text":"","src":"","width":0,"height":0},"classes":[]},{"id":29279,"url":"https:\/\/redaccionoaxaca.com\/index.php\/2023\/09\/11\/gestor-y-empleada-del-sindicato-de-burocratas-de-la-semovi-expiden-licencia-falsa-de-fiscal-de-oaxaca-abajo-esta-podrido-gobernador\/","url_meta":{"origin":41777,"position":5},"title":"\u201cGestor\u201d y empleada del sindicato de bur\u00f3cratas de la Semovi, expiden  licencia falsa de Fiscal de Oaxaca; \u201cabajo est\u00e1 podrido\u201d: Gobernador","author":"ariadna","date":"septiembre 11, 2023","format":false,"excerpt":"#Redacci\u00f3nOaxaca #Oaxaca Jaime GUERRERO Al se\u00f1alar que \u201cabajo\u201d en la Secretar\u00eda de Movilidad \u201cest\u00e1 podrido\u201d por corrupci\u00f3n, el Gobernador del Estado, Salom\u00f3n Jara Cruz, exhibi\u00f3 el caso de un \u201cgestor-coyote\u201d que, coludido con su esposa -trabajadora de base de la Semovi-, expidieron una licencia de conducir falsa del titular de\u2026","rel":"","context":"En &quot;Imagen&quot;","block_context":{"text":"Imagen","link":"https:\/\/redaccionoaxaca.com\/index.php\/category\/imagen\/"},"img":{"alt_text":"","src":"https:\/\/i0.wp.com\/redaccionoaxaca.com\/wp-content\/uploads\/2023\/09\/images-59-300x179.jpeg?resize=350%2C200&ssl=1","width":350,"height":200},"classes":[]}],"_links":{"self":[{"href":"https:\/\/redaccionoaxaca.com\/index.php\/wp-json\/wp\/v2\/posts\/41777","targetHints":{"allow":["GET"]}}],"collection":[{"href":"https:\/\/redaccionoaxaca.com\/index.php\/wp-json\/wp\/v2\/posts"}],"about":[{"href":"https:\/\/redaccionoaxaca.com\/index.php\/wp-json\/wp\/v2\/types\/post"}],"author":[{"embeddable":true,"href":"https:\/\/redaccionoaxaca.com\/index.php\/wp-json\/wp\/v2\/users\/9"}],"replies":[{"embeddable":true,"href":"https:\/\/redaccionoaxaca.com\/index.php\/wp-json\/wp\/v2\/comments?post=41777"}],"version-history":[{"count":1,"href":"https:\/\/redaccionoaxaca.com\/index.php\/wp-json\/wp\/v2\/posts\/41777\/revisions"}],"predecessor-version":[{"id":41780,"href":"https:\/\/redaccionoaxaca.com\/index.php\/wp-json\/wp\/v2\/posts\/41777\/revisions\/41780"}],"wp:featuredmedia":[{"embeddable":true,"href":"https:\/\/redaccionoaxaca.com\/index.php\/wp-json\/wp\/v2\/media\/41778"}],"wp:attachment":[{"href":"https:\/\/redaccionoaxaca.com\/index.php\/wp-json\/wp\/v2\/media?parent=41777"}],"wp:term":[{"taxonomy":"category","embeddable":true,"href":"https:\/\/redaccionoaxaca.com\/index.php\/wp-json\/wp\/v2\/categories?post=41777"},{"taxonomy":"post_tag","embeddable":true,"href":"https:\/\/redaccionoaxaca.com\/index.php\/wp-json\/wp\/v2\/tags?post=41777"}],"curies":[{"name":"wp","href":"https:\/\/api.w.org\/{rel}","templated":true}]}}