{"id":41781,"date":"2026-04-27T22:48:39","date_gmt":"2026-04-28T04:48:39","guid":{"rendered":"https:\/\/redaccionoaxaca.com\/?p=41781"},"modified":"2026-04-27T22:48:39","modified_gmt":"2026-04-28T04:48:39","slug":"detienen-a-lugger-autor-material-del-triple-homicidio-en-juchitan-que-costo-la-vida-a-sobrino-del-secretario-de-gobierno","status":"publish","type":"post","link":"https:\/\/redaccionoaxaca.com\/index.php\/2026\/04\/27\/detienen-a-lugger-autor-material-del-triple-homicidio-en-juchitan-que-costo-la-vida-a-sobrino-del-secretario-de-gobierno\/","title":{"rendered":"Detienen a \u201cLugger\u201d, autor material del triple homicidio en Juchit\u00e1n que cost\u00f3 la vida a sobrino del secretario de Gobierno"},"content":{"rendered":"<p><strong>#Redacci\u00f3nOaxaca<\/strong><\/p>\n<p><strong>#Oaxaca<\/strong><\/p>\n<p><strong>#JaimeGUERRERO<\/strong><\/p>\n<p style=\"text-align: justify;\">La Fiscal\u00eda General del Estado de Oaxaca (FGEO) detuvo a L. O. S., alias \u201cLugger\u201d, identificado como el principal autor material del triple homicidio registrado el 18 de abril en la Heroica Ciudad de Juchit\u00e1n de Zaragoza, en el que perdi\u00f3 la vida David L\u00f3pez, sobrino del secretario de Gobierno, Jos\u00e9 de Jes\u00fas Romero L\u00f3pez, e hijo de Angelino L\u00f3pez subsecretario en el gobierno de Salom\u00f3n Jara Cruz.<\/p>\n<p style=\"text-align: justify;\">El fiscal Bernardo Rodr\u00edguez Alamilla inform\u00f3 que la captura fue resultado de la coordinaci\u00f3n entre la FGEO y el Gabinete de Seguridad, y que el uso de tecnolog\u00eda avanzada permiti\u00f3 vincular a \u201cLugger\u201d con los hechos.<\/p>\n<p style=\"text-align: justify;\">En el operativo participaron la Agencia Estatal de Investigaciones (AEI), la Secretar\u00eda de la Defensa Nacional, la Secretar\u00eda de Marina, la Guardia Nacional, la SSPC, el C5i, la Polic\u00eda Estatal y la Polic\u00eda Vial.<\/p>\n<p><img data-recalc-dims=\"1\" loading=\"lazy\" decoding=\"async\" data-attachment-id=\"41782\" data-permalink=\"https:\/\/redaccionoaxaca.com\/index.php\/2026\/04\/27\/detienen-a-lugger-autor-material-del-triple-homicidio-en-juchitan-que-costo-la-vida-a-sobrino-del-secretario-de-gobierno\/n62071-1_ot_20260427_195521_gallery\/\" data-orig-file=\"https:\/\/i0.wp.com\/redaccionoaxaca.com\/wp-content\/uploads\/2026\/04\/N62071-1_ot_20260427_195521_Gallery.webp?fit=1079%2C736&amp;ssl=1\" data-orig-size=\"1079,736\" data-comments-opened=\"1\" data-image-meta=\"{&quot;aperture&quot;:&quot;0&quot;,&quot;credit&quot;:&quot;&quot;,&quot;camera&quot;:&quot;&quot;,&quot;caption&quot;:&quot;&quot;,&quot;created_timestamp&quot;:&quot;0&quot;,&quot;copyright&quot;:&quot;&quot;,&quot;focal_length&quot;:&quot;0&quot;,&quot;iso&quot;:&quot;0&quot;,&quot;shutter_speed&quot;:&quot;0&quot;,&quot;title&quot;:&quot;&quot;,&quot;orientation&quot;:&quot;0&quot;}\" data-image-title=\"N62071-1_ot_20260427_195521_Gallery\" data-image-description=\"\" data-image-caption=\"\" data-large-file=\"https:\/\/i0.wp.com\/redaccionoaxaca.com\/wp-content\/uploads\/2026\/04\/N62071-1_ot_20260427_195521_Gallery.webp?fit=696%2C474&amp;ssl=1\" class=\"size-medium wp-image-41782 aligncenter\" src=\"https:\/\/i0.wp.com\/redaccionoaxaca.com\/wp-content\/uploads\/2026\/04\/N62071-1_ot_20260427_195521_Gallery.webp?resize=300%2C205&#038;ssl=1\" alt=\"\" width=\"300\" height=\"205\" srcset=\"https:\/\/i0.wp.com\/redaccionoaxaca.com\/wp-content\/uploads\/2026\/04\/N62071-1_ot_20260427_195521_Gallery.webp?resize=300%2C205&amp;ssl=1 300w, https:\/\/i0.wp.com\/redaccionoaxaca.com\/wp-content\/uploads\/2026\/04\/N62071-1_ot_20260427_195521_Gallery.webp?resize=1024%2C698&amp;ssl=1 1024w, https:\/\/i0.wp.com\/redaccionoaxaca.com\/wp-content\/uploads\/2026\/04\/N62071-1_ot_20260427_195521_Gallery.webp?resize=768%2C524&amp;ssl=1 768w, https:\/\/i0.wp.com\/redaccionoaxaca.com\/wp-content\/uploads\/2026\/04\/N62071-1_ot_20260427_195521_Gallery.webp?resize=616%2C420&amp;ssl=1 616w, https:\/\/i0.wp.com\/redaccionoaxaca.com\/wp-content\/uploads\/2026\/04\/N62071-1_ot_20260427_195521_Gallery.webp?resize=218%2C150&amp;ssl=1 218w, https:\/\/i0.wp.com\/redaccionoaxaca.com\/wp-content\/uploads\/2026\/04\/N62071-1_ot_20260427_195521_Gallery.webp?resize=696%2C475&amp;ssl=1 696w, https:\/\/i0.wp.com\/redaccionoaxaca.com\/wp-content\/uploads\/2026\/04\/N62071-1_ot_20260427_195521_Gallery.webp?resize=1068%2C728&amp;ssl=1 1068w, https:\/\/i0.wp.com\/redaccionoaxaca.com\/wp-content\/uploads\/2026\/04\/N62071-1_ot_20260427_195521_Gallery.webp?w=1079&amp;ssl=1 1079w\" sizes=\"auto, (max-width: 300px) 100vw, 300px\" \/><\/p>\n<p style=\"text-align: justify;\">El ataque ocurri\u00f3 en la intersecci\u00f3n de la calle David L\u00f3pez Nelio y la avenida Francisco Toledo. Dos v\u00edctimas \u2014identificadas bajo las iniciales H. J. S. M. y E. C. M.\u2014 murieron en el lugar; una tercera, D. L. V., falleci\u00f3 posteriormente en el Hospital General \u201cMacedonio Ben\u00edtez Fuentes\u201d.<\/p>\n<p style=\"text-align: justify;\">Un mototaxi rojo asegurado en la escena result\u00f3 clave para establecer las l\u00edneas de investigaci\u00f3n que condujeron a la detenci\u00f3n.<\/p>\n<p style=\"text-align: justify;\">El crimen ocurri\u00f3 apenas tres d\u00edas despu\u00e9s de que el gobernador Jara Cruz y el secretario Romero L\u00f3pez presentaran en Juchit\u00e1n el \u201cPacto por la Paz de Juchit\u00e1n de Zaragoza\u201d, estrategia orientada a atender las causas de la violencia, recuperar espacios p\u00fablicos y fortalecer la confianza ciudadana.<\/p>\n<p style=\"text-align: justify;\">El diagn\u00f3stico de la Mesa de Seguridad sit\u00faa al municipio en el primer lugar estatal en homicidios dolosos y extorsi\u00f3n, y en el quinto lugar nacional entre las 88 ciudades m\u00e1s importantes del pa\u00eds en tasa de homicidios por cada 100 mil habitantes durante enero de 2026.<\/p>\n<p style=\"text-align: justify;\">La captura de \u201cLugger\u201d es la primera respuesta concreta de las autoridades ante un crimen que sacudi\u00f3 al propio gabinete estatal.<\/p>\n<p style=\"text-align: justify;\">La investigaci\u00f3n sobre posibles c\u00f3mplices y la estructura de la c\u00e9lula responsable contin\u00faa abierta.<\/p>\n<p><img data-recalc-dims=\"1\" loading=\"lazy\" decoding=\"async\" data-attachment-id=\"41783\" data-permalink=\"https:\/\/redaccionoaxaca.com\/index.php\/2026\/04\/27\/detienen-a-lugger-autor-material-del-triple-homicidio-en-juchitan-que-costo-la-vida-a-sobrino-del-secretario-de-gobierno\/captura-de-pantalla-2026-04-27-174813-png\/\" data-orig-file=\"https:\/\/i0.wp.com\/redaccionoaxaca.com\/wp-content\/uploads\/2026\/04\/Captura-de-pantalla-2026-04-27-174813.png.webp?fit=800%2C550&amp;ssl=1\" data-orig-size=\"800,550\" data-comments-opened=\"1\" data-image-meta=\"{&quot;aperture&quot;:&quot;0&quot;,&quot;credit&quot;:&quot;&quot;,&quot;camera&quot;:&quot;&quot;,&quot;caption&quot;:&quot;&quot;,&quot;created_timestamp&quot;:&quot;0&quot;,&quot;copyright&quot;:&quot;&quot;,&quot;focal_length&quot;:&quot;0&quot;,&quot;iso&quot;:&quot;0&quot;,&quot;shutter_speed&quot;:&quot;0&quot;,&quot;title&quot;:&quot;&quot;,&quot;orientation&quot;:&quot;0&quot;}\" data-image-title=\"Captura de pantalla 2026-04-27 174813.png\" data-image-description=\"\" data-image-caption=\"\" data-large-file=\"https:\/\/i0.wp.com\/redaccionoaxaca.com\/wp-content\/uploads\/2026\/04\/Captura-de-pantalla-2026-04-27-174813.png.webp?fit=696%2C479&amp;ssl=1\" class=\"size-medium wp-image-41783 aligncenter\" src=\"https:\/\/i0.wp.com\/redaccionoaxaca.com\/wp-content\/uploads\/2026\/04\/Captura-de-pantalla-2026-04-27-174813.png.webp?resize=300%2C206&#038;ssl=1\" alt=\"\" width=\"300\" height=\"206\" srcset=\"https:\/\/i0.wp.com\/redaccionoaxaca.com\/wp-content\/uploads\/2026\/04\/Captura-de-pantalla-2026-04-27-174813.png.webp?resize=300%2C206&amp;ssl=1 300w, https:\/\/i0.wp.com\/redaccionoaxaca.com\/wp-content\/uploads\/2026\/04\/Captura-de-pantalla-2026-04-27-174813.png.webp?resize=768%2C528&amp;ssl=1 768w, https:\/\/i0.wp.com\/redaccionoaxaca.com\/wp-content\/uploads\/2026\/04\/Captura-de-pantalla-2026-04-27-174813.png.webp?resize=611%2C420&amp;ssl=1 611w, https:\/\/i0.wp.com\/redaccionoaxaca.com\/wp-content\/uploads\/2026\/04\/Captura-de-pantalla-2026-04-27-174813.png.webp?resize=218%2C150&amp;ssl=1 218w, https:\/\/i0.wp.com\/redaccionoaxaca.com\/wp-content\/uploads\/2026\/04\/Captura-de-pantalla-2026-04-27-174813.png.webp?resize=696%2C479&amp;ssl=1 696w, https:\/\/i0.wp.com\/redaccionoaxaca.com\/wp-content\/uploads\/2026\/04\/Captura-de-pantalla-2026-04-27-174813.png.webp?resize=100%2C70&amp;ssl=1 100w, https:\/\/i0.wp.com\/redaccionoaxaca.com\/wp-content\/uploads\/2026\/04\/Captura-de-pantalla-2026-04-27-174813.png.webp?w=800&amp;ssl=1 800w\" sizes=\"auto, (max-width: 300px) 100vw, 300px\" \/><\/p>\n","protected":false},"excerpt":{"rendered":"<p>#Redacci\u00f3nOaxaca #Oaxaca #JaimeGUERRERO La Fiscal\u00eda General del Estado de Oaxaca (FGEO) detuvo a L. O. S., alias \u201cLugger\u201d, identificado como el principal autor material del triple homicidio registrado el 18 de abril en la Heroica Ciudad de Juchit\u00e1n de Zaragoza, en el que perdi\u00f3 la vida David L\u00f3pez, sobrino del secretario de Gobierno, Jos\u00e9 de [&hellip;]<\/p>\n","protected":false},"author":9,"featured_media":41782,"comment_status":"open","ping_status":"open","sticky":false,"template":"","format":"standard","meta":{"jetpack_post_was_ever_published":false,"_jetpack_newsletter_access":"","_jetpack_dont_email_post_to_subs":false,"_jetpack_newsletter_tier_id":0,"_jetpack_memberships_contains_paywalled_content":false,"_jetpack_memberships_contains_paid_content":false,"footnotes":"","jetpack_publicize_message":"","jetpack_publicize_feature_enabled":true,"jetpack_social_post_already_shared":true,"jetpack_social_options":{"image_generator_settings":{"template":"highway","default_image_id":0,"font":"","enabled":false},"version":2}},"categories":[5,3,6],"tags":[],"class_list":{"0":"post-41781","1":"post","2":"type-post","3":"status-publish","4":"format-standard","5":"has-post-thumbnail","7":"category-imagen","8":"category-mesa-de-redaccion","9":"category-tendencias"},"jetpack_publicize_connections":[],"jetpack_featured_media_url":"https:\/\/i0.wp.com\/redaccionoaxaca.com\/wp-content\/uploads\/2026\/04\/N62071-1_ot_20260427_195521_Gallery.webp?fit=1079%2C736&ssl=1","jetpack_sharing_enabled":true,"jetpack_shortlink":"https:\/\/wp.me\/p9Ynjw-aRT","jetpack-related-posts":[{"id":41647,"url":"https:\/\/redaccionoaxaca.com\/index.php\/2026\/04\/19\/asesinan-en-juchitan-a-sobrino-del-secretario-de-gobierno-el-crimen-golpea-al-istmo-tres-dias-despues-del-pacto-por-la-paz\/","url_meta":{"origin":41781,"position":0},"title":"Asesinan en Juchit\u00e1n a sobrino del secretario de Gobierno; el crimen golpea al Istmo tres d\u00edas despu\u00e9s del \u201cPacto por la Paz\u201d","author":"ariadna","date":"abril 19, 2026","format":false,"excerpt":"#Redacci\u00f3nOaxaca #Oaxaca #JaimeGUERRERO Un joven identificado como David L\u00f3pez fue asesinado por integrantes de una c\u00e9lula delictiva en una colonia popular de la Heroica Ciudad de Juchit\u00e1n de Zaragoza, en el Istmo de Tehuantepec. La v\u00edctima es sobrino del secretario de Gobierno del estado, Jos\u00e9 de Jes\u00fas Romero L\u00f3pez, e\u2026","rel":"","context":"En &quot;Imagen&quot;","block_context":{"text":"Imagen","link":"https:\/\/redaccionoaxaca.com\/index.php\/category\/imagen\/"},"img":{"alt_text":"","src":"https:\/\/i0.wp.com\/redaccionoaxaca.com\/wp-content\/uploads\/2026\/04\/II4EITJR2RG7HEFBCDBMZKFMZM-300x168.jpg?resize=350%2C200&ssl=1","width":350,"height":200},"classes":[]},{"id":41516,"url":"https:\/\/redaccionoaxaca.com\/index.php\/2026\/04\/13\/elementos-de-la-pabic-colocan-narcomantas-en-juchitan-fiscalia-toma-acciones-legales-vs-involucrados\/","url_meta":{"origin":41781,"position":1},"title":"Elementos de la Pabic colocan narcomantas en Juchit\u00e1n; Fiscalia toma acciones legales vs involucrados","author":"ariadna","date":"abril 13, 2026","format":"video","excerpt":"#Redacci\u00f3nOaxaca #Oaxaca #JaimeGUERRERO La Fiscal\u00eda General del Estado de Oaxaca (FGEO) investiga a elementos de la Polic\u00eda Auxiliar, Bancaria, Industrial y Comercial (PABIC) por su presunta participaci\u00f3n en la colocaci\u00f3n de narcomantas en el municipio de Juchit\u00e1n de Zaragoza, en el Istmo de Tehuantepec. La denuncia provino de vecinos de\u2026","rel":"","context":"En &quot;Imagen&quot;","block_context":{"text":"Imagen","link":"https:\/\/redaccionoaxaca.com\/index.php\/category\/imagen\/"},"img":{"alt_text":"","src":"https:\/\/i0.wp.com\/redaccionoaxaca.com\/wp-content\/uploads\/2026\/04\/InShot_20260413_203818433.jpg?fit=1200%2C691&ssl=1&resize=350%2C200","width":350,"height":200,"srcset":"https:\/\/i0.wp.com\/redaccionoaxaca.com\/wp-content\/uploads\/2026\/04\/InShot_20260413_203818433.jpg?fit=1200%2C691&ssl=1&resize=350%2C200 1x, https:\/\/i0.wp.com\/redaccionoaxaca.com\/wp-content\/uploads\/2026\/04\/InShot_20260413_203818433.jpg?fit=1200%2C691&ssl=1&resize=525%2C300 1.5x, https:\/\/i0.wp.com\/redaccionoaxaca.com\/wp-content\/uploads\/2026\/04\/InShot_20260413_203818433.jpg?fit=1200%2C691&ssl=1&resize=700%2C400 2x, https:\/\/i0.wp.com\/redaccionoaxaca.com\/wp-content\/uploads\/2026\/04\/InShot_20260413_203818433.jpg?fit=1200%2C691&ssl=1&resize=1050%2C600 3x"},"classes":[]},{"id":2982,"url":"https:\/\/redaccionoaxaca.com\/index.php\/2018\/10\/03\/priva-silencio-omiso-de-fiscalia-e-impunidad-en-caso-de-comunicadora-asesinada\/","url_meta":{"origin":41781,"position":2},"title":"Priva silencio omiso de Fiscal\u00eda e impunidad en caso de comunicadora asesinada.","author":"jaime","date":"octubre 3, 2018","format":false,"excerpt":"#Redacci\u00f3nOaxaca #Oaxaca Jaime GUERRERO\u00a0 A cuatro meses del asesinato de su hija la comunicadora, Mar\u00eda del Sol Cruz Jarqu\u00edn, la periodista Soledad Jarqu\u00edn Edgar, cuestion\u00f3 al gobernador, Alejandro Murat Hinojosa, la falta de aplicaci\u00f3n de la ley, y se\u00f1al\u00f3 que priva el silencio omiso del Fiscal General del Estado, Rub\u00e9n\u2026","rel":"","context":"Entrada similar ","block_context":{"text":"Entrada similar ","link":""},"img":{"alt_text":"","src":"","width":0,"height":0},"classes":[]},{"id":29805,"url":"https:\/\/redaccionoaxaca.com\/index.php\/2023\/11\/28\/tras-emboscadas-gobierno-de-oaxaca-no-descarto-desestabilizacion-politica-por-visita-de-amlo-anuncia-grupo-de-inteligencia-agraria\/","url_meta":{"origin":41781,"position":3},"title":"Tras emboscadas, Gobierno de Oaxaca, no descart\u00f3 desestabilizaci\u00f3n pol\u00edtica por visita de AMLO; anuncia Grupo de Inteligencia Agraria","author":"ariadna","date":"noviembre 28, 2023","format":false,"excerpt":"#Redacci\u00f3nOaxaca #Oaxaca Jaime GUERRERO Luego de 2 emboscadas registradas en la regi\u00f3n de la Mixteca de Oaxaca que, dejaron como saldo 14 personas muertas, el Gobierno del Estado, el secretario de Gobierno, Jes\u00fas Romero L\u00f3pez, no descart\u00f3 la desestabiliz\u00f3 pol\u00edtica del Estado, en la coyuntura de la visita del Presidente,\u2026","rel":"","context":"En &quot;Al Cierre&quot;","block_context":{"text":"Al Cierre","link":"https:\/\/redaccionoaxaca.com\/index.php\/category\/al-cierre\/"},"img":{"alt_text":"","src":"","width":0,"height":0},"classes":[]},{"id":41317,"url":"https:\/\/redaccionoaxaca.com\/index.php\/2026\/04\/06\/caen-cuatro-presuntos-responsables-del-homic1di0-de-adolescente-en-juchitan-fueron-trasladados-a-oaxaca-bajo-fuerte-operativo\/","url_meta":{"origin":41781,"position":4},"title":"Caen cuatro presuntos responsables del homic1di0 de adolescente en Juchit\u00e1n; fueron trasladados a Oaxaca bajo fuerte operativo","author":"ariadna","date":"abril 6, 2026","format":false,"excerpt":"#Redacci\u00f3nOaxaca #Oaxaca Oaxaca de Ju\u00e1rez, Oax., 6 de abril de 2026.\u2013 Cuatro personas, entre ellas un menor de edad, fueron detenidas por su presunta participaci\u00f3n en el homicidio de un adolescente ocurrido recientemente en Juchit\u00e1n de Zaragoza, inform\u00f3 la Fiscal\u00eda General del Estado de Oaxaca (FGEO). De acuerdo con las\u2026","rel":"","context":"En &quot;Imagen&quot;","block_context":{"text":"Imagen","link":"https:\/\/redaccionoaxaca.com\/index.php\/category\/imagen\/"},"img":{"alt_text":"","src":"https:\/\/i0.wp.com\/redaccionoaxaca.com\/wp-content\/uploads\/2026\/04\/InShot_20260406_081944741.jpg?fit=1200%2C758&ssl=1&resize=350%2C200","width":350,"height":200,"srcset":"https:\/\/i0.wp.com\/redaccionoaxaca.com\/wp-content\/uploads\/2026\/04\/InShot_20260406_081944741.jpg?fit=1200%2C758&ssl=1&resize=350%2C200 1x, https:\/\/i0.wp.com\/redaccionoaxaca.com\/wp-content\/uploads\/2026\/04\/InShot_20260406_081944741.jpg?fit=1200%2C758&ssl=1&resize=525%2C300 1.5x, https:\/\/i0.wp.com\/redaccionoaxaca.com\/wp-content\/uploads\/2026\/04\/InShot_20260406_081944741.jpg?fit=1200%2C758&ssl=1&resize=700%2C400 2x, https:\/\/i0.wp.com\/redaccionoaxaca.com\/wp-content\/uploads\/2026\/04\/InShot_20260406_081944741.jpg?fit=1200%2C758&ssl=1&resize=1050%2C600 3x"},"classes":[]},{"id":37191,"url":"https:\/\/redaccionoaxaca.com\/index.php\/2025\/07\/01\/operacion-sable-va-a-salina-cruz-y-matias-romero-con-sedena-marina-gn-sspc-y-fgeo\/","url_meta":{"origin":41781,"position":5},"title":"Operaci\u00f3n Sable va a Salina Cruz y Mat\u00edas Romero con Sedena, Marina, GN, SSPC y FGEO","author":"ariadna","date":"julio 1, 2025","format":false,"excerpt":"#Redacci\u00f3nOaxaca #Oaxaca Jaime GUERRERO Fuerzas Federales y Estatales, ampliar\u00e1 el \u201cOperativo Sable\u201d a varios municipios del Istmo de Tehuantepec considerados focos rojos por su alta incidencia delictiva, inform\u00f3 el Secretario de Gobierno, Jes\u00fas Romero L\u00f3pez. La estrategia que inici\u00f3 en Juchit\u00e1n de Zaragoza, se extender\u00e1 a localidades como Salina Cruz\u2026","rel":"","context":"En &quot;Agenda Pol\u00edtica&quot;","block_context":{"text":"Agenda Pol\u00edtica","link":"https:\/\/redaccionoaxaca.com\/index.php\/category\/agenda-politica\/"},"img":{"alt_text":"","src":"","width":0,"height":0},"classes":[]}],"_links":{"self":[{"href":"https:\/\/redaccionoaxaca.com\/index.php\/wp-json\/wp\/v2\/posts\/41781","targetHints":{"allow":["GET"]}}],"collection":[{"href":"https:\/\/redaccionoaxaca.com\/index.php\/wp-json\/wp\/v2\/posts"}],"about":[{"href":"https:\/\/redaccionoaxaca.com\/index.php\/wp-json\/wp\/v2\/types\/post"}],"author":[{"embeddable":true,"href":"https:\/\/redaccionoaxaca.com\/index.php\/wp-json\/wp\/v2\/users\/9"}],"replies":[{"embeddable":true,"href":"https:\/\/redaccionoaxaca.com\/index.php\/wp-json\/wp\/v2\/comments?post=41781"}],"version-history":[{"count":1,"href":"https:\/\/redaccionoaxaca.com\/index.php\/wp-json\/wp\/v2\/posts\/41781\/revisions"}],"predecessor-version":[{"id":41784,"href":"https:\/\/redaccionoaxaca.com\/index.php\/wp-json\/wp\/v2\/posts\/41781\/revisions\/41784"}],"wp:featuredmedia":[{"embeddable":true,"href":"https:\/\/redaccionoaxaca.com\/index.php\/wp-json\/wp\/v2\/media\/41782"}],"wp:attachment":[{"href":"https:\/\/redaccionoaxaca.com\/index.php\/wp-json\/wp\/v2\/media?parent=41781"}],"wp:term":[{"taxonomy":"category","embeddable":true,"href":"https:\/\/redaccionoaxaca.com\/index.php\/wp-json\/wp\/v2\/categories?post=41781"},{"taxonomy":"post_tag","embeddable":true,"href":"https:\/\/redaccionoaxaca.com\/index.php\/wp-json\/wp\/v2\/tags?post=41781"}],"curies":[{"name":"wp","href":"https:\/\/api.w.org\/{rel}","templated":true}]}}