{"id":41785,"date":"2026-04-27T22:52:14","date_gmt":"2026-04-28T04:52:14","guid":{"rendered":"https:\/\/redaccionoaxaca.com\/?p=41785"},"modified":"2026-04-27T22:52:14","modified_gmt":"2026-04-28T04:52:14","slug":"juchitan-de-zaragoza-registra-nuevo-refuerzo-de-fuerzas-federales-y-estatales-con-unidades-tacticas-y-dragones-en-motocicleta","status":"publish","type":"post","link":"https:\/\/redaccionoaxaca.com\/index.php\/2026\/04\/27\/juchitan-de-zaragoza-registra-nuevo-refuerzo-de-fuerzas-federales-y-estatales-con-unidades-tacticas-y-dragones-en-motocicleta\/","title":{"rendered":"Juchit\u00e1n de Zaragoza registra nuevo refuerzo de fuerzas federales y estatales con unidades t\u00e1cticas y dragones en motocicleta"},"content":{"rendered":"<p><strong>#Redacci\u00f3nOaxaca<\/strong><\/p>\n<p><strong>#Oaxaca<\/strong><\/p>\n<p><strong>#JaimeGUERRERO<\/strong><\/p>\n<p style=\"text-align: justify;\">La Heroica Ciudad de Juchit\u00e1n de Zaragoza, en el Istmo de Tehuantepec, registra un nuevo despliegue de elementos de seguridad que incluye unidades t\u00e1cticas y grupos dragones en motocicleta, cuya funci\u00f3n es la detenci\u00f3n de objetivos prioritarios.<\/p>\n<p style=\"text-align: justify;\">El refuerzo se suma a la presencia institucional acumulada en el municipio desde el inicio del a\u00f1o, en el marco de una escalada de violencia que ha colocado a esta ciudad entre las de mayor incidencia delictiva del pa\u00eds.<\/p>\n<p><img data-recalc-dims=\"1\" loading=\"lazy\" decoding=\"async\" data-attachment-id=\"41786\" data-permalink=\"https:\/\/redaccionoaxaca.com\/index.php\/2026\/04\/27\/juchitan-de-zaragoza-registra-nuevo-refuerzo-de-fuerzas-federales-y-estatales-con-unidades-tacticas-y-dragones-en-motocicleta\/img-20260427-wa0228\/\" data-orig-file=\"https:\/\/i0.wp.com\/redaccionoaxaca.com\/wp-content\/uploads\/2026\/04\/IMG-20260427-WA0228.jpg?fit=585%2C1280&amp;ssl=1\" data-orig-size=\"585,1280\" data-comments-opened=\"1\" data-image-meta=\"{&quot;aperture&quot;:&quot;0&quot;,&quot;credit&quot;:&quot;&quot;,&quot;camera&quot;:&quot;&quot;,&quot;caption&quot;:&quot;&quot;,&quot;created_timestamp&quot;:&quot;0&quot;,&quot;copyright&quot;:&quot;&quot;,&quot;focal_length&quot;:&quot;0&quot;,&quot;iso&quot;:&quot;0&quot;,&quot;shutter_speed&quot;:&quot;0&quot;,&quot;title&quot;:&quot;&quot;,&quot;orientation&quot;:&quot;0&quot;}\" data-image-title=\"IMG-20260427-WA0228\" data-image-description=\"\" data-image-caption=\"\" data-large-file=\"https:\/\/i0.wp.com\/redaccionoaxaca.com\/wp-content\/uploads\/2026\/04\/IMG-20260427-WA0228.jpg?fit=468%2C1024&amp;ssl=1\" class=\"size-medium wp-image-41786 aligncenter\" src=\"https:\/\/i0.wp.com\/redaccionoaxaca.com\/wp-content\/uploads\/2026\/04\/IMG-20260427-WA0228.jpg?resize=137%2C300&#038;ssl=1\" alt=\"\" width=\"137\" height=\"300\" srcset=\"https:\/\/i0.wp.com\/redaccionoaxaca.com\/wp-content\/uploads\/2026\/04\/IMG-20260427-WA0228.jpg?resize=137%2C300&amp;ssl=1 137w, https:\/\/i0.wp.com\/redaccionoaxaca.com\/wp-content\/uploads\/2026\/04\/IMG-20260427-WA0228.jpg?resize=468%2C1024&amp;ssl=1 468w, https:\/\/i0.wp.com\/redaccionoaxaca.com\/wp-content\/uploads\/2026\/04\/IMG-20260427-WA0228.jpg?resize=192%2C420&amp;ssl=1 192w, https:\/\/i0.wp.com\/redaccionoaxaca.com\/wp-content\/uploads\/2026\/04\/IMG-20260427-WA0228.jpg?w=585&amp;ssl=1 585w\" sizes=\"auto, (max-width: 137px) 100vw, 137px\" \/><\/p>\n<p style=\"text-align: justify;\">El arribo de las nuevas unidades eleva la presi\u00f3n operativa sobre grupos criminales que, seg\u00fan autoridades, han respondido con violencia a los golpes recientes de las corporaciones.<\/p>\n<p style=\"text-align: justify;\">Personal de la D\u00e9cima Regi\u00f3n Naval participa en la Mesa de Coordinaci\u00f3n Estatal y Regional para la Construcci\u00f3n de la Paz y Seguridad en Oaxaca, con acuerdos para fortalecer la presencia institucional y definir acciones espec\u00edficas orientadas a preservar el orden p\u00fablico en el Istmo.<\/p>\n<p style=\"text-align: justify;\">Las unidades dragones en motocicleta responden directamente al patr\u00f3n delictivo dominante en la zona.<\/p>\n<p style=\"text-align: justify;\">Ataques recientes en el municipio han sido ejecutados por sujetos que se desplazan en motocicleta, lo que ha generado despliegues de fuerzas federales y estatales tras cada incidente.<\/p>\n<p style=\"text-align: justify;\">En ese contexto, la proliferaci\u00f3n de mototaxis se ha identificado como uno de los ejes clave para entender la inseguridad: miles de unidades circulan de manera irregular y han sido se\u00f1aladas como veh\u00edculo para el narcomenudeo, el cobro de piso, las extorsiones y el halconeo.<\/p>\n<p style=\"text-align: justify;\">La presencia federal en Juchit\u00e1n se mantiene activa desde al menos febrero pasado.<\/p>\n<p style=\"text-align: justify;\">El Gabinete de Seguridad despleg\u00f3 m\u00e1s de mil elementos del Ej\u00e9rcito Mexicano, Guardia Nacional, Secretar\u00eda de Marina, Fiscal\u00eda General del Estado, Polic\u00eda Estatal, Agencia Estatal de Investigaciones y Polic\u00eda Vial Estatal en la regi\u00f3n, bajo el Operativo \u201cIstmo en Paz\u201d, con presencia permanente en calles, carreteras, accesos, zonas comerciales y puntos prioritarios, e incorporando 23 veh\u00edculos operativos, incluido un blindado t\u00e1ctico.<\/p>\n<p style=\"text-align: justify;\">Un d\u00eda antes, dentro del operativo \u201cOaxaca Segura\u201d, personal naval detuvo a dos hombres a quienes se les decomisaron dosis de cristal, un arma de fuego, cartuchos, cargadores y dos motocicletas; tambi\u00e9n se incautaron cartulinas y una lona con mensajes de amenaza firmados con el alias \u201ccomandante CROMO\u201d.<\/p>\n<p style=\"text-align: justify;\">El despliegue de este lunes se inscribe en la estrategia m\u00e1s amplia que el gobernador Salom\u00f3n Jara Cruz present\u00f3 el 15 de abril en la propia ciudad juchiteca.<\/p>\n<p style=\"text-align: justify;\">El \u201cPacto por la Paz de Juchit\u00e1n de Zaragoza\u201d se desarrollar\u00e1 en cuatro etapas \u2014socializaci\u00f3n y validaci\u00f3n con sectores sociales; diagn\u00f3stico con definici\u00f3n de metas y objetivos; implementaci\u00f3n de acciones en territorio; y cierre con evaluaci\u00f3n de resultados\u2014 con inicio el 15 de abril y conclusi\u00f3n el 8 de octubre del presente a\u00f1o.<\/p>\n<p style=\"text-align: justify;\">Entre las acciones anunciadas en el marco de dicho pacto destacan la instalaci\u00f3n de c\u00e1maras de videovigilancia, el despliegue de elementos de seguridad y la implementaci\u00f3n de evaluaciones trimestrales para medir resultados, as\u00ed como un proceso de ordenamiento del servicio de mototaxis que incluye censo, colocaci\u00f3n de c\u00f3digos QR, exigencia de permisos e instalaci\u00f3n de c\u00e1maras y sistemas GPS en las unidades.<\/p>\n<p><img data-recalc-dims=\"1\" loading=\"lazy\" decoding=\"async\" data-attachment-id=\"41787\" data-permalink=\"https:\/\/redaccionoaxaca.com\/index.php\/2026\/04\/27\/juchitan-de-zaragoza-registra-nuevo-refuerzo-de-fuerzas-federales-y-estatales-con-unidades-tacticas-y-dragones-en-motocicleta\/img-20260427-wa0227\/\" data-orig-file=\"https:\/\/i0.wp.com\/redaccionoaxaca.com\/wp-content\/uploads\/2026\/04\/IMG-20260427-WA0227.jpg?fit=585%2C1280&amp;ssl=1\" data-orig-size=\"585,1280\" data-comments-opened=\"1\" data-image-meta=\"{&quot;aperture&quot;:&quot;0&quot;,&quot;credit&quot;:&quot;&quot;,&quot;camera&quot;:&quot;&quot;,&quot;caption&quot;:&quot;&quot;,&quot;created_timestamp&quot;:&quot;0&quot;,&quot;copyright&quot;:&quot;&quot;,&quot;focal_length&quot;:&quot;0&quot;,&quot;iso&quot;:&quot;0&quot;,&quot;shutter_speed&quot;:&quot;0&quot;,&quot;title&quot;:&quot;&quot;,&quot;orientation&quot;:&quot;0&quot;}\" data-image-title=\"IMG-20260427-WA0227\" data-image-description=\"\" data-image-caption=\"\" data-large-file=\"https:\/\/i0.wp.com\/redaccionoaxaca.com\/wp-content\/uploads\/2026\/04\/IMG-20260427-WA0227.jpg?fit=468%2C1024&amp;ssl=1\" class=\"size-medium wp-image-41787 aligncenter\" src=\"https:\/\/i0.wp.com\/redaccionoaxaca.com\/wp-content\/uploads\/2026\/04\/IMG-20260427-WA0227.jpg?resize=137%2C300&#038;ssl=1\" alt=\"\" width=\"137\" height=\"300\" srcset=\"https:\/\/i0.wp.com\/redaccionoaxaca.com\/wp-content\/uploads\/2026\/04\/IMG-20260427-WA0227.jpg?resize=137%2C300&amp;ssl=1 137w, https:\/\/i0.wp.com\/redaccionoaxaca.com\/wp-content\/uploads\/2026\/04\/IMG-20260427-WA0227.jpg?resize=468%2C1024&amp;ssl=1 468w, https:\/\/i0.wp.com\/redaccionoaxaca.com\/wp-content\/uploads\/2026\/04\/IMG-20260427-WA0227.jpg?resize=192%2C420&amp;ssl=1 192w, https:\/\/i0.wp.com\/redaccionoaxaca.com\/wp-content\/uploads\/2026\/04\/IMG-20260427-WA0227.jpg?w=585&amp;ssl=1 585w\" sizes=\"auto, (max-width: 137px) 100vw, 137px\" \/><\/p>\n","protected":false},"excerpt":{"rendered":"<p>#Redacci\u00f3nOaxaca #Oaxaca #JaimeGUERRERO La Heroica Ciudad de Juchit\u00e1n de Zaragoza, en el Istmo de Tehuantepec, registra un nuevo despliegue de elementos de seguridad que incluye unidades t\u00e1cticas y grupos dragones en motocicleta, cuya funci\u00f3n es la detenci\u00f3n de objetivos prioritarios. El refuerzo se suma a la presencia institucional acumulada en el municipio desde el inicio [&hellip;]<\/p>\n","protected":false},"author":9,"featured_media":41788,"comment_status":"open","ping_status":"open","sticky":false,"template":"","format":"standard","meta":{"jetpack_post_was_ever_published":false,"_jetpack_newsletter_access":"","_jetpack_dont_email_post_to_subs":false,"_jetpack_newsletter_tier_id":0,"_jetpack_memberships_contains_paywalled_content":false,"_jetpack_memberships_contains_paid_content":false,"footnotes":"","jetpack_publicize_message":"","jetpack_publicize_feature_enabled":true,"jetpack_social_post_already_shared":true,"jetpack_social_options":{"image_generator_settings":{"template":"highway","default_image_id":0,"font":"","enabled":false},"version":2}},"categories":[4,5,3,6],"tags":[],"class_list":{"0":"post-41785","1":"post","2":"type-post","3":"status-publish","4":"format-standard","5":"has-post-thumbnail","7":"category-agenda-politica","8":"category-imagen","9":"category-mesa-de-redaccion","10":"category-tendencias"},"jetpack_publicize_connections":[],"jetpack_featured_media_url":"https:\/\/i0.wp.com\/redaccionoaxaca.com\/wp-content\/uploads\/2026\/04\/IMG-20260427-WA0227-1.jpg?fit=2336%2C1860&ssl=1","jetpack_sharing_enabled":true,"jetpack_shortlink":"https:\/\/wp.me\/p9Ynjw-aRX","jetpack-related-posts":[{"id":40653,"url":"https:\/\/redaccionoaxaca.com\/index.php\/2026\/02\/22\/cuatro-vehiculos-incendiados-en-juchitan-oaxaca-como-represalia-por-la-muerte-de-el-mencho-lider-del-cjng\/","url_meta":{"origin":41785,"position":0},"title":"Cuatro veh\u00edculos incendiados en Juchit\u00e1n, Oaxaca, como represalia por la muerte de \u201cEl Mencho\u201d, l\u00edder del CJNG","author":"ariadna","date":"febrero 22, 2026","format":false,"excerpt":"#Redacci\u00f3nOaxaca #Oaxaca #JaimeGUERRERO La violencia se extendi\u00f3 este domingo a Juchit\u00e1n de Zaragoza, Oaxaca, con al menos cuatro incendios intencionales de veh\u00edculos en diferentes puntos de la ciudad. Los hechos forman parte de una ola de bloqueos y quema de unidades que sacude a cinco estados del pa\u00eds como presunta\u2026","rel":"","context":"En &quot;Imagen&quot;","block_context":{"text":"Imagen","link":"https:\/\/redaccionoaxaca.com\/index.php\/category\/imagen\/"},"img":{"alt_text":"","src":"https:\/\/i0.wp.com\/redaccionoaxaca.com\/wp-content\/uploads\/2026\/02\/FB_IMG_1771790151293.jpg?fit=1200%2C849&ssl=1&resize=350%2C200","width":350,"height":200,"srcset":"https:\/\/i0.wp.com\/redaccionoaxaca.com\/wp-content\/uploads\/2026\/02\/FB_IMG_1771790151293.jpg?fit=1200%2C849&ssl=1&resize=350%2C200 1x, https:\/\/i0.wp.com\/redaccionoaxaca.com\/wp-content\/uploads\/2026\/02\/FB_IMG_1771790151293.jpg?fit=1200%2C849&ssl=1&resize=525%2C300 1.5x, https:\/\/i0.wp.com\/redaccionoaxaca.com\/wp-content\/uploads\/2026\/02\/FB_IMG_1771790151293.jpg?fit=1200%2C849&ssl=1&resize=700%2C400 2x, https:\/\/i0.wp.com\/redaccionoaxaca.com\/wp-content\/uploads\/2026\/02\/FB_IMG_1771790151293.jpg?fit=1200%2C849&ssl=1&resize=1050%2C600 3x"},"classes":[]},{"id":41050,"url":"https:\/\/redaccionoaxaca.com\/index.php\/2026\/03\/17\/tras-jornada-violenta-con-cuatro-ejecuciones-alcalde-de-juchitan-exige-refuerzo-inmediato-de-seguridad-uno-fue-acribillado-dentro-de-un-preescolar\/","url_meta":{"origin":41785,"position":1},"title":"Tras jornada violenta con cuatro ejecuciones, alcalde de Juchit\u00e1n exige refuerzo inmediato de seguridad; uno fue acribillado dentro de un preescolar","author":"ariadna","date":"marzo 17, 2026","format":false,"excerpt":"#Redacci\u00f3nOaxaca #Oaxaca Luego de una jornada violenta que dej\u00f3 al menos cuatro personas asesinadas \u2014tres de ellas en Juchit\u00e1n de Zaragoza\u2014, el presidente municipal Miguel S\u00e1nchez Altamirano lanz\u00f3 un llamado urgente a los gobiernos estatal y federal para reforzar la seguridad en el Istmo, al advertir que la situaci\u00f3n ha\u2026","rel":"","context":"En &quot;Agenda Pol\u00edtica&quot;","block_context":{"text":"Agenda Pol\u00edtica","link":"https:\/\/redaccionoaxaca.com\/index.php\/category\/agenda-politica\/"},"img":{"alt_text":"","src":"https:\/\/i0.wp.com\/redaccionoaxaca.com\/wp-content\/uploads\/2026\/03\/ejecutan-a-lider-mototaxista-dentro-de-un-preescolar-en-juchitan-718019.jpg?fit=800%2C600&ssl=1&resize=350%2C200","width":350,"height":200,"srcset":"https:\/\/i0.wp.com\/redaccionoaxaca.com\/wp-content\/uploads\/2026\/03\/ejecutan-a-lider-mototaxista-dentro-de-un-preescolar-en-juchitan-718019.jpg?fit=800%2C600&ssl=1&resize=350%2C200 1x, https:\/\/i0.wp.com\/redaccionoaxaca.com\/wp-content\/uploads\/2026\/03\/ejecutan-a-lider-mototaxista-dentro-de-un-preescolar-en-juchitan-718019.jpg?fit=800%2C600&ssl=1&resize=525%2C300 1.5x, https:\/\/i0.wp.com\/redaccionoaxaca.com\/wp-content\/uploads\/2026\/03\/ejecutan-a-lider-mototaxista-dentro-de-un-preescolar-en-juchitan-718019.jpg?fit=800%2C600&ssl=1&resize=700%2C400 2x"},"classes":[]},{"id":41250,"url":"https:\/\/redaccionoaxaca.com\/index.php\/2026\/03\/31\/macabro-hallazgo-en-juchitan-localizan-cuerpo-decapitado-y-calcinado-violencia-se-agrava-en-el-istmo\/","url_meta":{"origin":41785,"position":2},"title":"Macabro hallazgo en Juchit\u00e1n: localizan cuerpo decapitado y calcinado; violencia se agrava en el Istmo","author":"ariadna","date":"marzo 31, 2026","format":false,"excerpt":"#Redacci\u00f3nOaxaca #Oaxaca #JaimeGUERRERO La violencia en la regi\u00f3n del Istmo de Tehuantepec sum\u00f3 un nuevo episodio este martes, luego del hallazgo de un hombre decapitado y calcinado en el municipio de Juchit\u00e1n de Zaragoza. De acuerdo con reportes preliminares, el cuerpo fue localizado durante la ma\u00f1ana en la denominada Colonia\u2026","rel":"","context":"En &quot;Agenda Pol\u00edtica&quot;","block_context":{"text":"Agenda Pol\u00edtica","link":"https:\/\/redaccionoaxaca.com\/index.php\/category\/agenda-politica\/"},"img":{"alt_text":"","src":"https:\/\/i0.wp.com\/redaccionoaxaca.com\/wp-content\/uploads\/2026\/03\/img_1_1774970953637.jpg?fit=1080%2C576&ssl=1&resize=350%2C200","width":350,"height":200,"srcset":"https:\/\/i0.wp.com\/redaccionoaxaca.com\/wp-content\/uploads\/2026\/03\/img_1_1774970953637.jpg?fit=1080%2C576&ssl=1&resize=350%2C200 1x, https:\/\/i0.wp.com\/redaccionoaxaca.com\/wp-content\/uploads\/2026\/03\/img_1_1774970953637.jpg?fit=1080%2C576&ssl=1&resize=525%2C300 1.5x, https:\/\/i0.wp.com\/redaccionoaxaca.com\/wp-content\/uploads\/2026\/03\/img_1_1774970953637.jpg?fit=1080%2C576&ssl=1&resize=700%2C400 2x, https:\/\/i0.wp.com\/redaccionoaxaca.com\/wp-content\/uploads\/2026\/03\/img_1_1774970953637.jpg?fit=1080%2C576&ssl=1&resize=1050%2C600 3x"},"classes":[]},{"id":39016,"url":"https:\/\/redaccionoaxaca.com\/index.php\/2025\/11\/06\/transportistas-del-istmo-costa-anuncian-paro-total-este-jueves\/","url_meta":{"origin":41785,"position":3},"title":"Transportistas del Istmo\u2013Costa anuncian paro total este jueves","author":"ariadna","date":"noviembre 6, 2025","format":false,"excerpt":"#Redacci\u00f3nOaxaca #Oaxaca Ariadna Mendoza La Alianza del Autotransporte Federal Istmo\u2013Costa anunci\u00f3 la suspensi\u00f3n de labores este\u00a0jueves 7 de noviembre, a partir de las\u00a09:00 de la ma\u00f1ana, para exigir la atenci\u00f3n de los tres niveles de gobierno ante la inseguridad y la operaci\u00f3n de transporte ilegal en la regi\u00f3n. El paro\u2026","rel":"","context":"En &quot;Agenda Pol\u00edtica&quot;","block_context":{"text":"Agenda Pol\u00edtica","link":"https:\/\/redaccionoaxaca.com\/index.php\/category\/agenda-politica\/"},"img":{"alt_text":"","src":"https:\/\/i0.wp.com\/redaccionoaxaca.com\/wp-content\/uploads\/2025\/11\/cris-financiera-en-el-transporte-por-la-pandemia-150457-300x225.jpg?resize=350%2C200&ssl=1","width":350,"height":200},"classes":[]},{"id":39099,"url":"https:\/\/redaccionoaxaca.com\/index.php\/2025\/11\/12\/fortalecen-operacion-sable-en-istmo-de-tehuantepec-para-desmantelar-celulas-de-delincuencia-organizada-ejecutan-operativo-en-juchitan\/","url_meta":{"origin":41785,"position":4},"title":"Fortalecen Operaci\u00f3n Sable en Istmo de Tehuantepec para desmantelar c\u00e9lulas de delincuencia organizada; ejecutan operativo en Juchit\u00e1n","author":"ariadna","date":"noviembre 12, 2025","format":false,"excerpt":"#Redacci\u00f3nOaxaca #Oaxaca Jaime GUERRERO En un esfuerzo coordinado con las fuerzas federales para combatir la inseguridad en la regi\u00f3n del Istmo de Tehuantepec, la Fiscal\u00eda de Oaxaca, a cargo del fiscal Bernardo Rodr\u00edguez Alamilla, junto con la Secretar\u00eda de Seguridad y Protecci\u00f3n Ciudadana (SSPC), implement\u00f3 este mi\u00e9rcoles la nueva fase\u2026","rel":"","context":"En &quot;Agenda Pol\u00edtica&quot;","block_context":{"text":"Agenda Pol\u00edtica","link":"https:\/\/redaccionoaxaca.com\/index.php\/category\/agenda-politica\/"},"img":{"alt_text":"","src":"https:\/\/i0.wp.com\/redaccionoaxaca.com\/wp-content\/uploads\/2025\/11\/IMG-20251112-WA0150.jpg?fit=1200%2C900&ssl=1&resize=350%2C200","width":350,"height":200,"srcset":"https:\/\/i0.wp.com\/redaccionoaxaca.com\/wp-content\/uploads\/2025\/11\/IMG-20251112-WA0150.jpg?fit=1200%2C900&ssl=1&resize=350%2C200 1x, https:\/\/i0.wp.com\/redaccionoaxaca.com\/wp-content\/uploads\/2025\/11\/IMG-20251112-WA0150.jpg?fit=1200%2C900&ssl=1&resize=525%2C300 1.5x, https:\/\/i0.wp.com\/redaccionoaxaca.com\/wp-content\/uploads\/2025\/11\/IMG-20251112-WA0150.jpg?fit=1200%2C900&ssl=1&resize=700%2C400 2x, https:\/\/i0.wp.com\/redaccionoaxaca.com\/wp-content\/uploads\/2025\/11\/IMG-20251112-WA0150.jpg?fit=1200%2C900&ssl=1&resize=1050%2C600 3x"},"classes":[]},{"id":37191,"url":"https:\/\/redaccionoaxaca.com\/index.php\/2025\/07\/01\/operacion-sable-va-a-salina-cruz-y-matias-romero-con-sedena-marina-gn-sspc-y-fgeo\/","url_meta":{"origin":41785,"position":5},"title":"Operaci\u00f3n Sable va a Salina Cruz y Mat\u00edas Romero con Sedena, Marina, GN, SSPC y FGEO","author":"ariadna","date":"julio 1, 2025","format":false,"excerpt":"#Redacci\u00f3nOaxaca #Oaxaca Jaime GUERRERO Fuerzas Federales y Estatales, ampliar\u00e1 el \u201cOperativo Sable\u201d a varios municipios del Istmo de Tehuantepec considerados focos rojos por su alta incidencia delictiva, inform\u00f3 el Secretario de Gobierno, Jes\u00fas Romero L\u00f3pez. La estrategia que inici\u00f3 en Juchit\u00e1n de Zaragoza, se extender\u00e1 a localidades como Salina Cruz\u2026","rel":"","context":"En &quot;Agenda Pol\u00edtica&quot;","block_context":{"text":"Agenda Pol\u00edtica","link":"https:\/\/redaccionoaxaca.com\/index.php\/category\/agenda-politica\/"},"img":{"alt_text":"","src":"","width":0,"height":0},"classes":[]}],"_links":{"self":[{"href":"https:\/\/redaccionoaxaca.com\/index.php\/wp-json\/wp\/v2\/posts\/41785","targetHints":{"allow":["GET"]}}],"collection":[{"href":"https:\/\/redaccionoaxaca.com\/index.php\/wp-json\/wp\/v2\/posts"}],"about":[{"href":"https:\/\/redaccionoaxaca.com\/index.php\/wp-json\/wp\/v2\/types\/post"}],"author":[{"embeddable":true,"href":"https:\/\/redaccionoaxaca.com\/index.php\/wp-json\/wp\/v2\/users\/9"}],"replies":[{"embeddable":true,"href":"https:\/\/redaccionoaxaca.com\/index.php\/wp-json\/wp\/v2\/comments?post=41785"}],"version-history":[{"count":1,"href":"https:\/\/redaccionoaxaca.com\/index.php\/wp-json\/wp\/v2\/posts\/41785\/revisions"}],"predecessor-version":[{"id":41789,"href":"https:\/\/redaccionoaxaca.com\/index.php\/wp-json\/wp\/v2\/posts\/41785\/revisions\/41789"}],"wp:featuredmedia":[{"embeddable":true,"href":"https:\/\/redaccionoaxaca.com\/index.php\/wp-json\/wp\/v2\/media\/41788"}],"wp:attachment":[{"href":"https:\/\/redaccionoaxaca.com\/index.php\/wp-json\/wp\/v2\/media?parent=41785"}],"wp:term":[{"taxonomy":"category","embeddable":true,"href":"https:\/\/redaccionoaxaca.com\/index.php\/wp-json\/wp\/v2\/categories?post=41785"},{"taxonomy":"post_tag","embeddable":true,"href":"https:\/\/redaccionoaxaca.com\/index.php\/wp-json\/wp\/v2\/tags?post=41785"}],"curies":[{"name":"wp","href":"https:\/\/api.w.org\/{rel}","templated":true}]}}