{"id":41790,"date":"2026-04-28T15:28:32","date_gmt":"2026-04-28T21:28:32","guid":{"rendered":"https:\/\/redaccionoaxaca.com\/?p=41790"},"modified":"2026-04-28T15:28:32","modified_gmt":"2026-04-28T21:28:32","slug":"arranca-la-disputa-por-la-rectoria-de-la-uabjo-farid-acevedo-vs-enrique-martinez","status":"publish","type":"post","link":"https:\/\/redaccionoaxaca.com\/index.php\/2026\/04\/28\/arranca-la-disputa-por-la-rectoria-de-la-uabjo-farid-acevedo-vs-enrique-martinez\/","title":{"rendered":"Arranca la disputa por la rector\u00eda de la UABJO: Farid Acevedo vs Enrique Mart\u00ednez"},"content":{"rendered":"<p><strong>#Redacci\u00f3nOaxaca<\/strong><\/p>\n<p><strong>#Oaxaca<\/strong><\/p>\n<p><strong>#JaimeGUERRERO<\/strong><\/p>\n<p style=\"text-align: justify;\">Con la publicaci\u00f3n de la convocatoria electoral este 28 de abril, la Universidad Aut\u00f3noma \u201cBenito Ju\u00e1rez\u201d de Oaxaca (UABJO) dio inicio formal a la sucesi\u00f3n de su rector\u00eda para el periodo 2026-2030, un proceso que ya muestra se\u00f1ales de alta tensi\u00f3n pol\u00edtica.<\/p>\n<p style=\"text-align: justify;\">Por un lado, el exsecretario de Finanzas del gobierno estatal, Farid Acevedo L\u00f3pez, quien goza del apoyo del \u201cGran Elector de Palacio\u201d; por el otro, el odont\u00f3logo y catedr\u00e1tico Enrique Mart\u00ednez Mart\u00ednez, respaldado por el Frente por la Defensa de la Autonom\u00eda Universitaria y ligado al Partido del Trabajo.<\/p>\n<p style=\"text-align: justify;\">La Comisi\u00f3n Electoral de la m\u00e1xima casa de estudios emiti\u00f3 la convocatoria con fundamento en la Ley Org\u00e1nica de la UABJO y los Lineamientos Generales para la Elecci\u00f3n de Rector, e invita a la comunidad universitaria \u2014alumnos, acad\u00e9micos y personal administrativo\u2014 a participar en el proceso mediante voto universal, libre, directo y secreto.<\/p>\n<p style=\"text-align: justify;\">La elecci\u00f3n est\u00e1 programada para el 13 de mayo de 2026, y representa el retorno a comicios directos tras nueve a\u00f1os de interinatos y cambios normativos, siendo el \u00faltimo proceso electivo completo el de 2017.<\/p>\n<p style=\"text-align: justify;\">La jornada se desarrollar\u00e1 en las Escuelas, Facultades, Institutos y Dependencias Administrativas de la UABJO, de 08:00 a 18:00 horas.<\/p>\n<p style=\"text-align: justify;\">El registro de candidaturas se realizar\u00e1 este 30 de abril, de 09:00 a 18:00 horas, en las instalaciones de la Facultad de Bellas Artes, ubicada en el Exconvento de San Jos\u00e9, en el Centro Hist\u00f3rico de Oaxaca de Ju\u00e1rez.<\/p>\n<p style=\"text-align: justify;\">En el plano pol\u00edtico, la disputa tiene dos protagonistas centrales. Farid Acevedo L\u00f3pez, exsecretario de Finanzas del gobierno de Salom\u00f3n Jara Cruz, renunci\u00f3 al cargo para buscar la rector\u00eda.<\/p>\n<p style=\"text-align: justify;\">Sectores universitarios lo se\u00f1alan como el candidato impulsado desde el Palacio de Gobierno, mientras el Frente por la Defensa de la Autonom\u00eda Universitaria acusa al gobernador de recurrir a actos de represi\u00f3n para favorecerlo.<\/p>\n<p style=\"text-align: justify;\">Jara Cruz, por su parte, ha negado cualquier intenci\u00f3n de intervenir en el proceso interno.<\/p>\n<p style=\"text-align: justify;\">Su principal contendiente es Enrique Mart\u00ednez Mart\u00ednez, odont\u00f3logo con m\u00e1s de cuatro d\u00e9cadas de trayectoria en la instituci\u00f3n, exdirector de la Facultad de Odontolog\u00eda y exsecretario general de la UABJO.<\/p>\n<p style=\"text-align: justify;\">Su candidatura est\u00e1 ligada al Partido del Trabajo, que en Oaxaca mantiene una postura cr\u00edtica frente al gobierno de la coalici\u00f3n Morena-aliados.<\/p>\n<p style=\"text-align: justify;\">Docentes afiliados a sindicatos universitarios que respaldan a Mart\u00ednez Mart\u00ednez interpusieron amparos ante presuntas amenazas de \u00f3rdenes de aprehensi\u00f3n, que atribuyen a la Oficina del Abogado General de la universidad, supuestamente por instrucci\u00f3n del rector saliente, Cristian Eder Carre\u00f1o L\u00f3pez.<\/p>\n<p style=\"text-align: justify;\">La Comisi\u00f3n Electoral est\u00e1 integrada por diez consejeros universitarios: cuatro docentes, cuatro estudiantes y dos trabajadores, con el secretario general de la instituci\u00f3n como fedatario.<\/p>\n<p style=\"text-align: justify;\">El documento fue suscrito por el presidente del H. Consejo Universitario, Enrique Mayoral Guzm\u00e1n, y el secretario fedatario, Abraham Mart\u00ednez Helmes.<\/p>\n<p style=\"text-align: justify;\">Entre las prohibiciones expresas que establece la convocatoria figuran la colocaci\u00f3n de propaganda dentro de los recintos universitarios, la realizaci\u00f3n de ex\u00e1menes durante las campa\u00f1as, el ofrecimiento de d\u00e1divas a los votantes y la presencia de fuerza p\u00fablica en instalaciones universitarias sin autorizaci\u00f3n previa de la Comisi\u00f3n Electoral con al menos una semana de anticipaci\u00f3n a la jornada electoral.<\/p>\n","protected":false},"excerpt":{"rendered":"<p>#Redacci\u00f3nOaxaca #Oaxaca #JaimeGUERRERO Con la publicaci\u00f3n de la convocatoria electoral este 28 de abril, la Universidad Aut\u00f3noma \u201cBenito Ju\u00e1rez\u201d de Oaxaca (UABJO) dio inicio formal a la sucesi\u00f3n de su rector\u00eda para el periodo 2026-2030, un proceso que ya muestra se\u00f1ales de alta tensi\u00f3n pol\u00edtica. Por un lado, el exsecretario de Finanzas del gobierno estatal, [&hellip;]<\/p>\n","protected":false},"author":9,"featured_media":41791,"comment_status":"open","ping_status":"open","sticky":false,"template":"","format":"standard","meta":{"jetpack_post_was_ever_published":false,"_jetpack_newsletter_access":"","_jetpack_dont_email_post_to_subs":false,"_jetpack_newsletter_tier_id":0,"_jetpack_memberships_contains_paywalled_content":false,"_jetpack_memberships_contains_paid_content":false,"footnotes":"","jetpack_publicize_message":"","jetpack_publicize_feature_enabled":true,"jetpack_social_post_already_shared":true,"jetpack_social_options":{"image_generator_settings":{"template":"highway","default_image_id":0,"font":"","enabled":false},"version":2}},"categories":[4,7,5,6],"tags":[],"class_list":{"0":"post-41790","1":"post","2":"type-post","3":"status-publish","4":"format-standard","5":"has-post-thumbnail","7":"category-agenda-politica","8":"category-al-cierre","9":"category-imagen","10":"category-tendencias"},"jetpack_publicize_connections":[],"jetpack_featured_media_url":"https:\/\/i0.wp.com\/redaccionoaxaca.com\/wp-content\/uploads\/2026\/04\/InShot_20260428_152743135.jpg?fit=1920%2C971&ssl=1","jetpack_sharing_enabled":true,"jetpack_shortlink":"https:\/\/wp.me\/p9Ynjw-aS2","jetpack-related-posts":[{"id":40978,"url":"https:\/\/redaccionoaxaca.com\/index.php\/2026\/03\/13\/renuncia-farid-acevedo-a-la-secretaria-de-finanzas-del-gobierno-de-oaxaca-para-buscar-la-rectoria-de-la-uabjo\/","url_meta":{"origin":41790,"position":0},"title":"Renuncia Farid Acevedo a la Secretar\u00eda de Finanzas del Gobierno de Oaxaca para buscar la rector\u00eda de la UABJO","author":"ariadna","date":"marzo 13, 2026","format":false,"excerpt":"#Redacci\u00f3nOaxaca #Oaxaca #JaimeGUERRERO Farid Acevedo L\u00f3pez dej\u00f3 este viernes la titularidad de la Secretar\u00eda de Finanzas del gobierno de Oaxaca con el prop\u00f3sito de competir por la rector\u00eda de la Universidad Aut\u00f3noma \u201cBenito Ju\u00e1rez\u201d de Oaxaca (UABJO), confirmaron fuentes del ejecutivo estatal. Hasta el momento se desconoce qui\u00e9n asumir\u00e1 el\u2026","rel":"","context":"En &quot;Agenda Pol\u00edtica&quot;","block_context":{"text":"Agenda Pol\u00edtica","link":"https:\/\/redaccionoaxaca.com\/index.php\/category\/agenda-politica\/"},"img":{"alt_text":"","src":"https:\/\/i0.wp.com\/redaccionoaxaca.com\/wp-content\/uploads\/2026\/03\/InShot_20260313_101027802.jpg?fit=1200%2C653&ssl=1&resize=350%2C200","width":350,"height":200,"srcset":"https:\/\/i0.wp.com\/redaccionoaxaca.com\/wp-content\/uploads\/2026\/03\/InShot_20260313_101027802.jpg?fit=1200%2C653&ssl=1&resize=350%2C200 1x, https:\/\/i0.wp.com\/redaccionoaxaca.com\/wp-content\/uploads\/2026\/03\/InShot_20260313_101027802.jpg?fit=1200%2C653&ssl=1&resize=525%2C300 1.5x, https:\/\/i0.wp.com\/redaccionoaxaca.com\/wp-content\/uploads\/2026\/03\/InShot_20260313_101027802.jpg?fit=1200%2C653&ssl=1&resize=700%2C400 2x, https:\/\/i0.wp.com\/redaccionoaxaca.com\/wp-content\/uploads\/2026\/03\/InShot_20260313_101027802.jpg?fit=1200%2C653&ssl=1&resize=1050%2C600 3x"},"classes":[]},{"id":41506,"url":"https:\/\/redaccionoaxaca.com\/index.php\/2026\/04\/13\/salomon-jara-defiende-a-farid-acevedo-y-revela-reunion-con-lider-de-opositores-enrique-martinez-todos-los-actores-politicos-de-la-uabjo-han-tenido-relaciones-con-politicos\/","url_meta":{"origin":41790,"position":1},"title":"Salom\u00f3n Jara defiende a Farid Acevedo y revela reuni\u00f3n con l\u00edder de opositores Enrique Mart\u00ednez: \u201ctodos los actores Pol\u00edticos de la UABJO han tenido relaciones con pol\u00edticos\u201d","author":"ariadna","date":"abril 13, 2026","format":false,"excerpt":"#Redacci\u00f3nOaxaca #Oaxaca #JaimeGUERRERO El gobernador de Oaxaca, Salom\u00f3n Jara Cruz, sali\u00f3 este lunes en defensa de la candidatura del exsecretario de Finanzas, Farid Acevedo L\u00f3pez, a la rector\u00eda de la Universidad Aut\u00f3noma \u201cBenito Ju\u00e1rez\u201d de Oaxaca (UABJO), rechaz\u00f3 las acusaciones de injerencia en el proceso universitario y revel\u00f3, que se\u2026","rel":"","context":"En &quot;Agenda Pol\u00edtica&quot;","block_context":{"text":"Agenda Pol\u00edtica","link":"https:\/\/redaccionoaxaca.com\/index.php\/category\/agenda-politica\/"},"img":{"alt_text":"","src":"https:\/\/i0.wp.com\/redaccionoaxaca.com\/wp-content\/uploads\/2026\/04\/9-10-scaled.jpg?fit=1200%2C790&ssl=1&resize=350%2C200","width":350,"height":200,"srcset":"https:\/\/i0.wp.com\/redaccionoaxaca.com\/wp-content\/uploads\/2026\/04\/9-10-scaled.jpg?fit=1200%2C790&ssl=1&resize=350%2C200 1x, https:\/\/i0.wp.com\/redaccionoaxaca.com\/wp-content\/uploads\/2026\/04\/9-10-scaled.jpg?fit=1200%2C790&ssl=1&resize=525%2C300 1.5x, https:\/\/i0.wp.com\/redaccionoaxaca.com\/wp-content\/uploads\/2026\/04\/9-10-scaled.jpg?fit=1200%2C790&ssl=1&resize=700%2C400 2x, https:\/\/i0.wp.com\/redaccionoaxaca.com\/wp-content\/uploads\/2026\/04\/9-10-scaled.jpg?fit=1200%2C790&ssl=1&resize=1050%2C600 3x"},"classes":[]},{"id":41268,"url":"https:\/\/redaccionoaxaca.com\/index.php\/2026\/04\/01\/con-etiqueta-hechoenuabjo-farid-acevedo-lopez-se-destapa-oficialmente-para-la-rectoria\/","url_meta":{"origin":41790,"position":2},"title":"Con etiqueta \u201c#HechoEnUABJO\u201d, Farid Acevedo L\u00f3pez se destapa oficialmente para la rector\u00eda","author":"ariadna","date":"abril 1, 2026","format":false,"excerpt":"#Redacci\u00f3nOaxaca #Oaxaca #JaimeGUERRERO Tres semanas despu\u00e9s de haber renunciado a la Secretar\u00eda de Finanzas del gobierno de Oaxaca, Farid Acevedo L\u00f3pez hizo oficial este mi\u00e9rcoles su aspiraci\u00f3n a la rector\u00eda de la Universidad Aut\u00f3noma \u201cBenito Ju\u00e1rez\u201d de Oaxaca (UABJO). Lo hizo a trav\u00e9s de publicaciones en sus redes sociales en\u2026","rel":"","context":"En &quot;Imagen&quot;","block_context":{"text":"Imagen","link":"https:\/\/redaccionoaxaca.com\/index.php\/category\/imagen\/"},"img":{"alt_text":"","src":"https:\/\/i0.wp.com\/redaccionoaxaca.com\/wp-content\/uploads\/2026\/04\/IMG-20260401-WA0078.jpg?fit=647%2C1200&ssl=1&resize=350%2C200","width":350,"height":200,"srcset":"https:\/\/i0.wp.com\/redaccionoaxaca.com\/wp-content\/uploads\/2026\/04\/IMG-20260401-WA0078.jpg?fit=647%2C1200&ssl=1&resize=350%2C200 1x, https:\/\/i0.wp.com\/redaccionoaxaca.com\/wp-content\/uploads\/2026\/04\/IMG-20260401-WA0078.jpg?fit=647%2C1200&ssl=1&resize=525%2C300 1.5x"},"classes":[]},{"id":41182,"url":"https:\/\/redaccionoaxaca.com\/index.php\/2026\/03\/26\/secretario-particular-de-la-uabjo-renuncia-para-contender-por-la-rectoria-suman-6-aspirantes\/","url_meta":{"origin":41790,"position":3},"title":"Secretario particular de la UABJO renuncia para contender por la rector\u00eda; suman 6 aspirantes","author":"ariadna","date":"marzo 26, 2026","format":false,"excerpt":"#Redacci\u00f3nOaxaca #Oaxaca Citlalli L\u00f3pez Vel\u00e1zquez Amilcar Sosa Velasco, secretario particular de la Universidad Aut\u00f3noma Benito Ju\u00e1rez de Oaxaca renunci\u00f3 al cargo para contender por la rector\u00eda. Con su destape, suman seis aspirantes al m\u00e1ximo cargo administrativo de la UABJO actualmente desempe\u00f1ado por Cristian Carre\u00f1o. Durante el acto de destape Sosa\u2026","rel":"","context":"En &quot;Agenda Pol\u00edtica&quot;","block_context":{"text":"Agenda Pol\u00edtica","link":"https:\/\/redaccionoaxaca.com\/index.php\/category\/agenda-politica\/"},"img":{"alt_text":"","src":"https:\/\/i0.wp.com\/redaccionoaxaca.com\/wp-content\/uploads\/2026\/03\/05_Taurino_Amilcar-scaled.jpg?fit=1200%2C699&ssl=1&resize=350%2C200","width":350,"height":200,"srcset":"https:\/\/i0.wp.com\/redaccionoaxaca.com\/wp-content\/uploads\/2026\/03\/05_Taurino_Amilcar-scaled.jpg?fit=1200%2C699&ssl=1&resize=350%2C200 1x, https:\/\/i0.wp.com\/redaccionoaxaca.com\/wp-content\/uploads\/2026\/03\/05_Taurino_Amilcar-scaled.jpg?fit=1200%2C699&ssl=1&resize=525%2C300 1.5x, https:\/\/i0.wp.com\/redaccionoaxaca.com\/wp-content\/uploads\/2026\/03\/05_Taurino_Amilcar-scaled.jpg?fit=1200%2C699&ssl=1&resize=700%2C400 2x, https:\/\/i0.wp.com\/redaccionoaxaca.com\/wp-content\/uploads\/2026\/03\/05_Taurino_Amilcar-scaled.jpg?fit=1200%2C699&ssl=1&resize=1050%2C600 3x"},"classes":[]},{"id":41492,"url":"https:\/\/redaccionoaxaca.com\/index.php\/2026\/04\/13\/universitarios-con-ligas-al-pt-exigen-a-ejecutivo-sacar-las-manos-de-la-uabjo-acusan-imposicion-de-candidato-a-rectoria\/","url_meta":{"origin":41790,"position":4},"title":"Universitarios con ligas al PT, exigen a Ejecutivo sacar las manos de la UABJO; acusan imposici\u00f3n de candidato a rector\u00eda","author":"ariadna","date":"abril 13, 2026","format":false,"excerpt":"#Redacci\u00f3nOaxaca #Oaxaca #JaimeGUERRERO Un frente de la comunidad universitaria de la Universidad Aut\u00f3noma \u201cBenito Ju\u00e1rez\u201d de Oaxaca (UABJO), encabezado por el aspirante a la rector\u00eda Enrique Mart\u00ednez \u2014ligado al Partido del Trabajo y con antecedentes como candidato a cargos de elecci\u00f3n popular por ese instituto pol\u00edtico\u2014, hizo p\u00fablico este lunes\u2026","rel":"","context":"En &quot;Imagen&quot;","block_context":{"text":"Imagen","link":"https:\/\/redaccionoaxaca.com\/index.php\/category\/imagen\/"},"img":{"alt_text":"","src":"https:\/\/i0.wp.com\/redaccionoaxaca.com\/wp-content\/uploads\/2026\/04\/11-8-scaled.jpg?fit=1200%2C691&ssl=1&resize=350%2C200","width":350,"height":200,"srcset":"https:\/\/i0.wp.com\/redaccionoaxaca.com\/wp-content\/uploads\/2026\/04\/11-8-scaled.jpg?fit=1200%2C691&ssl=1&resize=350%2C200 1x, https:\/\/i0.wp.com\/redaccionoaxaca.com\/wp-content\/uploads\/2026\/04\/11-8-scaled.jpg?fit=1200%2C691&ssl=1&resize=525%2C300 1.5x, https:\/\/i0.wp.com\/redaccionoaxaca.com\/wp-content\/uploads\/2026\/04\/11-8-scaled.jpg?fit=1200%2C691&ssl=1&resize=700%2C400 2x, https:\/\/i0.wp.com\/redaccionoaxaca.com\/wp-content\/uploads\/2026\/04\/11-8-scaled.jpg?fit=1200%2C691&ssl=1&resize=1050%2C600 3x"},"classes":[]},{"id":41489,"url":"https:\/\/redaccionoaxaca.com\/index.php\/2026\/04\/13\/consejo-universitario-de-la-uabjo-instala-comision-electoral-que-organizara-la-eleccion-de-rector-para-el-periodo-2026-2030\/","url_meta":{"origin":41790,"position":5},"title":"Consejo Universitario de la UABJO instala Comisi\u00f3n Electoral que organizar\u00e1 la elecci\u00f3n de rector para el periodo 2026-2030","author":"ariadna","date":"abril 13, 2026","format":false,"excerpt":"#Redacci\u00f3nOaxaca #Oaxaca #JaimeGUERRERO El Consejo Universitario de la Universidad Aut\u00f3noma \u201cBenito Ju\u00e1rez\u201d de Oaxaca (UABJO) design\u00f3 e instal\u00f3 por unanimidad a la Comisi\u00f3n Electoral que conducir\u00e1 el proceso para renovar la Rector\u00eda de la instituci\u00f3n correspondiente al periodo 2026-2030, en una sesi\u00f3n extraordinaria celebrada este viernes en la Facultad de\u2026","rel":"","context":"En &quot;Agenda Pol\u00edtica&quot;","block_context":{"text":"Agenda Pol\u00edtica","link":"https:\/\/redaccionoaxaca.com\/index.php\/category\/agenda-politica\/"},"img":{"alt_text":"","src":"https:\/\/i0.wp.com\/redaccionoaxaca.com\/wp-content\/uploads\/2026\/04\/IMG-20260413-WA0051.jpg?fit=981%2C654&ssl=1&resize=350%2C200","width":350,"height":200,"srcset":"https:\/\/i0.wp.com\/redaccionoaxaca.com\/wp-content\/uploads\/2026\/04\/IMG-20260413-WA0051.jpg?fit=981%2C654&ssl=1&resize=350%2C200 1x, https:\/\/i0.wp.com\/redaccionoaxaca.com\/wp-content\/uploads\/2026\/04\/IMG-20260413-WA0051.jpg?fit=981%2C654&ssl=1&resize=525%2C300 1.5x, https:\/\/i0.wp.com\/redaccionoaxaca.com\/wp-content\/uploads\/2026\/04\/IMG-20260413-WA0051.jpg?fit=981%2C654&ssl=1&resize=700%2C400 2x"},"classes":[]}],"_links":{"self":[{"href":"https:\/\/redaccionoaxaca.com\/index.php\/wp-json\/wp\/v2\/posts\/41790","targetHints":{"allow":["GET"]}}],"collection":[{"href":"https:\/\/redaccionoaxaca.com\/index.php\/wp-json\/wp\/v2\/posts"}],"about":[{"href":"https:\/\/redaccionoaxaca.com\/index.php\/wp-json\/wp\/v2\/types\/post"}],"author":[{"embeddable":true,"href":"https:\/\/redaccionoaxaca.com\/index.php\/wp-json\/wp\/v2\/users\/9"}],"replies":[{"embeddable":true,"href":"https:\/\/redaccionoaxaca.com\/index.php\/wp-json\/wp\/v2\/comments?post=41790"}],"version-history":[{"count":1,"href":"https:\/\/redaccionoaxaca.com\/index.php\/wp-json\/wp\/v2\/posts\/41790\/revisions"}],"predecessor-version":[{"id":41792,"href":"https:\/\/redaccionoaxaca.com\/index.php\/wp-json\/wp\/v2\/posts\/41790\/revisions\/41792"}],"wp:featuredmedia":[{"embeddable":true,"href":"https:\/\/redaccionoaxaca.com\/index.php\/wp-json\/wp\/v2\/media\/41791"}],"wp:attachment":[{"href":"https:\/\/redaccionoaxaca.com\/index.php\/wp-json\/wp\/v2\/media?parent=41790"}],"wp:term":[{"taxonomy":"category","embeddable":true,"href":"https:\/\/redaccionoaxaca.com\/index.php\/wp-json\/wp\/v2\/categories?post=41790"},{"taxonomy":"post_tag","embeddable":true,"href":"https:\/\/redaccionoaxaca.com\/index.php\/wp-json\/wp\/v2\/tags?post=41790"}],"curies":[{"name":"wp","href":"https:\/\/api.w.org\/{rel}","templated":true}]}}