{"id":41793,"date":"2026-04-28T17:55:55","date_gmt":"2026-04-28T23:55:55","guid":{"rendered":"https:\/\/redaccionoaxaca.com\/?p=41793"},"modified":"2026-04-28T17:55:55","modified_gmt":"2026-04-28T23:55:55","slug":"impulsara-nino-morales-que-modelo-oaxaqueno-de-atencion-al-autismo-se-replique-en-todo-el-pais","status":"publish","type":"post","link":"https:\/\/redaccionoaxaca.com\/index.php\/2026\/04\/28\/impulsara-nino-morales-que-modelo-oaxaqueno-de-atencion-al-autismo-se-replique-en-todo-el-pais\/","title":{"rendered":"IMPULSAR\u00c1 NINO MORALES QUE MODELO OAXAQUE\u00d1O DE ATENCI\u00d3N AL AUTISMO SE REPLIQUE EN TODO EL PA\u00cdS"},"content":{"rendered":"<p><strong>#Redacci\u00f3nOaxaca<\/strong><\/p>\n<p><strong>#Oaxaca<\/strong><\/p>\n<p style=\"text-align: justify;\">\u2022\u00a0 <em>Fortalece la inclusi\u00f3n y el cumplimiento efectivo de derechos de quienes presentan Trastorno del Espectro Autista<\/em><\/p>\n<p style=\"text-align: justify;\"><em>\u2022\u00a0 El Sistema DIF Oaxaca consolida una pol\u00edtica que coloca en el centro a los grupos prioritarios con inversi\u00f3n hist\u00f3rica<\/em><\/p>\n<p style=\"text-align: justify;\">El senador oaxaque\u00f1o Antonino Morales Toledo inform\u00f3 que presentar\u00e1 ante el Senado de la Rep\u00fablica un exhorto, para que los gobiernos de las 30 entidades federativas y la Ciudad de M\u00e9xico conozcan y adopten el modelo integral de atenci\u00f3n a las personas que padecen Trastorno del Espectro Autista (TEA) que ha implementado el DIF Oaxaca.<\/p>\n<p><img data-recalc-dims=\"1\" loading=\"lazy\" decoding=\"async\" data-attachment-id=\"41794\" data-permalink=\"https:\/\/redaccionoaxaca.com\/index.php\/2026\/04\/28\/impulsara-nino-morales-que-modelo-oaxaqueno-de-atencion-al-autismo-se-replique-en-todo-el-pais\/img-20260428-wa0145\/\" data-orig-file=\"https:\/\/i0.wp.com\/redaccionoaxaca.com\/wp-content\/uploads\/2026\/04\/IMG-20260428-WA0145.jpg?fit=1066%2C1600&amp;ssl=1\" data-orig-size=\"1066,1600\" data-comments-opened=\"1\" data-image-meta=\"{&quot;aperture&quot;:&quot;0&quot;,&quot;credit&quot;:&quot;&quot;,&quot;camera&quot;:&quot;&quot;,&quot;caption&quot;:&quot;&quot;,&quot;created_timestamp&quot;:&quot;0&quot;,&quot;copyright&quot;:&quot;&quot;,&quot;focal_length&quot;:&quot;0&quot;,&quot;iso&quot;:&quot;0&quot;,&quot;shutter_speed&quot;:&quot;0&quot;,&quot;title&quot;:&quot;&quot;,&quot;orientation&quot;:&quot;0&quot;}\" data-image-title=\"IMG-20260428-WA0145\" data-image-description=\"\" data-image-caption=\"\" data-large-file=\"https:\/\/i0.wp.com\/redaccionoaxaca.com\/wp-content\/uploads\/2026\/04\/IMG-20260428-WA0145.jpg?fit=682%2C1024&amp;ssl=1\" class=\"size-medium wp-image-41794 aligncenter\" src=\"https:\/\/i0.wp.com\/redaccionoaxaca.com\/wp-content\/uploads\/2026\/04\/IMG-20260428-WA0145.jpg?resize=200%2C300&#038;ssl=1\" alt=\"\" width=\"200\" height=\"300\" srcset=\"https:\/\/i0.wp.com\/redaccionoaxaca.com\/wp-content\/uploads\/2026\/04\/IMG-20260428-WA0145.jpg?resize=200%2C300&amp;ssl=1 200w, https:\/\/i0.wp.com\/redaccionoaxaca.com\/wp-content\/uploads\/2026\/04\/IMG-20260428-WA0145.jpg?resize=682%2C1024&amp;ssl=1 682w, https:\/\/i0.wp.com\/redaccionoaxaca.com\/wp-content\/uploads\/2026\/04\/IMG-20260428-WA0145.jpg?resize=768%2C1153&amp;ssl=1 768w, https:\/\/i0.wp.com\/redaccionoaxaca.com\/wp-content\/uploads\/2026\/04\/IMG-20260428-WA0145.jpg?resize=1023%2C1536&amp;ssl=1 1023w, https:\/\/i0.wp.com\/redaccionoaxaca.com\/wp-content\/uploads\/2026\/04\/IMG-20260428-WA0145.jpg?resize=280%2C420&amp;ssl=1 280w, https:\/\/i0.wp.com\/redaccionoaxaca.com\/wp-content\/uploads\/2026\/04\/IMG-20260428-WA0145.jpg?resize=696%2C1045&amp;ssl=1 696w, https:\/\/i0.wp.com\/redaccionoaxaca.com\/wp-content\/uploads\/2026\/04\/IMG-20260428-WA0145.jpg?w=1066&amp;ssl=1 1066w\" sizes=\"auto, (max-width: 200px) 100vw, 200px\" \/><\/p>\n<p style=\"text-align: justify;\">&#8220;Lo que aqu\u00ed se ha construido merece replicarse en cada rinc\u00f3n del pa\u00eds. No es una ocurrencia, es convicci\u00f3n; no es un privilegio, es un derecho&#8221;, declar\u00f3 el legislador zapoteco.<\/p>\n<p style=\"text-align: justify;\">Los avances que respaldan esta propuesta son contundentes. Con una inversi\u00f3n superior a mil 310 millones de pesos, el DIF Oaxaca y el Sistema Nacional DIF formalizaron un convenio con 539 municipios para fortalecer los programas de atenci\u00f3n alimentaria y desarrollo comunitario. Esta acci\u00f3n garantiza el bienestar de ni\u00f1as, ni\u00f1os, personas con discapacidad, personas mayores y familias en situaci\u00f3n prioritaria.<\/p>\n<p style=\"text-align: justify;\">En materia de atenci\u00f3n al TEA, se ampli\u00f3 el Centro Nyela To Bidao con recursos superiores a 13.9 millones de pesos. La obra incluy\u00f3 nueve aulas nuevas y una c\u00e1mara sensorial, lo que permiti\u00f3 duplicar la capacidad de atenci\u00f3n: de 419 a m\u00e1s de 800 ni\u00f1as y ni\u00f1os. Este espacio opera como una comunidad de acompa\u00f1amiento, basada en la comprensi\u00f3n, la cercan\u00eda y el respeto. Adicionalmente, se anunci\u00f3 la creaci\u00f3n de 11 nuevos centros en distintas regiones del estado para acercar estos servicios especializados a m\u00e1s familias.<\/p>\n<p style=\"text-align: justify;\">Nino Morales reconoci\u00f3 el liderazgo, el compromiso y la entrega de la se\u00f1ora Irma Bola\u00f1os Quijano, presidenta honoraria del DIF Oaxaca, cuyo trabajo ha convertido a la instituci\u00f3n en el coraz\u00f3n del gobierno de la Primavera Oaxaque\u00f1a.<\/p>\n<p style=\"text-align: justify;\">El exhorto que se impulsar\u00e1 desde el Senado busca que este modelo de atenci\u00f3n se convierta en una referencia nacional, \u201cel bienestar compartido, la justicia social y la Cuarta Transformaci\u00f3n se consolidan cuando las pol\u00edticas p\u00fablicas nacen del territorio y se ponen al servicio de quienes m\u00e1s lo necesitan\u201d, concluy\u00f3, el senador morenista.<\/p>\n","protected":false},"excerpt":{"rendered":"<p>#Redacci\u00f3nOaxaca #Oaxaca \u2022\u00a0 Fortalece la inclusi\u00f3n y el cumplimiento efectivo de derechos de quienes presentan Trastorno del Espectro Autista \u2022\u00a0 El Sistema DIF Oaxaca consolida una pol\u00edtica que coloca en el centro a los grupos prioritarios con inversi\u00f3n hist\u00f3rica El senador oaxaque\u00f1o Antonino Morales Toledo inform\u00f3 que presentar\u00e1 ante el Senado de la Rep\u00fablica un [&hellip;]<\/p>\n","protected":false},"author":9,"featured_media":41795,"comment_status":"open","ping_status":"open","sticky":false,"template":"","format":"standard","meta":{"jetpack_post_was_ever_published":false,"_jetpack_newsletter_access":"","_jetpack_dont_email_post_to_subs":false,"_jetpack_newsletter_tier_id":0,"_jetpack_memberships_contains_paywalled_content":false,"_jetpack_memberships_contains_paid_content":false,"footnotes":"","jetpack_publicize_message":"","jetpack_publicize_feature_enabled":true,"jetpack_social_post_already_shared":true,"jetpack_social_options":{"image_generator_settings":{"template":"highway","default_image_id":0,"font":"","enabled":false},"version":2}},"categories":[4,5,3],"tags":[],"class_list":{"0":"post-41793","1":"post","2":"type-post","3":"status-publish","4":"format-standard","5":"has-post-thumbnail","7":"category-agenda-politica","8":"category-imagen","9":"category-mesa-de-redaccion"},"jetpack_publicize_connections":[],"jetpack_featured_media_url":"https:\/\/i0.wp.com\/redaccionoaxaca.com\/wp-content\/uploads\/2026\/04\/IMG-20260428-WA0145-1-scaled.jpg?fit=2560%2C2233&ssl=1","jetpack_sharing_enabled":true,"jetpack_shortlink":"https:\/\/wp.me\/p9Ynjw-aS5","jetpack-related-posts":[{"id":38825,"url":"https:\/\/redaccionoaxaca.com\/index.php\/2025\/10\/22\/madre-oaxaquena-se-encadena-al-kiosco-del-zocalo-para-exigir-custodia-de-su-hijo-autista-y-denuncia-negligencia\/","url_meta":{"origin":41793,"position":0},"title":"Madre oaxaque\u00f1a se encadena al kiosco del Z\u00f3calo para exigir custodia de su hijo autista y denuncia negligencia","author":"ariadna","date":"octubre 22, 2025","format":false,"excerpt":"#Redacci\u00f3nOaxaca #Oaxaca Jaime GUERRERO Mar\u00eda Alejandra Jacinto Quevedo, pedagoga oaxaque\u00f1a, se encaden\u00f3 este martes al kiosco del Z\u00f3calo capitalino para protestar contra la p\u00e9rdida de la custodia de su hijo de cinco a\u00f1os, diagnosticado con trastorno autista. La mujer acusa a su exesposo, Alan Gabriel Samano Ch\u00e1vez, ingeniero qu\u00edmico, de\u2026","rel":"","context":"En &quot;Agenda Pol\u00edtica&quot;","block_context":{"text":"Agenda Pol\u00edtica","link":"https:\/\/redaccionoaxaca.com\/index.php\/category\/agenda-politica\/"},"img":{"alt_text":"","src":"https:\/\/i0.wp.com\/redaccionoaxaca.com\/wp-content\/uploads\/2025\/10\/IMG-20251022-WA0127-300x169.jpg?resize=350%2C200&ssl=1","width":350,"height":200},"classes":[]},{"id":21623,"url":"https:\/\/redaccionoaxaca.com\/index.php\/2021\/10\/14\/presidenta-del-teeo-es-deudora-alimentaria-denuncian-sus-hijos-acusan-trafico-de-influencias\/","url_meta":{"origin":41793,"position":1},"title":"Presidenta del TEEO es deudora alimentaria, denuncian sus hijos; acusan tr\u00e1fico de influencias.","author":"ariadna","date":"octubre 14, 2021","format":false,"excerpt":"#Redacci\u00f3nOaxaca #Oaxaca Jaime GUERRERO La magistrada presidenta del Tribunal Electoral del Estado de Oaxaca (#TEEO), Elizabeth Bautista Velasco es deudora alimentaria, revelaron los hijos de la tambi\u00e9n ex consejera del Instituto Estatal Electoral y de Participaci\u00f3n Ciudadana de Oaxaca (#IEEPCO). Los j\u00f3venes Adri\u00e1n G.H.B y Jos\u00e9 L.H.B. acusaron que Bautista\u2026","rel":"","context":"En &quot;Imagen&quot;","block_context":{"text":"Imagen","link":"https:\/\/redaccionoaxaca.com\/index.php\/category\/imagen\/"},"img":{"alt_text":"","src":"https:\/\/i0.wp.com\/redaccionoaxaca.com\/wp-content\/uploads\/2021\/10\/images-74-300x200.jpeg?resize=350%2C200&ssl=1","width":350,"height":200},"classes":[]},{"id":41177,"url":"https:\/\/redaccionoaxaca.com\/index.php\/2026\/03\/26\/vota-nino-morales-a-favor-del-plan-b\/","url_meta":{"origin":41793,"position":2},"title":"Vota Nino Morales a favor del Plan B","author":"ariadna","date":"marzo 26, 2026","format":"video","excerpt":"#Redacci\u00f3nOaxaca #Oaxaca Vamos en la ruta correcta para terminar con los privilegios y devolver el presupuesto al pueblo, asever\u00f3 el senador oaxaque\u00f1o Antonino Morales Toledo, luego de votar la noche del mi\u00e9rcoles, a favor del #PlanB de la presidenta Claudia Sheinbaum Pardo. El legislador oaxaque\u00f1o se\u00f1al\u00f3 que disminuir privilegios gubernamentales,\u2026","rel":"","context":"En &quot;Agenda Pol\u00edtica&quot;","block_context":{"text":"Agenda Pol\u00edtica","link":"https:\/\/redaccionoaxaca.com\/index.php\/category\/agenda-politica\/"},"img":{"alt_text":"","src":"https:\/\/i0.wp.com\/redaccionoaxaca.com\/wp-content\/uploads\/2026\/03\/b38facad-3256-499a-ae6a-ab6c19a3bf19.jpeg?fit=1066%2C794&ssl=1&resize=350%2C200","width":350,"height":200,"srcset":"https:\/\/i0.wp.com\/redaccionoaxaca.com\/wp-content\/uploads\/2026\/03\/b38facad-3256-499a-ae6a-ab6c19a3bf19.jpeg?fit=1066%2C794&ssl=1&resize=350%2C200 1x, https:\/\/i0.wp.com\/redaccionoaxaca.com\/wp-content\/uploads\/2026\/03\/b38facad-3256-499a-ae6a-ab6c19a3bf19.jpeg?fit=1066%2C794&ssl=1&resize=525%2C300 1.5x, https:\/\/i0.wp.com\/redaccionoaxaca.com\/wp-content\/uploads\/2026\/03\/b38facad-3256-499a-ae6a-ab6c19a3bf19.jpeg?fit=1066%2C794&ssl=1&resize=700%2C400 2x, https:\/\/i0.wp.com\/redaccionoaxaca.com\/wp-content\/uploads\/2026\/03\/b38facad-3256-499a-ae6a-ab6c19a3bf19.jpeg?fit=1066%2C794&ssl=1&resize=1050%2C600 3x"},"classes":[]},{"id":16713,"url":"https:\/\/redaccionoaxaca.com\/index.php\/2021\/02\/05\/dif-estatal-limpio-no-tienen-irregularidades-desde-2016-2017-2018-y-2019-asf-no-ha-emitido-observacion-contralor\/","url_meta":{"origin":41793,"position":3},"title":"VIDEO: DIF estatal limpio, no tienen irregularidades, desde 2016,  2017, 2018 y 2019, ASF no ha emitido observaci\u00f3n: Contralor.","author":"ariadna","date":"febrero 5, 2021","format":"video","excerpt":"#Redacci\u00f3nOaxaca #Oaxaca Jaime GUERRERO El titular de la Secretar\u00eda de la Contralor\u00eda y Transparencia Gubernamental, Jos\u00e9 \u00c1ngel D\u00edaz Navarro, afirm\u00f3 que el programa de despensas que adquiere el Sistema Integral para el Desarrollo de la Familia (DIF), fue auditado por la Auditoria Superior de la Federaci\u00f3n (ASF), y no tiene\u2026","rel":"","context":"En &quot;Agenda Pol\u00edtica&quot;","block_context":{"text":"Agenda Pol\u00edtica","link":"https:\/\/redaccionoaxaca.com\/index.php\/category\/agenda-politica\/"},"img":{"alt_text":"","src":"","width":0,"height":0},"classes":[]},{"id":28645,"url":"https:\/\/redaccionoaxaca.com\/index.php\/2023\/04\/03\/avanzan-estrategia-para-implementar-imss-bienestar-en-oaxaca\/","url_meta":{"origin":41793,"position":4},"title":"Avanzan estrategia para implementar IMSS-Bienestar en Oaxaca","author":"ariadna","date":"abril 3, 2023","format":false,"excerpt":"#Redacci\u00f3nOaxaca #Oaxaca \u2022 El director general del Seguro Social, Zo\u00e9 Robledo, indic\u00f3 que Oaxaca ser\u00e1 la primera entidad en incorporarse al Modelo IMSS-Bienestar para el segundo trimestre del a\u00f1o. \u2022 Salom\u00f3n Jara Cruz, gobernador de Oaxaca, destac\u00f3 que existe voluntad pol\u00edtica del gobierno federal para conseguir un mejor servicio de\u2026","rel":"","context":"En &quot;Imagen&quot;","block_context":{"text":"Imagen","link":"https:\/\/redaccionoaxaca.com\/index.php\/category\/imagen\/"},"img":{"alt_text":"","src":"https:\/\/i0.wp.com\/redaccionoaxaca.com\/wp-content\/uploads\/2023\/04\/IMG-20230403-WA0187-300x187.jpg?resize=350%2C200&ssl=1","width":350,"height":200},"classes":[]},{"id":33520,"url":"https:\/\/redaccionoaxaca.com\/index.php\/2024\/09\/24\/presidenta-del-dif-oaxaca-y-autoridades-municipales-inauguran-ubr-en-xoxo\/","url_meta":{"origin":41793,"position":5},"title":"Presidenta del DIF Oaxaca y autoridades municipales, inauguran UBR en Xoxo","author":"ariadna","date":"septiembre 24, 2024","format":false,"excerpt":"#Redacci\u00f3nOaxaca #Oaxaca *La unidad B\u00e1sica de Rehabilitaci\u00f3n ofrece servicios de rehabilitaci\u00f3n f\u00edsica, hidroterapia, electroterapia y magnetoterapia *Reconoce Dr.Chente Castellanos apoyo invaluable de gobierno estatal Santa Cruz Xoxocotl\u00e1n, Oaxaca., 24 de septiembre de 2024.- Con la presencia de la presidenta honoraria del Sistema DIF Oaxaca, Irma Bola\u00f1os Quijano, autoridades municipales de\u2026","rel":"","context":"En &quot;Imagen&quot;","block_context":{"text":"Imagen","link":"https:\/\/redaccionoaxaca.com\/index.php\/category\/imagen\/"},"img":{"alt_text":"","src":"https:\/\/i0.wp.com\/redaccionoaxaca.com\/wp-content\/uploads\/2024\/09\/IMG-20240924-WA0331-300x200.jpg?resize=350%2C200&ssl=1","width":350,"height":200},"classes":[]}],"_links":{"self":[{"href":"https:\/\/redaccionoaxaca.com\/index.php\/wp-json\/wp\/v2\/posts\/41793","targetHints":{"allow":["GET"]}}],"collection":[{"href":"https:\/\/redaccionoaxaca.com\/index.php\/wp-json\/wp\/v2\/posts"}],"about":[{"href":"https:\/\/redaccionoaxaca.com\/index.php\/wp-json\/wp\/v2\/types\/post"}],"author":[{"embeddable":true,"href":"https:\/\/redaccionoaxaca.com\/index.php\/wp-json\/wp\/v2\/users\/9"}],"replies":[{"embeddable":true,"href":"https:\/\/redaccionoaxaca.com\/index.php\/wp-json\/wp\/v2\/comments?post=41793"}],"version-history":[{"count":1,"href":"https:\/\/redaccionoaxaca.com\/index.php\/wp-json\/wp\/v2\/posts\/41793\/revisions"}],"predecessor-version":[{"id":41796,"href":"https:\/\/redaccionoaxaca.com\/index.php\/wp-json\/wp\/v2\/posts\/41793\/revisions\/41796"}],"wp:featuredmedia":[{"embeddable":true,"href":"https:\/\/redaccionoaxaca.com\/index.php\/wp-json\/wp\/v2\/media\/41795"}],"wp:attachment":[{"href":"https:\/\/redaccionoaxaca.com\/index.php\/wp-json\/wp\/v2\/media?parent=41793"}],"wp:term":[{"taxonomy":"category","embeddable":true,"href":"https:\/\/redaccionoaxaca.com\/index.php\/wp-json\/wp\/v2\/categories?post=41793"},{"taxonomy":"post_tag","embeddable":true,"href":"https:\/\/redaccionoaxaca.com\/index.php\/wp-json\/wp\/v2\/tags?post=41793"}],"curies":[{"name":"wp","href":"https:\/\/api.w.org\/{rel}","templated":true}]}}