{"id":41797,"date":"2026-04-28T22:09:33","date_gmt":"2026-04-29T04:09:33","guid":{"rendered":"https:\/\/redaccionoaxaca.com\/?p=41797"},"modified":"2026-04-28T22:11:19","modified_gmt":"2026-04-29T04:11:19","slug":"dif-oaxaca-busca-reunir-11-mil-juguetes-llaman-a-ciudadania-a-sumarse","status":"publish","type":"post","link":"https:\/\/redaccionoaxaca.com\/index.php\/2026\/04\/28\/dif-oaxaca-busca-reunir-11-mil-juguetes-llaman-a-ciudadania-a-sumarse\/","title":{"rendered":"DIF Oaxaca busca reunir 11 mil juguetes; llaman a ciudadan\u00eda a sumarse"},"content":{"rendered":"<p><strong>#Redacci\u00f3nOaxaca<\/strong><\/p>\n<p style=\"text-align: left;\"><strong>#Oaxaca<\/strong><\/p>\n<p style=\"text-align: justify;\"><strong>Ariadna Mendoza\u00a0<\/strong><\/p>\n<p>Con la meta de repartir al menos 11 mil juguetes en colonias y agencias de la capital, el DIF Municipal de Oaxaca lanz\u00f3 una convocatoria abierta para recolectar donaciones dirigidas a ni\u00f1as y ni\u00f1os.<\/p>\n<p style=\"text-align: justify;\">La presidenta del organismo, Gabriela Garc\u00eda Fern\u00e1ndez, se\u00f1al\u00f3 que la entrega se realizar\u00e1 en distintos puntos de la ciudad, priorizando zonas donde el apoyo es m\u00e1s necesario. La estrategia incluye coordinaci\u00f3n con escuelas y autoridades auxiliares para ampliar la cobertura.<\/p>\n<p><img data-recalc-dims=\"1\" loading=\"lazy\" decoding=\"async\" data-attachment-id=\"41799\" data-permalink=\"https:\/\/redaccionoaxaca.com\/index.php\/2026\/04\/28\/dif-oaxaca-busca-reunir-11-mil-juguetes-llaman-a-ciudadania-a-sumarse\/img-20260428-wa0081\/\" data-orig-file=\"https:\/\/i0.wp.com\/redaccionoaxaca.com\/wp-content\/uploads\/2026\/04\/IMG-20260428-WA0081.jpg?fit=1600%2C900&amp;ssl=1\" data-orig-size=\"1600,900\" data-comments-opened=\"1\" data-image-meta=\"{&quot;aperture&quot;:&quot;0&quot;,&quot;credit&quot;:&quot;&quot;,&quot;camera&quot;:&quot;&quot;,&quot;caption&quot;:&quot;&quot;,&quot;created_timestamp&quot;:&quot;0&quot;,&quot;copyright&quot;:&quot;&quot;,&quot;focal_length&quot;:&quot;0&quot;,&quot;iso&quot;:&quot;0&quot;,&quot;shutter_speed&quot;:&quot;0&quot;,&quot;title&quot;:&quot;&quot;,&quot;orientation&quot;:&quot;0&quot;}\" data-image-title=\"IMG-20260428-WA0081\" data-image-description=\"\" data-image-caption=\"\" data-large-file=\"https:\/\/i0.wp.com\/redaccionoaxaca.com\/wp-content\/uploads\/2026\/04\/IMG-20260428-WA0081.jpg?fit=696%2C392&amp;ssl=1\" class=\"size-medium wp-image-41799 aligncenter\" src=\"https:\/\/i0.wp.com\/redaccionoaxaca.com\/wp-content\/uploads\/2026\/04\/IMG-20260428-WA0081.jpg?resize=300%2C169&#038;ssl=1\" alt=\"\" width=\"300\" height=\"169\" srcset=\"https:\/\/i0.wp.com\/redaccionoaxaca.com\/wp-content\/uploads\/2026\/04\/IMG-20260428-WA0081.jpg?resize=300%2C169&amp;ssl=1 300w, https:\/\/i0.wp.com\/redaccionoaxaca.com\/wp-content\/uploads\/2026\/04\/IMG-20260428-WA0081.jpg?resize=1024%2C576&amp;ssl=1 1024w, https:\/\/i0.wp.com\/redaccionoaxaca.com\/wp-content\/uploads\/2026\/04\/IMG-20260428-WA0081.jpg?resize=768%2C432&amp;ssl=1 768w, https:\/\/i0.wp.com\/redaccionoaxaca.com\/wp-content\/uploads\/2026\/04\/IMG-20260428-WA0081.jpg?resize=1536%2C864&amp;ssl=1 1536w, https:\/\/i0.wp.com\/redaccionoaxaca.com\/wp-content\/uploads\/2026\/04\/IMG-20260428-WA0081.jpg?resize=747%2C420&amp;ssl=1 747w, https:\/\/i0.wp.com\/redaccionoaxaca.com\/wp-content\/uploads\/2026\/04\/IMG-20260428-WA0081.jpg?resize=696%2C392&amp;ssl=1 696w, https:\/\/i0.wp.com\/redaccionoaxaca.com\/wp-content\/uploads\/2026\/04\/IMG-20260428-WA0081.jpg?resize=1068%2C601&amp;ssl=1 1068w, https:\/\/i0.wp.com\/redaccionoaxaca.com\/wp-content\/uploads\/2026\/04\/IMG-20260428-WA0081.jpg?w=1600&amp;ssl=1 1600w, https:\/\/i0.wp.com\/redaccionoaxaca.com\/wp-content\/uploads\/2026\/04\/IMG-20260428-WA0081.jpg?w=1392&amp;ssl=1 1392w\" sizes=\"auto, (max-width: 300px) 100vw, 300px\" \/><\/p>\n<p style=\"text-align: justify;\">A diferencia de a\u00f1os anteriores, la campa\u00f1a no solo busca juguetes. Tambi\u00e9n se est\u00e1n solicitando \u00fatiles y materiales did\u00e1cticos como plumones, loncheras y art\u00edculos b\u00e1sicos para la escuela, ante las necesidades que enfrentan muchas familias.<\/p>\n<p style=\"text-align: justify;\">La funcionaria subray\u00f3 que la colecta no est\u00e1 limitada a servidores p\u00fablicos, por lo que cualquier persona puede participar. \u201cQuien pueda aportar algo ser\u00e1 bienvenido\u201d, indic\u00f3.<\/p>\n<p style=\"text-align: justify;\">El DIF Municipal insisti\u00f3 en que el objetivo es contribuir a que ni\u00f1as y ni\u00f1os tengan mejores condiciones para su desarrollo, tanto en el juego como en su formaci\u00f3n educativa.<\/p>\n","protected":false},"excerpt":{"rendered":"<p>#Redacci\u00f3nOaxaca #Oaxaca Ariadna Mendoza\u00a0 Con la meta de repartir al menos 11 mil juguetes en colonias y agencias de la capital, el DIF Municipal de Oaxaca lanz\u00f3 una convocatoria abierta para recolectar donaciones dirigidas a ni\u00f1as y ni\u00f1os. La presidenta del organismo, Gabriela Garc\u00eda Fern\u00e1ndez, se\u00f1al\u00f3 que la entrega se realizar\u00e1 en distintos puntos de [&hellip;]<\/p>\n","protected":false},"author":9,"featured_media":41798,"comment_status":"open","ping_status":"open","sticky":false,"template":"","format":"standard","meta":{"jetpack_post_was_ever_published":false,"_jetpack_newsletter_access":"","_jetpack_dont_email_post_to_subs":false,"_jetpack_newsletter_tier_id":0,"_jetpack_memberships_contains_paywalled_content":false,"_jetpack_memberships_contains_paid_content":false,"footnotes":"","jetpack_publicize_message":"","jetpack_publicize_feature_enabled":true,"jetpack_social_post_already_shared":true,"jetpack_social_options":{"image_generator_settings":{"template":"highway","default_image_id":0,"font":"","enabled":false},"version":2}},"categories":[5,3,6],"tags":[],"class_list":{"0":"post-41797","1":"post","2":"type-post","3":"status-publish","4":"format-standard","5":"has-post-thumbnail","7":"category-imagen","8":"category-mesa-de-redaccion","9":"category-tendencias"},"jetpack_publicize_connections":[],"jetpack_featured_media_url":"https:\/\/i0.wp.com\/redaccionoaxaca.com\/wp-content\/uploads\/2026\/04\/IMG-20260428-WA0080.jpg?fit=1600%2C900&ssl=1","jetpack_sharing_enabled":true,"jetpack_shortlink":"https:\/\/wp.me\/p9Ynjw-aS9","jetpack-related-posts":[{"id":2231,"url":"https:\/\/redaccionoaxaca.com\/index.php\/2018\/08\/23\/refuerza-sedena-campana-contra-uso-de-juguetes-belicos-los-intercambian-por-juguetes-didacticos\/","url_meta":{"origin":41797,"position":0},"title":"Refuerza Sedena campa\u00f1a contra uso de juguetes b\u00e9licos, los intercambian por juguetes did\u00e1cticos","author":"denise","date":"agosto 23, 2018","format":"video","excerpt":"\u00a0 Una colaboraci\u00f3n de Maira Ric\u00e1rdez y Denisse Cruz, para\u00a0#Redacci\u00f3noaxaca La Secretar\u00eda de la Defensa Nacional focaliza esfuerzos ahora con la poblaci\u00f3n infantil, de la campa\u00f1a dirigida expresamente a adultos que entregaban armas de todo tipo que tuvieran como propiedad a cambio de dinero, se dirigen ahora a los menores\u2026","rel":"","context":"En &quot;Agenda Pol\u00edtica&quot;","block_context":{"text":"Agenda Pol\u00edtica","link":"https:\/\/redaccionoaxaca.com\/index.php\/category\/agenda-politica\/"},"img":{"alt_text":"","src":"","width":0,"height":0},"classes":[]},{"id":34934,"url":"https:\/\/redaccionoaxaca.com\/index.php\/2025\/01\/02\/favoritismo-y-complicidad-denuncian-burocratas-que-se-quedaron-sin-plazas-laborales\/","url_meta":{"origin":41797,"position":1},"title":"Favoritismo y complicidad denuncian bur\u00f3cratas que se quedaron sin plazas laborales","author":"ariadna","date":"enero 2, 2025","format":false,"excerpt":"#Redacci\u00f3nOaxaca #Oaxaca Jaime GUERRERO Bur\u00f3cratas despedidos por obtener plazas laborales irregulares, tomaron accesos del palacio y dependencias del Gobierno del Oaxaca. Ayer el Consejero Jur\u00eddico del Gobierno del Estado, Geovany Vasquez Sagrero, reiter\u00f3 que las 1 mil 344 plazas laborales de bur\u00f3cratas del #STPEIDCEO que fueron anuladas, SI SON IRREGULARES.\u2026","rel":"","context":"En &quot;Agenda Pol\u00edtica&quot;","block_context":{"text":"Agenda Pol\u00edtica","link":"https:\/\/redaccionoaxaca.com\/index.php\/category\/agenda-politica\/"},"img":{"alt_text":"","src":"","width":0,"height":0},"classes":[]},{"id":6683,"url":"https:\/\/redaccionoaxaca.com\/index.php\/2019\/05\/07\/300-mil-personas-viven-con-discapacidad-en-oaxaca-este-mayo-habra-jornadas-medicas-gratuitas\/","url_meta":{"origin":41797,"position":2},"title":"300 mil personas viven con discapacidad en Oaxaca, este mayo habr\u00e1  jornadas m\u00e9dicas gratuitas.","author":"mayra","date":"mayo 7, 2019","format":false,"excerpt":"#Redacci\u00f3nOaxaca #Oaxaca Maira Ric\u00e1rdez En el Estado de Oaxaca, de acuerdo al \u00faltimo censo del Instituto Nacional de Estad\u00edstica y Geograf\u00eda (INEGI) existen\u00a0\u00a0alrededor de 300 mil personas con discapacidad de diversos tipos, la mayor\u00eda se trata de alguna discapacidad motriz, estableci\u00f3 la Directora de Operaci\u00f3n de Bienestar del Sistema DIF\u2026","rel":"","context":"Entrada similar ","block_context":{"text":"Entrada similar ","link":""},"img":{"alt_text":"","src":"","width":0,"height":0},"classes":[]},{"id":2839,"url":"https:\/\/redaccionoaxaca.com\/index.php\/2018\/09\/28\/__trashed\/","url_meta":{"origin":41797,"position":3},"title":"Se llev\u00f3 a cabo la destrucci\u00f3n de 2 mil 122 replicas de armas,recaudados en la campa\u00f1a &#8220;Juguemos sin Violencia&#8221;.","author":"gaby","date":"septiembre 28, 2018","format":"video","excerpt":"#Redacci\u00f3nOaxaca #Oaxaca Ariadna Mendoza y Denisse Cruz\u00a0 campa\u00f1a \u201cJuguemos sin Violencia \u201c Se llev\u00f3 a cabo la ceremonia \u00a0de destrucci\u00f3n de Juguetes \u201cReplicas de Armas\u201d, en la 28 va zona militar de Santa Mar\u00eda Ixcotel, los cuales se recolectaron de la campa\u00f1a \u201cJuguemos sin violencia\u201d la cual se implement\u00f3 en\u2026","rel":"","context":"En &quot;Tendencias&quot;","block_context":{"text":"Tendencias","link":"https:\/\/redaccionoaxaca.com\/index.php\/category\/tendencias\/"},"img":{"alt_text":"","src":"","width":0,"height":0},"classes":[]},{"id":41793,"url":"https:\/\/redaccionoaxaca.com\/index.php\/2026\/04\/28\/impulsara-nino-morales-que-modelo-oaxaqueno-de-atencion-al-autismo-se-replique-en-todo-el-pais\/","url_meta":{"origin":41797,"position":4},"title":"IMPULSAR\u00c1 NINO MORALES QUE MODELO OAXAQUE\u00d1O DE ATENCI\u00d3N AL AUTISMO SE REPLIQUE EN TODO EL PA\u00cdS","author":"ariadna","date":"abril 28, 2026","format":false,"excerpt":"#Redacci\u00f3nOaxaca #Oaxaca \u2022\u00a0 Fortalece la inclusi\u00f3n y el cumplimiento efectivo de derechos de quienes presentan Trastorno del Espectro Autista \u2022\u00a0 El Sistema DIF Oaxaca consolida una pol\u00edtica que coloca en el centro a los grupos prioritarios con inversi\u00f3n hist\u00f3rica El senador oaxaque\u00f1o Antonino Morales Toledo inform\u00f3 que presentar\u00e1 ante el\u2026","rel":"","context":"En &quot;Agenda Pol\u00edtica&quot;","block_context":{"text":"Agenda Pol\u00edtica","link":"https:\/\/redaccionoaxaca.com\/index.php\/category\/agenda-politica\/"},"img":{"alt_text":"","src":"https:\/\/i0.wp.com\/redaccionoaxaca.com\/wp-content\/uploads\/2026\/04\/IMG-20260428-WA0145-1-scaled.jpg?fit=1200%2C1047&ssl=1&resize=350%2C200","width":350,"height":200,"srcset":"https:\/\/i0.wp.com\/redaccionoaxaca.com\/wp-content\/uploads\/2026\/04\/IMG-20260428-WA0145-1-scaled.jpg?fit=1200%2C1047&ssl=1&resize=350%2C200 1x, https:\/\/i0.wp.com\/redaccionoaxaca.com\/wp-content\/uploads\/2026\/04\/IMG-20260428-WA0145-1-scaled.jpg?fit=1200%2C1047&ssl=1&resize=525%2C300 1.5x, https:\/\/i0.wp.com\/redaccionoaxaca.com\/wp-content\/uploads\/2026\/04\/IMG-20260428-WA0145-1-scaled.jpg?fit=1200%2C1047&ssl=1&resize=700%2C400 2x, https:\/\/i0.wp.com\/redaccionoaxaca.com\/wp-content\/uploads\/2026\/04\/IMG-20260428-WA0145-1-scaled.jpg?fit=1200%2C1047&ssl=1&resize=1050%2C600 3x"},"classes":[]},{"id":25289,"url":"https:\/\/redaccionoaxaca.com\/index.php\/2022\/04\/27\/tejen-puente-de-colores-para-unir-a-ninos-y-ninas-de-todo-el-pais-a-traves-de-su-arte-el-evento-tendra-lugar-este-30-de-abril-en-los-pinos-oaxaca-estara-presente\/","url_meta":{"origin":41797,"position":5},"title":"Tejen puente de colores para unir a ni\u00f1os y ni\u00f1as de todo el pa\u00eds a trav\u00e9s de su arte; el evento tendr\u00e1 lugar este 30 de abril en Los Pinos, Oaxaca estar\u00e1 presente.","author":"ariadna","date":"abril 27, 2022","format":false,"excerpt":"#Redacci\u00f3nOaxaca #Oaxaca Maira Ric\u00e1rdez \u201cPuente de colores\u201d es un intercambio cultural a partir de una exposici\u00f3n infantil entre todos los estados del pa\u00eds, Oaxaca est\u00e1 listo para presentarse al Complejo Cultural Los Pinos este s\u00e1bado 30 de abril y el domingo 01 de mayo, de 11 de la ma\u00f1ana a\u2026","rel":"","context":"En &quot;Imagen&quot;","block_context":{"text":"Imagen","link":"https:\/\/redaccionoaxaca.com\/index.php\/category\/imagen\/"},"img":{"alt_text":"","src":"","width":0,"height":0},"classes":[]}],"_links":{"self":[{"href":"https:\/\/redaccionoaxaca.com\/index.php\/wp-json\/wp\/v2\/posts\/41797","targetHints":{"allow":["GET"]}}],"collection":[{"href":"https:\/\/redaccionoaxaca.com\/index.php\/wp-json\/wp\/v2\/posts"}],"about":[{"href":"https:\/\/redaccionoaxaca.com\/index.php\/wp-json\/wp\/v2\/types\/post"}],"author":[{"embeddable":true,"href":"https:\/\/redaccionoaxaca.com\/index.php\/wp-json\/wp\/v2\/users\/9"}],"replies":[{"embeddable":true,"href":"https:\/\/redaccionoaxaca.com\/index.php\/wp-json\/wp\/v2\/comments?post=41797"}],"version-history":[{"count":3,"href":"https:\/\/redaccionoaxaca.com\/index.php\/wp-json\/wp\/v2\/posts\/41797\/revisions"}],"predecessor-version":[{"id":41802,"href":"https:\/\/redaccionoaxaca.com\/index.php\/wp-json\/wp\/v2\/posts\/41797\/revisions\/41802"}],"wp:featuredmedia":[{"embeddable":true,"href":"https:\/\/redaccionoaxaca.com\/index.php\/wp-json\/wp\/v2\/media\/41798"}],"wp:attachment":[{"href":"https:\/\/redaccionoaxaca.com\/index.php\/wp-json\/wp\/v2\/media?parent=41797"}],"wp:term":[{"taxonomy":"category","embeddable":true,"href":"https:\/\/redaccionoaxaca.com\/index.php\/wp-json\/wp\/v2\/categories?post=41797"},{"taxonomy":"post_tag","embeddable":true,"href":"https:\/\/redaccionoaxaca.com\/index.php\/wp-json\/wp\/v2\/tags?post=41797"}],"curies":[{"name":"wp","href":"https:\/\/api.w.org\/{rel}","templated":true}]}}