{"id":41803,"date":"2026-04-28T23:01:54","date_gmt":"2026-04-29T05:01:54","guid":{"rendered":"https:\/\/redaccionoaxaca.com\/?p=41803"},"modified":"2026-04-28T23:01:54","modified_gmt":"2026-04-29T05:01:54","slug":"presentan-iniciativa-para-incorporar-la-igualdad-sustantiva-y-perspectiva-de-genero-en-el-sistema-de-salud","status":"publish","type":"post","link":"https:\/\/redaccionoaxaca.com\/index.php\/2026\/04\/28\/presentan-iniciativa-para-incorporar-la-igualdad-sustantiva-y-perspectiva-de-genero-en-el-sistema-de-salud\/","title":{"rendered":"Presentan iniciativa para incorporar la igualdad sustantiva y perspectiva de g\u00e9nero en el sistema de salud"},"content":{"rendered":"<p><strong>#Redacci\u00f3nOaxaca<\/strong><\/p>\n<p><strong>#Oaxaca <\/strong><\/p>\n<p style=\"text-align: justify;\">* <em>Esta propuesta qued\u00f3 reservada para el Segundo Periodo Ordinario de Sesiones del Segundo A\u00f1o de Ejercicio Legal<\/em><\/p>\n<p style=\"text-align: justify;\">San Raymundo Jalpan, Oax., a 28 de abril de 2026.- Con el fin de armonizar la legislaci\u00f3n local con el marco federal y asegurar un acceso equitativo a los servicios m\u00e9dicos, la diputada Hayde\u00e9 Irma Reyes Soto, integrante del Grupo Parlamentario de Morena, present\u00f3 una iniciativa para reformar la Ley Estatal de Salud en materia de interculturalidad, perspectiva de g\u00e9nero y derechos humanos.<\/p>\n<p><img data-recalc-dims=\"1\" loading=\"lazy\" decoding=\"async\" data-attachment-id=\"41804\" data-permalink=\"https:\/\/redaccionoaxaca.com\/index.php\/2026\/04\/28\/presentan-iniciativa-para-incorporar-la-igualdad-sustantiva-y-perspectiva-de-genero-en-el-sistema-de-salud\/screenshot_20260428_225753_facebook\/\" data-orig-file=\"https:\/\/i0.wp.com\/redaccionoaxaca.com\/wp-content\/uploads\/2026\/04\/Screenshot_20260428_225753_Facebook-scaled.jpg?fit=2560%2C1538&amp;ssl=1\" data-orig-size=\"2560,1538\" data-comments-opened=\"1\" data-image-meta=\"{&quot;aperture&quot;:&quot;0&quot;,&quot;credit&quot;:&quot;&quot;,&quot;camera&quot;:&quot;&quot;,&quot;caption&quot;:&quot;&quot;,&quot;created_timestamp&quot;:&quot;0&quot;,&quot;copyright&quot;:&quot;&quot;,&quot;focal_length&quot;:&quot;0&quot;,&quot;iso&quot;:&quot;0&quot;,&quot;shutter_speed&quot;:&quot;0&quot;,&quot;title&quot;:&quot;&quot;,&quot;orientation&quot;:&quot;1&quot;}\" data-image-title=\"Screenshot_20260428_225753_Facebook\" data-image-description=\"\" data-image-caption=\"\" data-large-file=\"https:\/\/i0.wp.com\/redaccionoaxaca.com\/wp-content\/uploads\/2026\/04\/Screenshot_20260428_225753_Facebook-scaled.jpg?fit=696%2C418&amp;ssl=1\" class=\"size-medium wp-image-41804 aligncenter\" src=\"https:\/\/i0.wp.com\/redaccionoaxaca.com\/wp-content\/uploads\/2026\/04\/Screenshot_20260428_225753_Facebook.jpg?resize=300%2C180&#038;ssl=1\" alt=\"\" width=\"300\" height=\"180\" srcset=\"https:\/\/i0.wp.com\/redaccionoaxaca.com\/wp-content\/uploads\/2026\/04\/Screenshot_20260428_225753_Facebook-scaled.jpg?resize=300%2C180&amp;ssl=1 300w, https:\/\/i0.wp.com\/redaccionoaxaca.com\/wp-content\/uploads\/2026\/04\/Screenshot_20260428_225753_Facebook-scaled.jpg?resize=1024%2C615&amp;ssl=1 1024w, https:\/\/i0.wp.com\/redaccionoaxaca.com\/wp-content\/uploads\/2026\/04\/Screenshot_20260428_225753_Facebook-scaled.jpg?resize=768%2C461&amp;ssl=1 768w, https:\/\/i0.wp.com\/redaccionoaxaca.com\/wp-content\/uploads\/2026\/04\/Screenshot_20260428_225753_Facebook-scaled.jpg?resize=1536%2C923&amp;ssl=1 1536w, https:\/\/i0.wp.com\/redaccionoaxaca.com\/wp-content\/uploads\/2026\/04\/Screenshot_20260428_225753_Facebook-scaled.jpg?resize=2048%2C1230&amp;ssl=1 2048w, https:\/\/i0.wp.com\/redaccionoaxaca.com\/wp-content\/uploads\/2026\/04\/Screenshot_20260428_225753_Facebook-scaled.jpg?resize=699%2C420&amp;ssl=1 699w, https:\/\/i0.wp.com\/redaccionoaxaca.com\/wp-content\/uploads\/2026\/04\/Screenshot_20260428_225753_Facebook-scaled.jpg?resize=696%2C418&amp;ssl=1 696w, https:\/\/i0.wp.com\/redaccionoaxaca.com\/wp-content\/uploads\/2026\/04\/Screenshot_20260428_225753_Facebook-scaled.jpg?resize=1068%2C641&amp;ssl=1 1068w, https:\/\/i0.wp.com\/redaccionoaxaca.com\/wp-content\/uploads\/2026\/04\/Screenshot_20260428_225753_Facebook-scaled.jpg?w=1392&amp;ssl=1 1392w\" sizes=\"auto, (max-width: 300px) 100vw, 300px\" \/><\/p>\n<p style=\"text-align: justify;\">La propuesta busca que las pol\u00edticas p\u00fablicas de salud en la entidad incorporen obligatoriamente principios de interculturalidad, interseccionalidad y enfoque diferencial. El objetivo es garantizar el acceso pleno y efectivo a la atenci\u00f3n m\u00e9dica para las mujeres, la ni\u00f1ez y los grupos en situaci\u00f3n de vulnerabilidad en las ocho regiones del estado.<\/p>\n<p style=\"text-align: justify;\">Al respecto, la legisladora subray\u00f3 que armonizar la normativa local con la Ley General de Salud es una acci\u00f3n necesaria para trascender de la igualdad formal a la igualdad material. \u00abSe requiere un sistema que asegure la aplicaci\u00f3n de estos derechos de manera efectiva y sin condiciones\u00bb, se\u00f1al\u00f3.<\/p>\n<p style=\"text-align: justify;\">En este sentido, la reforma plantea fortalecer la prevenci\u00f3n de enfermedades desde un enfoque diferencial, perspectiva de g\u00e9nero e interculturalidad; coadyuvar en el cumplimiento de lo dispuesto en las Normas Oficiales Mexicanas para la detecci\u00f3n, atenci\u00f3n y prevenci\u00f3n de las violencias contra las mujeres, garantizando su cumplimiento en los servicios de salud. Asimismo, busca erradicar servicios condicionados y garantizar la atenci\u00f3n integral en salud mental con visi\u00f3n comunitaria.<\/p>\n<p style=\"text-align: justify;\">Reyes Soto sostuvo que esta adecuaci\u00f3n representa un paso fundamental hacia la transformaci\u00f3n institucional, permitiendo que el Sistema Estatal de Salud responda con pertinencia cultural a las necesidades de las comunidades ind\u00edgenas y afromexicanas. Con ello, se cumple con un mandato de coherencia legislativa para construir una sociedad m\u00e1s justa, igualitaria e incluyente en Oaxaca.<\/p>\n<p style=\"text-align: justify;\">Esta propuesta qued\u00f3 reservada para el Segundo Periodo Ordinario de Sesiones del Segundo A\u00f1o de Ejercicio Legal.<\/p>\n<p><img data-recalc-dims=\"1\" loading=\"lazy\" decoding=\"async\" data-attachment-id=\"41805\" data-permalink=\"https:\/\/redaccionoaxaca.com\/index.php\/2026\/04\/28\/presentan-iniciativa-para-incorporar-la-igualdad-sustantiva-y-perspectiva-de-genero-en-el-sistema-de-salud\/screenshot_20260428_225758_facebook\/\" data-orig-file=\"https:\/\/i0.wp.com\/redaccionoaxaca.com\/wp-content\/uploads\/2026\/04\/Screenshot_20260428_225758_Facebook-scaled.jpg?fit=2560%2C1756&amp;ssl=1\" data-orig-size=\"2560,1756\" data-comments-opened=\"1\" data-image-meta=\"{&quot;aperture&quot;:&quot;0&quot;,&quot;credit&quot;:&quot;&quot;,&quot;camera&quot;:&quot;&quot;,&quot;caption&quot;:&quot;&quot;,&quot;created_timestamp&quot;:&quot;0&quot;,&quot;copyright&quot;:&quot;&quot;,&quot;focal_length&quot;:&quot;0&quot;,&quot;iso&quot;:&quot;0&quot;,&quot;shutter_speed&quot;:&quot;0&quot;,&quot;title&quot;:&quot;&quot;,&quot;orientation&quot;:&quot;1&quot;}\" data-image-title=\"Screenshot_20260428_225758_Facebook\" data-image-description=\"\" data-image-caption=\"\" data-large-file=\"https:\/\/i0.wp.com\/redaccionoaxaca.com\/wp-content\/uploads\/2026\/04\/Screenshot_20260428_225758_Facebook-scaled.jpg?fit=696%2C477&amp;ssl=1\" class=\"size-medium wp-image-41805 aligncenter\" src=\"https:\/\/i0.wp.com\/redaccionoaxaca.com\/wp-content\/uploads\/2026\/04\/Screenshot_20260428_225758_Facebook.jpg?resize=300%2C206&#038;ssl=1\" alt=\"\" width=\"300\" height=\"206\" srcset=\"https:\/\/i0.wp.com\/redaccionoaxaca.com\/wp-content\/uploads\/2026\/04\/Screenshot_20260428_225758_Facebook-scaled.jpg?resize=300%2C206&amp;ssl=1 300w, https:\/\/i0.wp.com\/redaccionoaxaca.com\/wp-content\/uploads\/2026\/04\/Screenshot_20260428_225758_Facebook-scaled.jpg?resize=1024%2C702&amp;ssl=1 1024w, https:\/\/i0.wp.com\/redaccionoaxaca.com\/wp-content\/uploads\/2026\/04\/Screenshot_20260428_225758_Facebook-scaled.jpg?resize=768%2C527&amp;ssl=1 768w, https:\/\/i0.wp.com\/redaccionoaxaca.com\/wp-content\/uploads\/2026\/04\/Screenshot_20260428_225758_Facebook-scaled.jpg?resize=1536%2C1053&amp;ssl=1 1536w, https:\/\/i0.wp.com\/redaccionoaxaca.com\/wp-content\/uploads\/2026\/04\/Screenshot_20260428_225758_Facebook-scaled.jpg?resize=2048%2C1404&amp;ssl=1 2048w, https:\/\/i0.wp.com\/redaccionoaxaca.com\/wp-content\/uploads\/2026\/04\/Screenshot_20260428_225758_Facebook-scaled.jpg?resize=612%2C420&amp;ssl=1 612w, https:\/\/i0.wp.com\/redaccionoaxaca.com\/wp-content\/uploads\/2026\/04\/Screenshot_20260428_225758_Facebook-scaled.jpg?resize=218%2C150&amp;ssl=1 218w, https:\/\/i0.wp.com\/redaccionoaxaca.com\/wp-content\/uploads\/2026\/04\/Screenshot_20260428_225758_Facebook-scaled.jpg?resize=696%2C477&amp;ssl=1 696w, https:\/\/i0.wp.com\/redaccionoaxaca.com\/wp-content\/uploads\/2026\/04\/Screenshot_20260428_225758_Facebook-scaled.jpg?resize=1068%2C732&amp;ssl=1 1068w, https:\/\/i0.wp.com\/redaccionoaxaca.com\/wp-content\/uploads\/2026\/04\/Screenshot_20260428_225758_Facebook-scaled.jpg?resize=100%2C70&amp;ssl=1 100w, https:\/\/i0.wp.com\/redaccionoaxaca.com\/wp-content\/uploads\/2026\/04\/Screenshot_20260428_225758_Facebook-scaled.jpg?w=1392&amp;ssl=1 1392w\" sizes=\"auto, (max-width: 300px) 100vw, 300px\" \/><\/p>\n","protected":false},"excerpt":{"rendered":"<p>#Redacci\u00f3nOaxaca #Oaxaca * Esta propuesta qued\u00f3 reservada para el Segundo Periodo Ordinario de Sesiones del Segundo A\u00f1o de Ejercicio Legal San Raymundo Jalpan, Oax., a 28 de abril de 2026.- Con el fin de armonizar la legislaci\u00f3n local con el marco federal y asegurar un acceso equitativo a los servicios m\u00e9dicos, la diputada Hayde\u00e9 Irma [&hellip;]<\/p>\n","protected":false},"author":9,"featured_media":41804,"comment_status":"open","ping_status":"open","sticky":false,"template":"","format":"standard","meta":{"jetpack_post_was_ever_published":false,"_jetpack_newsletter_access":"","_jetpack_dont_email_post_to_subs":false,"_jetpack_newsletter_tier_id":0,"_jetpack_memberships_contains_paywalled_content":false,"_jetpack_memberships_contains_paid_content":false,"footnotes":"","jetpack_publicize_message":"","jetpack_publicize_feature_enabled":true,"jetpack_social_post_already_shared":true,"jetpack_social_options":{"image_generator_settings":{"template":"highway","default_image_id":0,"font":"","enabled":false},"version":2}},"categories":[4,5,3],"tags":[],"class_list":{"0":"post-41803","1":"post","2":"type-post","3":"status-publish","4":"format-standard","5":"has-post-thumbnail","7":"category-agenda-politica","8":"category-imagen","9":"category-mesa-de-redaccion"},"jetpack_publicize_connections":[],"jetpack_featured_media_url":"https:\/\/i0.wp.com\/redaccionoaxaca.com\/wp-content\/uploads\/2026\/04\/Screenshot_20260428_225753_Facebook-scaled.jpg?fit=2560%2C1538&ssl=1","jetpack_sharing_enabled":true,"jetpack_shortlink":"https:\/\/wp.me\/p9Ynjw-aSf","jetpack-related-posts":[{"id":36839,"url":"https:\/\/redaccionoaxaca.com\/index.php\/2025\/05\/14\/congreso-local-plantea-legislar-en-favor-de-las-trabajadoras-de-gobierno-que-hayan-sufrido-un-aborto-espontaneo-muerte-fetal-o-perinatal\/","url_meta":{"origin":41803,"position":0},"title":"Congreso local plantea legislar en favor de las trabajadoras de gobierno que hayan sufrido un aborto espont\u00e1neo, muerte fetal o perinatal","author":"ariadna","date":"mayo 14, 2025","format":false,"excerpt":"#Redacci\u00f3nOaxaca #Oaxaca * La iniciativa busca establecer una licencia laboral con goce de sueldo de 15 d\u00edas h\u00e1biles para las que hayan tenido este tipo de p\u00e9rdida * Se contempla otorgar un permiso con goce de sueldo de cinco jornadas laborables por el fallecimiento de familiares por consanguinidad en primer\u2026","rel":"","context":"En &quot;Agenda Pol\u00edtica&quot;","block_context":{"text":"Agenda Pol\u00edtica","link":"https:\/\/redaccionoaxaca.com\/index.php\/category\/agenda-politica\/"},"img":{"alt_text":"","src":"","width":0,"height":0},"classes":[]},{"id":41767,"url":"https:\/\/redaccionoaxaca.com\/index.php\/2026\/04\/25\/presentan-en-el-congreso-del-estado-propuesta-para-garantizar-el-acceso-a-plataformas-gubernamentales-en-lenguas-indigenas\/","url_meta":{"origin":41803,"position":1},"title":"Presentan en el Congreso del Estado propuesta para garantizar el acceso a plataformas gubernamentales en lenguas ind\u00edgenas","author":"ariadna","date":"abril 25, 2026","format":false,"excerpt":"#Redacci\u00f3nOaxaca #Oaxaca * Se plantea que las plataformas digitales cuenten con traducciones escritas, im\u00e1genes, as\u00ed como herramientas de audio y video San Raymundo Jalpan, Oax., a 25 de abril de 2026.- Con el objetivo de fortalecer el acceso igualitario a la informaci\u00f3n p\u00fablica, la diputada Analy Peral Vivar, integrante del\u2026","rel":"","context":"En &quot;Agenda Pol\u00edtica&quot;","block_context":{"text":"Agenda Pol\u00edtica","link":"https:\/\/redaccionoaxaca.com\/index.php\/category\/agenda-politica\/"},"img":{"alt_text":"","src":"https:\/\/i0.wp.com\/redaccionoaxaca.com\/wp-content\/uploads\/2026\/04\/Screenshot_20260425_194515_Facebook-scaled.jpg?fit=1200%2C562&ssl=1&resize=350%2C200","width":350,"height":200,"srcset":"https:\/\/i0.wp.com\/redaccionoaxaca.com\/wp-content\/uploads\/2026\/04\/Screenshot_20260425_194515_Facebook-scaled.jpg?fit=1200%2C562&ssl=1&resize=350%2C200 1x, https:\/\/i0.wp.com\/redaccionoaxaca.com\/wp-content\/uploads\/2026\/04\/Screenshot_20260425_194515_Facebook-scaled.jpg?fit=1200%2C562&ssl=1&resize=525%2C300 1.5x, https:\/\/i0.wp.com\/redaccionoaxaca.com\/wp-content\/uploads\/2026\/04\/Screenshot_20260425_194515_Facebook-scaled.jpg?fit=1200%2C562&ssl=1&resize=700%2C400 2x, https:\/\/i0.wp.com\/redaccionoaxaca.com\/wp-content\/uploads\/2026\/04\/Screenshot_20260425_194515_Facebook-scaled.jpg?fit=1200%2C562&ssl=1&resize=1050%2C600 3x"},"classes":[]},{"id":38584,"url":"https:\/\/redaccionoaxaca.com\/index.php\/2025\/10\/07\/realiza-la-diputacion-permanente-del-congreso-de-oaxaca-su-primera-sesion-ordinaria-en-el-segundo-periodo-de-receso-de-la-lxvi-legislatura\/","url_meta":{"origin":41803,"position":2},"title":"Realiza la Diputaci\u00f3n Permanente del Congreso de Oaxaca su primera Sesi\u00f3n Ordinaria en el Segundo Periodo de Receso de la LXVI Legislatura","author":"ariadna","date":"octubre 7, 2025","format":false,"excerpt":"#Redacci\u00f3nOaxaca #Oaxaca * Se present\u00f3 una Iniciativa de Reforma de Ley y una propuesta de exhorto San Raymundo Jalpan, Oax., a 07 de octubre de 2025.- La Diputaci\u00f3n Permanente del Congreso del Estado encabezada por su presidente, el diputado Juan Marcelino S\u00e1nchez Valdivieso, realiz\u00f3 su primera Sesi\u00f3n Ordinaria en el\u2026","rel":"","context":"En &quot;Agenda Pol\u00edtica&quot;","block_context":{"text":"Agenda Pol\u00edtica","link":"https:\/\/redaccionoaxaca.com\/index.php\/category\/agenda-politica\/"},"img":{"alt_text":"","src":"https:\/\/i0.wp.com\/redaccionoaxaca.com\/wp-content\/uploads\/2025\/10\/Screenshot_20251007_191529_Facebook-300x189.jpg?resize=350%2C200&ssl=1","width":350,"height":200},"classes":[]},{"id":38215,"url":"https:\/\/redaccionoaxaca.com\/index.php\/2025\/09\/11\/viveros-montalvo-presenta-iniciativa-para-expedir-la-ley-para-el-bienestar-de-las-juventudes-oaxaquenas\/","url_meta":{"origin":41803,"position":3},"title":"Viveros Montalvo presenta iniciativa para expedir la Ley para el Bienestar de las Juventudes Oaxaque\u00f1as","author":"ariadna","date":"septiembre 11, 2025","format":false,"excerpt":"#Redacci\u00f3nOaxaca #Oaxaca * De ser aprobada, su aplicaci\u00f3n corresponder\u00e1 a todas las autoridades estatales y municipales * Tiene por objetivo promover y garantizar el goce, ejercicio, respeto, protecci\u00f3n, sanci\u00f3n y promoci\u00f3n de los derechos humanos de las y los j\u00f3venes * Plantea la creaci\u00f3n del Sistema para el Bienestar de\u2026","rel":"","context":"En &quot;Agenda Pol\u00edtica&quot;","block_context":{"text":"Agenda Pol\u00edtica","link":"https:\/\/redaccionoaxaca.com\/index.php\/category\/agenda-politica\/"},"img":{"alt_text":"","src":"https:\/\/i0.wp.com\/redaccionoaxaca.com\/wp-content\/uploads\/2025\/09\/Screenshot_20250911_145954_Facebook-scaled.jpg?fit=1200%2C797&ssl=1&resize=350%2C200","width":350,"height":200,"srcset":"https:\/\/i0.wp.com\/redaccionoaxaca.com\/wp-content\/uploads\/2025\/09\/Screenshot_20250911_145954_Facebook-scaled.jpg?fit=1200%2C797&ssl=1&resize=350%2C200 1x, https:\/\/i0.wp.com\/redaccionoaxaca.com\/wp-content\/uploads\/2025\/09\/Screenshot_20250911_145954_Facebook-scaled.jpg?fit=1200%2C797&ssl=1&resize=525%2C300 1.5x, https:\/\/i0.wp.com\/redaccionoaxaca.com\/wp-content\/uploads\/2025\/09\/Screenshot_20250911_145954_Facebook-scaled.jpg?fit=1200%2C797&ssl=1&resize=700%2C400 2x, https:\/\/i0.wp.com\/redaccionoaxaca.com\/wp-content\/uploads\/2025\/09\/Screenshot_20250911_145954_Facebook-scaled.jpg?fit=1200%2C797&ssl=1&resize=1050%2C600 3x"},"classes":[]},{"id":28779,"url":"https:\/\/redaccionoaxaca.com\/index.php\/2023\/04\/21\/propone-diputada-haydee-reyes-soto-iniciativa-para-crear-ley-de-prevencion-tratamiento-y-control-de-adicciones\/","url_meta":{"origin":41803,"position":4},"title":"Propone diputada Hayde\u00e9 Reyes Soto iniciativa para crear Ley de Prevenci\u00f3n, Tratamiento y Control de Adicciones","author":"ariadna","date":"abril 21, 2023","format":false,"excerpt":"#Redacci\u00f3nOaxaca #Oaxaca \u2022 En Oaxaca, la poblaci\u00f3n infantil y juvenil es la m\u00e1s vulnerable ante este problema de salud p\u00fablica. San Raymundo Jalpan, Oax. 21 de abril de 2023.- Para contar con un marco legal que establezca las directrices y estrategias efectivas para prevenir y atender de forma integral el\u2026","rel":"","context":"En &quot;Agenda Pol\u00edtica&quot;","block_context":{"text":"Agenda Pol\u00edtica","link":"https:\/\/redaccionoaxaca.com\/index.php\/category\/agenda-politica\/"},"img":{"alt_text":"","src":"","width":0,"height":0},"classes":[]},{"id":22516,"url":"https:\/\/redaccionoaxaca.com\/index.php\/2021\/11\/24\/realizan-poder-judicial-inpi-y-ciesas-seminario-internacional-sobre-pluralismo-juridico\/","url_meta":{"origin":41803,"position":5},"title":"Realizan Poder Judicial, INPI y CIESAS Seminario Internacional sobre Pluralismo Jur\u00eddico.","author":"ariadna","date":"noviembre 24, 2021","format":false,"excerpt":"#Redacci\u00f3nOaxaca #Oaxaca\u00a0 Al inaugurar el Seminario Internacional sobre Sistemas Normativos Ind\u00edgenas y Pluralismo Jur\u00eddico, el titular del Poder Judicial del Estado, Magistrado Eduardo Pinacho S\u00e1nchez, reconoci\u00f3 que la compleja impartici\u00f3n de justicia en una sociedad pluricultural y diversa como la de Oaxaca y el pa\u00eds, llama a las instituciones a\u2026","rel":"","context":"En &quot;Agenda Pol\u00edtica&quot;","block_context":{"text":"Agenda Pol\u00edtica","link":"https:\/\/redaccionoaxaca.com\/index.php\/category\/agenda-politica\/"},"img":{"alt_text":"","src":"https:\/\/i0.wp.com\/redaccionoaxaca.com\/wp-content\/uploads\/2021\/11\/images-42-300x224.jpeg?resize=350%2C200&ssl=1","width":350,"height":200},"classes":[]}],"_links":{"self":[{"href":"https:\/\/redaccionoaxaca.com\/index.php\/wp-json\/wp\/v2\/posts\/41803","targetHints":{"allow":["GET"]}}],"collection":[{"href":"https:\/\/redaccionoaxaca.com\/index.php\/wp-json\/wp\/v2\/posts"}],"about":[{"href":"https:\/\/redaccionoaxaca.com\/index.php\/wp-json\/wp\/v2\/types\/post"}],"author":[{"embeddable":true,"href":"https:\/\/redaccionoaxaca.com\/index.php\/wp-json\/wp\/v2\/users\/9"}],"replies":[{"embeddable":true,"href":"https:\/\/redaccionoaxaca.com\/index.php\/wp-json\/wp\/v2\/comments?post=41803"}],"version-history":[{"count":1,"href":"https:\/\/redaccionoaxaca.com\/index.php\/wp-json\/wp\/v2\/posts\/41803\/revisions"}],"predecessor-version":[{"id":41806,"href":"https:\/\/redaccionoaxaca.com\/index.php\/wp-json\/wp\/v2\/posts\/41803\/revisions\/41806"}],"wp:featuredmedia":[{"embeddable":true,"href":"https:\/\/redaccionoaxaca.com\/index.php\/wp-json\/wp\/v2\/media\/41804"}],"wp:attachment":[{"href":"https:\/\/redaccionoaxaca.com\/index.php\/wp-json\/wp\/v2\/media?parent=41803"}],"wp:term":[{"taxonomy":"category","embeddable":true,"href":"https:\/\/redaccionoaxaca.com\/index.php\/wp-json\/wp\/v2\/categories?post=41803"},{"taxonomy":"post_tag","embeddable":true,"href":"https:\/\/redaccionoaxaca.com\/index.php\/wp-json\/wp\/v2\/tags?post=41803"}],"curies":[{"name":"wp","href":"https:\/\/api.w.org\/{rel}","templated":true}]}}