{"id":41807,"date":"2026-04-29T15:15:49","date_gmt":"2026-04-29T21:15:49","guid":{"rendered":"https:\/\/redaccionoaxaca.com\/?p=41807"},"modified":"2026-04-29T15:15:49","modified_gmt":"2026-04-29T21:15:49","slug":"xoxocotlan-adeudos-millonarios-al-sat-por-isr-retenido-y-no-enterado-por-ex-presidentes","status":"publish","type":"post","link":"https:\/\/redaccionoaxaca.com\/index.php\/2026\/04\/29\/xoxocotlan-adeudos-millonarios-al-sat-por-isr-retenido-y-no-enterado-por-ex-presidentes\/","title":{"rendered":"Xoxocotl\u00e1n: adeudos millonarios al SAT por ISR retenido y no enterado por ex presidentes"},"content":{"rendered":"<p><strong>#Redacci\u00f3nOaxaca<\/strong><\/p>\n<p><strong>#Oaxaca<\/strong><\/p>\n<p><strong>#JaimeGUERRERO<\/strong><\/p>\n<p style=\"text-align: justify;\">La pasadas administraciones al frente del municipio de Santa Cruz Xoxocotl\u00e1n heredaron una deuda de casi 20 millones de pesos ante el Servicio de Administraci\u00f3n Tributaria (SAT) por concepto de Impuesto Sobre la Renta retenido y no enterado.<\/p>\n<p style=\"text-align: justify;\">Los adeudos provienen desde 2016, a la que se suman irregularidades fiscales de 2020 y 2021 heredadas de su antecesor, carga que la actual presidenta municipal, Nancy Ben\u00edtez Zarate, tuvo que enfrentar mediante un convenio de depuraci\u00f3n con el gobierno del estado.<\/p>\n<p style=\"text-align: justify;\">De acuerdo a la Secretar\u00eda de Finanzas, el SAT notific\u00f3 el 26 de febrero de 2025 la existencia de dos cr\u00e9ditos fiscales determinados contra el ayuntamiento.<\/p>\n<p style=\"text-align: justify;\">El primero, con n\u00famero 500-44-00-05-02-2018-01038, corresponde al ISR de pagos provisionales por salarios del mes de julio de 2016.<\/p>\n<p style=\"text-align: justify;\">El segundo, identificado como 500-44-00-04-02-2022-07232, abarca el periodo de enero a septiembre de ese mismo a\u00f1o por concepto de ISR de salarios y asimilados a salarios.<\/p>\n<p style=\"text-align: justify;\">Ambos cr\u00e9ditos, ascienden en conjunto a 19 millones 891 mil 152 pesos y permanecieron sin atender durante las administraciones de Alejandro L\u00f3pez Jarqu\u00edn y se gravaron con Inocente Castellanos Alejos.<\/p>\n<p style=\"text-align: justify;\">Para hacer frente a esa carga, el municipio firm\u00f3 un convenio de colaboraci\u00f3n con el gobierno del estado en el marco del Programa de Depuraci\u00f3n Municipal.<\/p>\n<p style=\"text-align: justify;\">La Secretar\u00eda de Finanzas estatal asumi\u00f3 el 70 por ciento de la deuda, en tanto que el ayuntamiento qued\u00f3 obligado a cubrir el 30 por ciento restante, que es el esquema de apoyo que ha implementado con otros municipios como Santa Luc\u00eda, Oaxaca de Ju\u00e1rez.<\/p>\n<p style=\"text-align: justify;\">En el ejercicio fiscal 2025 se liquid\u00f3 la parte municipal: 5 millones 967 mil 345 pesos con 60 centavos, descontados directamente del Fondo General de Participaciones.<\/p>\n<p style=\"text-align: justify;\">A ese pasivo se agregan las irregularidades detectadas en los ejercicios 2020 y 2021. En ese periodo se registraron diferencias significativas entre los montos de ISR timbrados en n\u00f3mina y los importes declarados y pagados ante el SAT, con un adeudo hist\u00f3rico de 2 millones 972 mil 94 pesos que a\u00fan no se ha convertido en cr\u00e9ditos fiscales, pero que de exigirse incluir\u00eda actualizaciones y recargos.<\/p>\n<p style=\"text-align: justify;\">Entre los casos m\u00e1s graves figuran mayo y julio de 2021, meses en los que esa administraci\u00f3n present\u00f3 declaraciones en cero ante el SAT pese a que s\u00ed se timbr\u00f3 n\u00f3mina por 357 mil 127 y 344 mil 673 pesos, respectivamente.<\/p>\n<p style=\"text-align: justify;\">En otros meses de ese ejercicio, la brecha entre lo timbrado y lo declarado super\u00f3 los 300 mil pesos.<\/p>\n<p style=\"text-align: justify;\">En el ejercicio 2025 el municipio retuvo y enter\u00f3 el ISR por asimilados a salarios de enero a noviembre, con pagos mensuales de entre 373 mil y un mill\u00f3n 454 mil pesos.<\/p>\n<p style=\"text-align: justify;\">El entero de diciembre \u2014por un mill\u00f3n 454 mil 740 pesos\u2014 estaba pendiente, con plazo l\u00edmite al 17 de enero de 2026 y sujeto a ajustes al no haberse timbrado a\u00fan la segunda quincena de ese mes.<\/p>\n<p><img data-recalc-dims=\"1\" loading=\"lazy\" decoding=\"async\" data-attachment-id=\"41808\" data-permalink=\"https:\/\/redaccionoaxaca.com\/index.php\/2026\/04\/29\/xoxocotlan-adeudos-millonarios-al-sat-por-isr-retenido-y-no-enterado-por-ex-presidentes\/img-20260429-wa0050\/\" data-orig-file=\"https:\/\/i0.wp.com\/redaccionoaxaca.com\/wp-content\/uploads\/2026\/04\/IMG-20260429-WA0050.jpg?fit=1320%2C1287&amp;ssl=1\" data-orig-size=\"1320,1287\" data-comments-opened=\"1\" data-image-meta=\"{&quot;aperture&quot;:&quot;0&quot;,&quot;credit&quot;:&quot;&quot;,&quot;camera&quot;:&quot;&quot;,&quot;caption&quot;:&quot;&quot;,&quot;created_timestamp&quot;:&quot;0&quot;,&quot;copyright&quot;:&quot;&quot;,&quot;focal_length&quot;:&quot;0&quot;,&quot;iso&quot;:&quot;0&quot;,&quot;shutter_speed&quot;:&quot;0&quot;,&quot;title&quot;:&quot;&quot;,&quot;orientation&quot;:&quot;0&quot;}\" data-image-title=\"IMG-20260429-WA0050\" data-image-description=\"\" data-image-caption=\"\" data-large-file=\"https:\/\/i0.wp.com\/redaccionoaxaca.com\/wp-content\/uploads\/2026\/04\/IMG-20260429-WA0050.jpg?fit=696%2C678&amp;ssl=1\" class=\"size-medium wp-image-41808 aligncenter\" src=\"https:\/\/i0.wp.com\/redaccionoaxaca.com\/wp-content\/uploads\/2026\/04\/IMG-20260429-WA0050.jpg?resize=300%2C293&#038;ssl=1\" alt=\"\" width=\"300\" height=\"293\" srcset=\"https:\/\/i0.wp.com\/redaccionoaxaca.com\/wp-content\/uploads\/2026\/04\/IMG-20260429-WA0050.jpg?resize=300%2C293&amp;ssl=1 300w, https:\/\/i0.wp.com\/redaccionoaxaca.com\/wp-content\/uploads\/2026\/04\/IMG-20260429-WA0050.jpg?resize=1024%2C998&amp;ssl=1 1024w, https:\/\/i0.wp.com\/redaccionoaxaca.com\/wp-content\/uploads\/2026\/04\/IMG-20260429-WA0050.jpg?resize=768%2C749&amp;ssl=1 768w, https:\/\/i0.wp.com\/redaccionoaxaca.com\/wp-content\/uploads\/2026\/04\/IMG-20260429-WA0050.jpg?resize=431%2C420&amp;ssl=1 431w, https:\/\/i0.wp.com\/redaccionoaxaca.com\/wp-content\/uploads\/2026\/04\/IMG-20260429-WA0050.jpg?resize=696%2C679&amp;ssl=1 696w, https:\/\/i0.wp.com\/redaccionoaxaca.com\/wp-content\/uploads\/2026\/04\/IMG-20260429-WA0050.jpg?resize=1068%2C1041&amp;ssl=1 1068w, https:\/\/i0.wp.com\/redaccionoaxaca.com\/wp-content\/uploads\/2026\/04\/IMG-20260429-WA0050.jpg?w=1320&amp;ssl=1 1320w\" sizes=\"auto, (max-width: 300px) 100vw, 300px\" \/><\/p>\n","protected":false},"excerpt":{"rendered":"<p>#Redacci\u00f3nOaxaca #Oaxaca #JaimeGUERRERO La pasadas administraciones al frente del municipio de Santa Cruz Xoxocotl\u00e1n heredaron una deuda de casi 20 millones de pesos ante el Servicio de Administraci\u00f3n Tributaria (SAT) por concepto de Impuesto Sobre la Renta retenido y no enterado. Los adeudos provienen desde 2016, a la que se suman irregularidades fiscales de 2020 [&hellip;]<\/p>\n","protected":false},"author":9,"featured_media":41808,"comment_status":"open","ping_status":"open","sticky":false,"template":"","format":"standard","meta":{"jetpack_post_was_ever_published":false,"_jetpack_newsletter_access":"","_jetpack_dont_email_post_to_subs":false,"_jetpack_newsletter_tier_id":0,"_jetpack_memberships_contains_paywalled_content":false,"_jetpack_memberships_contains_paid_content":false,"footnotes":"","jetpack_publicize_message":"","jetpack_publicize_feature_enabled":true,"jetpack_social_post_already_shared":true,"jetpack_social_options":{"image_generator_settings":{"template":"highway","default_image_id":0,"font":"","enabled":false},"version":2}},"categories":[5,3,6,1],"tags":[],"class_list":{"0":"post-41807","1":"post","2":"type-post","3":"status-publish","4":"format-standard","5":"has-post-thumbnail","7":"category-imagen","8":"category-mesa-de-redaccion","9":"category-tendencias","10":"category-uncategorized"},"jetpack_publicize_connections":[],"jetpack_featured_media_url":"https:\/\/i0.wp.com\/redaccionoaxaca.com\/wp-content\/uploads\/2026\/04\/IMG-20260429-WA0050.jpg?fit=1320%2C1287&ssl=1","jetpack_sharing_enabled":true,"jetpack_shortlink":"https:\/\/wp.me\/p9Ynjw-aSj","jetpack-related-posts":[{"id":36538,"url":"https:\/\/redaccionoaxaca.com\/index.php\/2025\/04\/14\/pagara-gobierno-de-xoxocotlan-al-sat-deuda-de-19-mdp-heredada-por-administraciones-pasadas\/","url_meta":{"origin":41807,"position":0},"title":"Pagar\u00e1 gobierno de Xoxocotl\u00e1n al SAT, deuda de 19 mdp heredada por administraciones pasadas","author":"ariadna","date":"abril 14, 2025","format":false,"excerpt":"#Redacci\u00f3nOaxaca #Oaxaca Jaime GUERRERO La presidenta municipal de Santa Cruz Xoxocotlan, Nancy Ben\u00edtez Z\u00e1rate, anunci\u00f3 que en sesi\u00f3n de cabildo se aprob\u00f3 pagar m\u00e1s de 19 millones de pesos que durante 10 a\u00f1os se dejaron de pagar del Impuesto Sobre la Renta (ISR). Al ser notificados por el Sistema de\u2026","rel":"","context":"En &quot;Agenda Pol\u00edtica&quot;","block_context":{"text":"Agenda Pol\u00edtica","link":"https:\/\/redaccionoaxaca.com\/index.php\/category\/agenda-politica\/"},"img":{"alt_text":"","src":"","width":0,"height":0},"classes":[]},{"id":20096,"url":"https:\/\/redaccionoaxaca.com\/index.php\/2021\/08\/15\/murat-heredara-deuda-de-18-mil-400-mdp-por-recortes-de-federacion-municipios-de-oaxaca-no-recibiran-200-mdp\/","url_meta":{"origin":41807,"position":1},"title":"Murat heredar\u00e1 deuda de 18 mil 400 mdp; por recortes  de federaci\u00f3n, municipios de Oaxaca no recibir\u00e1n 200 mdp.","author":"ariadna","date":"agosto 15, 2021","format":false,"excerpt":"#Redacci\u00f3nOaxaca #Oaxaca Jaime GUERRERO En medio de la crisis financiera que atraviesa Oaxaca, el Secretario de Finanzas, Vicente Mendoza T\u00e9llez Gir\u00f3n, anunci\u00f3 que de los 29 mil 400 millones de pesos de deuda heredada de los sexenios de Ulises Ruiz Ortiz y Gabino Cu\u00e9 Monteagudo, la administraci\u00f3n de Alejandro Murat\u2026","rel":"","context":"En &quot;Agenda Pol\u00edtica&quot;","block_context":{"text":"Agenda Pol\u00edtica","link":"https:\/\/redaccionoaxaca.com\/index.php\/category\/agenda-politica\/"},"img":{"alt_text":"","src":"https:\/\/i0.wp.com\/redaccionoaxaca.com\/wp-content\/uploads\/2021\/08\/IMG-20210815-WA0052-267x300.jpg?resize=350%2C200&ssl=1","width":350,"height":200},"classes":[]},{"id":30218,"url":"https:\/\/redaccionoaxaca.com\/index.php\/2024\/01\/23\/deudas-y-pasivos-de-gobierno-de-oaxaca-en-27-mil-mdp-sefin\/","url_meta":{"origin":41807,"position":2},"title":"Deudas y pasivos de Gobierno de Oaxaca, en 27 mil mdp: Sefin","author":"ariadna","date":"enero 23, 2024","format":false,"excerpt":"#Redacci\u00f3nOaxaca #Oaxaca Jaime GUERRERO El titular de la Secretar\u00eda de Finanzas (Sefin) Farid Acevedo L\u00f3pez, report\u00f3 que la deuda p\u00fablica a largo plazo y pasivos financieros ante instituciones de seguridad social y fiscales de la administraci\u00f3n estatal, ascienden a cerca de 27 mil millones de pesos. En tanto, afirm\u00f3 que\u2026","rel":"","context":"En &quot;Agenda Pol\u00edtica&quot;","block_context":{"text":"Agenda Pol\u00edtica","link":"https:\/\/redaccionoaxaca.com\/index.php\/category\/agenda-politica\/"},"img":{"alt_text":"","src":"","width":0,"height":0},"classes":[]},{"id":30200,"url":"https:\/\/redaccionoaxaca.com\/index.php\/2024\/01\/19\/a-traves-del-dialogo-sspc-y-sego-avanzan-en-la-liberacion-del-personal-retenido-en-el-cuartel-de-la-policia-estatal\/","url_meta":{"origin":41807,"position":3},"title":"A trav\u00e9s del di\u00e1logo, SSPC y Sego avanzan en la liberaci\u00f3n del personal retenido en el Cuartel de la Polic\u00eda Estatal","author":"ariadna","date":"enero 19, 2024","format":false,"excerpt":"#Redacci\u00f3nOaxaca #Oaxaca La Secretar\u00eda de Seguridad y Protecci\u00f3n Ciudadana (SSPC) informa que, derivado del conflicto social y agrario en el municipio de Santa Mar\u00eda Coyotepec que propici\u00f3 la toma del Cuartel de la Polic\u00eda Estatal por un grupo de pobladores, se ha mantenido una coordinaci\u00f3n directa con la Secretar\u00eda de\u2026","rel":"","context":"En &quot;Mesa de Redacci\u00f3n&quot;","block_context":{"text":"Mesa de Redacci\u00f3n","link":"https:\/\/redaccionoaxaca.com\/index.php\/category\/mesa-de-redaccion\/"},"img":{"alt_text":"","src":"","width":0,"height":0},"classes":[]},{"id":26779,"url":"https:\/\/redaccionoaxaca.com\/index.php\/2022\/07\/15\/regidor-pide-sancionar-a-responsables-de-deuda-heredada-por-oswaldo-garcia-y-rendir-cuentas-ante-fiscalias\/","url_meta":{"origin":41807,"position":4},"title":"Regidor pide sancionar a responsables de deuda heredada  por Oswaldo Garc\u00eda y rendir cuentas ante fiscal\u00edas","author":"ariadna","date":"julio 15, 2022","format":false,"excerpt":"#Redacci\u00f3nOaxaca #Oaxaca Jaime GUERRERO El regidor de Obras P\u00fablicas y Desarrollo Urbano y de Centro Hist\u00f3rico de Oaxaca de Ju\u00e1rez, Pavel Renato L\u00f3pez G\u00f3mez, propuso ante las y los concejales, el ordenar al titular del \u00d3rgano Interno de Control Municipal, denunciar ante los \u00f3rganos jurisdiccionales los hechos constitutivos de irregularidades\u2026","rel":"","context":"En &quot;Agenda Pol\u00edtica&quot;","block_context":{"text":"Agenda Pol\u00edtica","link":"https:\/\/redaccionoaxaca.com\/index.php\/category\/agenda-politica\/"},"img":{"alt_text":"","src":"","width":0,"height":0},"classes":[]},{"id":21259,"url":"https:\/\/redaccionoaxaca.com\/index.php\/2021\/09\/28\/video-listas-300-plazas-para-contratar-medicos-y-enfermeras-eventuales-gobernador-de-oaxaca-tambien-pide-1-mil-mdp-para-deudas-con-issste-y-sat\/","url_meta":{"origin":41807,"position":5},"title":"VIDEO: Listas 300 plazas para contratar m\u00e9dicos y enfermeras eventuales;   Gobernador de Oaxaca tambi\u00e9n pide 1 mil MDP para deudas con ISSSTE y SAT.","author":"ariadna","date":"septiembre 28, 2021","format":"video","excerpt":"#Redacci\u00f3nOaxaca #Oaxaca Jaime GUERRERO En medio de las reiteradas protestas de ex trabajadores de los Servicios de Salud de Oaxaca, el Gobernador del Estado, Alejandro Murat Hinojosa anunci\u00f3 que alistan 300 plazas para entregar \u00fanicamente a m\u00e9dicos y enfermeras eventuales que no fueron contratados durante el mes de agosto y\u2026","rel":"","context":"En &quot;Agenda Pol\u00edtica&quot;","block_context":{"text":"Agenda Pol\u00edtica","link":"https:\/\/redaccionoaxaca.com\/index.php\/category\/agenda-politica\/"},"img":{"alt_text":"","src":"","width":0,"height":0},"classes":[]}],"_links":{"self":[{"href":"https:\/\/redaccionoaxaca.com\/index.php\/wp-json\/wp\/v2\/posts\/41807","targetHints":{"allow":["GET"]}}],"collection":[{"href":"https:\/\/redaccionoaxaca.com\/index.php\/wp-json\/wp\/v2\/posts"}],"about":[{"href":"https:\/\/redaccionoaxaca.com\/index.php\/wp-json\/wp\/v2\/types\/post"}],"author":[{"embeddable":true,"href":"https:\/\/redaccionoaxaca.com\/index.php\/wp-json\/wp\/v2\/users\/9"}],"replies":[{"embeddable":true,"href":"https:\/\/redaccionoaxaca.com\/index.php\/wp-json\/wp\/v2\/comments?post=41807"}],"version-history":[{"count":1,"href":"https:\/\/redaccionoaxaca.com\/index.php\/wp-json\/wp\/v2\/posts\/41807\/revisions"}],"predecessor-version":[{"id":41809,"href":"https:\/\/redaccionoaxaca.com\/index.php\/wp-json\/wp\/v2\/posts\/41807\/revisions\/41809"}],"wp:featuredmedia":[{"embeddable":true,"href":"https:\/\/redaccionoaxaca.com\/index.php\/wp-json\/wp\/v2\/media\/41808"}],"wp:attachment":[{"href":"https:\/\/redaccionoaxaca.com\/index.php\/wp-json\/wp\/v2\/media?parent=41807"}],"wp:term":[{"taxonomy":"category","embeddable":true,"href":"https:\/\/redaccionoaxaca.com\/index.php\/wp-json\/wp\/v2\/categories?post=41807"},{"taxonomy":"post_tag","embeddable":true,"href":"https:\/\/redaccionoaxaca.com\/index.php\/wp-json\/wp\/v2\/tags?post=41807"}],"curies":[{"name":"wp","href":"https:\/\/api.w.org\/{rel}","templated":true}]}}