{"id":41810,"date":"2026-04-29T16:41:26","date_gmt":"2026-04-29T22:41:26","guid":{"rendered":"https:\/\/redaccionoaxaca.com\/?p=41810"},"modified":"2026-04-29T16:41:26","modified_gmt":"2026-04-29T22:41:26","slug":"disminuye-percepcion-de-inseguridad-en-oaxaca-de-juarez-gracias-al-trabajo-coordinado-del-gobierno-municipal","status":"publish","type":"post","link":"https:\/\/redaccionoaxaca.com\/index.php\/2026\/04\/29\/disminuye-percepcion-de-inseguridad-en-oaxaca-de-juarez-gracias-al-trabajo-coordinado-del-gobierno-municipal\/","title":{"rendered":"Disminuye percepci\u00f3n de inseguridad en Oaxaca de Ju\u00e1rez gracias al trabajo coordinado del Gobierno Municipal"},"content":{"rendered":"<p><strong>#Redacci\u00f3nOaxaca<\/strong><\/p>\n<p><strong>#Oaxaca<\/strong><\/p>\n<p style=\"text-align: justify;\">El secretario de Seguridad Vecinal, Teniente Coronel Claudio de Jes\u00fas P\u00e9rez y P\u00e9rez, inform\u00f3 que la percepci\u00f3n de inseguridad en el municipio de Oaxaca de Ju\u00e1rez disminuy\u00f3 en 5.3 por ciento respecto al \u00faltimo trimestre de 2025, como resultado del trabajo coordinado entre diversas \u00e1reas del gobierno que encabeza el presidente municipal Ray Chagoya.<\/p>\n<p style=\"text-align: justify;\">Precis\u00f3 que estos resultados se derivan de la Encuesta Nacional de Seguridad P\u00fablica Urbana (ENSU) del INEGI y responden a una estrategia integral: por un lado, la polic\u00eda municipal ha fortalecido las labores de proximidad, la atenci\u00f3n a emergencias y las detenciones; y por otro, \u00e1reas como la Direcci\u00f3n de Movilidad han contribuido con el retiro de obst\u00e1culos en la v\u00eda p\u00fablica, as\u00ed como con acciones de se\u00f1alizaci\u00f3n y ordenamiento urbano.<\/p>\n<p style=\"text-align: justify;\">Asimismo, destac\u00f3 la implementaci\u00f3n de estrategias comunitarias como \u201cLatidos Vecinales\u201d, tequios y los Di\u00e1logos Vecinales, mediante las cuales se atienden de manera directa las necesidades de la ciudadan\u00eda.<\/p>\n<div style=\"width: 696px;\" class=\"wp-video\"><video class=\"wp-video-shortcode\" id=\"video-41810-1\" width=\"696\" height=\"1237\" preload=\"metadata\" controls=\"controls\"><source type=\"video\/mp4\" src=\"https:\/\/redaccionoaxaca.com\/wp-content\/uploads\/2026\/04\/VID-20260429-WA0141.mp4?_=1\" \/><a href=\"https:\/\/redaccionoaxaca.com\/wp-content\/uploads\/2026\/04\/VID-20260429-WA0141.mp4\">https:\/\/redaccionoaxaca.com\/wp-content\/uploads\/2026\/04\/VID-20260429-WA0141.mp4<\/a><\/video><\/div>\n","protected":false},"excerpt":{"rendered":"<p>#Redacci\u00f3nOaxaca #Oaxaca El secretario de Seguridad Vecinal, Teniente Coronel Claudio de Jes\u00fas P\u00e9rez y P\u00e9rez, inform\u00f3 que la percepci\u00f3n de inseguridad en el municipio de Oaxaca de Ju\u00e1rez disminuy\u00f3 en 5.3 por ciento respecto al \u00faltimo trimestre de 2025, como resultado del trabajo coordinado entre diversas \u00e1reas del gobierno que encabeza el presidente municipal Ray [&hellip;]<\/p>\n","protected":false},"author":9,"featured_media":41812,"comment_status":"open","ping_status":"open","sticky":false,"template":"","format":"video","meta":{"jetpack_post_was_ever_published":false,"_jetpack_newsletter_access":"","_jetpack_dont_email_post_to_subs":false,"_jetpack_newsletter_tier_id":0,"_jetpack_memberships_contains_paywalled_content":false,"_jetpack_memberships_contains_paid_content":false,"footnotes":"","jetpack_publicize_message":"","jetpack_publicize_feature_enabled":true,"jetpack_social_post_already_shared":true,"jetpack_social_options":{"image_generator_settings":{"template":"highway","default_image_id":0,"font":"","enabled":false},"version":2}},"categories":[5,3,6],"tags":[],"class_list":{"0":"post-41810","1":"post","2":"type-post","3":"status-publish","4":"format-video","5":"has-post-thumbnail","7":"category-imagen","8":"category-mesa-de-redaccion","9":"category-tendencias","10":"post_format-post-format-video"},"jetpack_publicize_connections":[],"jetpack_featured_media_url":"https:\/\/i0.wp.com\/redaccionoaxaca.com\/wp-content\/uploads\/2026\/04\/Screenshot_20260429_162001_Gallery-scaled.jpg?fit=2560%2C1792&ssl=1","jetpack_sharing_enabled":true,"jetpack_shortlink":"https:\/\/wp.me\/p9Ynjw-aSm","jetpack-related-posts":[{"id":38522,"url":"https:\/\/redaccionoaxaca.com\/index.php\/2025\/10\/02\/oaxaca-de-juarez-avanza-en-seguridad-con-mas-confianza-ciudadana-y-trabajo-coordinado\/","url_meta":{"origin":41810,"position":0},"title":"Oaxaca de Ju\u00e1rez avanza en seguridad con m\u00e1s confianza ciudadana y trabajo coordinado","author":"ariadna","date":"octubre 2, 2025","format":false,"excerpt":"#Redacci\u00f3nOaxaca #Oaxaca - El edil capitalino y el fiscal Bernardo Rodr\u00edguez Alamilla resaltan el trabajo en equipo de las instituciones en la seguridad de la ciudad Oaxaca de Ju\u00e1rez, Oax., 2 de octubre 2025.\u2013 En un encuentro con medios de comunicaci\u00f3n, el presidente municipal Ray Chagoya Villanueva asegur\u00f3 que la\u2026","rel":"","context":"En &quot;Agenda Pol\u00edtica&quot;","block_context":{"text":"Agenda Pol\u00edtica","link":"https:\/\/redaccionoaxaca.com\/index.php\/category\/agenda-politica\/"},"img":{"alt_text":"","src":"https:\/\/i0.wp.com\/redaccionoaxaca.com\/wp-content\/uploads\/2025\/10\/IMG-20251002-WA0163-300x200.jpg?resize=350%2C200&ssl=1","width":350,"height":200},"classes":[]},{"id":39423,"url":"https:\/\/redaccionoaxaca.com\/index.php\/2025\/12\/09\/ray-chagoya-destaca-avances-en-seguridad-y-trabajo-coordinado-en-beneficio-de-oaxaca-de-juarez\/","url_meta":{"origin":41810,"position":1},"title":"Ray Chagoya destaca avances en seguridad y trabajo coordinado en beneficio de Oaxaca de Ju\u00e1rez","author":"ariadna","date":"diciembre 9, 2025","format":false,"excerpt":"#Redacci\u00f3nOaxaca #Oaxaca \u2022 Fortalecen vigilancia, proximidad y programas comunitarios para consolidar la paz en la capital Oaxaca de Ju\u00e1rez, Oax., 9 de diciembre de 2025.\u2014 En conferencia de prensa, el presidente municipal Ray Chagoya present\u00f3 los avances m\u00e1s recientes en materia de seguridad y bienestar, subrayando que Oaxaca de Ju\u00e1rez\u2026","rel":"","context":"En &quot;Agenda Pol\u00edtica&quot;","block_context":{"text":"Agenda Pol\u00edtica","link":"https:\/\/redaccionoaxaca.com\/index.php\/category\/agenda-politica\/"},"img":{"alt_text":"","src":"https:\/\/i0.wp.com\/redaccionoaxaca.com\/wp-content\/uploads\/2025\/12\/IMG-20251209-WA0206.jpg?fit=1200%2C937&ssl=1&resize=350%2C200","width":350,"height":200,"srcset":"https:\/\/i0.wp.com\/redaccionoaxaca.com\/wp-content\/uploads\/2025\/12\/IMG-20251209-WA0206.jpg?fit=1200%2C937&ssl=1&resize=350%2C200 1x, https:\/\/i0.wp.com\/redaccionoaxaca.com\/wp-content\/uploads\/2025\/12\/IMG-20251209-WA0206.jpg?fit=1200%2C937&ssl=1&resize=525%2C300 1.5x, https:\/\/i0.wp.com\/redaccionoaxaca.com\/wp-content\/uploads\/2025\/12\/IMG-20251209-WA0206.jpg?fit=1200%2C937&ssl=1&resize=700%2C400 2x, https:\/\/i0.wp.com\/redaccionoaxaca.com\/wp-content\/uploads\/2025\/12\/IMG-20251209-WA0206.jpg?fit=1200%2C937&ssl=1&resize=1050%2C600 3x"},"classes":[]},{"id":36950,"url":"https:\/\/redaccionoaxaca.com\/index.php\/2025\/05\/22\/recuperan-vialidades-en-la-colonia-libertad-tras-mas-de-seis-anos-de-cierre\/","url_meta":{"origin":41810,"position":2},"title":"Recuperan vialidades en la colonia Libertad tras m\u00e1s de seis a\u00f1os de cierre","author":"ariadna","date":"mayo 22, 2025","format":false,"excerpt":"#Redacci\u00f3nOaxaca #Oaxaca \u2022\u00a0 Gracias al trabajo coordinado con vecinas y vecinos, se fortalece la seguridad y movilidad en la zona Oaxaca de Ju\u00e1rez, Oax. 22 de mayo de 2025.- Con el firme compromiso del presidente municipal Ray Chagoya de recuperar espacios p\u00fablicos y garantizar entornos m\u00e1s seguros, el Ayuntamiento de\u2026","rel":"","context":"En &quot;Agenda Pol\u00edtica&quot;","block_context":{"text":"Agenda Pol\u00edtica","link":"https:\/\/redaccionoaxaca.com\/index.php\/category\/agenda-politica\/"},"img":{"alt_text":"","src":"https:\/\/i0.wp.com\/redaccionoaxaca.com\/wp-content\/uploads\/2025\/05\/IMG-20250522-WA0107-300x169.jpg?resize=350%2C200&ssl=1","width":350,"height":200},"classes":[]},{"id":37504,"url":"https:\/\/redaccionoaxaca.com\/index.php\/2025\/07\/23\/oaxaca-de-juarez-vive-una-guelaguetza-historica-con-resultados-positivos-en-seguridad-limpieza-y-obra-publica\/","url_meta":{"origin":41810,"position":3},"title":"Oaxaca de Ju\u00e1rez vive una Guelaguetza hist\u00f3rica con resultados positivos en seguridad, limpieza y obra p\u00fablica","author":"ariadna","date":"julio 23, 2025","format":false,"excerpt":"#Redacci\u00f3nOaxaca #Oaxaca * Ray Chagoya destaca lleno total en Donaj\u00ed La Leyenda, saldo blanco en eventos masivos y avances de Oaxaca Camina Oaxaca de Ju\u00e1rez, Oax., 23 de julio de 2025.- El presidente municipal Ray Chagoya inform\u00f3 que la primera funci\u00f3n de Donaj\u00ed La Leyenda registr\u00f3 un lleno total con\u2026","rel":"","context":"En &quot;Agenda Pol\u00edtica&quot;","block_context":{"text":"Agenda Pol\u00edtica","link":"https:\/\/redaccionoaxaca.com\/index.php\/category\/agenda-politica\/"},"img":{"alt_text":"","src":"https:\/\/i0.wp.com\/redaccionoaxaca.com\/wp-content\/uploads\/2025\/07\/IMG-20250722-WA0239.jpg?fit=1200%2C802&ssl=1&resize=350%2C200","width":350,"height":200,"srcset":"https:\/\/i0.wp.com\/redaccionoaxaca.com\/wp-content\/uploads\/2025\/07\/IMG-20250722-WA0239.jpg?fit=1200%2C802&ssl=1&resize=350%2C200 1x, https:\/\/i0.wp.com\/redaccionoaxaca.com\/wp-content\/uploads\/2025\/07\/IMG-20250722-WA0239.jpg?fit=1200%2C802&ssl=1&resize=525%2C300 1.5x, https:\/\/i0.wp.com\/redaccionoaxaca.com\/wp-content\/uploads\/2025\/07\/IMG-20250722-WA0239.jpg?fit=1200%2C802&ssl=1&resize=700%2C400 2x, https:\/\/i0.wp.com\/redaccionoaxaca.com\/wp-content\/uploads\/2025\/07\/IMG-20250722-WA0239.jpg?fit=1200%2C802&ssl=1&resize=1050%2C600 3x"},"classes":[]},{"id":39709,"url":"https:\/\/redaccionoaxaca.com\/index.php\/2026\/01\/02\/oaxaca-de-juarez-reconoce-a-su-policia-municipal-y-refuerza-la-ruta-de-seguridad-para-2026\/","url_meta":{"origin":41810,"position":4},"title":"Oaxaca de Ju\u00e1rez reconoce a su Polic\u00eda Municipal y refuerza la ruta de seguridad para 2026","author":"ariadna","date":"enero 2, 2026","format":false,"excerpt":"#Redacci\u00f3nOaxaca #Oaxaca * El presidente municipal Ray Chagoya encabez\u00f3 un acto de reconocimiento a mujeres y hombres de la Polic\u00eda Municipal, destacando su compromiso con la paz, la seguridad y el bienestar de las vecinas y vecinos. Oaxaca de Ju\u00e1rez, Oax., 2 de enero de 2026. En el marco del\u2026","rel":"","context":"En &quot;Agenda Pol\u00edtica&quot;","block_context":{"text":"Agenda Pol\u00edtica","link":"https:\/\/redaccionoaxaca.com\/index.php\/category\/agenda-politica\/"},"img":{"alt_text":"","src":"https:\/\/i0.wp.com\/redaccionoaxaca.com\/wp-content\/uploads\/2026\/01\/IMG-20260102-WA0106.jpg?fit=1200%2C800&ssl=1&resize=350%2C200","width":350,"height":200,"srcset":"https:\/\/i0.wp.com\/redaccionoaxaca.com\/wp-content\/uploads\/2026\/01\/IMG-20260102-WA0106.jpg?fit=1200%2C800&ssl=1&resize=350%2C200 1x, https:\/\/i0.wp.com\/redaccionoaxaca.com\/wp-content\/uploads\/2026\/01\/IMG-20260102-WA0106.jpg?fit=1200%2C800&ssl=1&resize=525%2C300 1.5x, https:\/\/i0.wp.com\/redaccionoaxaca.com\/wp-content\/uploads\/2026\/01\/IMG-20260102-WA0106.jpg?fit=1200%2C800&ssl=1&resize=700%2C400 2x, https:\/\/i0.wp.com\/redaccionoaxaca.com\/wp-content\/uploads\/2026\/01\/IMG-20260102-WA0106.jpg?fit=1200%2C800&ssl=1&resize=1050%2C600 3x"},"classes":[]},{"id":35075,"url":"https:\/\/redaccionoaxaca.com\/index.php\/2025\/01\/13\/arranca-gobierno-de-oaxaca-despliegue-coordinado-de-seguridad-en-zona-metropolitana\/","url_meta":{"origin":41810,"position":5},"title":"Arranca Gobierno de Oaxaca despliegue coordinado de seguridad en Zona Metropolitana","author":"ariadna","date":"enero 13, 2025","format":false,"excerpt":"#Redacci\u00f3nOaxaca #Oaxaca \u2022 En conferencia de prensa, se firm\u00f3 el convenio para establecer el mando coordinado de esta acci\u00f3n que atender\u00e1 las causas de la violencia \u2022 Salom\u00f3n Jara anunci\u00f3 que la entidad se sumar\u00e1 a la campa\u00f1a nacional Al\u00e9jate de las drogas. El fentanilo te mata Oaxaca de Ju\u00e1rez,\u2026","rel":"","context":"En &quot;Agenda Pol\u00edtica&quot;","block_context":{"text":"Agenda Pol\u00edtica","link":"https:\/\/redaccionoaxaca.com\/index.php\/category\/agenda-politica\/"},"img":{"alt_text":"","src":"","width":0,"height":0},"classes":[]}],"_links":{"self":[{"href":"https:\/\/redaccionoaxaca.com\/index.php\/wp-json\/wp\/v2\/posts\/41810","targetHints":{"allow":["GET"]}}],"collection":[{"href":"https:\/\/redaccionoaxaca.com\/index.php\/wp-json\/wp\/v2\/posts"}],"about":[{"href":"https:\/\/redaccionoaxaca.com\/index.php\/wp-json\/wp\/v2\/types\/post"}],"author":[{"embeddable":true,"href":"https:\/\/redaccionoaxaca.com\/index.php\/wp-json\/wp\/v2\/users\/9"}],"replies":[{"embeddable":true,"href":"https:\/\/redaccionoaxaca.com\/index.php\/wp-json\/wp\/v2\/comments?post=41810"}],"version-history":[{"count":1,"href":"https:\/\/redaccionoaxaca.com\/index.php\/wp-json\/wp\/v2\/posts\/41810\/revisions"}],"predecessor-version":[{"id":41813,"href":"https:\/\/redaccionoaxaca.com\/index.php\/wp-json\/wp\/v2\/posts\/41810\/revisions\/41813"}],"wp:featuredmedia":[{"embeddable":true,"href":"https:\/\/redaccionoaxaca.com\/index.php\/wp-json\/wp\/v2\/media\/41812"}],"wp:attachment":[{"href":"https:\/\/redaccionoaxaca.com\/index.php\/wp-json\/wp\/v2\/media?parent=41810"}],"wp:term":[{"taxonomy":"category","embeddable":true,"href":"https:\/\/redaccionoaxaca.com\/index.php\/wp-json\/wp\/v2\/categories?post=41810"},{"taxonomy":"post_tag","embeddable":true,"href":"https:\/\/redaccionoaxaca.com\/index.php\/wp-json\/wp\/v2\/tags?post=41810"}],"curies":[{"name":"wp","href":"https:\/\/api.w.org\/{rel}","templated":true}]}}