{"id":41814,"date":"2026-04-29T17:07:31","date_gmt":"2026-04-29T23:07:31","guid":{"rendered":"https:\/\/redaccionoaxaca.com\/?p=41814"},"modified":"2026-04-29T17:16:36","modified_gmt":"2026-04-29T23:16:36","slug":"ninas-y-ninos-de-oaxaca-alzan-la-voz-contra-la-violencia-a-traves-del-arte","status":"publish","type":"post","link":"https:\/\/redaccionoaxaca.com\/index.php\/2026\/04\/29\/ninas-y-ninos-de-oaxaca-alzan-la-voz-contra-la-violencia-a-traves-del-arte\/","title":{"rendered":"Ni\u00f1as y ni\u00f1os de Oaxaca alzan la voz contra la violencia a trav\u00e9s del arte"},"content":{"rendered":"<p><strong>#Redacci\u00f3nOaxaca<\/strong><\/p>\n<p style=\"text-align: justify;\"><strong>#Oaxaca<\/strong><\/p>\n<p><strong>Ariadna Mendoza\u00a0<\/strong><\/p>\n<p>En el marco del segundo concurso estatal de dibujo infantil \u201cColorea tus Derechos\u201d, la titular de la Defensor\u00eda de los Derechos Humanos del Pueblo de Oaxaca, Elizabeth Lara Rodr\u00edguez, destac\u00f3 la importancia de escuchar a las infancias y visibilizar, mediante el arte, las problem\u00e1ticas que enfrentan, especialmente la violencia en entornos escolares.<\/p>\n<p><img data-recalc-dims=\"1\" loading=\"lazy\" decoding=\"async\" data-attachment-id=\"41816\" data-permalink=\"https:\/\/redaccionoaxaca.com\/index.php\/2026\/04\/29\/ninas-y-ninos-de-oaxaca-alzan-la-voz-contra-la-violencia-a-traves-del-arte\/fb_img_1777503912167\/\" data-orig-file=\"https:\/\/i0.wp.com\/redaccionoaxaca.com\/wp-content\/uploads\/2026\/04\/FB_IMG_1777503912167.jpg?fit=2048%2C1365&amp;ssl=1\" data-orig-size=\"2048,1365\" data-comments-opened=\"1\" data-image-meta=\"{&quot;aperture&quot;:&quot;0&quot;,&quot;credit&quot;:&quot;DDHPO&quot;,&quot;camera&quot;:&quot;&quot;,&quot;caption&quot;:&quot;&quot;,&quot;created_timestamp&quot;:&quot;0&quot;,&quot;copyright&quot;:&quot;&quot;,&quot;focal_length&quot;:&quot;0&quot;,&quot;iso&quot;:&quot;0&quot;,&quot;shutter_speed&quot;:&quot;0&quot;,&quot;title&quot;:&quot;&quot;,&quot;orientation&quot;:&quot;0&quot;}\" data-image-title=\"FB_IMG_1777503912167\" data-image-description=\"\" data-image-caption=\"\" data-large-file=\"https:\/\/i0.wp.com\/redaccionoaxaca.com\/wp-content\/uploads\/2026\/04\/FB_IMG_1777503912167.jpg?fit=696%2C464&amp;ssl=1\" class=\"alignnone size-medium wp-image-41816\" src=\"https:\/\/i0.wp.com\/redaccionoaxaca.com\/wp-content\/uploads\/2026\/04\/FB_IMG_1777503912167.jpg?resize=300%2C200&#038;ssl=1\" alt=\"\" width=\"300\" height=\"200\" srcset=\"https:\/\/i0.wp.com\/redaccionoaxaca.com\/wp-content\/uploads\/2026\/04\/FB_IMG_1777503912167.jpg?resize=300%2C200&amp;ssl=1 300w, https:\/\/i0.wp.com\/redaccionoaxaca.com\/wp-content\/uploads\/2026\/04\/FB_IMG_1777503912167.jpg?resize=1024%2C683&amp;ssl=1 1024w, https:\/\/i0.wp.com\/redaccionoaxaca.com\/wp-content\/uploads\/2026\/04\/FB_IMG_1777503912167.jpg?resize=768%2C512&amp;ssl=1 768w, https:\/\/i0.wp.com\/redaccionoaxaca.com\/wp-content\/uploads\/2026\/04\/FB_IMG_1777503912167.jpg?resize=1536%2C1024&amp;ssl=1 1536w, https:\/\/i0.wp.com\/redaccionoaxaca.com\/wp-content\/uploads\/2026\/04\/FB_IMG_1777503912167.jpg?resize=630%2C420&amp;ssl=1 630w, https:\/\/i0.wp.com\/redaccionoaxaca.com\/wp-content\/uploads\/2026\/04\/FB_IMG_1777503912167.jpg?resize=696%2C464&amp;ssl=1 696w, https:\/\/i0.wp.com\/redaccionoaxaca.com\/wp-content\/uploads\/2026\/04\/FB_IMG_1777503912167.jpg?resize=1068%2C712&amp;ssl=1 1068w, https:\/\/i0.wp.com\/redaccionoaxaca.com\/wp-content\/uploads\/2026\/04\/FB_IMG_1777503912167.jpg?w=2048&amp;ssl=1 2048w, https:\/\/i0.wp.com\/redaccionoaxaca.com\/wp-content\/uploads\/2026\/04\/FB_IMG_1777503912167.jpg?w=1392&amp;ssl=1 1392w\" sizes=\"auto, (max-width: 300px) 100vw, 300px\" \/><\/p>\n<p style=\"text-align: justify;\">Durante su mensaje, la ombudsperson subray\u00f3 que este certamen, realizado por segundo a\u00f1o consecutivo, tuvo como tema central el derecho de ni\u00f1as y ni\u00f1os a crecer sin violencia escolar. Se\u00f1al\u00f3 que el objetivo es generar un di\u00e1logo directo con las infancias, quienes a trav\u00e9s de sus dibujos expresan no solo emociones, sino tambi\u00e9n realidades que viven tanto en la escuela como en el hogar y la sociedad.<\/p>\n<p style=\"text-align: justify;\">La funcionaria inform\u00f3 que en esta edici\u00f3n se recibieron alrededor de 600 dibujos provenientes de distintas regiones del estado, cifra superior a la del a\u00f1o anterior. Destac\u00f3 que este material constituye un acervo invaluable, al reflejar sentimientos, vivencias y demandas de la ni\u00f1ez oaxaque\u00f1a.<\/p>\n<p style=\"text-align: justify;\">Asimismo, hizo un llamado a instituciones p\u00fablicas y privadas a reforzar acciones coordinadas para garantizar espacios seguros y libres de violencia para la ni\u00f1ez.<\/p>\n<p><img data-recalc-dims=\"1\" loading=\"lazy\" decoding=\"async\" data-attachment-id=\"41817\" data-permalink=\"https:\/\/redaccionoaxaca.com\/index.php\/2026\/04\/29\/ninas-y-ninos-de-oaxaca-alzan-la-voz-contra-la-violencia-a-traves-del-arte\/fb_img_1777503955093\/\" data-orig-file=\"https:\/\/i0.wp.com\/redaccionoaxaca.com\/wp-content\/uploads\/2026\/04\/FB_IMG_1777503955093.jpg?fit=2048%2C1365&amp;ssl=1\" data-orig-size=\"2048,1365\" data-comments-opened=\"1\" data-image-meta=\"{&quot;aperture&quot;:&quot;0&quot;,&quot;credit&quot;:&quot;DDHPO&quot;,&quot;camera&quot;:&quot;&quot;,&quot;caption&quot;:&quot;&quot;,&quot;created_timestamp&quot;:&quot;0&quot;,&quot;copyright&quot;:&quot;&quot;,&quot;focal_length&quot;:&quot;0&quot;,&quot;iso&quot;:&quot;0&quot;,&quot;shutter_speed&quot;:&quot;0&quot;,&quot;title&quot;:&quot;&quot;,&quot;orientation&quot;:&quot;0&quot;}\" data-image-title=\"FB_IMG_1777503955093\" data-image-description=\"\" data-image-caption=\"\" data-large-file=\"https:\/\/i0.wp.com\/redaccionoaxaca.com\/wp-content\/uploads\/2026\/04\/FB_IMG_1777503955093.jpg?fit=696%2C464&amp;ssl=1\" class=\"size-medium wp-image-41817 aligncenter\" src=\"https:\/\/i0.wp.com\/redaccionoaxaca.com\/wp-content\/uploads\/2026\/04\/FB_IMG_1777503955093.jpg?resize=300%2C200&#038;ssl=1\" alt=\"\" width=\"300\" height=\"200\" srcset=\"https:\/\/i0.wp.com\/redaccionoaxaca.com\/wp-content\/uploads\/2026\/04\/FB_IMG_1777503955093.jpg?resize=300%2C200&amp;ssl=1 300w, https:\/\/i0.wp.com\/redaccionoaxaca.com\/wp-content\/uploads\/2026\/04\/FB_IMG_1777503955093.jpg?resize=1024%2C683&amp;ssl=1 1024w, https:\/\/i0.wp.com\/redaccionoaxaca.com\/wp-content\/uploads\/2026\/04\/FB_IMG_1777503955093.jpg?resize=768%2C512&amp;ssl=1 768w, https:\/\/i0.wp.com\/redaccionoaxaca.com\/wp-content\/uploads\/2026\/04\/FB_IMG_1777503955093.jpg?resize=1536%2C1024&amp;ssl=1 1536w, https:\/\/i0.wp.com\/redaccionoaxaca.com\/wp-content\/uploads\/2026\/04\/FB_IMG_1777503955093.jpg?resize=630%2C420&amp;ssl=1 630w, https:\/\/i0.wp.com\/redaccionoaxaca.com\/wp-content\/uploads\/2026\/04\/FB_IMG_1777503955093.jpg?resize=696%2C464&amp;ssl=1 696w, https:\/\/i0.wp.com\/redaccionoaxaca.com\/wp-content\/uploads\/2026\/04\/FB_IMG_1777503955093.jpg?resize=1068%2C712&amp;ssl=1 1068w, https:\/\/i0.wp.com\/redaccionoaxaca.com\/wp-content\/uploads\/2026\/04\/FB_IMG_1777503955093.jpg?w=2048&amp;ssl=1 2048w, https:\/\/i0.wp.com\/redaccionoaxaca.com\/wp-content\/uploads\/2026\/04\/FB_IMG_1777503955093.jpg?w=1392&amp;ssl=1 1392w\" sizes=\"auto, (max-width: 300px) 100vw, 300px\" \/><\/p>\n<p style=\"text-align: justify;\">En el evento tambi\u00e9n se dio voz a las y los participantes. Alice Violet Cristino S\u00e1nchez, ganadora del primer lugar en la categor\u00eda C, explic\u00f3 que su obra titulada \u201cBurlas interminables\u201d se inspir\u00f3 en el caso de su hermano, quien sufri\u00f3 bullying en el jard\u00edn de ni\u00f1os, con el objetivo de promover el respeto hacia personas con discapacidad.<\/p>\n<p style=\"text-align: justify;\">Durante la premiaci\u00f3n, en la categor\u00eda A (6 a 8 a\u00f1os), el tercer lugar fue para Joel Said L\u00f3pez Enr\u00edquez, el segundo para Alexander Mariano Venegas P\u00e9rez y el primer lugar para Axel Ventura Santiago; adem\u00e1s, se otorg\u00f3 una menci\u00f3n honor\u00edfica a Irma Mercedes Ruiz Calder\u00f3n.<\/p>\n<p style=\"text-align: justify;\">Cabe se\u00f1alar que este tipo de concursos tiene el objeto de escuchar a las infancias y atender, desde distintos frentes, las problem\u00e1ticas que ellas mismas se\u00f1alan como urgentes.<\/p>\n<div style=\"width: 696px;\" class=\"wp-video\"><video class=\"wp-video-shortcode\" id=\"video-41814-1\" width=\"696\" height=\"378\" preload=\"metadata\" controls=\"controls\"><source type=\"video\/mp4\" src=\"https:\/\/redaccionoaxaca.com\/wp-content\/uploads\/2026\/04\/VID-20260429-WA0098.mp4?_=1\" \/><a href=\"https:\/\/redaccionoaxaca.com\/wp-content\/uploads\/2026\/04\/VID-20260429-WA0098.mp4\">https:\/\/redaccionoaxaca.com\/wp-content\/uploads\/2026\/04\/VID-20260429-WA0098.mp4<\/a><\/video><\/div>\n","protected":false},"excerpt":{"rendered":"<p>#Redacci\u00f3nOaxaca #Oaxaca Ariadna Mendoza\u00a0 En el marco del segundo concurso estatal de dibujo infantil \u201cColorea tus Derechos\u201d, la titular de la Defensor\u00eda de los Derechos Humanos del Pueblo de Oaxaca, Elizabeth Lara Rodr\u00edguez, destac\u00f3 la importancia de escuchar a las infancias y visibilizar, mediante el arte, las problem\u00e1ticas que enfrentan, especialmente la violencia en entornos [&hellip;]<\/p>\n","protected":false},"author":9,"featured_media":41816,"comment_status":"open","ping_status":"open","sticky":false,"template":"","format":"video","meta":{"jetpack_post_was_ever_published":false,"_jetpack_newsletter_access":"","_jetpack_dont_email_post_to_subs":false,"_jetpack_newsletter_tier_id":0,"_jetpack_memberships_contains_paywalled_content":false,"_jetpack_memberships_contains_paid_content":false,"footnotes":"","jetpack_publicize_message":"","jetpack_publicize_feature_enabled":true,"jetpack_social_post_already_shared":true,"jetpack_social_options":{"image_generator_settings":{"template":"highway","default_image_id":0,"font":"","enabled":false},"version":2}},"categories":[5,3,6],"tags":[],"class_list":{"0":"post-41814","1":"post","2":"type-post","3":"status-publish","4":"format-video","5":"has-post-thumbnail","7":"category-imagen","8":"category-mesa-de-redaccion","9":"category-tendencias","10":"post_format-post-format-video"},"jetpack_publicize_connections":[],"jetpack_featured_media_url":"https:\/\/i0.wp.com\/redaccionoaxaca.com\/wp-content\/uploads\/2026\/04\/FB_IMG_1777503912167.jpg?fit=2048%2C1365&ssl=1","jetpack_sharing_enabled":true,"jetpack_shortlink":"https:\/\/wp.me\/p9Ynjw-aSq","jetpack-related-posts":[{"id":29333,"url":"https:\/\/redaccionoaxaca.com\/index.php\/2023\/09\/21\/congreso-aprueba-nueva-ley-de-derechos-de-ninas-ninos-y-adolescentes-de-oaxaca-y-crea-registro-estatal-de-agresores-sexuales-de-infancias\/","url_meta":{"origin":41814,"position":0},"title":"Congreso aprueba nueva Ley de Derechos de Ni\u00f1as, Ni\u00f1os y Adolescentes  de Oaxaca y crea Registro Estatal de Agresores Sexuales de infancias","author":"ariadna","date":"septiembre 21, 2023","format":false,"excerpt":"#Redacci\u00f3nOaxaca #Oaxaca Jaime GUERRERO La LXV Legislatura del Congreso Estado, aprob\u00f3 con 32 votos a favor, la Ley de los Derechos de Ni\u00f1as, Ni\u00f1os y Adolescentes para el Estado de Oaxaca que contempla un registro estatal de agresores sexuales. Por medio de esta ley, las autoridades educativas garantizar\u00e1n la inclusi\u00f3n\u2026","rel":"","context":"En &quot;Agenda Pol\u00edtica&quot;","block_context":{"text":"Agenda Pol\u00edtica","link":"https:\/\/redaccionoaxaca.com\/index.php\/category\/agenda-politica\/"},"img":{"alt_text":"","src":"","width":0,"height":0},"classes":[]},{"id":37678,"url":"https:\/\/redaccionoaxaca.com\/index.php\/2025\/08\/06\/proponen-iniciativa-de-ley-para-garantizar-un-entorno-digital-seguro-para-ninas-ninos-y-adolescentes-en-oaxaca\/","url_meta":{"origin":41814,"position":1},"title":"Proponen Iniciativa de Ley para garantizar un entorno digital seguro para ni\u00f1as, ni\u00f1os y adolescentes en Oaxaca","author":"ariadna","date":"agosto 6, 2025","format":false,"excerpt":"#Redacci\u00f3nOaxaca #Oaxaca * La propuesta busca prevenir, detectar, sancionar y erradicar el ciberacoso, el uso no consentido de im\u00e1genes, el acoso sexual en l\u00ednea y la trata con fines de explotaci\u00f3n * La reforma es impulsada por la legisladora Lizbeth Anaid Concha Ojeda San Raymundo Jalpan, Oax., 06 de agosto\u2026","rel":"","context":"En &quot;Agenda Pol\u00edtica&quot;","block_context":{"text":"Agenda Pol\u00edtica","link":"https:\/\/redaccionoaxaca.com\/index.php\/category\/agenda-politica\/"},"img":{"alt_text":"","src":"https:\/\/i0.wp.com\/redaccionoaxaca.com\/wp-content\/uploads\/2025\/08\/Screenshot_20250806_195547_Facebook-scaled.jpg?fit=1200%2C940&ssl=1&resize=350%2C200","width":350,"height":200,"srcset":"https:\/\/i0.wp.com\/redaccionoaxaca.com\/wp-content\/uploads\/2025\/08\/Screenshot_20250806_195547_Facebook-scaled.jpg?fit=1200%2C940&ssl=1&resize=350%2C200 1x, https:\/\/i0.wp.com\/redaccionoaxaca.com\/wp-content\/uploads\/2025\/08\/Screenshot_20250806_195547_Facebook-scaled.jpg?fit=1200%2C940&ssl=1&resize=525%2C300 1.5x, https:\/\/i0.wp.com\/redaccionoaxaca.com\/wp-content\/uploads\/2025\/08\/Screenshot_20250806_195547_Facebook-scaled.jpg?fit=1200%2C940&ssl=1&resize=700%2C400 2x, https:\/\/i0.wp.com\/redaccionoaxaca.com\/wp-content\/uploads\/2025\/08\/Screenshot_20250806_195547_Facebook-scaled.jpg?fit=1200%2C940&ssl=1&resize=1050%2C600 3x"},"classes":[]},{"id":35546,"url":"https:\/\/redaccionoaxaca.com\/index.php\/2025\/02\/08\/titular-de-la-smo-llama-a-congreso-a-establecer-en-la-constitucion-el-derecho-al-cuidado-en-oaxaca\/","url_meta":{"origin":41814,"position":2},"title":"Titular de la SMO llama a Congreso  a establecer en la Constituci\u00f3n el Derecho al Cuidado en Oaxaca","author":"ariadna","date":"febrero 8, 2025","format":false,"excerpt":"#Redacci\u00f3nOaxaca #Oaxaca Jaime GUERRERO La Secretaria de las Mujeres, Anah\u00ed Sarmiento P\u00e9rez, reconoci\u00f3 que vivir sin violencia es una condici\u00f3n indispensable para que las mujeres y las ni\u00f1as en Oaxaca puedan desarrollar sus capacidades y potencial. Tras enlistar los resultados, hizo un llamado al Congreso, para seguir tejiendo alianzas para\u2026","rel":"","context":"En &quot;Agenda Pol\u00edtica&quot;","block_context":{"text":"Agenda Pol\u00edtica","link":"https:\/\/redaccionoaxaca.com\/index.php\/category\/agenda-politica\/"},"img":{"alt_text":"","src":"","width":0,"height":0},"classes":[]},{"id":21693,"url":"https:\/\/redaccionoaxaca.com\/index.php\/2021\/10\/18\/presentan-campana-asi-no-yositecreo-contra-el-abuso-sexual-infantil\/","url_meta":{"origin":41814,"position":3},"title":"Presentan campa\u00f1a \u201cASI NO #YoS\u00edTeCreo contra el abuso sexual infantil\u201d.","author":"ariadna","date":"octubre 18, 2021","format":false,"excerpt":"#Redacci\u00f3nOaxaca #Oaxaca \u2022 El objetivo de la campa\u00f1a es proporcionar a la sociedad conocimientos y herramientas para prevenir la violencia sexual contra ni\u00f1as, ni\u00f1os y adolescentes Oaxaca de Ju\u00e1rez, Oax. 18 de octubre de 2021. Como parte de las actividades de la Comisi\u00f3n para Poner Fin a Todo Tipo de\u2026","rel":"","context":"En &quot;Imagen&quot;","block_context":{"text":"Imagen","link":"https:\/\/redaccionoaxaca.com\/index.php\/category\/imagen\/"},"img":{"alt_text":"","src":"https:\/\/i0.wp.com\/redaccionoaxaca.com\/wp-content\/uploads\/2021\/10\/IMG-20211018-WA0119-300x169.jpg?resize=350%2C200&ssl=1","width":350,"height":200},"classes":[]},{"id":35999,"url":"https:\/\/redaccionoaxaca.com\/index.php\/2025\/03\/07\/el-matrimonio-infantil-debe-ser-reconocido-como-violencia-estructural-en-las-leyes-estatales\/","url_meta":{"origin":41814,"position":4},"title":"El matrimonio infantil debe ser reconocido como violencia estructural en las leyes estatales","author":"ariadna","date":"marzo 7, 2025","format":false,"excerpt":"#Redacci\u00f3nOaxaca #Oaxaca * Esta reforma servir\u00e1 de base para el desarrollo de programas de sensibilizaci\u00f3n con el fin de erradicar la normalizaci\u00f3n del matrimonio infantil * El Estado garantizar\u00e1 la atenci\u00f3n integral, protecci\u00f3n, acceso a la justicia y reparaci\u00f3n del da\u00f1o para las v\u00edctimas, con el fin de restituir el\u2026","rel":"","context":"En &quot;Agenda Pol\u00edtica&quot;","block_context":{"text":"Agenda Pol\u00edtica","link":"https:\/\/redaccionoaxaca.com\/index.php\/category\/agenda-politica\/"},"img":{"alt_text":"","src":"","width":0,"height":0},"classes":[]},{"id":37988,"url":"https:\/\/redaccionoaxaca.com\/index.php\/2025\/08\/23\/impulsan-iniciativa-para-incorporar-el-protocolo-alba-en-la-ley-de-los-derechos-de-ninas-ninos-y-adolescentes-del-estado\/","url_meta":{"origin":41814,"position":5},"title":"Impulsan iniciativa para incorporar el Protocolo Alba en la Ley de los Derechos de Ni\u00f1as, Ni\u00f1os y Adolescentes del Estado","author":"ariadna","date":"agosto 23, 2025","format":false,"excerpt":"#Redacci\u00f3nOaxaca #Oaxaca * El Proyecto de Decreto fue presentado por la legisladora Mar\u00eda Eulalia Velasco Ram\u00edrez * Es una estrategia de reacci\u00f3n inmediata y coordinaci\u00f3n entre autoridades federales, estatales y municipales, sociedad civil y medios de comunicaci\u00f3n * Permite la b\u00fasqueda y localizaci\u00f3n urgente de ni\u00f1as, ni\u00f1os, adolescentes y mujeres\u2026","rel":"","context":"Entrada similar ","block_context":{"text":"Entrada similar ","link":""},"img":{"alt_text":"","src":"https:\/\/i0.wp.com\/redaccionoaxaca.com\/wp-content\/uploads\/2025\/08\/Screenshot_20250823_154620_Facebook-scaled.jpg?fit=1200%2C778&ssl=1&resize=350%2C200","width":350,"height":200,"srcset":"https:\/\/i0.wp.com\/redaccionoaxaca.com\/wp-content\/uploads\/2025\/08\/Screenshot_20250823_154620_Facebook-scaled.jpg?fit=1200%2C778&ssl=1&resize=350%2C200 1x, https:\/\/i0.wp.com\/redaccionoaxaca.com\/wp-content\/uploads\/2025\/08\/Screenshot_20250823_154620_Facebook-scaled.jpg?fit=1200%2C778&ssl=1&resize=525%2C300 1.5x, https:\/\/i0.wp.com\/redaccionoaxaca.com\/wp-content\/uploads\/2025\/08\/Screenshot_20250823_154620_Facebook-scaled.jpg?fit=1200%2C778&ssl=1&resize=700%2C400 2x, https:\/\/i0.wp.com\/redaccionoaxaca.com\/wp-content\/uploads\/2025\/08\/Screenshot_20250823_154620_Facebook-scaled.jpg?fit=1200%2C778&ssl=1&resize=1050%2C600 3x"},"classes":[]}],"_links":{"self":[{"href":"https:\/\/redaccionoaxaca.com\/index.php\/wp-json\/wp\/v2\/posts\/41814","targetHints":{"allow":["GET"]}}],"collection":[{"href":"https:\/\/redaccionoaxaca.com\/index.php\/wp-json\/wp\/v2\/posts"}],"about":[{"href":"https:\/\/redaccionoaxaca.com\/index.php\/wp-json\/wp\/v2\/types\/post"}],"author":[{"embeddable":true,"href":"https:\/\/redaccionoaxaca.com\/index.php\/wp-json\/wp\/v2\/users\/9"}],"replies":[{"embeddable":true,"href":"https:\/\/redaccionoaxaca.com\/index.php\/wp-json\/wp\/v2\/comments?post=41814"}],"version-history":[{"count":2,"href":"https:\/\/redaccionoaxaca.com\/index.php\/wp-json\/wp\/v2\/posts\/41814\/revisions"}],"predecessor-version":[{"id":41821,"href":"https:\/\/redaccionoaxaca.com\/index.php\/wp-json\/wp\/v2\/posts\/41814\/revisions\/41821"}],"wp:featuredmedia":[{"embeddable":true,"href":"https:\/\/redaccionoaxaca.com\/index.php\/wp-json\/wp\/v2\/media\/41816"}],"wp:attachment":[{"href":"https:\/\/redaccionoaxaca.com\/index.php\/wp-json\/wp\/v2\/media?parent=41814"}],"wp:term":[{"taxonomy":"category","embeddable":true,"href":"https:\/\/redaccionoaxaca.com\/index.php\/wp-json\/wp\/v2\/categories?post=41814"},{"taxonomy":"post_tag","embeddable":true,"href":"https:\/\/redaccionoaxaca.com\/index.php\/wp-json\/wp\/v2\/tags?post=41814"}],"curies":[{"name":"wp","href":"https:\/\/api.w.org\/{rel}","templated":true}]}}