{"id":41822,"date":"2026-04-29T17:56:03","date_gmt":"2026-04-29T23:56:03","guid":{"rendered":"https:\/\/redaccionoaxaca.com\/?p=41822"},"modified":"2026-04-29T17:59:05","modified_gmt":"2026-04-29T23:59:05","slug":"persona-resulta-herida-tras-hecho-delictivo-en-plaza-del-valle-despliegan-operativo-en-oaxaca","status":"publish","type":"post","link":"https:\/\/redaccionoaxaca.com\/index.php\/2026\/04\/29\/persona-resulta-herida-tras-hecho-delictivo-en-plaza-del-valle-despliegan-operativo-en-oaxaca\/","title":{"rendered":"Persona resulta herida tras hecho delictivo en Plaza del Valle; despliegan operativo en Oaxaca"},"content":{"rendered":"<p><strong>#Redacci\u00f3nOaxaca<\/strong><\/p>\n<p><strong>#Oaxaca<\/strong><\/p>\n<p style=\"text-align: justify;\">Oaxaca de Ju\u00e1rez, Oax., 29 de abril de 2026.\u2013 Una persona result\u00f3 lesionada luego de un hecho delictivo registrado en el estacionamiento de la plaza comercial Plaza del Valle, al sur de la capital oaxaque\u00f1a.<\/p>\n<p style=\"text-align: justify;\">De acuerdo con la Secretar\u00eda de Seguridad Vecinal, el incidente fue reportado a trav\u00e9s del n\u00famero de emergencias 911, lo que moviliz\u00f3 de inmediato a corporaciones policiacas. La v\u00edctima fue atendida en el lugar y posteriormente trasladada a un hospital para recibir atenci\u00f3n m\u00e9dica.<\/p>\n<p><img data-recalc-dims=\"1\" loading=\"lazy\" decoding=\"async\" data-attachment-id=\"41823\" data-permalink=\"https:\/\/redaccionoaxaca.com\/index.php\/2026\/04\/29\/persona-resulta-herida-tras-hecho-delictivo-en-plaza-del-valle-despliegan-operativo-en-oaxaca\/fb_img_1777506893552\/\" data-orig-file=\"https:\/\/i0.wp.com\/redaccionoaxaca.com\/wp-content\/uploads\/2026\/04\/FB_IMG_1777506893552.jpg?fit=900%2C684&amp;ssl=1\" data-orig-size=\"900,684\" data-comments-opened=\"1\" data-image-meta=\"{&quot;aperture&quot;:&quot;0&quot;,&quot;credit&quot;:&quot;&quot;,&quot;camera&quot;:&quot;&quot;,&quot;caption&quot;:&quot;&quot;,&quot;created_timestamp&quot;:&quot;0&quot;,&quot;copyright&quot;:&quot;&quot;,&quot;focal_length&quot;:&quot;0&quot;,&quot;iso&quot;:&quot;0&quot;,&quot;shutter_speed&quot;:&quot;0&quot;,&quot;title&quot;:&quot;&quot;,&quot;orientation&quot;:&quot;0&quot;}\" data-image-title=\"FB_IMG_1777506893552\" data-image-description=\"\" data-image-caption=\"\" data-large-file=\"https:\/\/i0.wp.com\/redaccionoaxaca.com\/wp-content\/uploads\/2026\/04\/FB_IMG_1777506893552.jpg?fit=696%2C529&amp;ssl=1\" class=\"size-medium wp-image-41823 aligncenter\" src=\"https:\/\/i0.wp.com\/redaccionoaxaca.com\/wp-content\/uploads\/2026\/04\/FB_IMG_1777506893552.jpg?resize=300%2C228&#038;ssl=1\" alt=\"\" width=\"300\" height=\"228\" srcset=\"https:\/\/i0.wp.com\/redaccionoaxaca.com\/wp-content\/uploads\/2026\/04\/FB_IMG_1777506893552.jpg?resize=300%2C228&amp;ssl=1 300w, https:\/\/i0.wp.com\/redaccionoaxaca.com\/wp-content\/uploads\/2026\/04\/FB_IMG_1777506893552.jpg?resize=768%2C584&amp;ssl=1 768w, https:\/\/i0.wp.com\/redaccionoaxaca.com\/wp-content\/uploads\/2026\/04\/FB_IMG_1777506893552.jpg?resize=553%2C420&amp;ssl=1 553w, https:\/\/i0.wp.com\/redaccionoaxaca.com\/wp-content\/uploads\/2026\/04\/FB_IMG_1777506893552.jpg?resize=80%2C60&amp;ssl=1 80w, https:\/\/i0.wp.com\/redaccionoaxaca.com\/wp-content\/uploads\/2026\/04\/FB_IMG_1777506893552.jpg?resize=696%2C529&amp;ssl=1 696w, https:\/\/i0.wp.com\/redaccionoaxaca.com\/wp-content\/uploads\/2026\/04\/FB_IMG_1777506893552.jpg?w=900&amp;ssl=1 900w\" sizes=\"auto, (max-width: 300px) 100vw, 300px\" \/><\/p>\n<p style=\"text-align: justify;\">Tras los hechos, elementos de la Polic\u00eda Municipal, en coordinaci\u00f3n con la Polic\u00eda Estatal, implementaron un operativo en la zona sur de la ciudad y en el municipio de Santa Cruz Xoxocotl\u00e1n, con el objetivo de localizar a los presuntos responsables.<\/p>\n<p style=\"text-align: justify;\">Las autoridades informaron que, a trav\u00e9s del sistema de videovigilancia del C5i, se obtuvo informaci\u00f3n clave que ya es utilizada para orientar las acciones de b\u00fasqueda.<\/p>\n<p style=\"text-align: justify;\">En tanto, las corporaciones mantienen presencia en el \u00e1rea y realizan recorridos de vigilancia para reforzar la seguridad, mientras contin\u00faan las investigaciones.<\/p>\n<p style=\"text-align: justify;\">Finalmente, se exhort\u00f3 a la ciudadan\u00eda a mantenerse informada por medios oficiales y a reportar cualquier dato que contribuya a la localizaci\u00f3n de los responsables.<\/p>\n<p><img data-recalc-dims=\"1\" loading=\"lazy\" decoding=\"async\" data-attachment-id=\"41824\" data-permalink=\"https:\/\/redaccionoaxaca.com\/index.php\/2026\/04\/29\/persona-resulta-herida-tras-hecho-delictivo-en-plaza-del-valle-despliegan-operativo-en-oaxaca\/fb_img_1777506895948\/\" data-orig-file=\"https:\/\/i0.wp.com\/redaccionoaxaca.com\/wp-content\/uploads\/2026\/04\/FB_IMG_1777506895948.jpg?fit=1920%2C1077&amp;ssl=1\" data-orig-size=\"1920,1077\" data-comments-opened=\"1\" data-image-meta=\"{&quot;aperture&quot;:&quot;0&quot;,&quot;credit&quot;:&quot;&quot;,&quot;camera&quot;:&quot;&quot;,&quot;caption&quot;:&quot;&quot;,&quot;created_timestamp&quot;:&quot;0&quot;,&quot;copyright&quot;:&quot;&quot;,&quot;focal_length&quot;:&quot;0&quot;,&quot;iso&quot;:&quot;0&quot;,&quot;shutter_speed&quot;:&quot;0&quot;,&quot;title&quot;:&quot;&quot;,&quot;orientation&quot;:&quot;0&quot;}\" data-image-title=\"FB_IMG_1777506895948\" data-image-description=\"\" data-image-caption=\"\" data-large-file=\"https:\/\/i0.wp.com\/redaccionoaxaca.com\/wp-content\/uploads\/2026\/04\/FB_IMG_1777506895948.jpg?fit=696%2C390&amp;ssl=1\" class=\"size-medium wp-image-41824 aligncenter\" src=\"https:\/\/i0.wp.com\/redaccionoaxaca.com\/wp-content\/uploads\/2026\/04\/FB_IMG_1777506895948.jpg?resize=300%2C168&#038;ssl=1\" alt=\"\" width=\"300\" height=\"168\" srcset=\"https:\/\/i0.wp.com\/redaccionoaxaca.com\/wp-content\/uploads\/2026\/04\/FB_IMG_1777506895948.jpg?resize=300%2C168&amp;ssl=1 300w, https:\/\/i0.wp.com\/redaccionoaxaca.com\/wp-content\/uploads\/2026\/04\/FB_IMG_1777506895948.jpg?resize=1024%2C574&amp;ssl=1 1024w, https:\/\/i0.wp.com\/redaccionoaxaca.com\/wp-content\/uploads\/2026\/04\/FB_IMG_1777506895948.jpg?resize=768%2C431&amp;ssl=1 768w, https:\/\/i0.wp.com\/redaccionoaxaca.com\/wp-content\/uploads\/2026\/04\/FB_IMG_1777506895948.jpg?resize=1536%2C862&amp;ssl=1 1536w, https:\/\/i0.wp.com\/redaccionoaxaca.com\/wp-content\/uploads\/2026\/04\/FB_IMG_1777506895948.jpg?resize=749%2C420&amp;ssl=1 749w, https:\/\/i0.wp.com\/redaccionoaxaca.com\/wp-content\/uploads\/2026\/04\/FB_IMG_1777506895948.jpg?resize=696%2C390&amp;ssl=1 696w, https:\/\/i0.wp.com\/redaccionoaxaca.com\/wp-content\/uploads\/2026\/04\/FB_IMG_1777506895948.jpg?resize=1068%2C599&amp;ssl=1 1068w, https:\/\/i0.wp.com\/redaccionoaxaca.com\/wp-content\/uploads\/2026\/04\/FB_IMG_1777506895948.jpg?w=1920&amp;ssl=1 1920w, https:\/\/i0.wp.com\/redaccionoaxaca.com\/wp-content\/uploads\/2026\/04\/FB_IMG_1777506895948.jpg?w=1392&amp;ssl=1 1392w\" sizes=\"auto, (max-width: 300px) 100vw, 300px\" \/><\/p>\n<p><img data-recalc-dims=\"1\" loading=\"lazy\" decoding=\"async\" data-attachment-id=\"41827\" data-permalink=\"https:\/\/redaccionoaxaca.com\/index.php\/2026\/04\/29\/persona-resulta-herida-tras-hecho-delictivo-en-plaza-del-valle-despliegan-operativo-en-oaxaca\/img-20260429-wa0161\/\" data-orig-file=\"https:\/\/i0.wp.com\/redaccionoaxaca.com\/wp-content\/uploads\/2026\/04\/IMG-20260429-WA0161.jpg?fit=1024%2C1280&amp;ssl=1\" data-orig-size=\"1024,1280\" data-comments-opened=\"1\" data-image-meta=\"{&quot;aperture&quot;:&quot;0&quot;,&quot;credit&quot;:&quot;&quot;,&quot;camera&quot;:&quot;&quot;,&quot;caption&quot;:&quot;&quot;,&quot;created_timestamp&quot;:&quot;0&quot;,&quot;copyright&quot;:&quot;&quot;,&quot;focal_length&quot;:&quot;0&quot;,&quot;iso&quot;:&quot;0&quot;,&quot;shutter_speed&quot;:&quot;0&quot;,&quot;title&quot;:&quot;&quot;,&quot;orientation&quot;:&quot;0&quot;}\" data-image-title=\"IMG-20260429-WA0161\" data-image-description=\"\" data-image-caption=\"\" data-large-file=\"https:\/\/i0.wp.com\/redaccionoaxaca.com\/wp-content\/uploads\/2026\/04\/IMG-20260429-WA0161.jpg?fit=696%2C870&amp;ssl=1\" class=\"size-medium wp-image-41827 aligncenter\" src=\"https:\/\/i0.wp.com\/redaccionoaxaca.com\/wp-content\/uploads\/2026\/04\/IMG-20260429-WA0161.jpg?resize=240%2C300&#038;ssl=1\" alt=\"\" width=\"240\" height=\"300\" srcset=\"https:\/\/i0.wp.com\/redaccionoaxaca.com\/wp-content\/uploads\/2026\/04\/IMG-20260429-WA0161.jpg?resize=240%2C300&amp;ssl=1 240w, https:\/\/i0.wp.com\/redaccionoaxaca.com\/wp-content\/uploads\/2026\/04\/IMG-20260429-WA0161.jpg?resize=819%2C1024&amp;ssl=1 819w, https:\/\/i0.wp.com\/redaccionoaxaca.com\/wp-content\/uploads\/2026\/04\/IMG-20260429-WA0161.jpg?resize=768%2C960&amp;ssl=1 768w, https:\/\/i0.wp.com\/redaccionoaxaca.com\/wp-content\/uploads\/2026\/04\/IMG-20260429-WA0161.jpg?resize=336%2C420&amp;ssl=1 336w, https:\/\/i0.wp.com\/redaccionoaxaca.com\/wp-content\/uploads\/2026\/04\/IMG-20260429-WA0161.jpg?resize=696%2C870&amp;ssl=1 696w, https:\/\/i0.wp.com\/redaccionoaxaca.com\/wp-content\/uploads\/2026\/04\/IMG-20260429-WA0161.jpg?w=1024&amp;ssl=1 1024w\" sizes=\"auto, (max-width: 240px) 100vw, 240px\" \/><\/p>\n","protected":false},"excerpt":{"rendered":"<p>#Redacci\u00f3nOaxaca #Oaxaca Oaxaca de Ju\u00e1rez, Oax., 29 de abril de 2026.\u2013 Una persona result\u00f3 lesionada luego de un hecho delictivo registrado en el estacionamiento de la plaza comercial Plaza del Valle, al sur de la capital oaxaque\u00f1a. De acuerdo con la Secretar\u00eda de Seguridad Vecinal, el incidente fue reportado a trav\u00e9s del n\u00famero de emergencias [&hellip;]<\/p>\n","protected":false},"author":9,"featured_media":41824,"comment_status":"open","ping_status":"open","sticky":false,"template":"","format":"standard","meta":{"jetpack_post_was_ever_published":false,"_jetpack_newsletter_access":"","_jetpack_dont_email_post_to_subs":false,"_jetpack_newsletter_tier_id":0,"_jetpack_memberships_contains_paywalled_content":false,"_jetpack_memberships_contains_paid_content":false,"footnotes":"","jetpack_publicize_message":"","jetpack_publicize_feature_enabled":true,"jetpack_social_post_already_shared":true,"jetpack_social_options":{"image_generator_settings":{"template":"highway","default_image_id":0,"font":"","enabled":false},"version":2}},"categories":[5,3,6],"tags":[],"class_list":{"0":"post-41822","1":"post","2":"type-post","3":"status-publish","4":"format-standard","5":"has-post-thumbnail","7":"category-imagen","8":"category-mesa-de-redaccion","9":"category-tendencias"},"jetpack_publicize_connections":[],"jetpack_featured_media_url":"https:\/\/i0.wp.com\/redaccionoaxaca.com\/wp-content\/uploads\/2026\/04\/FB_IMG_1777506895948.jpg?fit=1920%2C1077&ssl=1","jetpack_sharing_enabled":true,"jetpack_shortlink":"https:\/\/wp.me\/p9Ynjw-aSy","jetpack-related-posts":[{"id":33152,"url":"https:\/\/redaccionoaxaca.com\/index.php\/2024\/09\/01\/fiscalia-de-oaxaca-investiga-con-objetividad-y-aplica-protocolos-de-investigacion-tras-hechos-ocurridos-en-operativo-alcoholimetro-de-santa-lucia-en-los-que-un-civil-fallecio-y-un-policia-resulto-les\/","url_meta":{"origin":41822,"position":0},"title":"Fiscal\u00eda de Oaxaca investiga con objetividad y aplica protocolos de investigaci\u00f3n tras hechos ocurridos en operativo alcohol\u00edmetro de Santa Luc\u00eda, en los que un civil falleci\u00f3 y un polic\u00eda result\u00f3 lesionado","author":"ariadna","date":"septiembre 1, 2024","format":false,"excerpt":"#Redacci\u00f3nOaxaca #Oaxaca * La FGEO realiza una investigaci\u00f3n exhaustiva, objetiva y cient\u00edfica para determinar si en el caso existe uso racional de la fuerza por parte de los elementos de la polic\u00eda municipal de Santa Luc\u00eda del Camino o un exceso en dichas atribuciones Un equipo especializado en diferentes materias,\u2026","rel":"","context":"En &quot;Imagen&quot;","block_context":{"text":"Imagen","link":"https:\/\/redaccionoaxaca.com\/index.php\/category\/imagen\/"},"img":{"alt_text":"","src":"https:\/\/i0.wp.com\/redaccionoaxaca.com\/wp-content\/uploads\/2024\/09\/FB_IMG_1725167074434-245x300.jpg?resize=350%2C200&ssl=1","width":350,"height":200},"classes":[]},{"id":19389,"url":"https:\/\/redaccionoaxaca.com\/index.php\/2021\/06\/02\/vecinos-de-la-cruz-de-piedra-detienen-a-cristaleros-que-operaba-en-esta-zona-del-centro-historico\/","url_meta":{"origin":41822,"position":1},"title":"Vecinos de la Cruz de Piedra detienen a cristaleros que operaba en esta zona del centro hist\u00f3rico.","author":"ariadna","date":"junio 2, 2021","format":false,"excerpt":"#Redacci\u00f3nOaxaca #Oaxaca Maira Ric\u00e1rdez * Denuncian que los cristalazos a veh\u00edculos son cotidianos en el \u00e1rea y la Polic\u00eda Municipal est\u00e1 rebasada. Vecinos de la Cruz de piedra, zona tur\u00edstica ubicada en la tercera cuadra\u00a0 adyacente al andador tur\u00edstico,\u00a0 demandaron mayor atenci\u00f3n policial al ser cada vez m\u00e1s frecuentes los\u2026","rel":"","context":"En &quot;Agenda Pol\u00edtica&quot;","block_context":{"text":"Agenda Pol\u00edtica","link":"https:\/\/redaccionoaxaca.com\/index.php\/category\/agenda-politica\/"},"img":{"alt_text":"","src":"","width":0,"height":0},"classes":[]},{"id":38839,"url":"https:\/\/redaccionoaxaca.com\/index.php\/2025\/10\/23\/regresa-el-operativo-pescador-a-la-central-de-abasto-de-oaxaca-participan-mas-de-800-elementos-de-seguridad\/","url_meta":{"origin":41822,"position":2},"title":"Regresa el operativo \u201cPescador\u201d a la Central de Abasto de Oaxaca; participan m\u00e1s de 800 elementos de seguridad","author":"ariadna","date":"octubre 23, 2025","format":false,"excerpt":"#Redacci\u00f3nOaxaca #Oaxaca Por instrucciones del gobernador del estado Salom\u00f3n Jara Cruz\u00a0 ante los resultados positivos obtenidos en ediciones anteriores, este jueves regres\u00f3 el operativo \u201cPescador\u201d a la Central de Abasto de Oaxaca, con el objetivo de reforzar la seguridad en una de las zonas comerciales m\u00e1s grandes y concurridas de\u2026","rel":"","context":"En &quot;Agenda Pol\u00edtica&quot;","block_context":{"text":"Agenda Pol\u00edtica","link":"https:\/\/redaccionoaxaca.com\/index.php\/category\/agenda-politica\/"},"img":{"alt_text":"","src":"","width":0,"height":0},"classes":[]},{"id":35379,"url":"https:\/\/redaccionoaxaca.com\/index.php\/2025\/01\/29\/4-muertos-en-operativo-de-detencion-de-celula-que-secuestro-a-activista-sandra-y-su-esposo\/","url_meta":{"origin":41822,"position":3},"title":"4 muertos en operativo de detenci\u00f3n de c\u00e9lula que secuestro a activista Sandra y su esposo","author":"ariadna","date":"enero 29, 2025","format":false,"excerpt":"#Redacci\u00f3nOaxaca #Oaxaca Jaime GUERRERO El secretario de Seguridad P\u00fablica del Gobierno Federal, Omar Garc\u00eda Harfuch, confirm\u00f3 enfrentamiento durante operativo para detener a los secuestradores de la activista Sandra Dom\u00ednguez y su esposo Alexander Hern\u00e1ndez que, dej\u00f3 como saldo 4 fallecidos, entre ellos 3 delincuentes y 1 agente federal de la\u2026","rel":"","context":"En &quot;Agenda Pol\u00edtica&quot;","block_context":{"text":"Agenda Pol\u00edtica","link":"https:\/\/redaccionoaxaca.com\/index.php\/category\/agenda-politica\/"},"img":{"alt_text":"","src":"","width":0,"height":0},"classes":[]},{"id":24388,"url":"https:\/\/redaccionoaxaca.com\/index.php\/2022\/03\/05\/cae-presunto-homicida-en-la-cuenca-del-papaloapan-policia-estatal-lo-detuvo-en-operativo\/","url_meta":{"origin":41822,"position":4},"title":"Cae presunto homicida en la Cuenca del Papaloapan; Polic\u00eda Estatal lo detuvo en operativo.","author":"ariadna","date":"marzo 5, 2022","format":false,"excerpt":"#Redacci\u00f3nOaxaca #Oaxaca Se presume que el sujeto de iniciales Leonardo V. D. habr\u00eda sido responsable del homicidio de \u00c1ngel M.V de 66 a\u00f1os de edad, adem\u00e1s se le acusa de tentativa por robo de una motocicleta. Los hechos se suscitaron en la calle Puebla, entre Celaya y L\u00e1zaro C\u00e1rdenas, colonia\u2026","rel":"","context":"En &quot;Imagen&quot;","block_context":{"text":"Imagen","link":"https:\/\/redaccionoaxaca.com\/index.php\/category\/imagen\/"},"img":{"alt_text":"","src":"https:\/\/i0.wp.com\/redaccionoaxaca.com\/wp-content\/uploads\/2022\/03\/IMG-20220305-WA0014-225x300.jpg?resize=350%2C200&ssl=1","width":350,"height":200},"classes":[]},{"id":36110,"url":"https:\/\/redaccionoaxaca.com\/index.php\/2025\/03\/17\/tras-presencia-de-grupo-delictivo-proveniente-de-otro-estado-y-desaparicion-de-joven-en-huatulco-autoridades-refuerzan-seguridad-en-oaxaca\/","url_meta":{"origin":41822,"position":5},"title":"Tras presencia de grupo delictivo proveniente de otro estado y desaparici\u00f3n de joven en Huatulco, autoridades refuerzan seguridad en Oaxaca","author":"ariadna","date":"marzo 17, 2025","format":false,"excerpt":"#Redacci\u00f3nOaxaca #Oaxaca Autoridades estatales y federales han implementado operativos de seguridad en diversas regiones de Oaxaca, tras detectar la presencia de un grupo delictivo que opera en los estados de Tlaxcala, Puebla, Oaxaca y Veracruz. De acuerdo con informaci\u00f3n oficial, las fiscal\u00edas de Puebla y Oaxaca han establecido una coordinaci\u00f3n\u2026","rel":"","context":"En &quot;Al Cierre&quot;","block_context":{"text":"Al Cierre","link":"https:\/\/redaccionoaxaca.com\/index.php\/category\/al-cierre\/"},"img":{"alt_text":"","src":"","width":0,"height":0},"classes":[]}],"_links":{"self":[{"href":"https:\/\/redaccionoaxaca.com\/index.php\/wp-json\/wp\/v2\/posts\/41822","targetHints":{"allow":["GET"]}}],"collection":[{"href":"https:\/\/redaccionoaxaca.com\/index.php\/wp-json\/wp\/v2\/posts"}],"about":[{"href":"https:\/\/redaccionoaxaca.com\/index.php\/wp-json\/wp\/v2\/types\/post"}],"author":[{"embeddable":true,"href":"https:\/\/redaccionoaxaca.com\/index.php\/wp-json\/wp\/v2\/users\/9"}],"replies":[{"embeddable":true,"href":"https:\/\/redaccionoaxaca.com\/index.php\/wp-json\/wp\/v2\/comments?post=41822"}],"version-history":[{"count":3,"href":"https:\/\/redaccionoaxaca.com\/index.php\/wp-json\/wp\/v2\/posts\/41822\/revisions"}],"predecessor-version":[{"id":41828,"href":"https:\/\/redaccionoaxaca.com\/index.php\/wp-json\/wp\/v2\/posts\/41822\/revisions\/41828"}],"wp:featuredmedia":[{"embeddable":true,"href":"https:\/\/redaccionoaxaca.com\/index.php\/wp-json\/wp\/v2\/media\/41824"}],"wp:attachment":[{"href":"https:\/\/redaccionoaxaca.com\/index.php\/wp-json\/wp\/v2\/media?parent=41822"}],"wp:term":[{"taxonomy":"category","embeddable":true,"href":"https:\/\/redaccionoaxaca.com\/index.php\/wp-json\/wp\/v2\/categories?post=41822"},{"taxonomy":"post_tag","embeddable":true,"href":"https:\/\/redaccionoaxaca.com\/index.php\/wp-json\/wp\/v2\/tags?post=41822"}],"curies":[{"name":"wp","href":"https:\/\/api.w.org\/{rel}","templated":true}]}}