{"id":41829,"date":"2026-04-29T18:10:40","date_gmt":"2026-04-30T00:10:40","guid":{"rendered":"https:\/\/redaccionoaxaca.com\/?p=41829"},"modified":"2026-04-29T18:10:40","modified_gmt":"2026-04-30T00:10:40","slug":"impulsan-estrategia-territorial-para-combatir-comida-chatarra-en-escuelas-de-oaxaca","status":"publish","type":"post","link":"https:\/\/redaccionoaxaca.com\/index.php\/2026\/04\/29\/impulsan-estrategia-territorial-para-combatir-comida-chatarra-en-escuelas-de-oaxaca\/","title":{"rendered":"Impulsan estrategia territorial para combatir comida chatarra en escuelas de Oaxaca"},"content":{"rendered":"<p><strong>#Redacci\u00f3nOaxaca<\/strong><\/p>\n<p><strong>#Oaxaca<\/strong><\/p>\n<p style=\"text-align: justify;\">* <em>Instalar\u00e1n huertos escolares y el personaje \u201cCapit\u00e1n Mazorca\u201d llevar\u00e1 mensajes de concientizaci\u00f3n a ni\u00f1as y ni\u00f1os de 20 planteles del Distrito XV<\/em><\/p>\n<p>San Raymundo Jalpan, Oax., a 29 de abril de 2026.- Con el objetivo de fortalecer la alimentaci\u00f3n saludable entre la ni\u00f1ez y frenar el consumo de comida y bebidas ultraprocesadas en las escuelas, el diputado C\u00e9sar David Mateos Ben\u00edtez, integrante del Grupo Parlamentario de Morena, present\u00f3 una estrategia territorial que contempla la instalaci\u00f3n de huertos urbanos escolares y una campa\u00f1a de concientizaci\u00f3n en 20 planteles del Distrito XV, en municipios del \u00e1rea metropolitana de Oaxaca.<\/p>\n<p style=\"text-align: justify;\">En conferencia de prensa y acompa\u00f1ado de la presidenta de la Junta de Coordinaci\u00f3n Pol\u00edtica (Jucopo) de la LXVI Legislatura, diputada Tania Caballero Navarro, el legislador explic\u00f3 que esta acci\u00f3n se desarrollar\u00e1 en escuelas primarias de Villa de Zaachila, Santa Cruz Xoxocotl\u00e1n, Cuil\u00e1pam de Guerrero, San Raymundo Jalpan, \u00c1nimas Trujano y Santa Mar\u00eda Coyotepec.<\/p>\n<p style=\"text-align: justify;\">Adem\u00e1s, se presentar\u00e1 al personaje \u201cCapit\u00e1n Mazorca\u201d, una figura did\u00e1ctica dise\u00f1ada para informar a las y los estudiantes sobre los da\u00f1os que provoca el consumo frecuente de refrescos, comida chatarra y productos ultraprocesados.<\/p>\n<p style=\"text-align: justify;\">Mateos Ben\u00edtez se\u00f1al\u00f3 que no se trata \u00fanicamente de promover nuevas leyes, sino de generar un proceso de reeducaci\u00f3n social que permita cumplir con la Ley General de la Alimentaci\u00f3n Adecuada y Sostenible (LGAAS) para fortalecer h\u00e1bitos saludables desde la infancia. Destac\u00f3 que la meta es combatir desde el origen enfermedades como la diabetes tipo 2, obesidad, problemas card\u00edacos y otros padecimientos relacionados con la mala alimentaci\u00f3n que actualmente afectan a la poblaci\u00f3n joven del pa\u00eds.<\/p>\n<p style=\"text-align: justify;\">Precis\u00f3 que cada huerto incluir\u00e1 cultivos como calabaza, cilantro, espinaca, pepino, acelga y r\u00e1bano, adem\u00e1s de una regadera tradicional y acompa\u00f1amiento t\u00e9cnico mediante dos visitas especializadas para garantizar su efectividad en la producci\u00f3n escolar.<\/p>\n<p style=\"text-align: justify;\">Por su parte, la diputada Caballero Navarro respald\u00f3 la iniciativa y reconoci\u00f3 que combatir la mala alimentaci\u00f3n desde las escuelas representa una acci\u00f3n preventiva de gran impacto para reducir enfermedades cr\u00f3nicas en el futuro.<\/p>\n<p style=\"text-align: justify;\">La representante popular destac\u00f3 que este esfuerzo no debe limitarse a una sola regi\u00f3n, por lo que expres\u00f3 la disposici\u00f3n del Congreso del Estado para hacer equipo con todas y todos los diputados, as\u00ed como con autoridades municipales, docentes, madres y padres de familia, a fin de extender este modelo a m\u00e1s regiones de la entidad.<\/p>\n<p style=\"text-align: justify;\">Ambos reiteraron que cualquier escuela p\u00fablica o privada interesada podr\u00e1 sumarse a este proyecto, al considerar que se trata de una estrategia en favor de la ni\u00f1ez, la salud p\u00fablica y el bienestar de las futuras generaciones de Oaxaca. Las instituciones interesadas pueden comunicarse al 951 249 1059 para solicitar mayor informaci\u00f3n.<\/p>\n<div style=\"width: 696px;\" class=\"wp-video\"><video class=\"wp-video-shortcode\" id=\"video-41829-1\" width=\"696\" height=\"392\" preload=\"metadata\" controls=\"controls\"><source type=\"video\/mp4\" src=\"https:\/\/redaccionoaxaca.com\/wp-content\/uploads\/2026\/04\/VID-20260429-WA01041.mp4?_=1\" \/><a href=\"https:\/\/redaccionoaxaca.com\/wp-content\/uploads\/2026\/04\/VID-20260429-WA01041.mp4\">https:\/\/redaccionoaxaca.com\/wp-content\/uploads\/2026\/04\/VID-20260429-WA01041.mp4<\/a><\/video><\/div>\n<p>&nbsp;<\/p>\n","protected":false},"excerpt":{"rendered":"<p>#Redacci\u00f3nOaxaca #Oaxaca * Instalar\u00e1n huertos escolares y el personaje \u201cCapit\u00e1n Mazorca\u201d llevar\u00e1 mensajes de concientizaci\u00f3n a ni\u00f1as y ni\u00f1os de 20 planteles del Distrito XV San Raymundo Jalpan, Oax., a 29 de abril de 2026.- Con el objetivo de fortalecer la alimentaci\u00f3n saludable entre la ni\u00f1ez y frenar el consumo de comida y bebidas ultraprocesadas [&hellip;]<\/p>\n","protected":false},"author":9,"featured_media":41831,"comment_status":"open","ping_status":"open","sticky":false,"template":"","format":"video","meta":{"jetpack_post_was_ever_published":false,"_jetpack_newsletter_access":"","_jetpack_dont_email_post_to_subs":false,"_jetpack_newsletter_tier_id":0,"_jetpack_memberships_contains_paywalled_content":false,"_jetpack_memberships_contains_paid_content":false,"footnotes":"","jetpack_publicize_message":"","jetpack_publicize_feature_enabled":true,"jetpack_social_post_already_shared":true,"jetpack_social_options":{"image_generator_settings":{"template":"highway","default_image_id":0,"font":"","enabled":false},"version":2}},"categories":[4,7,5,6],"tags":[],"class_list":{"0":"post-41829","1":"post","2":"type-post","3":"status-publish","4":"format-video","5":"has-post-thumbnail","7":"category-agenda-politica","8":"category-al-cierre","9":"category-imagen","10":"category-tendencias","11":"post_format-post-format-video"},"jetpack_publicize_connections":[],"jetpack_featured_media_url":"https:\/\/i0.wp.com\/redaccionoaxaca.com\/wp-content\/uploads\/2026\/04\/Screenshot_20260429_180928_Facebook-scaled.jpg?fit=2560%2C1680&ssl=1","jetpack_sharing_enabled":true,"jetpack_shortlink":"https:\/\/wp.me\/p9Ynjw-aSF","jetpack-related-posts":[{"id":40444,"url":"https:\/\/redaccionoaxaca.com\/index.php\/2026\/02\/10\/congreso-del-estado-exhorta-a-autoridades-educativas-y-de-gobierno-a-garantizar-la-prohibicion-de-comida-chatarra-en-escuelas-de-oaxaca\/","url_meta":{"origin":41829,"position":0},"title":"Congreso del Estado exhorta a autoridades educativas y de gobierno a garantizar la prohibici\u00f3n de comida chatarra en escuelas de Oaxaca","author":"ariadna","date":"febrero 10, 2026","format":false,"excerpt":"#Redacci\u00f3nOaxaca #Oaxaca * El exhorto se enmarca en la pol\u00edtica nacional de prevenci\u00f3n de enfermedades asociadas al consumo de productos con sellos de advertencia. * Los az\u00facares, grasas y sodio en exceso, en un consumo habitual incrementa riesgos de obesidad, caries y otros padecimientos en la poblaci\u00f3n infantil San Raymundo\u2026","rel":"","context":"En &quot;Agenda Pol\u00edtica&quot;","block_context":{"text":"Agenda Pol\u00edtica","link":"https:\/\/redaccionoaxaca.com\/index.php\/category\/agenda-politica\/"},"img":{"alt_text":"","src":"https:\/\/i0.wp.com\/redaccionoaxaca.com\/wp-content\/uploads\/2026\/02\/Screenshot_20260210_203214_Facebook-scaled.jpg?fit=1200%2C771&ssl=1&resize=350%2C200","width":350,"height":200,"srcset":"https:\/\/i0.wp.com\/redaccionoaxaca.com\/wp-content\/uploads\/2026\/02\/Screenshot_20260210_203214_Facebook-scaled.jpg?fit=1200%2C771&ssl=1&resize=350%2C200 1x, https:\/\/i0.wp.com\/redaccionoaxaca.com\/wp-content\/uploads\/2026\/02\/Screenshot_20260210_203214_Facebook-scaled.jpg?fit=1200%2C771&ssl=1&resize=525%2C300 1.5x, https:\/\/i0.wp.com\/redaccionoaxaca.com\/wp-content\/uploads\/2026\/02\/Screenshot_20260210_203214_Facebook-scaled.jpg?fit=1200%2C771&ssl=1&resize=700%2C400 2x, https:\/\/i0.wp.com\/redaccionoaxaca.com\/wp-content\/uploads\/2026\/02\/Screenshot_20260210_203214_Facebook-scaled.jpg?fit=1200%2C771&ssl=1&resize=1050%2C600 3x"},"classes":[]},{"id":10647,"url":"https:\/\/redaccionoaxaca.com\/index.php\/2020\/02\/14\/vuelta-a-la-pagina-pide-titular-del-iocifed-a-estela-de-corrupcion-de-ex-titulares-se-avanza-en-procesos-penales\/","url_meta":{"origin":41829,"position":1},"title":"Vuelta a la p\u00e1gina, pide titular del IOCIFED a estela de  corrupci\u00f3n de ex titulares; se avanza en procesos penales.","author":"ariadna","date":"febrero 14, 2020","format":false,"excerpt":"#Redacci\u00f3nOaxaca #Oaxaca Jaime GUERRERO El titular del IOCIFED, Adolfo Maldonado Fuentes, confirm\u00f3 8 denuncias contra 16 empresas constructoras, por da\u00f1o al erario, al dejar inconclusa la reconstrucci\u00f3n de escuelas da\u00f1adas por los sismos del 2017. El caso es tutelado por la Secretar\u00eda de la Contralor\u00eda y Transparencia Gubernamental y la\u2026","rel":"","context":"Entrada similar ","block_context":{"text":"Entrada similar ","link":""},"img":{"alt_text":"","src":"","width":0,"height":0},"classes":[]},{"id":13938,"url":"https:\/\/redaccionoaxaca.com\/index.php\/2020\/08\/13\/congreso-pide-a-murat-convocar-a-escuelas-particulares-de-oaxaca-para-garantizar-derecho-a-la-educacion\/","url_meta":{"origin":41829,"position":2},"title":"Congreso pide a Murat convocar a escuelas particulares  de Oaxaca para garantizar derecho a la educaci\u00f3n.","author":"ariadna","date":"agosto 13, 2020","format":false,"excerpt":"#Redacci\u00f3nOaxaca #Oaxaca Jaime GUERRERO La LXIV Legislatura pidi\u00f3, al Gobernador del Estado, Alejandro Murat Hinojosa, para que por medio del Instituto Estatal de Educaci\u00f3n P\u00fablica de Oaxaca (IEEPO), se convoque a los directivos de las escuelas particulares de los niveles de educaci\u00f3n preescolar, b\u00e1sica, media, media superior y superior, para\u2026","rel":"","context":"En &quot;Agenda Pol\u00edtica&quot;","block_context":{"text":"Agenda Pol\u00edtica","link":"https:\/\/redaccionoaxaca.com\/index.php\/category\/agenda-politica\/"},"img":{"alt_text":"","src":"","width":0,"height":0},"classes":[]},{"id":40568,"url":"https:\/\/redaccionoaxaca.com\/index.php\/2026\/02\/18\/ieepo-comparece-salud-y-rezago-educativo-los-focos-rojos-en-escuelas-de-oaxaca\/","url_meta":{"origin":41829,"position":3},"title":"IEEPO comparece; Salud y rezago educativo, los focos rojos en escuelas de Oaxaca","author":"ariadna","date":"febrero 18, 2026","format":"video","excerpt":"#Redacci\u00f3nOaxaca #Oaxaca Ariadna Mendoza\u00a0 El director general del\u00a0Instituto Estatal de Educaci\u00f3n P\u00fablica de Oaxaca\u00a0(IEEPO),\u00a0Emilio Montero P\u00e9rez, compareci\u00f3 ante el\u00a0Congreso del Estado de Oaxaca\u00a0como parte de la Glosa del Tercer Informe, donde admiti\u00f3 que\u00a0Oaxaca enfrenta retos graves en salud, rezago educativo e infraestructura escolar, aunque asegur\u00f3 que se han logrado avances\u2026","rel":"","context":"En &quot;Agenda Pol\u00edtica&quot;","block_context":{"text":"Agenda Pol\u00edtica","link":"https:\/\/redaccionoaxaca.com\/index.php\/category\/agenda-politica\/"},"img":{"alt_text":"","src":"https:\/\/i0.wp.com\/redaccionoaxaca.com\/wp-content\/uploads\/2026\/02\/Screenshot_20260218_125943_WhatsApp-scaled.jpg?fit=1200%2C544&ssl=1&resize=350%2C200","width":350,"height":200,"srcset":"https:\/\/i0.wp.com\/redaccionoaxaca.com\/wp-content\/uploads\/2026\/02\/Screenshot_20260218_125943_WhatsApp-scaled.jpg?fit=1200%2C544&ssl=1&resize=350%2C200 1x, https:\/\/i0.wp.com\/redaccionoaxaca.com\/wp-content\/uploads\/2026\/02\/Screenshot_20260218_125943_WhatsApp-scaled.jpg?fit=1200%2C544&ssl=1&resize=525%2C300 1.5x, https:\/\/i0.wp.com\/redaccionoaxaca.com\/wp-content\/uploads\/2026\/02\/Screenshot_20260218_125943_WhatsApp-scaled.jpg?fit=1200%2C544&ssl=1&resize=700%2C400 2x, https:\/\/i0.wp.com\/redaccionoaxaca.com\/wp-content\/uploads\/2026\/02\/Screenshot_20260218_125943_WhatsApp-scaled.jpg?fit=1200%2C544&ssl=1&resize=1050%2C600 3x"},"classes":[]},{"id":7604,"url":"https:\/\/redaccionoaxaca.com\/index.php\/2019\/07\/15\/escuelas-no-deben-condicionar-inscripcion-de-alumnos-con-pago-de-cuotas-si-autoridad-escolar-niegan-servicios-educativos-pueden-presentar-denuncias\/","url_meta":{"origin":41829,"position":4},"title":"Escuelas no deben condicionar inscripci\u00f3n de alumnos con pago de cuotas;\u00a0  si autoridad escolar niegan servicios educativos, pueden presentar denuncias.","author":"jaime","date":"julio 15, 2019","format":false,"excerpt":"#Redacci\u00f3nOaxaca #Oaxaca Jaime GUERRERO\u00a0 El Instituto Estatal de Educaci\u00f3n P\u00fablica de Oaxaca (IEEPO), exhort\u00f3 a las escuelas p\u00fablicas de Nivel B\u00e1sico en la entidad, para que se garantice la inscripci\u00f3n y permanencia de las y los alumnos en los planteles, sin condicionamiento alguno. El director del Instituto, Francisco \u00c1ngel Villarreal,\u2026","rel":"","context":"Entrada similar ","block_context":{"text":"Entrada similar ","link":""},"img":{"alt_text":"","src":"","width":0,"height":0},"classes":[]},{"id":34090,"url":"https:\/\/redaccionoaxaca.com\/index.php\/2024\/10\/23\/advierte-calpulli-que-sigue-venta-de-comida-chatarra-en-escuelas\/","url_meta":{"origin":41829,"position":5},"title":"Advierte Calpulli que sigue venta de comida chatarra en escuelas","author":"ariadna","date":"octubre 23, 2024","format":false,"excerpt":"#Redacci\u00f3nOaxaca #Oaxaca Sayra Cruz En el pa\u00eds y en Oaxaca sigue la venta de comida chatarra y ultrapasteurizada en las escuelas, advirtieron organizaciones sociales quienes presentaron un libro interactivo dirigido a ni\u00f1as y ni\u00f1os para una mejor alimentaci\u00f3n De acuerdo con datos de la Secretar\u00eda de Educaci\u00f3n P\u00fablica (SEP), en\u2026","rel":"","context":"En &quot;Imagen&quot;","block_context":{"text":"Imagen","link":"https:\/\/redaccionoaxaca.com\/index.php\/category\/imagen\/"},"img":{"alt_text":"","src":"","width":0,"height":0},"classes":[]}],"_links":{"self":[{"href":"https:\/\/redaccionoaxaca.com\/index.php\/wp-json\/wp\/v2\/posts\/41829","targetHints":{"allow":["GET"]}}],"collection":[{"href":"https:\/\/redaccionoaxaca.com\/index.php\/wp-json\/wp\/v2\/posts"}],"about":[{"href":"https:\/\/redaccionoaxaca.com\/index.php\/wp-json\/wp\/v2\/types\/post"}],"author":[{"embeddable":true,"href":"https:\/\/redaccionoaxaca.com\/index.php\/wp-json\/wp\/v2\/users\/9"}],"replies":[{"embeddable":true,"href":"https:\/\/redaccionoaxaca.com\/index.php\/wp-json\/wp\/v2\/comments?post=41829"}],"version-history":[{"count":1,"href":"https:\/\/redaccionoaxaca.com\/index.php\/wp-json\/wp\/v2\/posts\/41829\/revisions"}],"predecessor-version":[{"id":41832,"href":"https:\/\/redaccionoaxaca.com\/index.php\/wp-json\/wp\/v2\/posts\/41829\/revisions\/41832"}],"wp:featuredmedia":[{"embeddable":true,"href":"https:\/\/redaccionoaxaca.com\/index.php\/wp-json\/wp\/v2\/media\/41831"}],"wp:attachment":[{"href":"https:\/\/redaccionoaxaca.com\/index.php\/wp-json\/wp\/v2\/media?parent=41829"}],"wp:term":[{"taxonomy":"category","embeddable":true,"href":"https:\/\/redaccionoaxaca.com\/index.php\/wp-json\/wp\/v2\/categories?post=41829"},{"taxonomy":"post_tag","embeddable":true,"href":"https:\/\/redaccionoaxaca.com\/index.php\/wp-json\/wp\/v2\/tags?post=41829"}],"curies":[{"name":"wp","href":"https:\/\/api.w.org\/{rel}","templated":true}]}}