{"id":41835,"date":"2026-04-30T10:56:00","date_gmt":"2026-04-30T16:56:00","guid":{"rendered":"https:\/\/redaccionoaxaca.com\/?p=41835"},"modified":"2026-04-30T10:56:00","modified_gmt":"2026-04-30T16:56:00","slug":"hallan-sin-vida-a-turista-desaparecido-en-zipolite","status":"publish","type":"post","link":"https:\/\/redaccionoaxaca.com\/index.php\/2026\/04\/30\/hallan-sin-vida-a-turista-desaparecido-en-zipolite\/","title":{"rendered":"Hallan sin vida a turista desaparecido en Zipolite"},"content":{"rendered":"<p><strong>#Redacci\u00f3nOaxaca<\/strong><\/p>\n<p><strong>#Oaxaca<\/strong><\/p>\n<p style=\"text-align: justify;\">Un hombre que hab\u00eda sido reportado como desaparecido en Zipolite fue encontrado sin vida mar adentro, frente a Playa Tijera, en la zona de Puerto \u00c1ngel.<\/p>\n<p style=\"text-align: justify;\">La v\u00edctima, Alfonso C., de 34 a\u00f1os y originario de Aguascalientes, se encontraba de visita en la Costa oaxaque\u00f1a. Su cuerpo fue localizado a aproximadamente una milla de la orilla durante un operativo de b\u00fasqueda encabezado por elementos de la Secretar\u00eda de Marina, en coordinaci\u00f3n con Protecci\u00f3n Civil, la Fiscal\u00eda estatal y personal de ZOFEMAT.<\/p>\n<p><img data-recalc-dims=\"1\" loading=\"lazy\" decoding=\"async\" data-attachment-id=\"41836\" data-permalink=\"https:\/\/redaccionoaxaca.com\/index.php\/2026\/04\/30\/hallan-sin-vida-a-turista-desaparecido-en-zipolite\/fb_img_1777567913609\/\" data-orig-file=\"https:\/\/i0.wp.com\/redaccionoaxaca.com\/wp-content\/uploads\/2026\/04\/FB_IMG_1777567913609.jpg?fit=900%2C1600&amp;ssl=1\" data-orig-size=\"900,1600\" data-comments-opened=\"1\" data-image-meta=\"{&quot;aperture&quot;:&quot;0&quot;,&quot;credit&quot;:&quot;&quot;,&quot;camera&quot;:&quot;&quot;,&quot;caption&quot;:&quot;&quot;,&quot;created_timestamp&quot;:&quot;0&quot;,&quot;copyright&quot;:&quot;&quot;,&quot;focal_length&quot;:&quot;0&quot;,&quot;iso&quot;:&quot;0&quot;,&quot;shutter_speed&quot;:&quot;0&quot;,&quot;title&quot;:&quot;&quot;,&quot;orientation&quot;:&quot;0&quot;}\" data-image-title=\"FB_IMG_1777567913609\" data-image-description=\"\" data-image-caption=\"\" data-large-file=\"https:\/\/i0.wp.com\/redaccionoaxaca.com\/wp-content\/uploads\/2026\/04\/FB_IMG_1777567913609.jpg?fit=576%2C1024&amp;ssl=1\" class=\"size-medium wp-image-41836 aligncenter\" src=\"https:\/\/i0.wp.com\/redaccionoaxaca.com\/wp-content\/uploads\/2026\/04\/FB_IMG_1777567913609.jpg?resize=169%2C300&#038;ssl=1\" alt=\"\" width=\"169\" height=\"300\" srcset=\"https:\/\/i0.wp.com\/redaccionoaxaca.com\/wp-content\/uploads\/2026\/04\/FB_IMG_1777567913609.jpg?resize=169%2C300&amp;ssl=1 169w, https:\/\/i0.wp.com\/redaccionoaxaca.com\/wp-content\/uploads\/2026\/04\/FB_IMG_1777567913609.jpg?resize=576%2C1024&amp;ssl=1 576w, https:\/\/i0.wp.com\/redaccionoaxaca.com\/wp-content\/uploads\/2026\/04\/FB_IMG_1777567913609.jpg?resize=768%2C1365&amp;ssl=1 768w, https:\/\/i0.wp.com\/redaccionoaxaca.com\/wp-content\/uploads\/2026\/04\/FB_IMG_1777567913609.jpg?resize=864%2C1536&amp;ssl=1 864w, https:\/\/i0.wp.com\/redaccionoaxaca.com\/wp-content\/uploads\/2026\/04\/FB_IMG_1777567913609.jpg?resize=236%2C420&amp;ssl=1 236w, https:\/\/i0.wp.com\/redaccionoaxaca.com\/wp-content\/uploads\/2026\/04\/FB_IMG_1777567913609.jpg?resize=696%2C1237&amp;ssl=1 696w, https:\/\/i0.wp.com\/redaccionoaxaca.com\/wp-content\/uploads\/2026\/04\/FB_IMG_1777567913609.jpg?w=900&amp;ssl=1 900w\" sizes=\"auto, (max-width: 169px) 100vw, 169px\" \/><\/p>\n<p style=\"text-align: justify;\">Tras el hallazgo, el cuerpo fue recuperado y puesto a disposici\u00f3n de las autoridades para las diligencias correspondientes y el aviso a sus familiares.<\/p>\n<p>Ante estos hechos, autoridades exhortaron a la poblaci\u00f3n y visitantes a tomar precauciones al ingresar al mar, debido al fuerte oleaje y corrientes registradas en la regi\u00f3n.<\/p>\n","protected":false},"excerpt":{"rendered":"<p>#Redacci\u00f3nOaxaca #Oaxaca Un hombre que hab\u00eda sido reportado como desaparecido en Zipolite fue encontrado sin vida mar adentro, frente a Playa Tijera, en la zona de Puerto \u00c1ngel. La v\u00edctima, Alfonso C., de 34 a\u00f1os y originario de Aguascalientes, se encontraba de visita en la Costa oaxaque\u00f1a. Su cuerpo fue localizado a aproximadamente una milla [&hellip;]<\/p>\n","protected":false},"author":9,"featured_media":41837,"comment_status":"open","ping_status":"open","sticky":false,"template":"","format":"standard","meta":{"jetpack_post_was_ever_published":false,"_jetpack_newsletter_access":"","_jetpack_dont_email_post_to_subs":false,"_jetpack_newsletter_tier_id":0,"_jetpack_memberships_contains_paywalled_content":false,"_jetpack_memberships_contains_paid_content":false,"footnotes":"","jetpack_publicize_message":"","jetpack_publicize_feature_enabled":true,"jetpack_social_post_already_shared":true,"jetpack_social_options":{"image_generator_settings":{"template":"highway","default_image_id":0,"font":"","enabled":false},"version":2}},"categories":[5,3,6],"tags":[],"class_list":{"0":"post-41835","1":"post","2":"type-post","3":"status-publish","4":"format-standard","5":"has-post-thumbnail","7":"category-imagen","8":"category-mesa-de-redaccion","9":"category-tendencias"},"jetpack_publicize_connections":[],"jetpack_featured_media_url":"https:\/\/i0.wp.com\/redaccionoaxaca.com\/wp-content\/uploads\/2026\/04\/FB_IMG_1777567913609-1-scaled.jpg?fit=2537%2C2560&ssl=1","jetpack_sharing_enabled":true,"jetpack_shortlink":"https:\/\/wp.me\/p9Ynjw-aSL","jetpack-related-posts":[{"id":41257,"url":"https:\/\/redaccionoaxaca.com\/index.php\/2026\/03\/31\/localizan-sin-vida-a-menor-de-17-anos-en-juchitan-familiares-habian-denunciado-su-desaparicion\/","url_meta":{"origin":41835,"position":0},"title":"Localizan sin vida a menor de 17 a\u00f1os en Juchit\u00e1n; familiares hab\u00edan denunciado su desaparici\u00f3n","author":"ariadna","date":"marzo 31, 2026","format":false,"excerpt":"#Redacci\u00f3nOaxaca #Oaxaca Un adolescente de 17 a\u00f1os, identificado como Manuel Posada Z\u00e1rate, fue localizado sin vida en colonia de Juchit\u00e1n, luego de haber sido reportado como desaparecido por su familia un d\u00eda antes. De acuerdo con los primeros reportes, el hallazgo ocurri\u00f3 en una zona conocida como \u201ccolonia fantasma\u201d, donde\u2026","rel":"","context":"En &quot;Agenda Pol\u00edtica&quot;","block_context":{"text":"Agenda Pol\u00edtica","link":"https:\/\/redaccionoaxaca.com\/index.php\/category\/agenda-politica\/"},"img":{"alt_text":"","src":"https:\/\/i0.wp.com\/redaccionoaxaca.com\/wp-content\/uploads\/2026\/03\/f425x230-143331_157313_5050.jpg?fit=425%2C230&ssl=1&resize=350%2C200","width":350,"height":200},"classes":[]},{"id":3073,"url":"https:\/\/redaccionoaxaca.com\/index.php\/2018\/10\/05\/se-presenta-manga-marina-frente-a-las-playas-de-mazunte-y-zipolite\/","url_meta":{"origin":41835,"position":1},"title":"Se presenta manga marina frente a las playas de Mazunte y Zipolite","author":"denise","date":"octubre 5, 2018","format":"video","excerpt":"#Redacci\u00f3nOaxaca Humberto Cruz Habitantes, turistas y trabajadores difundieron im\u00e1genes y video de un remolino o manga marina frente a las playas de Mazunte y Zipolite. La formaci\u00f3n del fen\u00f3meno parece estar asociado a la confluencia de aire mar\u00edtimo tropical y remanentes del tercer frente fr\u00edo de la temporada, anunciado por\u2026","rel":"","context":"En &quot;Agenda Pol\u00edtica&quot;","block_context":{"text":"Agenda Pol\u00edtica","link":"https:\/\/redaccionoaxaca.com\/index.php\/category\/agenda-politica\/"},"img":{"alt_text":"","src":"","width":0,"height":0},"classes":[]},{"id":38564,"url":"https:\/\/redaccionoaxaca.com\/index.php\/2025\/10\/06\/38564\/","url_meta":{"origin":41835,"position":2},"title":"Localizan cuerpo de joven desaparecido en Playa Azul de Salina Cruz: CEPCyGR","author":"ariadna","date":"octubre 6, 2025","format":false,"excerpt":"#Redacci\u00f3nOaxaca #Oaxaca \u2022 Autoridades realizaron las diligencias correspondientes con apoyo de las instancias competentes para el levantamiento del cuerpo Oaxaca de Ju\u00e1rez, Oax., 6 de octubre de 2025.- La Coordinaci\u00f3n Estatal de Protecci\u00f3n Civil y Gesti\u00f3n de Riesgos (CEPCyGR) informa que fue localizado el cuerpo del joven H. L. E.\u2026","rel":"","context":"En &quot;Imagen&quot;","block_context":{"text":"Imagen","link":"https:\/\/redaccionoaxaca.com\/index.php\/category\/imagen\/"},"img":{"alt_text":"","src":"","width":0,"height":0},"classes":[]},{"id":37813,"url":"https:\/\/redaccionoaxaca.com\/index.php\/2025\/08\/12\/ataque-de-cocodrilo-a-dos-turistas-en-ventanilla-llaman-a-extremar-precauciones\/","url_meta":{"origin":41835,"position":3},"title":"Ataque de cocodrilo a dos turistas en Ventanilla; llaman a extremar precauciones","author":"ariadna","date":"agosto 12, 2025","format":false,"excerpt":"#Redacci\u00f3nOaxaca #Oaxaca Sayra Cruz La tarde de este martes, alrededor de las 18:15 horas, dos turistas originarios de Tlaxcala \u2014actualmente residentes en Zipolite\u2014 fueron atacados por un cocodrilo en la laguna de Ventanilla, en el municipio de Santa Mar\u00eda Tonameca. De acuerdo con el testimonio de las v\u00edctimas, se encontraban\u2026","rel":"","context":"En &quot;Al Cierre&quot;","block_context":{"text":"Al Cierre","link":"https:\/\/redaccionoaxaca.com\/index.php\/category\/al-cierre\/"},"img":{"alt_text":"","src":"https:\/\/i0.wp.com\/redaccionoaxaca.com\/wp-content\/uploads\/2025\/08\/IMG-20250812-WA0366.jpg?fit=900%2C1200&ssl=1&resize=350%2C200","width":350,"height":200,"srcset":"https:\/\/i0.wp.com\/redaccionoaxaca.com\/wp-content\/uploads\/2025\/08\/IMG-20250812-WA0366.jpg?fit=900%2C1200&ssl=1&resize=350%2C200 1x, https:\/\/i0.wp.com\/redaccionoaxaca.com\/wp-content\/uploads\/2025\/08\/IMG-20250812-WA0366.jpg?fit=900%2C1200&ssl=1&resize=525%2C300 1.5x, https:\/\/i0.wp.com\/redaccionoaxaca.com\/wp-content\/uploads\/2025\/08\/IMG-20250812-WA0366.jpg?fit=900%2C1200&ssl=1&resize=700%2C400 2x"},"classes":[]},{"id":41326,"url":"https:\/\/redaccionoaxaca.com\/index.php\/2026\/04\/06\/suben-muertes-en-rios-y-playas-de-oaxaca-5-fallecidos-un-desaparecido-y-un-rescatado-en-semana-santa-2026\/","url_meta":{"origin":41835,"position":4},"title":"Suben muertes en r\u00edos y playas de Oaxaca: 5 fallecidos, un desaparecido y un rescatado en Semana Santa 2026","author":"ariadna","date":"abril 6, 2026","format":"video","excerpt":"#Redacci\u00f3nOaxaca #Oaxaca Las tragedias en cuerpos de agua comienzan a marcar este 2026 en Oaxaca. De acuerdo con el titular de Protecci\u00f3n Civil, Manuel Maza S\u00e1nchez, en lo que va del a\u00f1o cinco personas han perdido la vida, una est\u00e1 desaparecida y otra logr\u00f3 ser rescatada, en hechos registrados principalmente\u2026","rel":"","context":"En &quot;Imagen&quot;","block_context":{"text":"Imagen","link":"https:\/\/redaccionoaxaca.com\/index.php\/category\/imagen\/"},"img":{"alt_text":"","src":"https:\/\/i0.wp.com\/redaccionoaxaca.com\/wp-content\/uploads\/2026\/04\/Screenshot_20260406_121118_WhatsApp-scaled.jpg?fit=1200%2C671&ssl=1&resize=350%2C200","width":350,"height":200,"srcset":"https:\/\/i0.wp.com\/redaccionoaxaca.com\/wp-content\/uploads\/2026\/04\/Screenshot_20260406_121118_WhatsApp-scaled.jpg?fit=1200%2C671&ssl=1&resize=350%2C200 1x, https:\/\/i0.wp.com\/redaccionoaxaca.com\/wp-content\/uploads\/2026\/04\/Screenshot_20260406_121118_WhatsApp-scaled.jpg?fit=1200%2C671&ssl=1&resize=525%2C300 1.5x, https:\/\/i0.wp.com\/redaccionoaxaca.com\/wp-content\/uploads\/2026\/04\/Screenshot_20260406_121118_WhatsApp-scaled.jpg?fit=1200%2C671&ssl=1&resize=700%2C400 2x, https:\/\/i0.wp.com\/redaccionoaxaca.com\/wp-content\/uploads\/2026\/04\/Screenshot_20260406_121118_WhatsApp-scaled.jpg?fit=1200%2C671&ssl=1&resize=1050%2C600 3x"},"classes":[]},{"id":26017,"url":"https:\/\/redaccionoaxaca.com\/index.php\/2022\/06\/08\/grandeza-en-zipolite-a-pesar-de-las-desgracias\/","url_meta":{"origin":41835,"position":5},"title":"GRANDEZA EN ZIPOLITE A PESAR DE LAS DESGRACIAS","author":"ariadna","date":"junio 8, 2022","format":"video","excerpt":"#Redacci\u00f3nOaxaca #Oaxaca Humberto Cruz La naturaleza peg\u00f3 con fuerza, las desgracias se acumulan pero la gente de #Zipolite responde con grandeza. Luego del paso del #Hurac\u00e1n #Aghata en la Costa de #Oaxaca las tareas de limpieza se suspendieron; una densa columna de humo anunci\u00f3 el incendio de los hoteles #Nude\u2026","rel":"","context":"En &quot;Al Cierre&quot;","block_context":{"text":"Al Cierre","link":"https:\/\/redaccionoaxaca.com\/index.php\/category\/al-cierre\/"},"img":{"alt_text":"","src":"https:\/\/i0.wp.com\/redaccionoaxaca.com\/wp-content\/uploads\/2022\/06\/IMG-20220608-WA0050-300x200.jpg?resize=350%2C200&ssl=1","width":350,"height":200},"classes":[]}],"_links":{"self":[{"href":"https:\/\/redaccionoaxaca.com\/index.php\/wp-json\/wp\/v2\/posts\/41835","targetHints":{"allow":["GET"]}}],"collection":[{"href":"https:\/\/redaccionoaxaca.com\/index.php\/wp-json\/wp\/v2\/posts"}],"about":[{"href":"https:\/\/redaccionoaxaca.com\/index.php\/wp-json\/wp\/v2\/types\/post"}],"author":[{"embeddable":true,"href":"https:\/\/redaccionoaxaca.com\/index.php\/wp-json\/wp\/v2\/users\/9"}],"replies":[{"embeddable":true,"href":"https:\/\/redaccionoaxaca.com\/index.php\/wp-json\/wp\/v2\/comments?post=41835"}],"version-history":[{"count":1,"href":"https:\/\/redaccionoaxaca.com\/index.php\/wp-json\/wp\/v2\/posts\/41835\/revisions"}],"predecessor-version":[{"id":41838,"href":"https:\/\/redaccionoaxaca.com\/index.php\/wp-json\/wp\/v2\/posts\/41835\/revisions\/41838"}],"wp:featuredmedia":[{"embeddable":true,"href":"https:\/\/redaccionoaxaca.com\/index.php\/wp-json\/wp\/v2\/media\/41837"}],"wp:attachment":[{"href":"https:\/\/redaccionoaxaca.com\/index.php\/wp-json\/wp\/v2\/media?parent=41835"}],"wp:term":[{"taxonomy":"category","embeddable":true,"href":"https:\/\/redaccionoaxaca.com\/index.php\/wp-json\/wp\/v2\/categories?post=41835"},{"taxonomy":"post_tag","embeddable":true,"href":"https:\/\/redaccionoaxaca.com\/index.php\/wp-json\/wp\/v2\/tags?post=41835"}],"curies":[{"name":"wp","href":"https:\/\/api.w.org\/{rel}","templated":true}]}}