{"id":41839,"date":"2026-04-30T11:05:31","date_gmt":"2026-04-30T17:05:31","guid":{"rendered":"https:\/\/redaccionoaxaca.com\/?p=41839"},"modified":"2026-04-30T11:05:31","modified_gmt":"2026-04-30T17:05:31","slug":"farid-acevedo-se-registra-como-candidato-a-la-rectoria-de-la-uabjo-con-respaldo-de-mas-de-25-unidades-academicas","status":"publish","type":"post","link":"https:\/\/redaccionoaxaca.com\/index.php\/2026\/04\/30\/farid-acevedo-se-registra-como-candidato-a-la-rectoria-de-la-uabjo-con-respaldo-de-mas-de-25-unidades-academicas\/","title":{"rendered":"Farid Acevedo se registra como candidato a la rector\u00eda de la UABJO con respaldo de m\u00e1s de 25 unidades acad\u00e9micas"},"content":{"rendered":"<p><strong>#Redacci\u00f3nOaxaca<\/strong><\/p>\n<p><strong>#Oaxaca<\/strong><\/p>\n<p><strong>#JaimeGUERRERO<\/strong><\/p>\n<p style=\"text-align: justify;\">En una demostraci\u00f3n de m\u00fasculo pol\u00edtico, universitario y acad\u00e9mico, Farid Acevedo L\u00f3pez present\u00f3 este jueves su registro como candidato a la rector\u00eda de la UABJO, tras encabezar una multitudinaria marcha Calenda desde Ciudad Universitaria hasta la Facultad de Bellas Artes, acompa\u00f1ado por m\u00e1s de 25 comunidades acad\u00e9micas.<\/p>\n<p style=\"text-align: justify;\">La marcha Calenda, expresi\u00f3n festiva y combativa, sirvi\u00f3 como escenario para que Acevedo L\u00f3pez mostrara la amplitud de su respaldo universitario antes de presentar su documentaci\u00f3n ante la Comisi\u00f3n Electoral, en las instalaciones del Exconvento de San Jos\u00e9, en el Centro Hist\u00f3rico de Oaxaca de Ju\u00e1rez.<\/p>\n<p style=\"text-align: justify;\">El contingente que acompa\u00f1\u00f3 al candidato estuvo integrado por directivos, docentes, trabajadores administrativos y estudiantes provenientes de m\u00e1s de 25 escuelas, facultades e institutos de la universidad, en lo que sus simpatizantes describieron como una muestra de contundencia de cara a la jornada electoral del pr\u00f3ximo 13 de mayo.<\/p>\n<p style=\"text-align: justify;\">La candidatura de Acevedo L\u00f3pez llega fortalecida adem\u00e1s por la reciente declinaci\u00f3n de Amilcar Sosa Velasco, quien este mismo d\u00eda anunci\u00f3 su retiro de la contienda y sum\u00f3 su base de apoyo al proyecto del doctor Farid, consolidando as\u00ed un frente amplio universitario frente al candidato ligado al Partido del Trabajo (PT), Enrique Mart\u00ednez Mart\u00ednez, quien enfrenta la jornada electoral con el respaldo de su grupo de catedr\u00e1ticos.<\/p>\n<p style=\"text-align: justify;\">El registro de candidaturas se llev\u00f3 a cabo este 30 de abril en la Facultad de Bellas Artes, en un horario de 09:00 a 18:00 horas, conforme a lo establecido en la convocatoria publicada el pasado 28 de abril, que fij\u00f3 la elecci\u00f3n rectoral para el 13 de mayo de 2026 en todas las escuelas, facultades, institutos y dependencias administrativas de la UABJO.<\/p>\n<p>&nbsp;<\/p>\n","protected":false},"excerpt":{"rendered":"<p>#Redacci\u00f3nOaxaca #Oaxaca #JaimeGUERRERO En una demostraci\u00f3n de m\u00fasculo pol\u00edtico, universitario y acad\u00e9mico, Farid Acevedo L\u00f3pez present\u00f3 este jueves su registro como candidato a la rector\u00eda de la UABJO, tras encabezar una multitudinaria marcha Calenda desde Ciudad Universitaria hasta la Facultad de Bellas Artes, acompa\u00f1ado por m\u00e1s de 25 comunidades acad\u00e9micas. La marcha Calenda, expresi\u00f3n festiva [&hellip;]<\/p>\n","protected":false},"author":9,"featured_media":41840,"comment_status":"open","ping_status":"open","sticky":false,"template":"","format":"standard","meta":{"jetpack_post_was_ever_published":false,"_jetpack_newsletter_access":"","_jetpack_dont_email_post_to_subs":false,"_jetpack_newsletter_tier_id":0,"_jetpack_memberships_contains_paywalled_content":false,"_jetpack_memberships_contains_paid_content":false,"footnotes":"","jetpack_publicize_message":"","jetpack_publicize_feature_enabled":true,"jetpack_social_post_already_shared":true,"jetpack_social_options":{"image_generator_settings":{"template":"highway","default_image_id":0,"font":"","enabled":false},"version":2}},"categories":[1],"tags":[],"class_list":{"0":"post-41839","1":"post","2":"type-post","3":"status-publish","4":"format-standard","5":"has-post-thumbnail","7":"category-uncategorized"},"jetpack_publicize_connections":[],"jetpack_featured_media_url":"https:\/\/i0.wp.com\/redaccionoaxaca.com\/wp-content\/uploads\/2026\/04\/Screenshot_20260430_110417_WhatsApp-scaled.jpg?fit=2560%2C1415&ssl=1","jetpack_sharing_enabled":true,"jetpack_shortlink":"https:\/\/wp.me\/p9Ynjw-aSP","jetpack-related-posts":[{"id":41790,"url":"https:\/\/redaccionoaxaca.com\/index.php\/2026\/04\/28\/arranca-la-disputa-por-la-rectoria-de-la-uabjo-farid-acevedo-vs-enrique-martinez\/","url_meta":{"origin":41839,"position":0},"title":"Arranca la disputa por la rector\u00eda de la UABJO: Farid Acevedo vs Enrique Mart\u00ednez","author":"ariadna","date":"abril 28, 2026","format":false,"excerpt":"#Redacci\u00f3nOaxaca #Oaxaca #JaimeGUERRERO Con la publicaci\u00f3n de la convocatoria electoral este 28 de abril, la Universidad Aut\u00f3noma \u201cBenito Ju\u00e1rez\u201d de Oaxaca (UABJO) dio inicio formal a la sucesi\u00f3n de su rector\u00eda para el periodo 2026-2030, un proceso que ya muestra se\u00f1ales de alta tensi\u00f3n pol\u00edtica. Por un lado, el exsecretario\u2026","rel":"","context":"En &quot;Agenda Pol\u00edtica&quot;","block_context":{"text":"Agenda Pol\u00edtica","link":"https:\/\/redaccionoaxaca.com\/index.php\/category\/agenda-politica\/"},"img":{"alt_text":"","src":"https:\/\/i0.wp.com\/redaccionoaxaca.com\/wp-content\/uploads\/2026\/04\/InShot_20260428_152743135.jpg?fit=1200%2C607&ssl=1&resize=350%2C200","width":350,"height":200,"srcset":"https:\/\/i0.wp.com\/redaccionoaxaca.com\/wp-content\/uploads\/2026\/04\/InShot_20260428_152743135.jpg?fit=1200%2C607&ssl=1&resize=350%2C200 1x, https:\/\/i0.wp.com\/redaccionoaxaca.com\/wp-content\/uploads\/2026\/04\/InShot_20260428_152743135.jpg?fit=1200%2C607&ssl=1&resize=525%2C300 1.5x, https:\/\/i0.wp.com\/redaccionoaxaca.com\/wp-content\/uploads\/2026\/04\/InShot_20260428_152743135.jpg?fit=1200%2C607&ssl=1&resize=700%2C400 2x, https:\/\/i0.wp.com\/redaccionoaxaca.com\/wp-content\/uploads\/2026\/04\/InShot_20260428_152743135.jpg?fit=1200%2C607&ssl=1&resize=1050%2C600 3x"},"classes":[]},{"id":41492,"url":"https:\/\/redaccionoaxaca.com\/index.php\/2026\/04\/13\/universitarios-con-ligas-al-pt-exigen-a-ejecutivo-sacar-las-manos-de-la-uabjo-acusan-imposicion-de-candidato-a-rectoria\/","url_meta":{"origin":41839,"position":1},"title":"Universitarios con ligas al PT, exigen a Ejecutivo sacar las manos de la UABJO; acusan imposici\u00f3n de candidato a rector\u00eda","author":"ariadna","date":"abril 13, 2026","format":false,"excerpt":"#Redacci\u00f3nOaxaca #Oaxaca #JaimeGUERRERO Un frente de la comunidad universitaria de la Universidad Aut\u00f3noma \u201cBenito Ju\u00e1rez\u201d de Oaxaca (UABJO), encabezado por el aspirante a la rector\u00eda Enrique Mart\u00ednez \u2014ligado al Partido del Trabajo y con antecedentes como candidato a cargos de elecci\u00f3n popular por ese instituto pol\u00edtico\u2014, hizo p\u00fablico este lunes\u2026","rel":"","context":"En &quot;Imagen&quot;","block_context":{"text":"Imagen","link":"https:\/\/redaccionoaxaca.com\/index.php\/category\/imagen\/"},"img":{"alt_text":"","src":"https:\/\/i0.wp.com\/redaccionoaxaca.com\/wp-content\/uploads\/2026\/04\/11-8-scaled.jpg?fit=1200%2C691&ssl=1&resize=350%2C200","width":350,"height":200,"srcset":"https:\/\/i0.wp.com\/redaccionoaxaca.com\/wp-content\/uploads\/2026\/04\/11-8-scaled.jpg?fit=1200%2C691&ssl=1&resize=350%2C200 1x, https:\/\/i0.wp.com\/redaccionoaxaca.com\/wp-content\/uploads\/2026\/04\/11-8-scaled.jpg?fit=1200%2C691&ssl=1&resize=525%2C300 1.5x, https:\/\/i0.wp.com\/redaccionoaxaca.com\/wp-content\/uploads\/2026\/04\/11-8-scaled.jpg?fit=1200%2C691&ssl=1&resize=700%2C400 2x, https:\/\/i0.wp.com\/redaccionoaxaca.com\/wp-content\/uploads\/2026\/04\/11-8-scaled.jpg?fit=1200%2C691&ssl=1&resize=1050%2C600 3x"},"classes":[]},{"id":41268,"url":"https:\/\/redaccionoaxaca.com\/index.php\/2026\/04\/01\/con-etiqueta-hechoenuabjo-farid-acevedo-lopez-se-destapa-oficialmente-para-la-rectoria\/","url_meta":{"origin":41839,"position":2},"title":"Con etiqueta \u201c#HechoEnUABJO\u201d, Farid Acevedo L\u00f3pez se destapa oficialmente para la rector\u00eda","author":"ariadna","date":"abril 1, 2026","format":false,"excerpt":"#Redacci\u00f3nOaxaca #Oaxaca #JaimeGUERRERO Tres semanas despu\u00e9s de haber renunciado a la Secretar\u00eda de Finanzas del gobierno de Oaxaca, Farid Acevedo L\u00f3pez hizo oficial este mi\u00e9rcoles su aspiraci\u00f3n a la rector\u00eda de la Universidad Aut\u00f3noma \u201cBenito Ju\u00e1rez\u201d de Oaxaca (UABJO). Lo hizo a trav\u00e9s de publicaciones en sus redes sociales en\u2026","rel":"","context":"En &quot;Imagen&quot;","block_context":{"text":"Imagen","link":"https:\/\/redaccionoaxaca.com\/index.php\/category\/imagen\/"},"img":{"alt_text":"","src":"https:\/\/i0.wp.com\/redaccionoaxaca.com\/wp-content\/uploads\/2026\/04\/IMG-20260401-WA0078.jpg?fit=647%2C1200&ssl=1&resize=350%2C200","width":350,"height":200,"srcset":"https:\/\/i0.wp.com\/redaccionoaxaca.com\/wp-content\/uploads\/2026\/04\/IMG-20260401-WA0078.jpg?fit=647%2C1200&ssl=1&resize=350%2C200 1x, https:\/\/i0.wp.com\/redaccionoaxaca.com\/wp-content\/uploads\/2026\/04\/IMG-20260401-WA0078.jpg?fit=647%2C1200&ssl=1&resize=525%2C300 1.5x"},"classes":[]},{"id":40978,"url":"https:\/\/redaccionoaxaca.com\/index.php\/2026\/03\/13\/renuncia-farid-acevedo-a-la-secretaria-de-finanzas-del-gobierno-de-oaxaca-para-buscar-la-rectoria-de-la-uabjo\/","url_meta":{"origin":41839,"position":3},"title":"Renuncia Farid Acevedo a la Secretar\u00eda de Finanzas del Gobierno de Oaxaca para buscar la rector\u00eda de la UABJO","author":"ariadna","date":"marzo 13, 2026","format":false,"excerpt":"#Redacci\u00f3nOaxaca #Oaxaca #JaimeGUERRERO Farid Acevedo L\u00f3pez dej\u00f3 este viernes la titularidad de la Secretar\u00eda de Finanzas del gobierno de Oaxaca con el prop\u00f3sito de competir por la rector\u00eda de la Universidad Aut\u00f3noma \u201cBenito Ju\u00e1rez\u201d de Oaxaca (UABJO), confirmaron fuentes del ejecutivo estatal. Hasta el momento se desconoce qui\u00e9n asumir\u00e1 el\u2026","rel":"","context":"En &quot;Agenda Pol\u00edtica&quot;","block_context":{"text":"Agenda Pol\u00edtica","link":"https:\/\/redaccionoaxaca.com\/index.php\/category\/agenda-politica\/"},"img":{"alt_text":"","src":"https:\/\/i0.wp.com\/redaccionoaxaca.com\/wp-content\/uploads\/2026\/03\/InShot_20260313_101027802.jpg?fit=1200%2C653&ssl=1&resize=350%2C200","width":350,"height":200,"srcset":"https:\/\/i0.wp.com\/redaccionoaxaca.com\/wp-content\/uploads\/2026\/03\/InShot_20260313_101027802.jpg?fit=1200%2C653&ssl=1&resize=350%2C200 1x, https:\/\/i0.wp.com\/redaccionoaxaca.com\/wp-content\/uploads\/2026\/03\/InShot_20260313_101027802.jpg?fit=1200%2C653&ssl=1&resize=525%2C300 1.5x, https:\/\/i0.wp.com\/redaccionoaxaca.com\/wp-content\/uploads\/2026\/03\/InShot_20260313_101027802.jpg?fit=1200%2C653&ssl=1&resize=700%2C400 2x, https:\/\/i0.wp.com\/redaccionoaxaca.com\/wp-content\/uploads\/2026\/03\/InShot_20260313_101027802.jpg?fit=1200%2C653&ssl=1&resize=1050%2C600 3x"},"classes":[]},{"id":41489,"url":"https:\/\/redaccionoaxaca.com\/index.php\/2026\/04\/13\/consejo-universitario-de-la-uabjo-instala-comision-electoral-que-organizara-la-eleccion-de-rector-para-el-periodo-2026-2030\/","url_meta":{"origin":41839,"position":4},"title":"Consejo Universitario de la UABJO instala Comisi\u00f3n Electoral que organizar\u00e1 la elecci\u00f3n de rector para el periodo 2026-2030","author":"ariadna","date":"abril 13, 2026","format":false,"excerpt":"#Redacci\u00f3nOaxaca #Oaxaca #JaimeGUERRERO El Consejo Universitario de la Universidad Aut\u00f3noma \u201cBenito Ju\u00e1rez\u201d de Oaxaca (UABJO) design\u00f3 e instal\u00f3 por unanimidad a la Comisi\u00f3n Electoral que conducir\u00e1 el proceso para renovar la Rector\u00eda de la instituci\u00f3n correspondiente al periodo 2026-2030, en una sesi\u00f3n extraordinaria celebrada este viernes en la Facultad de\u2026","rel":"","context":"En &quot;Agenda Pol\u00edtica&quot;","block_context":{"text":"Agenda Pol\u00edtica","link":"https:\/\/redaccionoaxaca.com\/index.php\/category\/agenda-politica\/"},"img":{"alt_text":"","src":"https:\/\/i0.wp.com\/redaccionoaxaca.com\/wp-content\/uploads\/2026\/04\/IMG-20260413-WA0051.jpg?fit=981%2C654&ssl=1&resize=350%2C200","width":350,"height":200,"srcset":"https:\/\/i0.wp.com\/redaccionoaxaca.com\/wp-content\/uploads\/2026\/04\/IMG-20260413-WA0051.jpg?fit=981%2C654&ssl=1&resize=350%2C200 1x, https:\/\/i0.wp.com\/redaccionoaxaca.com\/wp-content\/uploads\/2026\/04\/IMG-20260413-WA0051.jpg?fit=981%2C654&ssl=1&resize=525%2C300 1.5x, https:\/\/i0.wp.com\/redaccionoaxaca.com\/wp-content\/uploads\/2026\/04\/IMG-20260413-WA0051.jpg?fit=981%2C654&ssl=1&resize=700%2C400 2x"},"classes":[]},{"id":41506,"url":"https:\/\/redaccionoaxaca.com\/index.php\/2026\/04\/13\/salomon-jara-defiende-a-farid-acevedo-y-revela-reunion-con-lider-de-opositores-enrique-martinez-todos-los-actores-politicos-de-la-uabjo-han-tenido-relaciones-con-politicos\/","url_meta":{"origin":41839,"position":5},"title":"Salom\u00f3n Jara defiende a Farid Acevedo y revela reuni\u00f3n con l\u00edder de opositores Enrique Mart\u00ednez: \u201ctodos los actores Pol\u00edticos de la UABJO han tenido relaciones con pol\u00edticos\u201d","author":"ariadna","date":"abril 13, 2026","format":false,"excerpt":"#Redacci\u00f3nOaxaca #Oaxaca #JaimeGUERRERO El gobernador de Oaxaca, Salom\u00f3n Jara Cruz, sali\u00f3 este lunes en defensa de la candidatura del exsecretario de Finanzas, Farid Acevedo L\u00f3pez, a la rector\u00eda de la Universidad Aut\u00f3noma \u201cBenito Ju\u00e1rez\u201d de Oaxaca (UABJO), rechaz\u00f3 las acusaciones de injerencia en el proceso universitario y revel\u00f3, que se\u2026","rel":"","context":"En &quot;Agenda Pol\u00edtica&quot;","block_context":{"text":"Agenda Pol\u00edtica","link":"https:\/\/redaccionoaxaca.com\/index.php\/category\/agenda-politica\/"},"img":{"alt_text":"","src":"https:\/\/i0.wp.com\/redaccionoaxaca.com\/wp-content\/uploads\/2026\/04\/9-10-scaled.jpg?fit=1200%2C790&ssl=1&resize=350%2C200","width":350,"height":200,"srcset":"https:\/\/i0.wp.com\/redaccionoaxaca.com\/wp-content\/uploads\/2026\/04\/9-10-scaled.jpg?fit=1200%2C790&ssl=1&resize=350%2C200 1x, https:\/\/i0.wp.com\/redaccionoaxaca.com\/wp-content\/uploads\/2026\/04\/9-10-scaled.jpg?fit=1200%2C790&ssl=1&resize=525%2C300 1.5x, https:\/\/i0.wp.com\/redaccionoaxaca.com\/wp-content\/uploads\/2026\/04\/9-10-scaled.jpg?fit=1200%2C790&ssl=1&resize=700%2C400 2x, https:\/\/i0.wp.com\/redaccionoaxaca.com\/wp-content\/uploads\/2026\/04\/9-10-scaled.jpg?fit=1200%2C790&ssl=1&resize=1050%2C600 3x"},"classes":[]}],"_links":{"self":[{"href":"https:\/\/redaccionoaxaca.com\/index.php\/wp-json\/wp\/v2\/posts\/41839","targetHints":{"allow":["GET"]}}],"collection":[{"href":"https:\/\/redaccionoaxaca.com\/index.php\/wp-json\/wp\/v2\/posts"}],"about":[{"href":"https:\/\/redaccionoaxaca.com\/index.php\/wp-json\/wp\/v2\/types\/post"}],"author":[{"embeddable":true,"href":"https:\/\/redaccionoaxaca.com\/index.php\/wp-json\/wp\/v2\/users\/9"}],"replies":[{"embeddable":true,"href":"https:\/\/redaccionoaxaca.com\/index.php\/wp-json\/wp\/v2\/comments?post=41839"}],"version-history":[{"count":1,"href":"https:\/\/redaccionoaxaca.com\/index.php\/wp-json\/wp\/v2\/posts\/41839\/revisions"}],"predecessor-version":[{"id":41841,"href":"https:\/\/redaccionoaxaca.com\/index.php\/wp-json\/wp\/v2\/posts\/41839\/revisions\/41841"}],"wp:featuredmedia":[{"embeddable":true,"href":"https:\/\/redaccionoaxaca.com\/index.php\/wp-json\/wp\/v2\/media\/41840"}],"wp:attachment":[{"href":"https:\/\/redaccionoaxaca.com\/index.php\/wp-json\/wp\/v2\/media?parent=41839"}],"wp:term":[{"taxonomy":"category","embeddable":true,"href":"https:\/\/redaccionoaxaca.com\/index.php\/wp-json\/wp\/v2\/categories?post=41839"},{"taxonomy":"post_tag","embeddable":true,"href":"https:\/\/redaccionoaxaca.com\/index.php\/wp-json\/wp\/v2\/tags?post=41839"}],"curies":[{"name":"wp","href":"https:\/\/api.w.org\/{rel}","templated":true}]}}