{"id":41846,"date":"2026-04-30T14:23:27","date_gmt":"2026-04-30T20:23:27","guid":{"rendered":"https:\/\/redaccionoaxaca.com\/?p=41846"},"modified":"2026-04-30T14:23:27","modified_gmt":"2026-04-30T20:23:27","slug":"debe-haber-piso-parejo-para-todos-martinez-martinez-llama-a-debatir-y-exige-equidad-al-registrarse-como-candidato-a-la-rectoria-de-la-uabjo","status":"publish","type":"post","link":"https:\/\/redaccionoaxaca.com\/index.php\/2026\/04\/30\/debe-haber-piso-parejo-para-todos-martinez-martinez-llama-a-debatir-y-exige-equidad-al-registrarse-como-candidato-a-la-rectoria-de-la-uabjo\/","title":{"rendered":"\u201cDebe haber piso parejo para todos\u201d: Mart\u00ednez Mart\u00ednez llama a debatir y exige equidad al registrarse como candidato a la rector\u00eda de la UABJO"},"content":{"rendered":"<p><strong>#Redacci\u00f3nOaxaca<\/strong><\/p>\n<p><strong>#Oaxaca<\/strong><\/p>\n<p><strong>#JaimeGUERRERO<\/strong><\/p>\n<p style=\"text-align: justify;\">Enrique Mart\u00ednez Mart\u00ednez formaliz\u00f3 este jueves su registro como candidato a la rector\u00eda de la Universidad Aut\u00f3noma Benito Ju\u00e1rez de Oaxaca (UABJO) ante la Comisi\u00f3n Electoral, en el arranque del proceso que definir\u00e1 a la m\u00e1xima autoridad universitaria para el periodo 2026-2030.<\/p>\n<p style=\"text-align: justify;\">Al concluir el tr\u00e1mite, el aspirante \u2014nomrado en los c\u00edrculos universitarios como \u201cKike\u201d y Lobato al PT- lanz\u00f3 una invitaci\u00f3n a debatir abiertamente las propuestas de los contendientes y exigi\u00f3 condiciones de equidad para todos los participantes, al advertir presuntos signos de favoritismo dentro del proceso.<\/p>\n<p style=\"text-align: justify;\">\u201cDebe haber piso parejo para todos\u201d, sostuvo Mart\u00ednez Mart\u00ednez, quien se\u00f1al\u00f3 que recurrir\u00e1 a los mecanismos legales correspondientes para impugnar cualquier irregularidad que se presente durante la contienda.<\/p>\n<p style=\"text-align: justify;\">El candidato tambi\u00e9n exhort\u00f3 a actores externos \u2014en particular al gobierno estatal\u2014 a no intervenir en la elecci\u00f3n universitaria y permitir que el proceso se desarrolle con plena autonom\u00eda.<\/p>\n<p style=\"text-align: justify;\">\u201cTienen que ser los universitarios los que diriman la elecci\u00f3n con los universitarios; no con manos extra\u00f1as fuera de la instituci\u00f3n\u201d, hab\u00eda declarado en semanas previas.<\/p>\n<p style=\"text-align: justify;\">En ese sentido, pidi\u00f3 al Consejo Electoral de la UABJO conducirse con imparcialidad y garantizar transparencia en la jornada electoral programada para el 13 de mayo, antes de emitir el fallo que determine al ganador.<\/p>\n<p style=\"text-align: justify;\">Respecto a su proyecto, el candidato adelant\u00f3 que centrar\u00e1 su campa\u00f1a en propuestas orientadas a mejorar las condiciones acad\u00e9micas y el bienestar de los estudiantes, aunque no detall\u00f3 a\u00fan los ejes espec\u00edficos de su plataforma.<\/p>\n<p style=\"text-align: justify;\">La contienda por la rector\u00eda transcurre bajo la sombra de se\u00f1alamientos cruzados y presiones que rebasan el \u00e1mbito universitario.<\/p>\n<p style=\"text-align: justify;\">El Frente por la Defensa de la Autonom\u00eda Universitaria, vinculado al bloque que respalda la candidatura de Mart\u00ednez Mart\u00ednez, ha denunciado amenazas de \u00f3rdenes de aprehensi\u00f3n y despidos injustificados contra l\u00edderes sindicales y catedr\u00e1ticos opositores, ante lo cual solicitaron el amparo de la justicia federal.<\/p>\n<p style=\"text-align: justify;\">Tambi\u00e9n tienen ligas con el partido del trabajo.<\/p>\n<p style=\"text-align: justify;\">El proceso representa el retorno a elecciones directas tras nueve a\u00f1os de interinatos, siendo la \u00faltima contienda electiva completa la de 2017.<\/p>\n<p style=\"text-align: justify;\">La UABJO agrupa a m\u00e1s de 30 mil estudiantes en 31 unidades acad\u00e9micas y cuenta con una planta docente de m\u00e1s de mil 800 trabajadores. La elecci\u00f3n est\u00e1 programada para el 13 de mayo, con votaci\u00f3n en cada una de las escuelas y facultades de la casa de estudios.<\/p>\n","protected":false},"excerpt":{"rendered":"<p>#Redacci\u00f3nOaxaca #Oaxaca #JaimeGUERRERO Enrique Mart\u00ednez Mart\u00ednez formaliz\u00f3 este jueves su registro como candidato a la rector\u00eda de la Universidad Aut\u00f3noma Benito Ju\u00e1rez de Oaxaca (UABJO) ante la Comisi\u00f3n Electoral, en el arranque del proceso que definir\u00e1 a la m\u00e1xima autoridad universitaria para el periodo 2026-2030. Al concluir el tr\u00e1mite, el aspirante \u2014nomrado en los c\u00edrculos [&hellip;]<\/p>\n","protected":false},"author":9,"featured_media":41848,"comment_status":"open","ping_status":"open","sticky":false,"template":"","format":"standard","meta":{"jetpack_post_was_ever_published":false,"_jetpack_newsletter_access":"","_jetpack_dont_email_post_to_subs":false,"_jetpack_newsletter_tier_id":0,"_jetpack_memberships_contains_paywalled_content":false,"_jetpack_memberships_contains_paid_content":false,"footnotes":"","jetpack_publicize_message":"","jetpack_publicize_feature_enabled":true,"jetpack_social_post_already_shared":true,"jetpack_social_options":{"image_generator_settings":{"template":"highway","default_image_id":0,"font":"","enabled":false},"version":2}},"categories":[5,3,6,1],"tags":[],"class_list":{"0":"post-41846","1":"post","2":"type-post","3":"status-publish","4":"format-standard","5":"has-post-thumbnail","7":"category-imagen","8":"category-mesa-de-redaccion","9":"category-tendencias","10":"category-uncategorized"},"jetpack_publicize_connections":[],"jetpack_featured_media_url":"https:\/\/i0.wp.com\/redaccionoaxaca.com\/wp-content\/uploads\/2026\/04\/Screenshot_20260430_142158_WhatsApp-scaled.jpg?fit=2560%2C1339&ssl=1","jetpack_sharing_enabled":true,"jetpack_shortlink":"https:\/\/wp.me\/p9Ynjw-aSW","jetpack-related-posts":[{"id":24315,"url":"https:\/\/redaccionoaxaca.com\/index.php\/2022\/03\/01\/choca-pri-morena-y-pt-en-congreso-por-sucesion-en-la-uabjo-exhortan-a-murat-a-no-entrometerse-en-eleccion-de-rectoria\/","url_meta":{"origin":41846,"position":0},"title":"Choca PRI, Morena y PT en Congreso, por sucesi\u00f3n en la  UABJO; exhortan a Murat a no entrometerse en elecci\u00f3n de rector\u00eda.","author":"ariadna","date":"marzo 1, 2022","format":"video","excerpt":"#Redacci\u00f3nOaxaca #Oaxaca Jaime GUERRERO El proceso de elecci\u00f3n de Rector\u00eda de la Universidad Aut\u00f3noma Benito Ju\u00e1rez de Oaxaca (#UABJO) lleg\u00f3 a la sede del Poder Legislativo y provoc\u00f3 el choque verbal de diputados y diputadas del Morena, PRI y el PT, por la supuesta intromisi\u00f3n del Gobernador, Alejandro Murat Hinojosa\u2026","rel":"","context":"En &quot;Agenda Pol\u00edtica&quot;","block_context":{"text":"Agenda Pol\u00edtica","link":"https:\/\/redaccionoaxaca.com\/index.php\/category\/agenda-politica\/"},"img":{"alt_text":"","src":"","width":0,"height":0},"classes":[]},{"id":41790,"url":"https:\/\/redaccionoaxaca.com\/index.php\/2026\/04\/28\/arranca-la-disputa-por-la-rectoria-de-la-uabjo-farid-acevedo-vs-enrique-martinez\/","url_meta":{"origin":41846,"position":1},"title":"Arranca la disputa por la rector\u00eda de la UABJO: Farid Acevedo vs Enrique Mart\u00ednez","author":"ariadna","date":"abril 28, 2026","format":false,"excerpt":"#Redacci\u00f3nOaxaca #Oaxaca #JaimeGUERRERO Con la publicaci\u00f3n de la convocatoria electoral este 28 de abril, la Universidad Aut\u00f3noma \u201cBenito Ju\u00e1rez\u201d de Oaxaca (UABJO) dio inicio formal a la sucesi\u00f3n de su rector\u00eda para el periodo 2026-2030, un proceso que ya muestra se\u00f1ales de alta tensi\u00f3n pol\u00edtica. Por un lado, el exsecretario\u2026","rel":"","context":"En &quot;Agenda Pol\u00edtica&quot;","block_context":{"text":"Agenda Pol\u00edtica","link":"https:\/\/redaccionoaxaca.com\/index.php\/category\/agenda-politica\/"},"img":{"alt_text":"","src":"https:\/\/i0.wp.com\/redaccionoaxaca.com\/wp-content\/uploads\/2026\/04\/InShot_20260428_152743135.jpg?fit=1200%2C607&ssl=1&resize=350%2C200","width":350,"height":200,"srcset":"https:\/\/i0.wp.com\/redaccionoaxaca.com\/wp-content\/uploads\/2026\/04\/InShot_20260428_152743135.jpg?fit=1200%2C607&ssl=1&resize=350%2C200 1x, https:\/\/i0.wp.com\/redaccionoaxaca.com\/wp-content\/uploads\/2026\/04\/InShot_20260428_152743135.jpg?fit=1200%2C607&ssl=1&resize=525%2C300 1.5x, https:\/\/i0.wp.com\/redaccionoaxaca.com\/wp-content\/uploads\/2026\/04\/InShot_20260428_152743135.jpg?fit=1200%2C607&ssl=1&resize=700%2C400 2x, https:\/\/i0.wp.com\/redaccionoaxaca.com\/wp-content\/uploads\/2026\/04\/InShot_20260428_152743135.jpg?fit=1200%2C607&ssl=1&resize=1050%2C600 3x"},"classes":[]},{"id":41492,"url":"https:\/\/redaccionoaxaca.com\/index.php\/2026\/04\/13\/universitarios-con-ligas-al-pt-exigen-a-ejecutivo-sacar-las-manos-de-la-uabjo-acusan-imposicion-de-candidato-a-rectoria\/","url_meta":{"origin":41846,"position":2},"title":"Universitarios con ligas al PT, exigen a Ejecutivo sacar las manos de la UABJO; acusan imposici\u00f3n de candidato a rector\u00eda","author":"ariadna","date":"abril 13, 2026","format":false,"excerpt":"#Redacci\u00f3nOaxaca #Oaxaca #JaimeGUERRERO Un frente de la comunidad universitaria de la Universidad Aut\u00f3noma \u201cBenito Ju\u00e1rez\u201d de Oaxaca (UABJO), encabezado por el aspirante a la rector\u00eda Enrique Mart\u00ednez \u2014ligado al Partido del Trabajo y con antecedentes como candidato a cargos de elecci\u00f3n popular por ese instituto pol\u00edtico\u2014, hizo p\u00fablico este lunes\u2026","rel":"","context":"En &quot;Imagen&quot;","block_context":{"text":"Imagen","link":"https:\/\/redaccionoaxaca.com\/index.php\/category\/imagen\/"},"img":{"alt_text":"","src":"https:\/\/i0.wp.com\/redaccionoaxaca.com\/wp-content\/uploads\/2026\/04\/11-8-scaled.jpg?fit=1200%2C691&ssl=1&resize=350%2C200","width":350,"height":200,"srcset":"https:\/\/i0.wp.com\/redaccionoaxaca.com\/wp-content\/uploads\/2026\/04\/11-8-scaled.jpg?fit=1200%2C691&ssl=1&resize=350%2C200 1x, https:\/\/i0.wp.com\/redaccionoaxaca.com\/wp-content\/uploads\/2026\/04\/11-8-scaled.jpg?fit=1200%2C691&ssl=1&resize=525%2C300 1.5x, https:\/\/i0.wp.com\/redaccionoaxaca.com\/wp-content\/uploads\/2026\/04\/11-8-scaled.jpg?fit=1200%2C691&ssl=1&resize=700%2C400 2x, https:\/\/i0.wp.com\/redaccionoaxaca.com\/wp-content\/uploads\/2026\/04\/11-8-scaled.jpg?fit=1200%2C691&ssl=1&resize=1050%2C600 3x"},"classes":[]},{"id":23256,"url":"https:\/\/redaccionoaxaca.com\/index.php\/2022\/01\/03\/delito-imputado-a-martinez-helmes-no-requiere-prision-preventiva-abogados-de-exrector-familia-de-martinez-helmes-pide-no-violentar-el-debido-proceso-de-exrector-detenido\/","url_meta":{"origin":41846,"position":3},"title":"Delito imputado a Mart\u00ednez Helmes no requiere prisi\u00f3n preventiva: abogados de exrector Familia de Mart\u00ednez Helmes, pide no violentar el debido proceso de exrector detenido.","author":"ariadna","date":"enero 3, 2022","format":false,"excerpt":"#Redacci\u00f3nOaxaca #Oaxaca Citlalli L\u00f3pez Vel\u00e1zquez Familiares del exrector de la Universidad Aut\u00f3noma Benito Ju\u00e1rez de Oaxaca (#UABJO), Eduardo Mart\u00ednez Helmes, demandaron a las autoridades de impartici\u00f3n y procuraci\u00f3n de justicia apego irrestricto al marco constitucional federal y local, respeto a sus derechos humanos y no violentar el debido proceso. En\u2026","rel":"","context":"En &quot;Imagen&quot;","block_context":{"text":"Imagen","link":"https:\/\/redaccionoaxaca.com\/index.php\/category\/imagen\/"},"img":{"alt_text":"","src":"","width":0,"height":0},"classes":[]},{"id":41839,"url":"https:\/\/redaccionoaxaca.com\/index.php\/2026\/04\/30\/farid-acevedo-se-registra-como-candidato-a-la-rectoria-de-la-uabjo-con-respaldo-de-mas-de-25-unidades-academicas\/","url_meta":{"origin":41846,"position":4},"title":"Farid Acevedo se registra como candidato a la rector\u00eda de la UABJO con respaldo de m\u00e1s de 25 unidades acad\u00e9micas","author":"ariadna","date":"abril 30, 2026","format":false,"excerpt":"#Redacci\u00f3nOaxaca #Oaxaca #JaimeGUERRERO En una demostraci\u00f3n de m\u00fasculo pol\u00edtico, universitario y acad\u00e9mico, Farid Acevedo L\u00f3pez present\u00f3 este jueves su registro como candidato a la rector\u00eda de la UABJO, tras encabezar una multitudinaria marcha Calenda desde Ciudad Universitaria hasta la Facultad de Bellas Artes, acompa\u00f1ado por m\u00e1s de 25 comunidades acad\u00e9micas.\u2026","rel":"","context":"Entrada similar ","block_context":{"text":"Entrada similar ","link":""},"img":{"alt_text":"","src":"https:\/\/i0.wp.com\/redaccionoaxaca.com\/wp-content\/uploads\/2026\/04\/Screenshot_20260430_110417_WhatsApp-scaled.jpg?fit=1200%2C663&ssl=1&resize=350%2C200","width":350,"height":200,"srcset":"https:\/\/i0.wp.com\/redaccionoaxaca.com\/wp-content\/uploads\/2026\/04\/Screenshot_20260430_110417_WhatsApp-scaled.jpg?fit=1200%2C663&ssl=1&resize=350%2C200 1x, https:\/\/i0.wp.com\/redaccionoaxaca.com\/wp-content\/uploads\/2026\/04\/Screenshot_20260430_110417_WhatsApp-scaled.jpg?fit=1200%2C663&ssl=1&resize=525%2C300 1.5x, https:\/\/i0.wp.com\/redaccionoaxaca.com\/wp-content\/uploads\/2026\/04\/Screenshot_20260430_110417_WhatsApp-scaled.jpg?fit=1200%2C663&ssl=1&resize=700%2C400 2x, https:\/\/i0.wp.com\/redaccionoaxaca.com\/wp-content\/uploads\/2026\/04\/Screenshot_20260430_110417_WhatsApp-scaled.jpg?fit=1200%2C663&ssl=1&resize=1050%2C600 3x"},"classes":[]},{"id":41268,"url":"https:\/\/redaccionoaxaca.com\/index.php\/2026\/04\/01\/con-etiqueta-hechoenuabjo-farid-acevedo-lopez-se-destapa-oficialmente-para-la-rectoria\/","url_meta":{"origin":41846,"position":5},"title":"Con etiqueta \u201c#HechoEnUABJO\u201d, Farid Acevedo L\u00f3pez se destapa oficialmente para la rector\u00eda","author":"ariadna","date":"abril 1, 2026","format":false,"excerpt":"#Redacci\u00f3nOaxaca #Oaxaca #JaimeGUERRERO Tres semanas despu\u00e9s de haber renunciado a la Secretar\u00eda de Finanzas del gobierno de Oaxaca, Farid Acevedo L\u00f3pez hizo oficial este mi\u00e9rcoles su aspiraci\u00f3n a la rector\u00eda de la Universidad Aut\u00f3noma \u201cBenito Ju\u00e1rez\u201d de Oaxaca (UABJO). Lo hizo a trav\u00e9s de publicaciones en sus redes sociales en\u2026","rel":"","context":"En &quot;Imagen&quot;","block_context":{"text":"Imagen","link":"https:\/\/redaccionoaxaca.com\/index.php\/category\/imagen\/"},"img":{"alt_text":"","src":"https:\/\/i0.wp.com\/redaccionoaxaca.com\/wp-content\/uploads\/2026\/04\/IMG-20260401-WA0078.jpg?fit=647%2C1200&ssl=1&resize=350%2C200","width":350,"height":200,"srcset":"https:\/\/i0.wp.com\/redaccionoaxaca.com\/wp-content\/uploads\/2026\/04\/IMG-20260401-WA0078.jpg?fit=647%2C1200&ssl=1&resize=350%2C200 1x, https:\/\/i0.wp.com\/redaccionoaxaca.com\/wp-content\/uploads\/2026\/04\/IMG-20260401-WA0078.jpg?fit=647%2C1200&ssl=1&resize=525%2C300 1.5x"},"classes":[]}],"_links":{"self":[{"href":"https:\/\/redaccionoaxaca.com\/index.php\/wp-json\/wp\/v2\/posts\/41846","targetHints":{"allow":["GET"]}}],"collection":[{"href":"https:\/\/redaccionoaxaca.com\/index.php\/wp-json\/wp\/v2\/posts"}],"about":[{"href":"https:\/\/redaccionoaxaca.com\/index.php\/wp-json\/wp\/v2\/types\/post"}],"author":[{"embeddable":true,"href":"https:\/\/redaccionoaxaca.com\/index.php\/wp-json\/wp\/v2\/users\/9"}],"replies":[{"embeddable":true,"href":"https:\/\/redaccionoaxaca.com\/index.php\/wp-json\/wp\/v2\/comments?post=41846"}],"version-history":[{"count":1,"href":"https:\/\/redaccionoaxaca.com\/index.php\/wp-json\/wp\/v2\/posts\/41846\/revisions"}],"predecessor-version":[{"id":41849,"href":"https:\/\/redaccionoaxaca.com\/index.php\/wp-json\/wp\/v2\/posts\/41846\/revisions\/41849"}],"wp:featuredmedia":[{"embeddable":true,"href":"https:\/\/redaccionoaxaca.com\/index.php\/wp-json\/wp\/v2\/media\/41848"}],"wp:attachment":[{"href":"https:\/\/redaccionoaxaca.com\/index.php\/wp-json\/wp\/v2\/media?parent=41846"}],"wp:term":[{"taxonomy":"category","embeddable":true,"href":"https:\/\/redaccionoaxaca.com\/index.php\/wp-json\/wp\/v2\/categories?post=41846"},{"taxonomy":"post_tag","embeddable":true,"href":"https:\/\/redaccionoaxaca.com\/index.php\/wp-json\/wp\/v2\/tags?post=41846"}],"curies":[{"name":"wp","href":"https:\/\/api.w.org\/{rel}","templated":true}]}}