{"id":41850,"date":"2026-04-30T20:01:02","date_gmt":"2026-05-01T02:01:02","guid":{"rendered":"https:\/\/redaccionoaxaca.com\/?p=41850"},"modified":"2026-04-30T20:01:02","modified_gmt":"2026-05-01T02:01:02","slug":"proponen-sustituir-el-termino-menores-para-reconocer-a-la-ninez-y-adolescencia-como-sujetos-de-derecho","status":"publish","type":"post","link":"https:\/\/redaccionoaxaca.com\/index.php\/2026\/04\/30\/proponen-sustituir-el-termino-menores-para-reconocer-a-la-ninez-y-adolescencia-como-sujetos-de-derecho\/","title":{"rendered":"Proponen sustituir el t\u00e9rmino \u201cmenores\u201d para reconocer a la ni\u00f1ez y adolescencia como sujetos de derecho"},"content":{"rendered":"<p><strong>#Redacci\u00f3nOaxaca<\/strong><\/p>\n<p><strong>#Oaxaca<\/strong><\/p>\n<p style=\"text-align: justify;\">* <em>Se busca eliminar expresiones que resultan incompatibles con los principios de igualdad y no discriminaci\u00f3n<\/em><\/p>\n<p style=\"text-align: justify;\">San Raymundo Jalpan, Oax., a 29 de abril de 2026.- Con el objetivo de consolidar un marco normativo basado en el enfoque de derechos humanos y la igualdad sustantiva, la diputada Dulce Alejandra Garc\u00eda Morlan, del Partido Movimiento Ciudadano, present\u00f3 una iniciativa para reformar diversas disposiciones de la Constituci\u00f3n Pol\u00edtica del Estado \u0430 fin de sustituir el t\u00e9rmino \u201cmenores\u201d, que actualmente se utiliza, por uno acorde con el reconocimiento de su calidad de sujetos de derechos.<\/p>\n<p><img data-recalc-dims=\"1\" loading=\"lazy\" decoding=\"async\" data-attachment-id=\"41851\" data-permalink=\"https:\/\/redaccionoaxaca.com\/index.php\/2026\/04\/30\/proponen-sustituir-el-termino-menores-para-reconocer-a-la-ninez-y-adolescencia-como-sujetos-de-derecho\/screenshot_20260430_195605_facebook\/\" data-orig-file=\"https:\/\/i0.wp.com\/redaccionoaxaca.com\/wp-content\/uploads\/2026\/04\/Screenshot_20260430_195605_Facebook-scaled.jpg?fit=2560%2C1680&amp;ssl=1\" data-orig-size=\"2560,1680\" data-comments-opened=\"1\" data-image-meta=\"{&quot;aperture&quot;:&quot;0&quot;,&quot;credit&quot;:&quot;&quot;,&quot;camera&quot;:&quot;&quot;,&quot;caption&quot;:&quot;&quot;,&quot;created_timestamp&quot;:&quot;0&quot;,&quot;copyright&quot;:&quot;&quot;,&quot;focal_length&quot;:&quot;0&quot;,&quot;iso&quot;:&quot;0&quot;,&quot;shutter_speed&quot;:&quot;0&quot;,&quot;title&quot;:&quot;&quot;,&quot;orientation&quot;:&quot;1&quot;}\" data-image-title=\"Screenshot_20260430_195605_Facebook\" data-image-description=\"\" data-image-caption=\"\" data-large-file=\"https:\/\/i0.wp.com\/redaccionoaxaca.com\/wp-content\/uploads\/2026\/04\/Screenshot_20260430_195605_Facebook-scaled.jpg?fit=696%2C457&amp;ssl=1\" class=\"size-medium wp-image-41851 aligncenter\" src=\"https:\/\/i0.wp.com\/redaccionoaxaca.com\/wp-content\/uploads\/2026\/04\/Screenshot_20260430_195605_Facebook.jpg?resize=300%2C197&#038;ssl=1\" alt=\"\" width=\"300\" height=\"197\" srcset=\"https:\/\/i0.wp.com\/redaccionoaxaca.com\/wp-content\/uploads\/2026\/04\/Screenshot_20260430_195605_Facebook-scaled.jpg?resize=300%2C197&amp;ssl=1 300w, https:\/\/i0.wp.com\/redaccionoaxaca.com\/wp-content\/uploads\/2026\/04\/Screenshot_20260430_195605_Facebook-scaled.jpg?resize=1024%2C672&amp;ssl=1 1024w, https:\/\/i0.wp.com\/redaccionoaxaca.com\/wp-content\/uploads\/2026\/04\/Screenshot_20260430_195605_Facebook-scaled.jpg?resize=768%2C504&amp;ssl=1 768w, https:\/\/i0.wp.com\/redaccionoaxaca.com\/wp-content\/uploads\/2026\/04\/Screenshot_20260430_195605_Facebook-scaled.jpg?resize=1536%2C1008&amp;ssl=1 1536w, https:\/\/i0.wp.com\/redaccionoaxaca.com\/wp-content\/uploads\/2026\/04\/Screenshot_20260430_195605_Facebook-scaled.jpg?resize=2048%2C1344&amp;ssl=1 2048w, https:\/\/i0.wp.com\/redaccionoaxaca.com\/wp-content\/uploads\/2026\/04\/Screenshot_20260430_195605_Facebook-scaled.jpg?resize=640%2C420&amp;ssl=1 640w, https:\/\/i0.wp.com\/redaccionoaxaca.com\/wp-content\/uploads\/2026\/04\/Screenshot_20260430_195605_Facebook-scaled.jpg?resize=696%2C457&amp;ssl=1 696w, https:\/\/i0.wp.com\/redaccionoaxaca.com\/wp-content\/uploads\/2026\/04\/Screenshot_20260430_195605_Facebook-scaled.jpg?resize=1068%2C701&amp;ssl=1 1068w, https:\/\/i0.wp.com\/redaccionoaxaca.com\/wp-content\/uploads\/2026\/04\/Screenshot_20260430_195605_Facebook-scaled.jpg?resize=741%2C486&amp;ssl=1 741w, https:\/\/i0.wp.com\/redaccionoaxaca.com\/wp-content\/uploads\/2026\/04\/Screenshot_20260430_195605_Facebook-scaled.jpg?w=1392&amp;ssl=1 1392w\" sizes=\"auto, (max-width: 300px) 100vw, 300px\" \/><\/p>\n<p style=\"text-align: justify;\">En este sentido, se propone sustituirlo por el concepto de \u201cni\u00f1as, ni\u00f1os y adolescentes menores de 18 a\u00f1os\u201d. Este cambio busca dejar atr\u00e1s visiones asistencialistas o tuteladas, y avanzar hacia un lenguaje con un enfoque basado en la dignidad humana, la autonom\u00eda progresiva y la igualdad sustantiva.<\/p>\n<p style=\"text-align: justify;\">Al respecto, la legisladora indic\u00f3 en la exposici\u00f3n de motivos que el lenguaje jur\u00eddico no es un elemento accesorio dentro del sistema normativo, sino una herramienta que incide directamente en la forma en que se reconocen, interpretan y garantizan los derechos humanos.<\/p>\n<p style=\"text-align: justify;\">Por ello, agreg\u00f3, la armonizaci\u00f3n del lenguaje no debe entenderse como un cambio meramente formal, sino como una acci\u00f3n necesaria para fortalecer la coherencia del sistema jur\u00eddico y consolidar una cultura de respeto a la dignidad de las personas desde la infancia. Respondiendo a compromisos asumidos en el \u00e1mbito internacional, sino tambi\u00e9n a la necesidad de adecuar el marco interno a los principios de dignidad, igualdad y no discriminaci\u00f3n.<\/p>\n<p style=\"text-align: justify;\">La medida legislativa se fundamenta en la Convenci\u00f3n sobre los Derechos del Ni\u00f1o, el Pacto Internacional de Derechos Civiles y Pol\u00edticos, la Convenci\u00f3n Americana sobre Derechos Humanos, la Ley General de los Derechos de Ni\u00f1as, Ni\u00f1os y Adolescentes, entre otras, bajo el principio rector del Inter\u00e9s Superior de la Ni\u00f1ez. \u201cLas palabras importan, el lenguaje jur\u00eddico no es neutro, configura realidades y define relaciones de poder. Nombrarlos correctamente es reconocer qui\u00e9nes son\u201d, se\u00f1ala el documento de la legisladora.<\/p>\n<p style=\"text-align: justify;\">La propuesta qued\u00f3 reservada para el Segundo Periodo Ordinario de Sesiones del Segundo A\u00f1o de Ejercicio Legal.<\/p>\n<p><img data-recalc-dims=\"1\" loading=\"lazy\" decoding=\"async\" data-attachment-id=\"41852\" data-permalink=\"https:\/\/redaccionoaxaca.com\/index.php\/2026\/04\/30\/proponen-sustituir-el-termino-menores-para-reconocer-a-la-ninez-y-adolescencia-como-sujetos-de-derecho\/screenshot_20260430_195609_facebook\/\" data-orig-file=\"https:\/\/i0.wp.com\/redaccionoaxaca.com\/wp-content\/uploads\/2026\/04\/Screenshot_20260430_195609_Facebook-scaled.jpg?fit=2560%2C1707&amp;ssl=1\" data-orig-size=\"2560,1707\" data-comments-opened=\"1\" data-image-meta=\"{&quot;aperture&quot;:&quot;0&quot;,&quot;credit&quot;:&quot;&quot;,&quot;camera&quot;:&quot;&quot;,&quot;caption&quot;:&quot;&quot;,&quot;created_timestamp&quot;:&quot;0&quot;,&quot;copyright&quot;:&quot;&quot;,&quot;focal_length&quot;:&quot;0&quot;,&quot;iso&quot;:&quot;0&quot;,&quot;shutter_speed&quot;:&quot;0&quot;,&quot;title&quot;:&quot;&quot;,&quot;orientation&quot;:&quot;1&quot;}\" data-image-title=\"Screenshot_20260430_195609_Facebook\" data-image-description=\"\" data-image-caption=\"\" data-large-file=\"https:\/\/i0.wp.com\/redaccionoaxaca.com\/wp-content\/uploads\/2026\/04\/Screenshot_20260430_195609_Facebook-scaled.jpg?fit=696%2C464&amp;ssl=1\" class=\"size-medium wp-image-41852 aligncenter\" src=\"https:\/\/i0.wp.com\/redaccionoaxaca.com\/wp-content\/uploads\/2026\/04\/Screenshot_20260430_195609_Facebook.jpg?resize=300%2C200&#038;ssl=1\" alt=\"\" width=\"300\" height=\"200\" srcset=\"https:\/\/i0.wp.com\/redaccionoaxaca.com\/wp-content\/uploads\/2026\/04\/Screenshot_20260430_195609_Facebook-scaled.jpg?resize=300%2C200&amp;ssl=1 300w, https:\/\/i0.wp.com\/redaccionoaxaca.com\/wp-content\/uploads\/2026\/04\/Screenshot_20260430_195609_Facebook-scaled.jpg?resize=1024%2C683&amp;ssl=1 1024w, https:\/\/i0.wp.com\/redaccionoaxaca.com\/wp-content\/uploads\/2026\/04\/Screenshot_20260430_195609_Facebook-scaled.jpg?resize=768%2C512&amp;ssl=1 768w, https:\/\/i0.wp.com\/redaccionoaxaca.com\/wp-content\/uploads\/2026\/04\/Screenshot_20260430_195609_Facebook-scaled.jpg?resize=1536%2C1024&amp;ssl=1 1536w, https:\/\/i0.wp.com\/redaccionoaxaca.com\/wp-content\/uploads\/2026\/04\/Screenshot_20260430_195609_Facebook-scaled.jpg?resize=2048%2C1365&amp;ssl=1 2048w, https:\/\/i0.wp.com\/redaccionoaxaca.com\/wp-content\/uploads\/2026\/04\/Screenshot_20260430_195609_Facebook-scaled.jpg?resize=630%2C420&amp;ssl=1 630w, https:\/\/i0.wp.com\/redaccionoaxaca.com\/wp-content\/uploads\/2026\/04\/Screenshot_20260430_195609_Facebook-scaled.jpg?resize=696%2C464&amp;ssl=1 696w, https:\/\/i0.wp.com\/redaccionoaxaca.com\/wp-content\/uploads\/2026\/04\/Screenshot_20260430_195609_Facebook-scaled.jpg?resize=1068%2C712&amp;ssl=1 1068w, https:\/\/i0.wp.com\/redaccionoaxaca.com\/wp-content\/uploads\/2026\/04\/Screenshot_20260430_195609_Facebook-scaled.jpg?w=1392&amp;ssl=1 1392w\" sizes=\"auto, (max-width: 300px) 100vw, 300px\" \/><\/p>\n","protected":false},"excerpt":{"rendered":"<p>#Redacci\u00f3nOaxaca #Oaxaca * Se busca eliminar expresiones que resultan incompatibles con los principios de igualdad y no discriminaci\u00f3n San Raymundo Jalpan, Oax., a 29 de abril de 2026.- Con el objetivo de consolidar un marco normativo basado en el enfoque de derechos humanos y la igualdad sustantiva, la diputada Dulce Alejandra Garc\u00eda Morlan, del Partido [&hellip;]<\/p>\n","protected":false},"author":9,"featured_media":41851,"comment_status":"open","ping_status":"open","sticky":false,"template":"","format":"standard","meta":{"jetpack_post_was_ever_published":false,"_jetpack_newsletter_access":"","_jetpack_dont_email_post_to_subs":false,"_jetpack_newsletter_tier_id":0,"_jetpack_memberships_contains_paywalled_content":false,"_jetpack_memberships_contains_paid_content":false,"footnotes":"","jetpack_publicize_message":"","jetpack_publicize_feature_enabled":true,"jetpack_social_post_already_shared":true,"jetpack_social_options":{"image_generator_settings":{"template":"highway","default_image_id":0,"font":"","enabled":false},"version":2}},"categories":[4,5,3],"tags":[],"class_list":{"0":"post-41850","1":"post","2":"type-post","3":"status-publish","4":"format-standard","5":"has-post-thumbnail","7":"category-agenda-politica","8":"category-imagen","9":"category-mesa-de-redaccion"},"jetpack_publicize_connections":[],"jetpack_featured_media_url":"https:\/\/i0.wp.com\/redaccionoaxaca.com\/wp-content\/uploads\/2026\/04\/Screenshot_20260430_195605_Facebook-scaled.jpg?fit=2560%2C1680&ssl=1","jetpack_sharing_enabled":true,"jetpack_shortlink":"https:\/\/wp.me\/p9Ynjw-aT0","jetpack-related-posts":[{"id":13768,"url":"https:\/\/redaccionoaxaca.com\/index.php\/2020\/08\/05\/video-oaxaca-primer-estado-que-prohibe-la-venta-de-bebidas-y-alimentos-chatarra-a-menores-de-edad\/","url_meta":{"origin":41850,"position":0},"title":"VIDEO: Oaxaca primer estado que proh\u00edbe la venta de bebidas y alimentos chatarra a menores de edad.","author":"ariadna","date":"agosto 5, 2020","format":false,"excerpt":"#Redacci\u00f3nOaxaca #Oaxaca \u2022 Se busca erradicar y disminuir obesidad y diabetes en la poblaci\u00f3n \u2022 No se proh\u00edbe su venta en general, \u00fanicamente a ni\u00f1as y ni\u00f1os San Raymundo Jalpan, Oax. 04 de agosto de 2020. Con 31 votos a favor la Sexag\u00e9sima Cuarta Legislatura del Congreso Local, se convirti\u00f3\u2026","rel":"","context":"En &quot;Agenda Pol\u00edtica&quot;","block_context":{"text":"Agenda Pol\u00edtica","link":"https:\/\/redaccionoaxaca.com\/index.php\/category\/agenda-politica\/"},"img":{"alt_text":"","src":"https:\/\/i0.wp.com\/redaccionoaxaca.com\/wp-content\/uploads\/2020\/08\/ley-300x300.jpg?resize=350%2C200","width":350,"height":200},"classes":[]},{"id":30513,"url":"https:\/\/redaccionoaxaca.com\/index.php\/2024\/02\/14\/senado-eleva-a-rango-constitucional-prohibir-matrimonios-forzados-infantiles-en-comunidades-indigenas\/","url_meta":{"origin":41850,"position":1},"title":"Senado eleva a rango constitucional, prohibir matrimonios forzados infantiles en comunidades ind\u00edgenas","author":"ariadna","date":"febrero 14, 2024","format":false,"excerpt":"#Redacci\u00f3nOaxaca #Oaxaca Jaime GUERRERO Por unanimidad, con 76 votos a favor, el pleno de la C\u00e1mara de Senadores aprob\u00f3 una reforma a la Constituci\u00f3n Pol\u00edtica para establecer en su art\u00edculo 2, la prohibici\u00f3n de los matrimonios infantiles en comunidades ind\u00edgenas Conforme al dictamen aprobado, los senadores reformaron la fracci\u00f3n II\u2026","rel":"","context":"En &quot;Agenda Pol\u00edtica&quot;","block_context":{"text":"Agenda Pol\u00edtica","link":"https:\/\/redaccionoaxaca.com\/index.php\/category\/agenda-politica\/"},"img":{"alt_text":"","src":"","width":0,"height":0},"classes":[]},{"id":2591,"url":"https:\/\/redaccionoaxaca.com\/index.php\/2018\/09\/21\/son-ninas-y-madres-mas-de-mil-500-oaxaquenas\/","url_meta":{"origin":41850,"position":2},"title":"Son ni\u00f1as y madres, m\u00e1s de mil 500 oaxaque\u00f1as","author":"citlali","date":"septiembre 21, 2018","format":false,"excerpt":"A su corta edad tuvieron que enfrentarse a la maternidad. Son m\u00e1s de mil 500 ni\u00f1as oaxaque\u00f1as menores de 14 a\u00f1os quienes cursaron por un embarazo y lo llevaron a t\u00e9rmino, revelan cifras compiladas por el Comit\u00e9 de Am\u00e9rica Latina y el Caribe para la defensa de los Derechos Humanos\u2026","rel":"","context":"En &quot;Agenda Pol\u00edtica&quot;","block_context":{"text":"Agenda Pol\u00edtica","link":"https:\/\/redaccionoaxaca.com\/index.php\/category\/agenda-politica\/"},"img":{"alt_text":"","src":"","width":0,"height":0},"classes":[]},{"id":14169,"url":"https:\/\/redaccionoaxaca.com\/index.php\/2020\/08\/31\/murat-no-veto-reforma-que-prohibe-venta-de-alimentos-chatarra-a-menores-en-oaxaca-alista-iniciativas-complementarias\/","url_meta":{"origin":41850,"position":3},"title":"Murat no vet\u00f3 reforma que proh\u00edbe venta de \u201calimentos  chatarra\u201d a menores en Oaxaca; alista iniciativas complementarias.","author":"ariadna","date":"agosto 31, 2020","format":false,"excerpt":"#Redacci\u00f3nOaxaca #Oaxaca Jaime GUERRERO Pese a las presiones de c\u00e1maras empresariales y comerciales, el Gobernador del Estado, Alejandro Murat Hinojosa, no vet\u00f3 la reforma a la ley de los derechos de ni\u00f1as, ni\u00f1os y adolescentes que, proh\u00edbe la venta de \u201calimentos chatarra\u201d a menores de edad en Oaxaca. Por el\u2026","rel":"","context":"En &quot;Agenda Pol\u00edtica&quot;","block_context":{"text":"Agenda Pol\u00edtica","link":"https:\/\/redaccionoaxaca.com\/index.php\/category\/agenda-politica\/"},"img":{"alt_text":"","src":"","width":0,"height":0},"classes":[]},{"id":18552,"url":"https:\/\/redaccionoaxaca.com\/index.php\/2021\/04\/27\/persisten-resistencias-que-se-oponen-a-avance-de-la-mujer-murat-ieepco-teeo-y-501-firman-acuerdo-de-paridad\/","url_meta":{"origin":41850,"position":4},"title":"Persisten resistencias que se oponen a avance de la mujer;\u00a0  Murat, IEEPCO, TEEO y 50+1 firman acuerdo de paridad.","author":"ariadna","date":"abril 27, 2021","format":false,"excerpt":"#Redacci\u00f3nOaxaca #Oaxaca Jaime GUERRERO\u00a0 \u00a0El Gobernador del Estado, Alejandro Murat Hinojosa, autoridades electorales, jurisdiccionales y el colectivo 50+1, firmaron el\u00a0Acuerdo por la Paridad, Igualdad y no violencia contra las mujeres por razones de g\u00e9nero, para garantizar la\u00a0PARIDAD en todo, la igualdad entre hombres y mujeres y la NO violencia pol\u00edtica\u2026","rel":"","context":"En &quot;Agenda Pol\u00edtica&quot;","block_context":{"text":"Agenda Pol\u00edtica","link":"https:\/\/redaccionoaxaca.com\/index.php\/category\/agenda-politica\/"},"img":{"alt_text":"","src":"","width":0,"height":0},"classes":[]},{"id":23321,"url":"https:\/\/redaccionoaxaca.com\/index.php\/2022\/01\/06\/erradicar-el-matrimonio-infantil-necesario-y-urgente-en-oaxaca-diputada-gabriela-perez-lopez\/","url_meta":{"origin":41850,"position":5},"title":"ERRADICAR EL MATRIMONIO INFANTIL, NECESARIO Y URGENTE EN OAXACA: DIPUTADA GABRIELA P\u00c9REZ L\u00d3PEZ.","author":"ariadna","date":"enero 6, 2022","format":false,"excerpt":"#Redacci\u00f3nOaxaca #Oaxaca - La Legisladora Estatal propone una Iniciativa con Proyecto de Decreto para eliminar esta pr\u00e1ctica perjudicial y violatoria de las libertades fundamentales de la ni\u00f1ez oaxaque\u00f1a. San Raymundo Jalpan, Oaxaca. 5 de enero de 2021.- En la Sesi\u00f3n Ordinaria realizada el d\u00eda de hoy en el Honorable Congreso\u2026","rel":"","context":"En &quot;Agenda Pol\u00edtica&quot;","block_context":{"text":"Agenda Pol\u00edtica","link":"https:\/\/redaccionoaxaca.com\/index.php\/category\/agenda-politica\/"},"img":{"alt_text":"","src":"","width":0,"height":0},"classes":[]}],"_links":{"self":[{"href":"https:\/\/redaccionoaxaca.com\/index.php\/wp-json\/wp\/v2\/posts\/41850","targetHints":{"allow":["GET"]}}],"collection":[{"href":"https:\/\/redaccionoaxaca.com\/index.php\/wp-json\/wp\/v2\/posts"}],"about":[{"href":"https:\/\/redaccionoaxaca.com\/index.php\/wp-json\/wp\/v2\/types\/post"}],"author":[{"embeddable":true,"href":"https:\/\/redaccionoaxaca.com\/index.php\/wp-json\/wp\/v2\/users\/9"}],"replies":[{"embeddable":true,"href":"https:\/\/redaccionoaxaca.com\/index.php\/wp-json\/wp\/v2\/comments?post=41850"}],"version-history":[{"count":1,"href":"https:\/\/redaccionoaxaca.com\/index.php\/wp-json\/wp\/v2\/posts\/41850\/revisions"}],"predecessor-version":[{"id":41853,"href":"https:\/\/redaccionoaxaca.com\/index.php\/wp-json\/wp\/v2\/posts\/41850\/revisions\/41853"}],"wp:featuredmedia":[{"embeddable":true,"href":"https:\/\/redaccionoaxaca.com\/index.php\/wp-json\/wp\/v2\/media\/41851"}],"wp:attachment":[{"href":"https:\/\/redaccionoaxaca.com\/index.php\/wp-json\/wp\/v2\/media?parent=41850"}],"wp:term":[{"taxonomy":"category","embeddable":true,"href":"https:\/\/redaccionoaxaca.com\/index.php\/wp-json\/wp\/v2\/categories?post=41850"},{"taxonomy":"post_tag","embeddable":true,"href":"https:\/\/redaccionoaxaca.com\/index.php\/wp-json\/wp\/v2\/tags?post=41850"}],"curies":[{"name":"wp","href":"https:\/\/api.w.org\/{rel}","templated":true}]}}