{"id":41854,"date":"2026-04-30T20:07:48","date_gmt":"2026-05-01T02:07:48","guid":{"rendered":"https:\/\/redaccionoaxaca.com\/?p=41854"},"modified":"2026-04-30T20:07:48","modified_gmt":"2026-05-01T02:07:48","slug":"instalan-cabildo-infantil-en-oaxaca-de-juarez","status":"publish","type":"post","link":"https:\/\/redaccionoaxaca.com\/index.php\/2026\/04\/30\/instalan-cabildo-infantil-en-oaxaca-de-juarez\/","title":{"rendered":"Instalan Cabildo Infantil en Oaxaca de Ju\u00e1rez"},"content":{"rendered":"<p><strong>#Redacci\u00f3nOaxaca<\/strong><\/p>\n<p><strong>#Oaxaca<\/strong><\/p>\n<p style=\"text-align: justify;\">En la sesi\u00f3n del Cabildo Infantil 2026, las ni\u00f1as y ni\u00f1os formularon sus propuestas enfocadas en mejorar su entorno, fortalecer valores y aportar soluciones desde su visi\u00f3n.<\/p>\n<p style=\"text-align: justify;\">Un ejercicio que demuestra que la participaci\u00f3n de la ni\u00f1ez es clave para seguir transformando Oaxaca de Ju\u00e1rez.<\/p>\n<p><img data-recalc-dims=\"1\" loading=\"lazy\" decoding=\"async\" data-attachment-id=\"41855\" data-permalink=\"https:\/\/redaccionoaxaca.com\/index.php\/2026\/04\/30\/instalan-cabildo-infantil-en-oaxaca-de-juarez\/img-20260430-wa0178\/\" data-orig-file=\"https:\/\/i0.wp.com\/redaccionoaxaca.com\/wp-content\/uploads\/2026\/04\/IMG-20260430-WA0178.jpg?fit=1440%2C839&amp;ssl=1\" data-orig-size=\"1440,839\" data-comments-opened=\"1\" data-image-meta=\"{&quot;aperture&quot;:&quot;0&quot;,&quot;credit&quot;:&quot;&quot;,&quot;camera&quot;:&quot;&quot;,&quot;caption&quot;:&quot;&quot;,&quot;created_timestamp&quot;:&quot;0&quot;,&quot;copyright&quot;:&quot;&quot;,&quot;focal_length&quot;:&quot;0&quot;,&quot;iso&quot;:&quot;0&quot;,&quot;shutter_speed&quot;:&quot;0&quot;,&quot;title&quot;:&quot;&quot;,&quot;orientation&quot;:&quot;0&quot;}\" data-image-title=\"IMG-20260430-WA0178\" data-image-description=\"\" data-image-caption=\"\" data-large-file=\"https:\/\/i0.wp.com\/redaccionoaxaca.com\/wp-content\/uploads\/2026\/04\/IMG-20260430-WA0178.jpg?fit=696%2C406&amp;ssl=1\" class=\"size-medium wp-image-41855 aligncenter\" src=\"https:\/\/i0.wp.com\/redaccionoaxaca.com\/wp-content\/uploads\/2026\/04\/IMG-20260430-WA0178.jpg?resize=300%2C175&#038;ssl=1\" alt=\"\" width=\"300\" height=\"175\" srcset=\"https:\/\/i0.wp.com\/redaccionoaxaca.com\/wp-content\/uploads\/2026\/04\/IMG-20260430-WA0178.jpg?resize=300%2C175&amp;ssl=1 300w, https:\/\/i0.wp.com\/redaccionoaxaca.com\/wp-content\/uploads\/2026\/04\/IMG-20260430-WA0178.jpg?resize=1024%2C597&amp;ssl=1 1024w, https:\/\/i0.wp.com\/redaccionoaxaca.com\/wp-content\/uploads\/2026\/04\/IMG-20260430-WA0178.jpg?resize=768%2C447&amp;ssl=1 768w, https:\/\/i0.wp.com\/redaccionoaxaca.com\/wp-content\/uploads\/2026\/04\/IMG-20260430-WA0178.jpg?resize=721%2C420&amp;ssl=1 721w, https:\/\/i0.wp.com\/redaccionoaxaca.com\/wp-content\/uploads\/2026\/04\/IMG-20260430-WA0178.jpg?resize=696%2C406&amp;ssl=1 696w, https:\/\/i0.wp.com\/redaccionoaxaca.com\/wp-content\/uploads\/2026\/04\/IMG-20260430-WA0178.jpg?resize=1068%2C622&amp;ssl=1 1068w, https:\/\/i0.wp.com\/redaccionoaxaca.com\/wp-content\/uploads\/2026\/04\/IMG-20260430-WA0178.jpg?w=1440&amp;ssl=1 1440w\" sizes=\"auto, (max-width: 300px) 100vw, 300px\" \/><\/p>\n<p style=\"text-align: justify;\">Las y los integrantes del Cabildo Infantil 2026 son:<\/p>\n<p style=\"text-align: justify;\">\u2022 Karina Melisa Luna Zeferino \u2013 Presidenta Municipal<br \/>\n\u2022 Minelly Elizabeth Vel\u00e1squez Sandoval \u2013 S\u00edndica Primera<br \/>\n\u2022 Zyanya Loreto Ram\u00edrez Zorrilla \u2013 S\u00edndica Segunda<br \/>\n\u2022 Jos\u00e9 Adri\u00e1n L\u00f3pez L\u00f3pez \u2013 Regidor de Hacienda Municipal<br \/>\n\u2022 Adri\u00e1n Renato Hern\u00e1ndez Ruiz \u2013 Regidor de Gobierno de Territorio y Normatividad<br \/>\n\u2022 Vanessa Bel\u00e9m Mart\u00ednez Aguilar \u2013 Regidora de Obras P\u00fablicas y Desarrollo Urbano<br \/>\n\u2022 Valeria Hern\u00e1ndez Mart\u00ednez \u2013 Regidora de Bienestar, Tequios Vecinales y Salud<br \/>\n\u2022 Yatzil Lorena Arias Bautista \u2013 Regidora de Seguridad Vecinal y Cultura de Paz<br \/>\n\u2022 Yasha Denisse Rafael Ram\u00edrez \u2013 Regidora de Desarrollo Sostenible, Medio Ambiente y Gesti\u00f3n H\u00eddrica<br \/>\n\u2022 Camila de Mar\u00eda Aldeco Arag\u00f3n \u2013 Regidora de Servicios Vecinales y Transparencia<br \/>\n\u2022 Priah V\u00e1zquez Taboada \u2013 Regidora de Prosperidad Compartida y Turismo<br \/>\n\u2022 Rodrigo Hern\u00e1ndez Calvo \u2013 Regidor del Centro Hist\u00f3rico y Patrimonio Mundial<br \/>\n\u2022 Danna Sof\u00eda L\u00f3pez Faustino \u2013 Regidora de Mujeres, Ciudad Inclusiva y Derechos Humanos<br \/>\n\u2022 Miranda L\u00f3pez Ram\u00edrez \u2013 Regidora de Cultura y Educaci\u00f3n<br \/>\n\u2022 Emmanuel Garc\u00eda Santiago \u2013 Regidor de Protecci\u00f3n Civil<br \/>\n\u2022 Daniela Estefan\u00eda Garc\u00eda Boh\u00f3rquez \u2013 Regidora de Grupos Prioritarios, Juventud y Deportes<br \/>\n\u2022 Guillermo Monz\u00f3n Rangel \u2013 Secretario Municipal<\/p>\n<p style=\"text-align: justify;\">Con este ejercicio, el Gobierno Municipal de Oaxaca de Ju\u00e1rez fortalece la cultura c\u00edvica y promueve la participaci\u00f3n activa de las nuevas generaciones en la vida p\u00fablica del municipio.<\/p>\n<p><img data-recalc-dims=\"1\" loading=\"lazy\" decoding=\"async\" data-attachment-id=\"41856\" data-permalink=\"https:\/\/redaccionoaxaca.com\/index.php\/2026\/04\/30\/instalan-cabildo-infantil-en-oaxaca-de-juarez\/img-20260430-wa0183\/\" data-orig-file=\"https:\/\/i0.wp.com\/redaccionoaxaca.com\/wp-content\/uploads\/2026\/04\/IMG-20260430-WA0183.jpg?fit=1280%2C746&amp;ssl=1\" data-orig-size=\"1280,746\" data-comments-opened=\"1\" data-image-meta=\"{&quot;aperture&quot;:&quot;0&quot;,&quot;credit&quot;:&quot;&quot;,&quot;camera&quot;:&quot;&quot;,&quot;caption&quot;:&quot;&quot;,&quot;created_timestamp&quot;:&quot;0&quot;,&quot;copyright&quot;:&quot;&quot;,&quot;focal_length&quot;:&quot;0&quot;,&quot;iso&quot;:&quot;0&quot;,&quot;shutter_speed&quot;:&quot;0&quot;,&quot;title&quot;:&quot;&quot;,&quot;orientation&quot;:&quot;0&quot;}\" data-image-title=\"IMG-20260430-WA0183\" data-image-description=\"\" data-image-caption=\"\" data-large-file=\"https:\/\/i0.wp.com\/redaccionoaxaca.com\/wp-content\/uploads\/2026\/04\/IMG-20260430-WA0183.jpg?fit=696%2C406&amp;ssl=1\" class=\"size-medium wp-image-41856 aligncenter\" src=\"https:\/\/i0.wp.com\/redaccionoaxaca.com\/wp-content\/uploads\/2026\/04\/IMG-20260430-WA0183.jpg?resize=300%2C175&#038;ssl=1\" alt=\"\" width=\"300\" height=\"175\" srcset=\"https:\/\/i0.wp.com\/redaccionoaxaca.com\/wp-content\/uploads\/2026\/04\/IMG-20260430-WA0183.jpg?resize=300%2C175&amp;ssl=1 300w, https:\/\/i0.wp.com\/redaccionoaxaca.com\/wp-content\/uploads\/2026\/04\/IMG-20260430-WA0183.jpg?resize=1024%2C597&amp;ssl=1 1024w, https:\/\/i0.wp.com\/redaccionoaxaca.com\/wp-content\/uploads\/2026\/04\/IMG-20260430-WA0183.jpg?resize=768%2C448&amp;ssl=1 768w, https:\/\/i0.wp.com\/redaccionoaxaca.com\/wp-content\/uploads\/2026\/04\/IMG-20260430-WA0183.jpg?resize=721%2C420&amp;ssl=1 721w, https:\/\/i0.wp.com\/redaccionoaxaca.com\/wp-content\/uploads\/2026\/04\/IMG-20260430-WA0183.jpg?resize=696%2C406&amp;ssl=1 696w, https:\/\/i0.wp.com\/redaccionoaxaca.com\/wp-content\/uploads\/2026\/04\/IMG-20260430-WA0183.jpg?resize=1068%2C622&amp;ssl=1 1068w, https:\/\/i0.wp.com\/redaccionoaxaca.com\/wp-content\/uploads\/2026\/04\/IMG-20260430-WA0183.jpg?w=1280&amp;ssl=1 1280w\" sizes=\"auto, (max-width: 300px) 100vw, 300px\" \/> <img data-recalc-dims=\"1\" loading=\"lazy\" decoding=\"async\" data-attachment-id=\"41857\" data-permalink=\"https:\/\/redaccionoaxaca.com\/index.php\/2026\/04\/30\/instalan-cabildo-infantil-en-oaxaca-de-juarez\/img-20260430-wa0182\/\" data-orig-file=\"https:\/\/i0.wp.com\/redaccionoaxaca.com\/wp-content\/uploads\/2026\/04\/IMG-20260430-WA0182.jpg?fit=1440%2C839&amp;ssl=1\" data-orig-size=\"1440,839\" data-comments-opened=\"1\" data-image-meta=\"{&quot;aperture&quot;:&quot;0&quot;,&quot;credit&quot;:&quot;&quot;,&quot;camera&quot;:&quot;&quot;,&quot;caption&quot;:&quot;&quot;,&quot;created_timestamp&quot;:&quot;0&quot;,&quot;copyright&quot;:&quot;&quot;,&quot;focal_length&quot;:&quot;0&quot;,&quot;iso&quot;:&quot;0&quot;,&quot;shutter_speed&quot;:&quot;0&quot;,&quot;title&quot;:&quot;&quot;,&quot;orientation&quot;:&quot;0&quot;}\" data-image-title=\"IMG-20260430-WA0182\" data-image-description=\"\" data-image-caption=\"\" data-large-file=\"https:\/\/i0.wp.com\/redaccionoaxaca.com\/wp-content\/uploads\/2026\/04\/IMG-20260430-WA0182.jpg?fit=696%2C406&amp;ssl=1\" class=\"size-medium wp-image-41857 aligncenter\" src=\"https:\/\/i0.wp.com\/redaccionoaxaca.com\/wp-content\/uploads\/2026\/04\/IMG-20260430-WA0182.jpg?resize=300%2C175&#038;ssl=1\" alt=\"\" width=\"300\" height=\"175\" srcset=\"https:\/\/i0.wp.com\/redaccionoaxaca.com\/wp-content\/uploads\/2026\/04\/IMG-20260430-WA0182.jpg?resize=300%2C175&amp;ssl=1 300w, https:\/\/i0.wp.com\/redaccionoaxaca.com\/wp-content\/uploads\/2026\/04\/IMG-20260430-WA0182.jpg?resize=1024%2C597&amp;ssl=1 1024w, https:\/\/i0.wp.com\/redaccionoaxaca.com\/wp-content\/uploads\/2026\/04\/IMG-20260430-WA0182.jpg?resize=768%2C447&amp;ssl=1 768w, https:\/\/i0.wp.com\/redaccionoaxaca.com\/wp-content\/uploads\/2026\/04\/IMG-20260430-WA0182.jpg?resize=721%2C420&amp;ssl=1 721w, https:\/\/i0.wp.com\/redaccionoaxaca.com\/wp-content\/uploads\/2026\/04\/IMG-20260430-WA0182.jpg?resize=696%2C406&amp;ssl=1 696w, https:\/\/i0.wp.com\/redaccionoaxaca.com\/wp-content\/uploads\/2026\/04\/IMG-20260430-WA0182.jpg?resize=1068%2C622&amp;ssl=1 1068w, https:\/\/i0.wp.com\/redaccionoaxaca.com\/wp-content\/uploads\/2026\/04\/IMG-20260430-WA0182.jpg?w=1440&amp;ssl=1 1440w\" sizes=\"auto, (max-width: 300px) 100vw, 300px\" \/> <img data-recalc-dims=\"1\" loading=\"lazy\" decoding=\"async\" data-attachment-id=\"41858\" data-permalink=\"https:\/\/redaccionoaxaca.com\/index.php\/2026\/04\/30\/instalan-cabildo-infantil-en-oaxaca-de-juarez\/img-20260430-wa0181\/\" data-orig-file=\"https:\/\/i0.wp.com\/redaccionoaxaca.com\/wp-content\/uploads\/2026\/04\/IMG-20260430-WA0181.jpg?fit=1440%2C839&amp;ssl=1\" data-orig-size=\"1440,839\" data-comments-opened=\"1\" data-image-meta=\"{&quot;aperture&quot;:&quot;0&quot;,&quot;credit&quot;:&quot;&quot;,&quot;camera&quot;:&quot;&quot;,&quot;caption&quot;:&quot;&quot;,&quot;created_timestamp&quot;:&quot;0&quot;,&quot;copyright&quot;:&quot;&quot;,&quot;focal_length&quot;:&quot;0&quot;,&quot;iso&quot;:&quot;0&quot;,&quot;shutter_speed&quot;:&quot;0&quot;,&quot;title&quot;:&quot;&quot;,&quot;orientation&quot;:&quot;0&quot;}\" data-image-title=\"IMG-20260430-WA0181\" data-image-description=\"\" data-image-caption=\"\" data-large-file=\"https:\/\/i0.wp.com\/redaccionoaxaca.com\/wp-content\/uploads\/2026\/04\/IMG-20260430-WA0181.jpg?fit=696%2C406&amp;ssl=1\" class=\"size-medium wp-image-41858 aligncenter\" src=\"https:\/\/i0.wp.com\/redaccionoaxaca.com\/wp-content\/uploads\/2026\/04\/IMG-20260430-WA0181.jpg?resize=300%2C175&#038;ssl=1\" alt=\"\" width=\"300\" height=\"175\" srcset=\"https:\/\/i0.wp.com\/redaccionoaxaca.com\/wp-content\/uploads\/2026\/04\/IMG-20260430-WA0181.jpg?resize=300%2C175&amp;ssl=1 300w, https:\/\/i0.wp.com\/redaccionoaxaca.com\/wp-content\/uploads\/2026\/04\/IMG-20260430-WA0181.jpg?resize=1024%2C597&amp;ssl=1 1024w, https:\/\/i0.wp.com\/redaccionoaxaca.com\/wp-content\/uploads\/2026\/04\/IMG-20260430-WA0181.jpg?resize=768%2C447&amp;ssl=1 768w, https:\/\/i0.wp.com\/redaccionoaxaca.com\/wp-content\/uploads\/2026\/04\/IMG-20260430-WA0181.jpg?resize=721%2C420&amp;ssl=1 721w, https:\/\/i0.wp.com\/redaccionoaxaca.com\/wp-content\/uploads\/2026\/04\/IMG-20260430-WA0181.jpg?resize=696%2C406&amp;ssl=1 696w, https:\/\/i0.wp.com\/redaccionoaxaca.com\/wp-content\/uploads\/2026\/04\/IMG-20260430-WA0181.jpg?resize=1068%2C622&amp;ssl=1 1068w, https:\/\/i0.wp.com\/redaccionoaxaca.com\/wp-content\/uploads\/2026\/04\/IMG-20260430-WA0181.jpg?w=1440&amp;ssl=1 1440w\" sizes=\"auto, (max-width: 300px) 100vw, 300px\" \/><\/p>\n","protected":false},"excerpt":{"rendered":"<p>#Redacci\u00f3nOaxaca #Oaxaca En la sesi\u00f3n del Cabildo Infantil 2026, las ni\u00f1as y ni\u00f1os formularon sus propuestas enfocadas en mejorar su entorno, fortalecer valores y aportar soluciones desde su visi\u00f3n. Un ejercicio que demuestra que la participaci\u00f3n de la ni\u00f1ez es clave para seguir transformando Oaxaca de Ju\u00e1rez. Las y los integrantes del Cabildo Infantil 2026 [&hellip;]<\/p>\n","protected":false},"author":9,"featured_media":41855,"comment_status":"open","ping_status":"open","sticky":false,"template":"","format":"standard","meta":{"jetpack_post_was_ever_published":false,"_jetpack_newsletter_access":"","_jetpack_dont_email_post_to_subs":false,"_jetpack_newsletter_tier_id":0,"_jetpack_memberships_contains_paywalled_content":false,"_jetpack_memberships_contains_paid_content":false,"footnotes":"","jetpack_publicize_message":"","jetpack_publicize_feature_enabled":true,"jetpack_social_post_already_shared":true,"jetpack_social_options":{"image_generator_settings":{"template":"highway","default_image_id":0,"font":"","enabled":false},"version":2}},"categories":[4,7,5],"tags":[],"class_list":{"0":"post-41854","1":"post","2":"type-post","3":"status-publish","4":"format-standard","5":"has-post-thumbnail","7":"category-agenda-politica","8":"category-al-cierre","9":"category-imagen"},"jetpack_publicize_connections":[],"jetpack_featured_media_url":"https:\/\/i0.wp.com\/redaccionoaxaca.com\/wp-content\/uploads\/2026\/04\/IMG-20260430-WA0178.jpg?fit=1440%2C839&ssl=1","jetpack_sharing_enabled":true,"jetpack_shortlink":"https:\/\/wp.me\/p9Ynjw-aT4","jetpack-related-posts":[{"id":40703,"url":"https:\/\/redaccionoaxaca.com\/index.php\/2026\/02\/24\/cabildo-de-oaxaca-de-juarez-fortalece-gobernanza-municipal-con-aprobacion-de-dictamenes-y-agenda-de-interes-publico\/","url_meta":{"origin":41854,"position":0},"title":"Cabildo de Oaxaca de Ju\u00e1rez fortalece gobernanza municipal con aprobaci\u00f3n de dict\u00e1menes y agenda de inter\u00e9s p\u00fablico","author":"ariadna","date":"febrero 24, 2026","format":false,"excerpt":"#Redacci\u00f3nOaxaca #Oaxaca * Se rinde homenaje a las Fuerzas Armadas y se avanza en temas de bienestar animal y regulaci\u00f3n comercial Oaxaca de Ju\u00e1rez, Oax., 24 de febrero de 2026. En Sesi\u00f3n Ordinaria de Cabildo del Honorable Ayuntamiento de Oaxaca de Ju\u00e1rez, celebrada este martes, las y los concejales analizaron\u2026","rel":"","context":"En &quot;Agenda Pol\u00edtica&quot;","block_context":{"text":"Agenda Pol\u00edtica","link":"https:\/\/redaccionoaxaca.com\/index.php\/category\/agenda-politica\/"},"img":{"alt_text":"","src":"https:\/\/i0.wp.com\/redaccionoaxaca.com\/wp-content\/uploads\/2026\/02\/IMG-20260224-WA0160.jpg?fit=956%2C639&ssl=1&resize=350%2C200","width":350,"height":200,"srcset":"https:\/\/i0.wp.com\/redaccionoaxaca.com\/wp-content\/uploads\/2026\/02\/IMG-20260224-WA0160.jpg?fit=956%2C639&ssl=1&resize=350%2C200 1x, https:\/\/i0.wp.com\/redaccionoaxaca.com\/wp-content\/uploads\/2026\/02\/IMG-20260224-WA0160.jpg?fit=956%2C639&ssl=1&resize=525%2C300 1.5x, https:\/\/i0.wp.com\/redaccionoaxaca.com\/wp-content\/uploads\/2026\/02\/IMG-20260224-WA0160.jpg?fit=956%2C639&ssl=1&resize=700%2C400 2x"},"classes":[]},{"id":27247,"url":"https:\/\/redaccionoaxaca.com\/index.php\/2022\/08\/15\/presidenta-de-matias-romero-falsifica-firmas-de-concejales-para-armar-sesiones-fantasma-desviar-recursos-y-reportar-10-para-obras-de-sedatu-acusan\/","url_meta":{"origin":41854,"position":1},"title":"Presidenta de Mat\u00edas Romero, falsifica firmas de concejales para armar  sesiones fantasma, desviar recursos y reportar 10% para obras de Sedatu, acusan","author":"ariadna","date":"agosto 15, 2022","format":false,"excerpt":"#Redacci\u00f3nOaxaca #Oaxaca Jaime GUERRERO Regidores y regidoras del ayuntamiento de Mat\u00edas Romero de la regi\u00f3n Istmo Tehuantepec, denunciaron ante la Fiscal\u00eda General de la Rep\u00fablica (FGR) y ante el Organismos Superior de Fiscalizaci\u00f3n del Estado de Oaxaca (OSFEO), a la presidenta municipal Obdulia Garc\u00eda L\u00f3pez por falsificaci\u00f3n de firmas, duplicidad\u2026","rel":"","context":"En &quot;Agenda Pol\u00edtica&quot;","block_context":{"text":"Agenda Pol\u00edtica","link":"https:\/\/redaccionoaxaca.com\/index.php\/category\/agenda-politica\/"},"img":{"alt_text":"","src":"","width":0,"height":0},"classes":[]},{"id":21652,"url":"https:\/\/redaccionoaxaca.com\/index.php\/2021\/10\/15\/separan-del-cargo-a-edil-de-la-villa-de-zaachila-y-12-funcionarios-mas-del-cabildo\/","url_meta":{"origin":41854,"position":2},"title":"Separan del cargo a edil de la Villa de Zaachila y 12 funcionarios m\u00e1s del cabildo.","author":"ariadna","date":"octubre 15, 2021","format":false,"excerpt":"#Redacci\u00f3nOaxaca #Oaxaca Ariadna Mendoza Como un hecho innedito, Magistrados del Segundo Tribunal Colegiado en Materia Penal del D\u00e9cimo Tercer Circuito, determin\u00f3 separar del cargo a 13 funcionarios del cabildo de la Villa de #Zaachila, desde el presidente municipal, C\u00e1stulo Bret\u00f3n, adem\u00e1s del secretario, tesorero, s\u00edndico y regidores, esta sentencia deriva\u2026","rel":"","context":"En &quot;Agenda Pol\u00edtica&quot;","block_context":{"text":"Agenda Pol\u00edtica","link":"https:\/\/redaccionoaxaca.com\/index.php\/category\/agenda-politica\/"},"img":{"alt_text":"","src":"https:\/\/i0.wp.com\/redaccionoaxaca.com\/wp-content\/uploads\/2021\/10\/IMG-20211015-WA0015-173x300.jpg?resize=350%2C200&ssl=1","width":350,"height":200},"classes":[]},{"id":38486,"url":"https:\/\/redaccionoaxaca.com\/index.php\/2025\/09\/30\/sesion-de-cabildo-fortalece-la-vida-publica-de-oaxaca-de-juarez\/","url_meta":{"origin":41854,"position":3},"title":"Sesi\u00f3n de Cabildo fortalece la vida p\u00fablica de Oaxaca de Ju\u00e1rez","author":"ariadna","date":"septiembre 30, 2025","format":false,"excerpt":"#Redacci\u00f3nOaxaca #Oaxaca * Proponen acciones de prevenci\u00f3n y seguridad en temporada festiva Oaxaca de Ju\u00e1rez, Oax. 30 de septiembre de 2025.- El presidente municipal Ray Chagoya encabez\u00f3 la Sesi\u00f3n Ordinaria de Cabildo, donde junto a las y los concejales se aprobaron dict\u00e1menes de comisi\u00f3n y puntos de acuerdo que fortalecen\u2026","rel":"","context":"En &quot;Agenda Pol\u00edtica&quot;","block_context":{"text":"Agenda Pol\u00edtica","link":"https:\/\/redaccionoaxaca.com\/index.php\/category\/agenda-politica\/"},"img":{"alt_text":"","src":"https:\/\/i0.wp.com\/redaccionoaxaca.com\/wp-content\/uploads\/2025\/09\/IMG-20250930-WA0111.jpg?fit=1200%2C803&ssl=1&resize=350%2C200","width":350,"height":200,"srcset":"https:\/\/i0.wp.com\/redaccionoaxaca.com\/wp-content\/uploads\/2025\/09\/IMG-20250930-WA0111.jpg?fit=1200%2C803&ssl=1&resize=350%2C200 1x, https:\/\/i0.wp.com\/redaccionoaxaca.com\/wp-content\/uploads\/2025\/09\/IMG-20250930-WA0111.jpg?fit=1200%2C803&ssl=1&resize=525%2C300 1.5x, https:\/\/i0.wp.com\/redaccionoaxaca.com\/wp-content\/uploads\/2025\/09\/IMG-20250930-WA0111.jpg?fit=1200%2C803&ssl=1&resize=700%2C400 2x, https:\/\/i0.wp.com\/redaccionoaxaca.com\/wp-content\/uploads\/2025\/09\/IMG-20250930-WA0111.jpg?fit=1200%2C803&ssl=1&resize=1050%2C600 3x"},"classes":[]},{"id":38810,"url":"https:\/\/redaccionoaxaca.com\/index.php\/2025\/10\/21\/cabildo-de-oaxaca-de-juarez-acuerda-acciones-preventivas-en-panteones-por-dia-de-muertos-para-evitar-proliferacion-de-mosquitos\/","url_meta":{"origin":41854,"position":4},"title":"Cabildo de Oaxaca de Ju\u00e1rez acuerda acciones preventivas en panteones por D\u00eda de Muertos para evitar proliferaci\u00f3n de mosquitos","author":"ariadna","date":"octubre 21, 2025","format":false,"excerpt":"#Redacci\u00f3nOaxaca #Oaxaca * A propuesta del regidor Antonio \u00c1lvarez, el presidente municipal Ray Chagoya instruye coordinaci\u00f3n interinstitucional con Salud estatal y agencias municipales Oaxaca de Ju\u00e1rez, Oax., 21 de octubre de 2025.\u2013 Durante la sesi\u00f3n ordinaria de Cabildo del Municipio de Oaxaca de Ju\u00e1rez, encabezada por el presidente municipal Ray\u2026","rel":"","context":"En &quot;Agenda Pol\u00edtica&quot;","block_context":{"text":"Agenda Pol\u00edtica","link":"https:\/\/redaccionoaxaca.com\/index.php\/category\/agenda-politica\/"},"img":{"alt_text":"","src":"https:\/\/i0.wp.com\/redaccionoaxaca.com\/wp-content\/uploads\/2025\/10\/IMG-20251021-WA0092-300x201.jpg?resize=350%2C200&ssl=1","width":350,"height":200},"classes":[]},{"id":15597,"url":"https:\/\/redaccionoaxaca.com\/index.php\/2020\/12\/02\/ordena-cabildo-de-oaxaca-de-juarez-suspension-de-eventos-publicos-y-verbenas-decembrinas\/","url_meta":{"origin":41854,"position":5},"title":"Ordena Cabildo de Oaxaca de Ju\u00e1rez suspensi\u00f3n de eventos p\u00fablicos y verbenas decembrinas.","author":"ariadna","date":"diciembre 2, 2020","format":false,"excerpt":"#Redacci\u00f3nOaxaca #Oaxaca *La medida es aplicable para eventos como: calendas, procesiones, recorridos, concursos, proyecciones, presentaciones art\u00edsticas, as\u00ed como festividades y tianguis de temporada con motivo de la \u00e9poca decembrina, entre otras. En la Sesi\u00f3n de Cabildo de este mi\u00e9rcoles, las y los concejales del Ayuntamiento de Oaxaca de Ju\u00e1rez aprobaron\u2026","rel":"","context":"En &quot;Al Cierre&quot;","block_context":{"text":"Al Cierre","link":"https:\/\/redaccionoaxaca.com\/index.php\/category\/al-cierre\/"},"img":{"alt_text":"","src":"","width":0,"height":0},"classes":[]}],"_links":{"self":[{"href":"https:\/\/redaccionoaxaca.com\/index.php\/wp-json\/wp\/v2\/posts\/41854","targetHints":{"allow":["GET"]}}],"collection":[{"href":"https:\/\/redaccionoaxaca.com\/index.php\/wp-json\/wp\/v2\/posts"}],"about":[{"href":"https:\/\/redaccionoaxaca.com\/index.php\/wp-json\/wp\/v2\/types\/post"}],"author":[{"embeddable":true,"href":"https:\/\/redaccionoaxaca.com\/index.php\/wp-json\/wp\/v2\/users\/9"}],"replies":[{"embeddable":true,"href":"https:\/\/redaccionoaxaca.com\/index.php\/wp-json\/wp\/v2\/comments?post=41854"}],"version-history":[{"count":1,"href":"https:\/\/redaccionoaxaca.com\/index.php\/wp-json\/wp\/v2\/posts\/41854\/revisions"}],"predecessor-version":[{"id":41859,"href":"https:\/\/redaccionoaxaca.com\/index.php\/wp-json\/wp\/v2\/posts\/41854\/revisions\/41859"}],"wp:featuredmedia":[{"embeddable":true,"href":"https:\/\/redaccionoaxaca.com\/index.php\/wp-json\/wp\/v2\/media\/41855"}],"wp:attachment":[{"href":"https:\/\/redaccionoaxaca.com\/index.php\/wp-json\/wp\/v2\/media?parent=41854"}],"wp:term":[{"taxonomy":"category","embeddable":true,"href":"https:\/\/redaccionoaxaca.com\/index.php\/wp-json\/wp\/v2\/categories?post=41854"},{"taxonomy":"post_tag","embeddable":true,"href":"https:\/\/redaccionoaxaca.com\/index.php\/wp-json\/wp\/v2\/tags?post=41854"}],"curies":[{"name":"wp","href":"https:\/\/api.w.org\/{rel}","templated":true}]}}