{"id":41861,"date":"2026-05-01T19:07:53","date_gmt":"2026-05-02T01:07:53","guid":{"rendered":"https:\/\/redaccionoaxaca.com\/?p=41861"},"modified":"2026-05-01T19:07:53","modified_gmt":"2026-05-02T01:07:53","slug":"oaxaca-de-juarez-fortalece-su-seguridad-con-policias-certificados-ante-c3-y-cup","status":"publish","type":"post","link":"https:\/\/redaccionoaxaca.com\/index.php\/2026\/05\/01\/oaxaca-de-juarez-fortalece-su-seguridad-con-policias-certificados-ante-c3-y-cup\/","title":{"rendered":"Oaxaca de Ju\u00e1rez fortalece su seguridad con polic\u00edas certificados ante C3 y CUP"},"content":{"rendered":"<p><strong>#Redacci\u00f3nOaxaca<\/strong><\/p>\n<p style=\"text-align: justify;\"><strong>#Oaxaca<\/strong><\/p>\n<p>Como parte de la estrategia de dignificaci\u00f3n policial impulsada por el presidente municipal Ray Chagoya, Oaxaca de Ju\u00e1rez cuenta con elementos de seguridad debidamente certificados ante el Centro Estatal de Evaluaci\u00f3n y Control de Confianza (C3), as\u00ed como con el Certificado \u00danico Policial (CUP), inform\u00f3 el secretario de Seguridad Vecinal, Teniente Coronel Claudio de Jes\u00fas P\u00e9rez y P\u00e9rez.<\/p>\n<p><img data-recalc-dims=\"1\" loading=\"lazy\" decoding=\"async\" data-attachment-id=\"41862\" data-permalink=\"https:\/\/redaccionoaxaca.com\/index.php\/2026\/05\/01\/oaxaca-de-juarez-fortalece-su-seguridad-con-policias-certificados-ante-c3-y-cup\/img-20260501-wa0125\/\" data-orig-file=\"https:\/\/i0.wp.com\/redaccionoaxaca.com\/wp-content\/uploads\/2026\/05\/IMG-20260501-WA0125.jpg?fit=1600%2C1066&amp;ssl=1\" data-orig-size=\"1600,1066\" data-comments-opened=\"1\" data-image-meta=\"{&quot;aperture&quot;:&quot;0&quot;,&quot;credit&quot;:&quot;&quot;,&quot;camera&quot;:&quot;&quot;,&quot;caption&quot;:&quot;&quot;,&quot;created_timestamp&quot;:&quot;0&quot;,&quot;copyright&quot;:&quot;&quot;,&quot;focal_length&quot;:&quot;0&quot;,&quot;iso&quot;:&quot;0&quot;,&quot;shutter_speed&quot;:&quot;0&quot;,&quot;title&quot;:&quot;&quot;,&quot;orientation&quot;:&quot;0&quot;}\" data-image-title=\"IMG-20260501-WA0125\" data-image-description=\"\" data-image-caption=\"\" data-large-file=\"https:\/\/i0.wp.com\/redaccionoaxaca.com\/wp-content\/uploads\/2026\/05\/IMG-20260501-WA0125.jpg?fit=696%2C464&amp;ssl=1\" class=\"size-medium wp-image-41862 aligncenter\" src=\"https:\/\/i0.wp.com\/redaccionoaxaca.com\/wp-content\/uploads\/2026\/05\/IMG-20260501-WA0125.jpg?resize=300%2C200&#038;ssl=1\" alt=\"\" width=\"300\" height=\"200\" srcset=\"https:\/\/i0.wp.com\/redaccionoaxaca.com\/wp-content\/uploads\/2026\/05\/IMG-20260501-WA0125.jpg?resize=300%2C200&amp;ssl=1 300w, https:\/\/i0.wp.com\/redaccionoaxaca.com\/wp-content\/uploads\/2026\/05\/IMG-20260501-WA0125.jpg?resize=1024%2C682&amp;ssl=1 1024w, https:\/\/i0.wp.com\/redaccionoaxaca.com\/wp-content\/uploads\/2026\/05\/IMG-20260501-WA0125.jpg?resize=768%2C512&amp;ssl=1 768w, https:\/\/i0.wp.com\/redaccionoaxaca.com\/wp-content\/uploads\/2026\/05\/IMG-20260501-WA0125.jpg?resize=1536%2C1023&amp;ssl=1 1536w, https:\/\/i0.wp.com\/redaccionoaxaca.com\/wp-content\/uploads\/2026\/05\/IMG-20260501-WA0125.jpg?resize=630%2C420&amp;ssl=1 630w, https:\/\/i0.wp.com\/redaccionoaxaca.com\/wp-content\/uploads\/2026\/05\/IMG-20260501-WA0125.jpg?resize=696%2C464&amp;ssl=1 696w, https:\/\/i0.wp.com\/redaccionoaxaca.com\/wp-content\/uploads\/2026\/05\/IMG-20260501-WA0125.jpg?resize=1068%2C712&amp;ssl=1 1068w, https:\/\/i0.wp.com\/redaccionoaxaca.com\/wp-content\/uploads\/2026\/05\/IMG-20260501-WA0125.jpg?w=1600&amp;ssl=1 1600w, https:\/\/i0.wp.com\/redaccionoaxaca.com\/wp-content\/uploads\/2026\/05\/IMG-20260501-WA0125.jpg?w=1392&amp;ssl=1 1392w\" sizes=\"auto, (max-width: 300px) 100vw, 300px\" \/><\/p>\n<p style=\"text-align: justify;\">El responsable de la seguridad en la capital se\u00f1al\u00f3 que estas evaluaciones, aplicadas principalmente al personal operativo, validan la competencia t\u00e9cnica de las y los elementos, as\u00ed como la calidad de los procesos de control de confianza. Adem\u00e1s, garantizan que el personal cuente con los conocimientos, perfil, habilidades y aptitudes necesarias para el adecuado desempe\u00f1o de sus funciones.<\/p>\n<p style=\"text-align: justify;\">Destac\u00f3 que, gracias a la voluntad pol\u00edtica del presidente municipal, la actual administraci\u00f3n mantiene un compromiso firme con la construcci\u00f3n de una seguridad p\u00fablica m\u00e1s eficiente. En este sentido, adelant\u00f3 que en los pr\u00f3ximos meses 95 polic\u00edas municipales acudir\u00e1n a su proceso de certificaci\u00f3n, con el objetivo de incrementar el porcentaje de elementos evaluados.<\/p>\n<p><img data-recalc-dims=\"1\" loading=\"lazy\" decoding=\"async\" data-attachment-id=\"41863\" data-permalink=\"https:\/\/redaccionoaxaca.com\/index.php\/2026\/05\/01\/oaxaca-de-juarez-fortalece-su-seguridad-con-policias-certificados-ante-c3-y-cup\/img-20260501-wa0124\/\" data-orig-file=\"https:\/\/i0.wp.com\/redaccionoaxaca.com\/wp-content\/uploads\/2026\/05\/IMG-20260501-WA0124.jpg?fit=1600%2C1066&amp;ssl=1\" data-orig-size=\"1600,1066\" data-comments-opened=\"1\" data-image-meta=\"{&quot;aperture&quot;:&quot;0&quot;,&quot;credit&quot;:&quot;&quot;,&quot;camera&quot;:&quot;&quot;,&quot;caption&quot;:&quot;&quot;,&quot;created_timestamp&quot;:&quot;0&quot;,&quot;copyright&quot;:&quot;&quot;,&quot;focal_length&quot;:&quot;0&quot;,&quot;iso&quot;:&quot;0&quot;,&quot;shutter_speed&quot;:&quot;0&quot;,&quot;title&quot;:&quot;&quot;,&quot;orientation&quot;:&quot;0&quot;}\" data-image-title=\"IMG-20260501-WA0124\" data-image-description=\"\" data-image-caption=\"\" data-large-file=\"https:\/\/i0.wp.com\/redaccionoaxaca.com\/wp-content\/uploads\/2026\/05\/IMG-20260501-WA0124.jpg?fit=696%2C464&amp;ssl=1\" class=\"size-medium wp-image-41863 aligncenter\" src=\"https:\/\/i0.wp.com\/redaccionoaxaca.com\/wp-content\/uploads\/2026\/05\/IMG-20260501-WA0124.jpg?resize=300%2C200&#038;ssl=1\" alt=\"\" width=\"300\" height=\"200\" srcset=\"https:\/\/i0.wp.com\/redaccionoaxaca.com\/wp-content\/uploads\/2026\/05\/IMG-20260501-WA0124.jpg?resize=300%2C200&amp;ssl=1 300w, https:\/\/i0.wp.com\/redaccionoaxaca.com\/wp-content\/uploads\/2026\/05\/IMG-20260501-WA0124.jpg?resize=1024%2C682&amp;ssl=1 1024w, https:\/\/i0.wp.com\/redaccionoaxaca.com\/wp-content\/uploads\/2026\/05\/IMG-20260501-WA0124.jpg?resize=768%2C512&amp;ssl=1 768w, https:\/\/i0.wp.com\/redaccionoaxaca.com\/wp-content\/uploads\/2026\/05\/IMG-20260501-WA0124.jpg?resize=1536%2C1023&amp;ssl=1 1536w, https:\/\/i0.wp.com\/redaccionoaxaca.com\/wp-content\/uploads\/2026\/05\/IMG-20260501-WA0124.jpg?resize=630%2C420&amp;ssl=1 630w, https:\/\/i0.wp.com\/redaccionoaxaca.com\/wp-content\/uploads\/2026\/05\/IMG-20260501-WA0124.jpg?resize=696%2C464&amp;ssl=1 696w, https:\/\/i0.wp.com\/redaccionoaxaca.com\/wp-content\/uploads\/2026\/05\/IMG-20260501-WA0124.jpg?resize=1068%2C712&amp;ssl=1 1068w, https:\/\/i0.wp.com\/redaccionoaxaca.com\/wp-content\/uploads\/2026\/05\/IMG-20260501-WA0124.jpg?w=1600&amp;ssl=1 1600w, https:\/\/i0.wp.com\/redaccionoaxaca.com\/wp-content\/uploads\/2026\/05\/IMG-20260501-WA0124.jpg?w=1392&amp;ssl=1 1392w\" sizes=\"auto, (max-width: 300px) 100vw, 300px\" \/><\/p>\n<p style=\"text-align: justify;\">Finalmente, record\u00f3 que durante el a\u00f1o pasado m\u00e1s de 400 polic\u00edas cumplieron con sus evaluaciones, y que en este 2026 se destinar\u00e1n recursos importantes para fortalecer la certificaci\u00f3n de un mayor n\u00famero de elementos, consolidando as\u00ed una corporaci\u00f3n m\u00e1s profesional y confiable.<\/p>\n<p><img data-recalc-dims=\"1\" loading=\"lazy\" decoding=\"async\" data-attachment-id=\"41864\" data-permalink=\"https:\/\/redaccionoaxaca.com\/index.php\/2026\/05\/01\/oaxaca-de-juarez-fortalece-su-seguridad-con-policias-certificados-ante-c3-y-cup\/img-20260501-wa0126\/\" data-orig-file=\"https:\/\/i0.wp.com\/redaccionoaxaca.com\/wp-content\/uploads\/2026\/05\/IMG-20260501-WA0126.jpg?fit=1448%2C1086&amp;ssl=1\" data-orig-size=\"1448,1086\" data-comments-opened=\"1\" data-image-meta=\"{&quot;aperture&quot;:&quot;0&quot;,&quot;credit&quot;:&quot;&quot;,&quot;camera&quot;:&quot;&quot;,&quot;caption&quot;:&quot;&quot;,&quot;created_timestamp&quot;:&quot;0&quot;,&quot;copyright&quot;:&quot;&quot;,&quot;focal_length&quot;:&quot;0&quot;,&quot;iso&quot;:&quot;0&quot;,&quot;shutter_speed&quot;:&quot;0&quot;,&quot;title&quot;:&quot;&quot;,&quot;orientation&quot;:&quot;0&quot;}\" data-image-title=\"IMG-20260501-WA0126\" data-image-description=\"\" data-image-caption=\"\" data-large-file=\"https:\/\/i0.wp.com\/redaccionoaxaca.com\/wp-content\/uploads\/2026\/05\/IMG-20260501-WA0126.jpg?fit=696%2C522&amp;ssl=1\" class=\"size-medium wp-image-41864 aligncenter\" src=\"https:\/\/i0.wp.com\/redaccionoaxaca.com\/wp-content\/uploads\/2026\/05\/IMG-20260501-WA0126.jpg?resize=300%2C225&#038;ssl=1\" alt=\"\" width=\"300\" height=\"225\" srcset=\"https:\/\/i0.wp.com\/redaccionoaxaca.com\/wp-content\/uploads\/2026\/05\/IMG-20260501-WA0126.jpg?resize=300%2C225&amp;ssl=1 300w, https:\/\/i0.wp.com\/redaccionoaxaca.com\/wp-content\/uploads\/2026\/05\/IMG-20260501-WA0126.jpg?resize=1024%2C768&amp;ssl=1 1024w, https:\/\/i0.wp.com\/redaccionoaxaca.com\/wp-content\/uploads\/2026\/05\/IMG-20260501-WA0126.jpg?resize=768%2C576&amp;ssl=1 768w, https:\/\/i0.wp.com\/redaccionoaxaca.com\/wp-content\/uploads\/2026\/05\/IMG-20260501-WA0126.jpg?resize=560%2C420&amp;ssl=1 560w, https:\/\/i0.wp.com\/redaccionoaxaca.com\/wp-content\/uploads\/2026\/05\/IMG-20260501-WA0126.jpg?resize=80%2C60&amp;ssl=1 80w, https:\/\/i0.wp.com\/redaccionoaxaca.com\/wp-content\/uploads\/2026\/05\/IMG-20260501-WA0126.jpg?resize=696%2C522&amp;ssl=1 696w, https:\/\/i0.wp.com\/redaccionoaxaca.com\/wp-content\/uploads\/2026\/05\/IMG-20260501-WA0126.jpg?resize=1068%2C801&amp;ssl=1 1068w, https:\/\/i0.wp.com\/redaccionoaxaca.com\/wp-content\/uploads\/2026\/05\/IMG-20260501-WA0126.jpg?resize=265%2C198&amp;ssl=1 265w, https:\/\/i0.wp.com\/redaccionoaxaca.com\/wp-content\/uploads\/2026\/05\/IMG-20260501-WA0126.jpg?w=1448&amp;ssl=1 1448w, https:\/\/i0.wp.com\/redaccionoaxaca.com\/wp-content\/uploads\/2026\/05\/IMG-20260501-WA0126.jpg?w=1392&amp;ssl=1 1392w\" sizes=\"auto, (max-width: 300px) 100vw, 300px\" \/><\/p>\n","protected":false},"excerpt":{"rendered":"<p>#Redacci\u00f3nOaxaca #Oaxaca Como parte de la estrategia de dignificaci\u00f3n policial impulsada por el presidente municipal Ray Chagoya, Oaxaca de Ju\u00e1rez cuenta con elementos de seguridad debidamente certificados ante el Centro Estatal de Evaluaci\u00f3n y Control de Confianza (C3), as\u00ed como con el Certificado \u00danico Policial (CUP), inform\u00f3 el secretario de Seguridad Vecinal, Teniente Coronel Claudio [&hellip;]<\/p>\n","protected":false},"author":9,"featured_media":41862,"comment_status":"open","ping_status":"open","sticky":false,"template":"","format":"standard","meta":{"jetpack_post_was_ever_published":false,"_jetpack_newsletter_access":"","_jetpack_dont_email_post_to_subs":false,"_jetpack_newsletter_tier_id":0,"_jetpack_memberships_contains_paywalled_content":false,"_jetpack_memberships_contains_paid_content":false,"footnotes":"","jetpack_publicize_message":"","jetpack_publicize_feature_enabled":true,"jetpack_social_post_already_shared":true,"jetpack_social_options":{"image_generator_settings":{"template":"highway","default_image_id":0,"font":"","enabled":false},"version":2}},"categories":[4,5,3],"tags":[],"class_list":{"0":"post-41861","1":"post","2":"type-post","3":"status-publish","4":"format-standard","5":"has-post-thumbnail","7":"category-agenda-politica","8":"category-imagen","9":"category-mesa-de-redaccion"},"jetpack_publicize_connections":[],"jetpack_featured_media_url":"https:\/\/i0.wp.com\/redaccionoaxaca.com\/wp-content\/uploads\/2026\/05\/IMG-20260501-WA0125.jpg?fit=1600%2C1066&ssl=1","jetpack_sharing_enabled":true,"jetpack_shortlink":"https:\/\/wp.me\/p9Ynjw-aTb","jetpack-related-posts":[{"id":20010,"url":"https:\/\/redaccionoaxaca.com\/index.php\/2021\/08\/12\/oaxaca-entre-los-estados-con-mayor-numero-de-policias-certificados\/","url_meta":{"origin":41861,"position":0},"title":"Oaxaca entre los estados con mayor n\u00famero de polic\u00edas certificados.","author":"ariadna","date":"agosto 12, 2021","format":false,"excerpt":"#Redacci\u00f3nOaxaca #Oaxaca Oaxaca de Ju\u00e1rez, Oax. 12 de agosto de 2021. El Secretario Ejecutivo del Sistema Estatal de Seguridad P\u00fablica en Oaxaca, Jos\u00e9 Manuel Vera Salinas, particip\u00f3 en la Reuni\u00f3n Nacional de Secretarios Ejecutivos de Seguridad P\u00fablica convocada para el d\u00eda de hoy por el Secretariado Ejecutivo del Sistema Nacional\u2026","rel":"","context":"En &quot;Imagen&quot;","block_context":{"text":"Imagen","link":"https:\/\/redaccionoaxaca.com\/index.php\/category\/imagen\/"},"img":{"alt_text":"","src":"https:\/\/i0.wp.com\/redaccionoaxaca.com\/wp-content\/uploads\/2021\/08\/IMG-20210812-WA0116-300x225.jpg?resize=350%2C200&ssl=1","width":350,"height":200},"classes":[]},{"id":20030,"url":"https:\/\/redaccionoaxaca.com\/index.php\/2021\/08\/12\/oaxaca-el-top-10-de-certificacion-policial-y-semaforo-verde-con-baja-incidencia-delictiva-sesnsp\/","url_meta":{"origin":41861,"position":1},"title":"Oaxaca el top 10 de certificaci\u00f3n policial y\u00a0sem\u00e1foro verde con baja incidencia delictiva: SESNSP.","author":"ariadna","date":"agosto 12, 2021","format":false,"excerpt":"#Redacci\u00f3nOaxaca #Oaxaca Jaime GUERRERO\u00a0 El Consejo Nacional de Seguridad P\u00fablica, report\u00f3 que Oaxaca est\u00e1 ubicada en el lugar 10 en el Certificado \u00danico Policial (CUP), ubic\u00e1ndose con el mayor n\u00famero de polic\u00edas certificados. De acuerdo a los informes presentados, con corte al 30 de junio, del universo de los polic\u00edas\u2026","rel":"","context":"En &quot;Agenda Pol\u00edtica&quot;","block_context":{"text":"Agenda Pol\u00edtica","link":"https:\/\/redaccionoaxaca.com\/index.php\/category\/agenda-politica\/"},"img":{"alt_text":"","src":"","width":0,"height":0},"classes":[]},{"id":8190,"url":"https:\/\/redaccionoaxaca.com\/index.php\/2019\/08\/28\/solo-1-municipio-de-oaxaca-con-fortaseg-certifica-sus-policias-ediles-pueden-ir-a-la-carcel-por-tener-elementos-sin-certificar\/","url_meta":{"origin":41861,"position":2},"title":"Solo 1 municipio de Oaxaca con Fortaseg certifica sus polic\u00edas;  ediles pueden ir a la c\u00e1rcel por tener elementos sin certificar.","author":"ariadna","date":"agosto 28, 2019","format":"video","excerpt":"#Redacci\u00f3nOaxaca #Oaxaca\u00a0 Jaime GUERRERO De los seis municipios de Oaxaca que, reciben recursos del programa de Fortalecimiento a la Seguridad Municipal (Fortaseg), solo 1 ha cumplido con lo establecido en ese programa para la certificaci\u00f3n \u00fanica policial en registro nacional de personal de seguridad p\u00fablica, Santa Cruz Xoxocotl\u00e1n. El resto\u2026","rel":"","context":"Entrada similar ","block_context":{"text":"Entrada similar ","link":""},"img":{"alt_text":"","src":"","width":0,"height":0},"classes":[]},{"id":3414,"url":"https:\/\/redaccionoaxaca.com\/index.php\/2018\/10\/20\/murat-y-sesesp-equipan-a-policias\/","url_meta":{"origin":41861,"position":3},"title":"Murat y SESESP equipan a polic\u00edas","author":"jaime","date":"octubre 20, 2018","format":false,"excerpt":"#Redacci\u00f3nOaxaca #Oaxaca Jaime GUERRERO El gobernador Alejandro Murat Hinojosa, entreg\u00f3 equipamiento y 70 veh\u00edculos a las instituciones de seguridad p\u00fablica y procuraci\u00f3n de justicia de la entidad, que requirieron una inversi\u00f3n superior a los 54.5 millones de pesos. Durante este acto realizado en la Academia de Polic\u00eda de San Pablo\u2026","rel":"","context":"Entrada similar ","block_context":{"text":"Entrada similar ","link":""},"img":{"alt_text":"","src":"","width":0,"height":0},"classes":[]},{"id":27239,"url":"https:\/\/redaccionoaxaca.com\/index.php\/2022\/08\/15\/reconocen-labor-policial-de-uniformados-con-hasta-30-anos-de-servicio-en-pro-de-la-seguridad-de-ciudadania\/","url_meta":{"origin":41861,"position":4},"title":"Reconocen labor policial de uniformados con hasta 30 a\u00f1os de servicio en pro de la seguridad de ciudadan\u00eda","author":"ariadna","date":"agosto 15, 2022","format":"video","excerpt":"#Redacci\u00f3nOaxaca #Oaxaca Maira Ric\u00e1rdez\u00a0 *Recibe el Municipio de Oaxaca 37 unidades motorizadas para fortalecer combate a la delincuencia En el marco del 32 Aniversario de la Polic\u00eda del Municipio de Oaxaca de Ju\u00e1rez, este inicio de semana en la Plaza de la Danza, el Mun\u00edcipe Francisco Martinez Neri, encabez\u00f3 la\u2026","rel":"","context":"En &quot;Imagen&quot;","block_context":{"text":"Imagen","link":"https:\/\/redaccionoaxaca.com\/index.php\/category\/imagen\/"},"img":{"alt_text":"","src":"","width":0,"height":0},"classes":[]},{"id":27377,"url":"https:\/\/redaccionoaxaca.com\/index.php\/2022\/08\/22\/policias-estatales-de-oaxaca-las-mejores-del-pais-su-compromiso-ha-hecho-que-la-entidad-sea-de-las-mas-seguras-del-pais-dalia-banos-noyola\/","url_meta":{"origin":41861,"position":5},"title":"POLIC\u00cdAS ESTATALES DE OAXACA, LAS MEJORES DEL PA\u00cdS, SU COMPROMISO HA HECHO QUE LA ENTIDAD SEA DE LAS M\u00c1S SEGURAS DEL PA\u00cdS* : DALIA BA\u00d1OS NOYOLA","author":"ariadna","date":"agosto 22, 2022","format":false,"excerpt":"#Redacci\u00f3nOaxaca #Oaxaca Oaxaca de Ju\u00e1rez, Oax., 22 de agosto de 2022.- La Polic\u00eda Estatal de Oaxaca es considerada una de las siete instituciones policiales del pa\u00eds con mayor confianza ciudadana, destac\u00f3 la titular de la Secretar\u00eda de Seguridad P\u00fablica de Oaxaca (SSPO), Dalia Ba\u00f1os Noyola en el marco de la\u2026","rel":"","context":"En &quot;Imagen&quot;","block_context":{"text":"Imagen","link":"https:\/\/redaccionoaxaca.com\/index.php\/category\/imagen\/"},"img":{"alt_text":"","src":"https:\/\/i0.wp.com\/redaccionoaxaca.com\/wp-content\/uploads\/2022\/08\/IMG-20220822-WA0075-300x225.jpg?resize=350%2C200&ssl=1","width":350,"height":200},"classes":[]}],"_links":{"self":[{"href":"https:\/\/redaccionoaxaca.com\/index.php\/wp-json\/wp\/v2\/posts\/41861","targetHints":{"allow":["GET"]}}],"collection":[{"href":"https:\/\/redaccionoaxaca.com\/index.php\/wp-json\/wp\/v2\/posts"}],"about":[{"href":"https:\/\/redaccionoaxaca.com\/index.php\/wp-json\/wp\/v2\/types\/post"}],"author":[{"embeddable":true,"href":"https:\/\/redaccionoaxaca.com\/index.php\/wp-json\/wp\/v2\/users\/9"}],"replies":[{"embeddable":true,"href":"https:\/\/redaccionoaxaca.com\/index.php\/wp-json\/wp\/v2\/comments?post=41861"}],"version-history":[{"count":1,"href":"https:\/\/redaccionoaxaca.com\/index.php\/wp-json\/wp\/v2\/posts\/41861\/revisions"}],"predecessor-version":[{"id":41865,"href":"https:\/\/redaccionoaxaca.com\/index.php\/wp-json\/wp\/v2\/posts\/41861\/revisions\/41865"}],"wp:featuredmedia":[{"embeddable":true,"href":"https:\/\/redaccionoaxaca.com\/index.php\/wp-json\/wp\/v2\/media\/41862"}],"wp:attachment":[{"href":"https:\/\/redaccionoaxaca.com\/index.php\/wp-json\/wp\/v2\/media?parent=41861"}],"wp:term":[{"taxonomy":"category","embeddable":true,"href":"https:\/\/redaccionoaxaca.com\/index.php\/wp-json\/wp\/v2\/categories?post=41861"},{"taxonomy":"post_tag","embeddable":true,"href":"https:\/\/redaccionoaxaca.com\/index.php\/wp-json\/wp\/v2\/tags?post=41861"}],"curies":[{"name":"wp","href":"https:\/\/api.w.org\/{rel}","templated":true}]}}