{"id":41866,"date":"2026-05-01T19:21:22","date_gmt":"2026-05-02T01:21:22","guid":{"rendered":"https:\/\/redaccionoaxaca.com\/?p=41866"},"modified":"2026-05-01T19:21:22","modified_gmt":"2026-05-02T01:21:22","slug":"iniciativa-en-el-congreso-local-busca-garantizar-reparacion-integral-del-dano-a-mujeres-victimas-de-violencia-politica","status":"publish","type":"post","link":"https:\/\/redaccionoaxaca.com\/index.php\/2026\/05\/01\/iniciativa-en-el-congreso-local-busca-garantizar-reparacion-integral-del-dano-a-mujeres-victimas-de-violencia-politica\/","title":{"rendered":"Iniciativa en el Congreso local busca garantizar reparaci\u00f3n integral del da\u00f1o a mujeres v\u00edctimas de violencia pol\u00edtica"},"content":{"rendered":"<p><strong>#RedesOaxaca<\/strong><\/p>\n<p><strong>#Oaxaca <\/strong><\/p>\n<p style=\"text-align: justify;\">* <em>Se propone un sistema detallado de medidas que incluyen rehabilitaci\u00f3n, compensaci\u00f3n y garant\u00edas de no repetici\u00f3n\u00a0<\/em><\/p>\n<p style=\"text-align: justify;\">San Raymundo Jalpan, Oax., a 1 de mayo de 2026.- Para fortalecer los mecanismos de justicia para las mujeres que participan en la vida pol\u00edtico-electoral, la diputada Dennis Garc\u00eda Guti\u00e9rrez, del Grupo Parlamentario de Morena, present\u00f3 una iniciativa de reforma para garantizar una reparaci\u00f3n integral y efectiva del da\u00f1o en casos de Violencia Pol\u00edtica contra las Mujeres en Raz\u00f3n de G\u00e9nero (VPMRG).<\/p>\n<p><img data-recalc-dims=\"1\" loading=\"lazy\" decoding=\"async\" data-attachment-id=\"41867\" data-permalink=\"https:\/\/redaccionoaxaca.com\/index.php\/2026\/05\/01\/iniciativa-en-el-congreso-local-busca-garantizar-reparacion-integral-del-dano-a-mujeres-victimas-de-violencia-politica\/screenshot_20260501_191428_facebook\/\" data-orig-file=\"https:\/\/i0.wp.com\/redaccionoaxaca.com\/wp-content\/uploads\/2026\/05\/Screenshot_20260501_191428_Facebook-scaled.jpg?fit=2560%2C1742&amp;ssl=1\" data-orig-size=\"2560,1742\" data-comments-opened=\"1\" data-image-meta=\"{&quot;aperture&quot;:&quot;0&quot;,&quot;credit&quot;:&quot;&quot;,&quot;camera&quot;:&quot;&quot;,&quot;caption&quot;:&quot;&quot;,&quot;created_timestamp&quot;:&quot;0&quot;,&quot;copyright&quot;:&quot;&quot;,&quot;focal_length&quot;:&quot;0&quot;,&quot;iso&quot;:&quot;0&quot;,&quot;shutter_speed&quot;:&quot;0&quot;,&quot;title&quot;:&quot;&quot;,&quot;orientation&quot;:&quot;1&quot;}\" data-image-title=\"Screenshot_20260501_191428_Facebook\" data-image-description=\"\" data-image-caption=\"\" data-large-file=\"https:\/\/i0.wp.com\/redaccionoaxaca.com\/wp-content\/uploads\/2026\/05\/Screenshot_20260501_191428_Facebook-scaled.jpg?fit=696%2C474&amp;ssl=1\" class=\"size-medium wp-image-41867 aligncenter\" src=\"https:\/\/i0.wp.com\/redaccionoaxaca.com\/wp-content\/uploads\/2026\/05\/Screenshot_20260501_191428_Facebook.jpg?resize=300%2C204&#038;ssl=1\" alt=\"\" width=\"300\" height=\"204\" srcset=\"https:\/\/i0.wp.com\/redaccionoaxaca.com\/wp-content\/uploads\/2026\/05\/Screenshot_20260501_191428_Facebook-scaled.jpg?resize=300%2C204&amp;ssl=1 300w, https:\/\/i0.wp.com\/redaccionoaxaca.com\/wp-content\/uploads\/2026\/05\/Screenshot_20260501_191428_Facebook-scaled.jpg?resize=1024%2C697&amp;ssl=1 1024w, https:\/\/i0.wp.com\/redaccionoaxaca.com\/wp-content\/uploads\/2026\/05\/Screenshot_20260501_191428_Facebook-scaled.jpg?resize=768%2C523&amp;ssl=1 768w, https:\/\/i0.wp.com\/redaccionoaxaca.com\/wp-content\/uploads\/2026\/05\/Screenshot_20260501_191428_Facebook-scaled.jpg?resize=1536%2C1045&amp;ssl=1 1536w, https:\/\/i0.wp.com\/redaccionoaxaca.com\/wp-content\/uploads\/2026\/05\/Screenshot_20260501_191428_Facebook-scaled.jpg?resize=2048%2C1394&amp;ssl=1 2048w, https:\/\/i0.wp.com\/redaccionoaxaca.com\/wp-content\/uploads\/2026\/05\/Screenshot_20260501_191428_Facebook-scaled.jpg?resize=617%2C420&amp;ssl=1 617w, https:\/\/i0.wp.com\/redaccionoaxaca.com\/wp-content\/uploads\/2026\/05\/Screenshot_20260501_191428_Facebook-scaled.jpg?resize=696%2C474&amp;ssl=1 696w, https:\/\/i0.wp.com\/redaccionoaxaca.com\/wp-content\/uploads\/2026\/05\/Screenshot_20260501_191428_Facebook-scaled.jpg?resize=1068%2C727&amp;ssl=1 1068w, https:\/\/i0.wp.com\/redaccionoaxaca.com\/wp-content\/uploads\/2026\/05\/Screenshot_20260501_191428_Facebook-scaled.jpg?w=1392&amp;ssl=1 1392w\" sizes=\"auto, (max-width: 300px) 100vw, 300px\" \/><\/p>\n<p style=\"text-align: justify;\">La propuesta legislativa busca reformar la Ley Estatal de Acceso de las Mujeres a una Vida Libre de Violencia de G\u00e9nero y la Ley de Instituciones y Procedimientos Electorales del Estado de Oaxaca (LIPEEO). El planteamiento central es transitar de un esquema de sanciones generales a un sistema de medidas de reparaci\u00f3n integral que incluyan: indemnizaci\u00f3n, restituci\u00f3n del cargo, disculpas p\u00fablicas, rehabilitaci\u00f3n m\u00e9dica y psicol\u00f3gica, as\u00ed como garant\u00edas de satisfacci\u00f3n y no repetici\u00f3n.<\/p>\n<p style=\"text-align: justify;\">En la exposici\u00f3n de motivos la legisladora subray\u00f3 que no basta con sancionar, tambi\u00e9n es imperativo que las mujeres puedan recuperar su proyecto de vida mediante servicios de rehabilitaci\u00f3n con perspectiva de g\u00e9nero e interculturalidad, por lo que resulta necesario que desde la legislaci\u00f3n electoral local se reconozca este derecho, y que lo desarrolle de manera clara, espec\u00edfica y contextualizada, a fin de dotar a las autoridades de herramientas jur\u00eddicas precisas y garantizar a las mujeres v\u00edctimas el acceso efectivo a una reparaci\u00f3n acorde a las afectaciones sufridas.<\/p>\n<p style=\"text-align: justify;\">Por ello, la iniciativa detalla que la reparaci\u00f3n debe considerar el contexto de los municipios regidos por Sistemas Normativos Ind\u00edgenas (SNI) y partidos pol\u00edticos, donde se han documentado agresiones que van desde la retenci\u00f3n de dietas y la obstrucci\u00f3n del cargo, hasta violencia f\u00edsica y digital.<\/p>\n<p style=\"text-align: justify;\">Asimismo, la propuesta se\u00f1ala que las medidas podr\u00e1n ser decretadas a petici\u00f3n de la denunciante o de manera oficiosa por parte de la autoridad.<\/p>\n<p style=\"text-align: justify;\">La propuesta qued\u00f3 reservada para el Segundo Periodo Ordinario de Sesiones del Segundo A\u00f1o de Ejercicio Legal.<\/p>\n<p><img data-recalc-dims=\"1\" loading=\"lazy\" decoding=\"async\" data-attachment-id=\"41868\" data-permalink=\"https:\/\/redaccionoaxaca.com\/index.php\/2026\/05\/01\/iniciativa-en-el-congreso-local-busca-garantizar-reparacion-integral-del-dano-a-mujeres-victimas-de-violencia-politica\/screenshot_20260501_191431_facebook\/\" data-orig-file=\"https:\/\/i0.wp.com\/redaccionoaxaca.com\/wp-content\/uploads\/2026\/05\/Screenshot_20260501_191431_Facebook-scaled.jpg?fit=2560%2C1714&amp;ssl=1\" data-orig-size=\"2560,1714\" data-comments-opened=\"1\" data-image-meta=\"{&quot;aperture&quot;:&quot;0&quot;,&quot;credit&quot;:&quot;&quot;,&quot;camera&quot;:&quot;&quot;,&quot;caption&quot;:&quot;&quot;,&quot;created_timestamp&quot;:&quot;0&quot;,&quot;copyright&quot;:&quot;&quot;,&quot;focal_length&quot;:&quot;0&quot;,&quot;iso&quot;:&quot;0&quot;,&quot;shutter_speed&quot;:&quot;0&quot;,&quot;title&quot;:&quot;&quot;,&quot;orientation&quot;:&quot;1&quot;}\" data-image-title=\"Screenshot_20260501_191431_Facebook\" data-image-description=\"\" data-image-caption=\"\" data-large-file=\"https:\/\/i0.wp.com\/redaccionoaxaca.com\/wp-content\/uploads\/2026\/05\/Screenshot_20260501_191431_Facebook-scaled.jpg?fit=696%2C466&amp;ssl=1\" class=\"size-medium wp-image-41868 aligncenter\" src=\"https:\/\/i0.wp.com\/redaccionoaxaca.com\/wp-content\/uploads\/2026\/05\/Screenshot_20260501_191431_Facebook.jpg?resize=300%2C201&#038;ssl=1\" alt=\"\" width=\"300\" height=\"201\" srcset=\"https:\/\/i0.wp.com\/redaccionoaxaca.com\/wp-content\/uploads\/2026\/05\/Screenshot_20260501_191431_Facebook-scaled.jpg?resize=300%2C201&amp;ssl=1 300w, https:\/\/i0.wp.com\/redaccionoaxaca.com\/wp-content\/uploads\/2026\/05\/Screenshot_20260501_191431_Facebook-scaled.jpg?resize=1024%2C686&amp;ssl=1 1024w, https:\/\/i0.wp.com\/redaccionoaxaca.com\/wp-content\/uploads\/2026\/05\/Screenshot_20260501_191431_Facebook-scaled.jpg?resize=768%2C514&amp;ssl=1 768w, https:\/\/i0.wp.com\/redaccionoaxaca.com\/wp-content\/uploads\/2026\/05\/Screenshot_20260501_191431_Facebook-scaled.jpg?resize=1536%2C1029&amp;ssl=1 1536w, https:\/\/i0.wp.com\/redaccionoaxaca.com\/wp-content\/uploads\/2026\/05\/Screenshot_20260501_191431_Facebook-scaled.jpg?resize=2048%2C1371&amp;ssl=1 2048w, https:\/\/i0.wp.com\/redaccionoaxaca.com\/wp-content\/uploads\/2026\/05\/Screenshot_20260501_191431_Facebook-scaled.jpg?resize=627%2C420&amp;ssl=1 627w, https:\/\/i0.wp.com\/redaccionoaxaca.com\/wp-content\/uploads\/2026\/05\/Screenshot_20260501_191431_Facebook-scaled.jpg?resize=696%2C466&amp;ssl=1 696w, https:\/\/i0.wp.com\/redaccionoaxaca.com\/wp-content\/uploads\/2026\/05\/Screenshot_20260501_191431_Facebook-scaled.jpg?resize=1068%2C715&amp;ssl=1 1068w, https:\/\/i0.wp.com\/redaccionoaxaca.com\/wp-content\/uploads\/2026\/05\/Screenshot_20260501_191431_Facebook-scaled.jpg?w=1392&amp;ssl=1 1392w\" sizes=\"auto, (max-width: 300px) 100vw, 300px\" \/><\/p>\n<p>&nbsp;<\/p>\n","protected":false},"excerpt":{"rendered":"<p>#RedesOaxaca #Oaxaca * Se propone un sistema detallado de medidas que incluyen rehabilitaci\u00f3n, compensaci\u00f3n y garant\u00edas de no repetici\u00f3n\u00a0 San Raymundo Jalpan, Oax., a 1 de mayo de 2026.- Para fortalecer los mecanismos de justicia para las mujeres que participan en la vida pol\u00edtico-electoral, la diputada Dennis Garc\u00eda Guti\u00e9rrez, del Grupo Parlamentario de Morena, present\u00f3 [&hellip;]<\/p>\n","protected":false},"author":9,"featured_media":41867,"comment_status":"open","ping_status":"open","sticky":false,"template":"","format":"standard","meta":{"jetpack_post_was_ever_published":false,"_jetpack_newsletter_access":"","_jetpack_dont_email_post_to_subs":false,"_jetpack_newsletter_tier_id":0,"_jetpack_memberships_contains_paywalled_content":false,"_jetpack_memberships_contains_paid_content":false,"footnotes":"","jetpack_publicize_message":"","jetpack_publicize_feature_enabled":true,"jetpack_social_post_already_shared":true,"jetpack_social_options":{"image_generator_settings":{"template":"highway","default_image_id":0,"font":"","enabled":false},"version":2}},"categories":[4,7,5],"tags":[],"class_list":{"0":"post-41866","1":"post","2":"type-post","3":"status-publish","4":"format-standard","5":"has-post-thumbnail","7":"category-agenda-politica","8":"category-al-cierre","9":"category-imagen"},"jetpack_publicize_connections":[],"jetpack_featured_media_url":"https:\/\/i0.wp.com\/redaccionoaxaca.com\/wp-content\/uploads\/2026\/05\/Screenshot_20260501_191428_Facebook-scaled.jpg?fit=2560%2C1742&ssl=1","jetpack_sharing_enabled":true,"jetpack_shortlink":"https:\/\/wp.me\/p9Ynjw-aTg","jetpack-related-posts":[{"id":35999,"url":"https:\/\/redaccionoaxaca.com\/index.php\/2025\/03\/07\/el-matrimonio-infantil-debe-ser-reconocido-como-violencia-estructural-en-las-leyes-estatales\/","url_meta":{"origin":41866,"position":0},"title":"El matrimonio infantil debe ser reconocido como violencia estructural en las leyes estatales","author":"ariadna","date":"marzo 7, 2025","format":false,"excerpt":"#Redacci\u00f3nOaxaca #Oaxaca * Esta reforma servir\u00e1 de base para el desarrollo de programas de sensibilizaci\u00f3n con el fin de erradicar la normalizaci\u00f3n del matrimonio infantil * El Estado garantizar\u00e1 la atenci\u00f3n integral, protecci\u00f3n, acceso a la justicia y reparaci\u00f3n del da\u00f1o para las v\u00edctimas, con el fin de restituir el\u2026","rel":"","context":"En &quot;Agenda Pol\u00edtica&quot;","block_context":{"text":"Agenda Pol\u00edtica","link":"https:\/\/redaccionoaxaca.com\/index.php\/category\/agenda-politica\/"},"img":{"alt_text":"","src":"","width":0,"height":0},"classes":[]},{"id":9640,"url":"https:\/\/redaccionoaxaca.com\/index.php\/2019\/12\/17\/onu-mujeres-y-ieepco-firman-memorando-de-entendimiento-para-erradicar-violencia-politica-vs-mujeres-en-oaxaca\/","url_meta":{"origin":41866,"position":1},"title":"ONU Mujeres y IEEPCO firman memorando de entendimiento  para erradicar violencia pol\u00edtica vs mujeres en Oaxaca.","author":"ariadna","date":"diciembre 17, 2019","format":"video","excerpt":"#Redacci\u00f3nOaxaca #Oaxaca Jaime GUERRERO La entidad de Naciones Unidas para la Igualdad de G\u00e9nero y el Empoderamiento de las Mujeres (ONU Mujeres) y el Instituto Estatal Electoral y de Participaci\u00f3n Ciudadana de Oaxaca (IEEPCO) firmaron un memorando de entendimiento para promover acciones y estrategias para la implementaci\u00f3n del Protocolo Modelo\u2026","rel":"","context":"Entrada similar ","block_context":{"text":"Entrada similar ","link":""},"img":{"alt_text":"","src":"","width":0,"height":0},"classes":[]},{"id":12126,"url":"https:\/\/redaccionoaxaca.com\/index.php\/2020\/05\/04\/obstaculizar-campanas-danar-dignidad-integridad-o-libertad-de-mujeres-en-ejercicio-de-cargo-politico-seran-penado-en-oaxaca\/","url_meta":{"origin":41866,"position":2},"title":"Obstaculizar campa\u00f1as, da\u00f1ar dignidad, integridad o libertad de mujeres en ejercicio de cargo pol\u00edtico, ser\u00e1n penado en Oaxaca.","author":"ariadna","date":"mayo 4, 2020","format":false,"excerpt":"#Redacci\u00f3nOaxaca #Oaxaca Jaime GUERRERO Para erradicar los vac\u00edos legales que existen y se garantice un clima de participaci\u00f3n pol\u00edtica libre de violencia en contra de las mujeres, la LXIV Legislatura, analiza, reformas a la Ley Estatal del Acceso de las Mujeres a una Vida Libre de Violencia de G\u00e9nero. Entre\u2026","rel":"","context":"En &quot;Agenda Pol\u00edtica&quot;","block_context":{"text":"Agenda Pol\u00edtica","link":"https:\/\/redaccionoaxaca.com\/index.php\/category\/agenda-politica\/"},"img":{"alt_text":"","src":"","width":0,"height":0},"classes":[]},{"id":2354,"url":"https:\/\/redaccionoaxaca.com\/index.php\/2018\/09\/03\/reparacion-del-dano-a-hijos-de-victima-de-feminicidio-exigen-ongs\/","url_meta":{"origin":41866,"position":3},"title":"Reparaci\u00f3n del da\u00f1o a hijos de v\u00edctima de feminicidio, exigen ONG\u2019S.","author":"jaime","date":"septiembre 3, 2018","format":false,"excerpt":"#Redacci\u00f3nOaxaca #Oaxaca Jaime GUERRERO Colectivos feministas de Oaxaca exigieron justicia para Camelia Manuel Cruz, asesinada el pasado 10 de agosto en la comunidad de Jaltepec de Candayoc, a mano de su esposo Reuel Ronquillo Andr\u00e9s. De la misma manera demandaron la intervenci\u00f3n del gobierno del estado para brindar\u00a0atenci\u00f3n a los\u2026","rel":"","context":"En &quot;Agenda Pol\u00edtica&quot;","block_context":{"text":"Agenda Pol\u00edtica","link":"https:\/\/redaccionoaxaca.com\/index.php\/category\/agenda-politica\/"},"img":{"alt_text":"","src":"","width":0,"height":0},"classes":[]},{"id":41752,"url":"https:\/\/redaccionoaxaca.com\/index.php\/2026\/04\/25\/presentan-iniciativa-para-garantizar-espacios-exclusivos-a-mujeres-en-el-transporte-publico\/","url_meta":{"origin":41866,"position":4},"title":"Presentan iniciativa para garantizar espacios exclusivos a mujeres en el transporte p\u00fablico","author":"ariadna","date":"abril 25, 2026","format":false,"excerpt":"#Redacci\u00f3nOaxaca #Oaxaca * Se busca reservar al menos el 20 por ciento de los asientos en autobuses para fortalecer el derecho a una movilidad segura San Raymundo Jalpan, Oax., a 25 de abril de 2026.- Con el objetivo de garantizar el derecho de las usuarias a una movilidad segura, digna\u2026","rel":"","context":"En &quot;Agenda Pol\u00edtica&quot;","block_context":{"text":"Agenda Pol\u00edtica","link":"https:\/\/redaccionoaxaca.com\/index.php\/category\/agenda-politica\/"},"img":{"alt_text":"","src":"https:\/\/i0.wp.com\/redaccionoaxaca.com\/wp-content\/uploads\/2026\/04\/Screenshot_20260425_143008_Facebook-scaled.jpg?fit=1200%2C653&ssl=1&resize=350%2C200","width":350,"height":200,"srcset":"https:\/\/i0.wp.com\/redaccionoaxaca.com\/wp-content\/uploads\/2026\/04\/Screenshot_20260425_143008_Facebook-scaled.jpg?fit=1200%2C653&ssl=1&resize=350%2C200 1x, https:\/\/i0.wp.com\/redaccionoaxaca.com\/wp-content\/uploads\/2026\/04\/Screenshot_20260425_143008_Facebook-scaled.jpg?fit=1200%2C653&ssl=1&resize=525%2C300 1.5x, https:\/\/i0.wp.com\/redaccionoaxaca.com\/wp-content\/uploads\/2026\/04\/Screenshot_20260425_143008_Facebook-scaled.jpg?fit=1200%2C653&ssl=1&resize=700%2C400 2x, https:\/\/i0.wp.com\/redaccionoaxaca.com\/wp-content\/uploads\/2026\/04\/Screenshot_20260425_143008_Facebook-scaled.jpg?fit=1200%2C653&ssl=1&resize=1050%2C600 3x"},"classes":[]},{"id":39183,"url":"https:\/\/redaccionoaxaca.com\/index.php\/2025\/11\/20\/plantean-al-parlamento-de-oaxaca-reforma-para-que-el-estado-organos-autonomos-y-autoridades-municipales-garanticen-una-vida-libre-de-violencia-para-las-mujeres\/","url_meta":{"origin":41866,"position":5},"title":"Plantean al Parlamento de Oaxaca reforma para que el Estado, \u00f3rganos aut\u00f3nomos y autoridades municipales garanticen una vida libre de violencia para las mujeres","author":"ariadna","date":"noviembre 20, 2025","format":false,"excerpt":"#Redacci\u00f3nOaxaca #Oaxaca *Establece la obligatoriedad de las autoridades que participan en la seguridad, prevenci\u00f3n y persecuci\u00f3n del delito de no dejar ning\u00fan tipo de violencia sin ser castigada San Raymundo Jalpan, Oax., a 20 de noviembre de 2025. \u2013 Con el prop\u00f3sito de garantizar el pleno y correcto ejercicio de\u2026","rel":"","context":"En &quot;Agenda Pol\u00edtica&quot;","block_context":{"text":"Agenda Pol\u00edtica","link":"https:\/\/redaccionoaxaca.com\/index.php\/category\/agenda-politica\/"},"img":{"alt_text":"","src":"https:\/\/i0.wp.com\/redaccionoaxaca.com\/wp-content\/uploads\/2025\/11\/Screenshot_20251120_184521_Facebook-scaled.jpg?fit=1200%2C791&ssl=1&resize=350%2C200","width":350,"height":200,"srcset":"https:\/\/i0.wp.com\/redaccionoaxaca.com\/wp-content\/uploads\/2025\/11\/Screenshot_20251120_184521_Facebook-scaled.jpg?fit=1200%2C791&ssl=1&resize=350%2C200 1x, https:\/\/i0.wp.com\/redaccionoaxaca.com\/wp-content\/uploads\/2025\/11\/Screenshot_20251120_184521_Facebook-scaled.jpg?fit=1200%2C791&ssl=1&resize=525%2C300 1.5x, https:\/\/i0.wp.com\/redaccionoaxaca.com\/wp-content\/uploads\/2025\/11\/Screenshot_20251120_184521_Facebook-scaled.jpg?fit=1200%2C791&ssl=1&resize=700%2C400 2x, https:\/\/i0.wp.com\/redaccionoaxaca.com\/wp-content\/uploads\/2025\/11\/Screenshot_20251120_184521_Facebook-scaled.jpg?fit=1200%2C791&ssl=1&resize=1050%2C600 3x"},"classes":[]}],"_links":{"self":[{"href":"https:\/\/redaccionoaxaca.com\/index.php\/wp-json\/wp\/v2\/posts\/41866","targetHints":{"allow":["GET"]}}],"collection":[{"href":"https:\/\/redaccionoaxaca.com\/index.php\/wp-json\/wp\/v2\/posts"}],"about":[{"href":"https:\/\/redaccionoaxaca.com\/index.php\/wp-json\/wp\/v2\/types\/post"}],"author":[{"embeddable":true,"href":"https:\/\/redaccionoaxaca.com\/index.php\/wp-json\/wp\/v2\/users\/9"}],"replies":[{"embeddable":true,"href":"https:\/\/redaccionoaxaca.com\/index.php\/wp-json\/wp\/v2\/comments?post=41866"}],"version-history":[{"count":1,"href":"https:\/\/redaccionoaxaca.com\/index.php\/wp-json\/wp\/v2\/posts\/41866\/revisions"}],"predecessor-version":[{"id":41869,"href":"https:\/\/redaccionoaxaca.com\/index.php\/wp-json\/wp\/v2\/posts\/41866\/revisions\/41869"}],"wp:featuredmedia":[{"embeddable":true,"href":"https:\/\/redaccionoaxaca.com\/index.php\/wp-json\/wp\/v2\/media\/41867"}],"wp:attachment":[{"href":"https:\/\/redaccionoaxaca.com\/index.php\/wp-json\/wp\/v2\/media?parent=41866"}],"wp:term":[{"taxonomy":"category","embeddable":true,"href":"https:\/\/redaccionoaxaca.com\/index.php\/wp-json\/wp\/v2\/categories?post=41866"},{"taxonomy":"post_tag","embeddable":true,"href":"https:\/\/redaccionoaxaca.com\/index.php\/wp-json\/wp\/v2\/tags?post=41866"}],"curies":[{"name":"wp","href":"https:\/\/api.w.org\/{rel}","templated":true}]}}