{"id":43665,"date":"2026-08-31T10:59:35","date_gmt":"2026-08-31T16:59:35","guid":{"rendered":"https:\/\/redaccionoaxaca.com\/?p=43665"},"modified":"2026-08-31T10:59:35","modified_gmt":"2026-08-31T16:59:35","slug":"fiscalia-acusa-a-asaeo-de-operar-con-grupo-criminal-de-huatulco-le-atribuye-extorsiones-y-homicidios","status":"publish","type":"post","link":"https:\/\/redaccionoaxaca.com\/index.php\/2026\/08\/31\/fiscalia-acusa-a-asaeo-de-operar-con-grupo-criminal-de-huatulco-le-atribuye-extorsiones-y-homicidios\/","title":{"rendered":"Fiscal\u00eda acusa a ASAEO de operar con grupo criminal de Huatulco; le atribuye extorsiones y homicidios"},"content":{"rendered":"<p><strong>#Redacci\u00f3nOaxaca<\/strong><\/p>\n<p><strong>#Oaxaca<\/strong><\/p>\n<p><strong>Ariadna Mendoza\u00a0<\/strong><\/p>\n<p style=\"text-align: justify;\">La Fiscal\u00eda General del Estado de Oaxaca (FGEO) asegur\u00f3 que la organizaci\u00f3n sindical ASAEO habr\u00eda dejado de limitar sus actividades al control del transporte para involucrarse en extorsiones, cobro de piso, narcomenudeo, despojo de terrenos y homicidios, adem\u00e1s de establecer un presunto v\u00ednculo con un grupo delictivo de la Costa relacionado con Huatulco.<\/p>\n<p style=\"text-align: justify;\">El fiscal Bernardo Rodr\u00edguez Alamilla revel\u00f3 que, tras m\u00e1s de un mes de investigaciones, las autoridades identificaron una conexi\u00f3n entre integrantes de ASAEO y esta estructura criminal, particularmente a trav\u00e9s de un sujeto identificado como \u201cEl Mickey\u201d o \u201c086\u201d, se\u00f1alado como integrante del grupo delictivo de Huatulco y presunto enlace con la organizaci\u00f3n sindical.<\/p>\n<p style=\"text-align: justify;\">Seg\u00fan la Fiscal\u00eda, ASAEO manten\u00eda presencia en m\u00e1s de 80 municipios de Valles Centrales, donde inicialmente ten\u00eda influencia sobre taxis, mototaxis, pipas, volteos y otras modalidades de transporte.<\/p>\n<p style=\"text-align: justify;\">Sin embargo, las investigaciones apuntan a que la organizaci\u00f3n habr\u00eda ampliado sus actividades hacia la venta de drogas, cobro de piso y extorsi\u00f3n a comerciantes, principalmente en zonas como Pueblo Nuevo, Viguera, la capital y sectores de la Central de Abasto.<\/p>\n<p style=\"text-align: justify;\">Rodr\u00edguez Alamilla tambi\u00e9n afirm\u00f3 que existen elementos de investigaci\u00f3n que relacionan a integrantes de ASAEO con al menos tres homicidios y un intento de homicidio. Entre los casos mencion\u00f3 el asesinato de Caleb Rodr\u00edguez Ortega, ocurrido sobre avenida Universidad, y el de Iv\u00e1n Tom\u00e1s Luis Villaseca.<\/p>\n<p style=\"text-align: justify;\">Cateos y armas de alto poder<\/p>\n<p style=\"text-align: justify;\">El fiscal detall\u00f3 que el operativo del pasado mi\u00e9rcoles 27 de agosto fue resultado de una investigaci\u00f3n coordinada durante varias semanas y que permiti\u00f3 ejecutar 14 cateos simult\u00e1neos en distintos puntos de Valles Centrales.<\/p>\n<p style=\"text-align: justify;\">Los operativos se realizaron en municipios como San Pablo Etla, Tlalixtac de Cabrera y Pueblo Nuevo, con la participaci\u00f3n de corporaciones estatales y federales.<\/p>\n<p style=\"text-align: justify;\">Durante las intervenciones fueron detenidas varias personas se\u00f1aladas como integrantes de la estructura de ASAEO, entre ellas su secretaria de Transporte, adem\u00e1s de otros operadores de la organizaci\u00f3n.<\/p>\n<p style=\"text-align: justify;\">En los inmuebles cateados fueron localizados fusiles R-15, AK-47, pistolas, chalecos bal\u00edsticos, b\u00e1sculas, tel\u00e9fonos celulares, computadoras, libretas de contabilidad y presuntos registros relacionados con la venta de drogas, inform\u00f3 la Fiscal\u00eda.<\/p>\n<p style=\"text-align: justify;\">Algunos de los detenidos enfrentan acusaciones por extorsi\u00f3n agravada, mientras que la Fiscal\u00eda General de la Rep\u00fablica mantiene investigaciones por posibles delitos federales.<\/p>\n<p style=\"text-align: justify;\">Investigaci\u00f3n apunta a una estructura m\u00e1s amplia<\/p>\n<p style=\"text-align: justify;\">Rodr\u00edguez Alamilla advirti\u00f3 que el operativo del 27 de agosto no representa el cierre de la investigaci\u00f3n. Existen, dijo, m\u00e1s \u00f3rdenes de aprehensi\u00f3n pendientes de ejecutar y se analiza la posible participaci\u00f3n de otras personas.<\/p>\n<p style=\"text-align: justify;\">La Fiscal\u00eda sostiene que la organizaci\u00f3n habr\u00eda utilizado su estructura sindical y su presencia en el transporte para ampliar su influencia territorial y establecer v\u00ednculos con grupos delictivos.<\/p>\n<p style=\"text-align: justify;\">\u201cUna cosa es el leg\u00edtimo derecho de las organizaciones sindicales a manifestarse y otra muy distinta es pretender colocarse por encima de la ley\u201d, se\u00f1al\u00f3 el fiscal.<\/p>\n<p style=\"text-align: justify;\">La investigaci\u00f3n contin\u00faa y las autoridades no descartan nuevos operativos contra integrantes de ASAEO y personas presuntamente vinculadas con esta estructura.<\/p>\n<div style=\"width: 640px;\" class=\"wp-video\"><video class=\"wp-video-shortcode\" id=\"video-43665-1\" width=\"640\" height=\"368\" preload=\"metadata\" controls=\"controls\"><source type=\"video\/mp4\" src=\"https:\/\/redaccionoaxaca.com\/wp-content\/uploads\/2026\/08\/VID-20260831-WA0069.mp4?_=1\" \/><a href=\"https:\/\/redaccionoaxaca.com\/wp-content\/uploads\/2026\/08\/VID-20260831-WA0069.mp4\">https:\/\/redaccionoaxaca.com\/wp-content\/uploads\/2026\/08\/VID-20260831-WA0069.mp4<\/a><\/video><\/div>\n","protected":false},"excerpt":{"rendered":"<p>#Redacci\u00f3nOaxaca #Oaxaca Ariadna Mendoza\u00a0 La Fiscal\u00eda General del Estado de Oaxaca (FGEO) asegur\u00f3 que la organizaci\u00f3n sindical ASAEO habr\u00eda dejado de limitar sus actividades al control del transporte para involucrarse en extorsiones, cobro de piso, narcomenudeo, despojo de terrenos y homicidios, adem\u00e1s de establecer un presunto v\u00ednculo con un grupo delictivo de la Costa relacionado [&hellip;]<\/p>\n","protected":false},"author":9,"featured_media":43667,"comment_status":"open","ping_status":"open","sticky":false,"template":"","format":"video","meta":{"_jetpack_newsletter_access":"","_jetpack_dont_email_post_to_subs":false,"_jetpack_newsletter_tier_id":0,"_jetpack_memberships_contains_paywalled_content":false,"_jetpack_feature_clip_id":0,"_jetpack_memberships_contains_paid_content":false,"footnotes":"","jetpack_publicize_message":"","jetpack_publicize_feature_enabled":true,"jetpack_social_post_already_shared":true,"jetpack_social_options":{"image_generator_settings":{"template":"highway","default_image_id":0,"font":"","enabled":false},"version":2},"jetpack_post_was_ever_published":false},"categories":[4,3,6],"tags":[],"class_list":{"0":"post-43665","1":"post","2":"type-post","3":"status-publish","4":"format-video","5":"has-post-thumbnail","7":"category-agenda-politica","8":"category-mesa-de-redaccion","9":"category-tendencias","10":"post_format-post-format-video"},"jetpack_publicize_connections":[],"jetpack_sharing_enabled":true,"jetpack_shortlink":"https:\/\/wp.me\/p9Ynjw-bmh","jetpack-related-posts":[{"id":42480,"url":"https:\/\/redaccionoaxaca.com\/index.php\/2026\/06\/09\/grupo-vinculado-a-asaeo-intento-cobrar-piso-de-8-mil-pesos-en-tianguis-de-colonia-reforma-fgeo-y-mando-metropolitano-disuadieron-accion\/","url_meta":{"origin":43665,"position":0},"title":"Grupo vinculado a ASAEO intent\u00f3 cobrar piso de 8 mil pesos en tianguis de colonia Reforma; FGEO y Mando Metropolitano disuadieron acci\u00f3n","author":"ariadna","date":"junio 9, 2026","format":false,"excerpt":"#Redacci\u00f3nOaxaca #Oaxaca #JaimeGUERRERO Un grupo de alrededor de 50 personas encapuchadas, presuntamente vinculadas a la Alianza de Sindicatos y Asociaciones del Estado de Oaxaca (ASAEO), irrumpi\u00f3 este martes por la ma\u00f1ana en el tianguis semanal de la colonia Reforma para presionar a los comerciantes a afiliarse a esa organizaci\u00f3n y\u2026","rel":"","context":"En &quot;Agenda Pol\u00edtica&quot;","block_context":{"text":"Agenda Pol\u00edtica","link":"https:\/\/redaccionoaxaca.com\/index.php\/category\/agenda-politica\/"},"img":{"alt_text":"","src":"https:\/\/i0.wp.com\/redaccionoaxaca.com\/wp-content\/uploads\/2026\/06\/IMG-20260609-WA0053-1-scaled.jpg?fit=1200%2C923&ssl=1&resize=350%2C200","width":350,"height":200,"srcset":"https:\/\/i0.wp.com\/redaccionoaxaca.com\/wp-content\/uploads\/2026\/06\/IMG-20260609-WA0053-1-scaled.jpg?fit=1200%2C923&ssl=1&resize=350%2C200 1x, https:\/\/i0.wp.com\/redaccionoaxaca.com\/wp-content\/uploads\/2026\/06\/IMG-20260609-WA0053-1-scaled.jpg?fit=1200%2C923&ssl=1&resize=525%2C300 1.5x, https:\/\/i0.wp.com\/redaccionoaxaca.com\/wp-content\/uploads\/2026\/06\/IMG-20260609-WA0053-1-scaled.jpg?fit=1200%2C923&ssl=1&resize=700%2C400 2x, https:\/\/i0.wp.com\/redaccionoaxaca.com\/wp-content\/uploads\/2026\/06\/IMG-20260609-WA0053-1-scaled.jpg?fit=1200%2C923&ssl=1&resize=1050%2C600 3x"},"classes":[]},{"id":43436,"url":"https:\/\/redaccionoaxaca.com\/index.php\/2026\/08\/11\/ejercito-y-fiscalia-detienen-a-dos-integrantes-de-asaeo-y-recuperan-37-hectareas-invadidas-en-etla\/","url_meta":{"origin":43665,"position":1},"title":"Ej\u00e9rcito y Fiscal\u00eda detienen a dos integrantes de ASAEO y recuperan 37 hect\u00e1reas invadidas en Etla","author":"ariadna","date":"agosto 11, 2026","format":false,"excerpt":"#Redacci\u00f3nOaxaca #Oaxaca #JaimeGUERRERO Elementos del Ej\u00e9rcito Mexicano y de la Fiscal\u00eda General del Estado de Oaxaca (FGEO), con apoyo de corporaciones estatales y federales, detuvieron a dos integrantes de la Alianza de Sindicatos y Asociaciones del Estado de Oaxaca (ASAEO) durante un operativo para recuperar 37 hect\u00e1reas invadidas en San\u2026","rel":"","context":"En &quot;Imagen&quot;","block_context":{"text":"Imagen","link":"https:\/\/redaccionoaxaca.com\/index.php\/category\/imagen\/"},"img":{"alt_text":"","src":"https:\/\/i0.wp.com\/redaccionoaxaca.com\/wp-content\/uploads\/2026\/08\/IMG-20260811-WA0082.jpg?fit=1200%2C675&ssl=1&resize=350%2C200","width":350,"height":200,"srcset":"https:\/\/i0.wp.com\/redaccionoaxaca.com\/wp-content\/uploads\/2026\/08\/IMG-20260811-WA0082.jpg?fit=1200%2C675&ssl=1&resize=350%2C200 1x, https:\/\/i0.wp.com\/redaccionoaxaca.com\/wp-content\/uploads\/2026\/08\/IMG-20260811-WA0082.jpg?fit=1200%2C675&ssl=1&resize=525%2C300 1.5x, https:\/\/i0.wp.com\/redaccionoaxaca.com\/wp-content\/uploads\/2026\/08\/IMG-20260811-WA0082.jpg?fit=1200%2C675&ssl=1&resize=700%2C400 2x, https:\/\/i0.wp.com\/redaccionoaxaca.com\/wp-content\/uploads\/2026\/08\/IMG-20260811-WA0082.jpg?fit=1200%2C675&ssl=1&resize=1050%2C600 3x"},"classes":[]},{"id":43617,"url":"https:\/\/redaccionoaxaca.com\/index.php\/2026\/08\/27\/trasladan-a-penal-federal-del-bajio-a-9-integrantes-de-asaeo-detenidos-por-extorsion-en-oaxaca\/","url_meta":{"origin":43665,"position":2},"title":"Trasladan a penal federal del Baj\u00edo a 9 integrantes de ASAEO detenidos por extorsi\u00f3n en Oaxaca","author":"ariadna","date":"agosto 27, 2026","format":false,"excerpt":"#Redacci\u00f3nOaxaca #Oaxaca #JaimeGUERRERO La Fiscal\u00eda General del Estado de Oaxaca (FGEO) confirm\u00f3 que desarticul\u00f3 estructura delictiva y fueron nueve las personas detenidas durante 14 cateos simult\u00e1neos contra la estructura de la Alianza de Sindicatos y Asociaciones del Estado de Oaxaca (ASAEO), entre ellas su l\u00edder, Sharon Italia C. H., alias\u2026","rel":"","context":"En &quot;Agenda Pol\u00edtica&quot;","block_context":{"text":"Agenda Pol\u00edtica","link":"https:\/\/redaccionoaxaca.com\/index.php\/category\/agenda-politica\/"},"img":{"alt_text":"","src":"https:\/\/i0.wp.com\/redaccionoaxaca.com\/wp-content\/uploads\/2026\/08\/IMG-20260827-WA0151-300x158.jpg?resize=350%2C200&ssl=1","width":350,"height":200},"classes":[]},{"id":43626,"url":"https:\/\/redaccionoaxaca.com\/index.php\/2026\/08\/27\/en-oaxaca-nadie-esta-por-encima-de-la-ley-jara-tras-captura-de-9-integrantes-y-lideres-de-asaeo\/","url_meta":{"origin":43665,"position":3},"title":"\u201cEn Oaxaca nadie est\u00e1 por encima de la ley\u201d: Jara tras captura de 9 integrantes y l\u00edderes de ASAEO","author":"ariadna","date":"agosto 27, 2026","format":false,"excerpt":"#Redacci\u00f3nOaxaca #Oaxaca #JaimeGUERRERO El gobernador Salom\u00f3n Jara Cruz afirm\u00f3 que en Oaxaca \u201cnadie est\u00e1 por encima de la ley\u201d, tras la detenci\u00f3n de nueve presuntos integrantes y l\u00edderes de la Alianza de Sindicatos y Asociaciones del Estado de Oaxaca (ASAEO), investigados por delitos de alto impacto. El mandatario fij\u00f3 postura\u2026","rel":"","context":"En &quot;Agenda Pol\u00edtica&quot;","block_context":{"text":"Agenda Pol\u00edtica","link":"https:\/\/redaccionoaxaca.com\/index.php\/category\/agenda-politica\/"},"img":{"alt_text":"","src":"https:\/\/i0.wp.com\/redaccionoaxaca.com\/wp-content\/uploads\/2026\/08\/HQwAdZ9XYAA1YZY1-scaled.jpg?fit=1200%2C697&ssl=1&resize=350%2C200","width":350,"height":200,"srcset":"https:\/\/i0.wp.com\/redaccionoaxaca.com\/wp-content\/uploads\/2026\/08\/HQwAdZ9XYAA1YZY1-scaled.jpg?fit=1200%2C697&ssl=1&resize=350%2C200 1x, https:\/\/i0.wp.com\/redaccionoaxaca.com\/wp-content\/uploads\/2026\/08\/HQwAdZ9XYAA1YZY1-scaled.jpg?fit=1200%2C697&ssl=1&resize=525%2C300 1.5x, https:\/\/i0.wp.com\/redaccionoaxaca.com\/wp-content\/uploads\/2026\/08\/HQwAdZ9XYAA1YZY1-scaled.jpg?fit=1200%2C697&ssl=1&resize=700%2C400 2x, https:\/\/i0.wp.com\/redaccionoaxaca.com\/wp-content\/uploads\/2026\/08\/HQwAdZ9XYAA1YZY1-scaled.jpg?fit=1200%2C697&ssl=1&resize=1050%2C600 3x"},"classes":[]},{"id":42980,"url":"https:\/\/redaccionoaxaca.com\/index.php\/2026\/07\/09\/fiscalizacion-a-sindicatos-pondra-a-prueba-al-gobierno-frente-a-la-asaeo-principal-senalado-de-extorsion\/","url_meta":{"origin":43665,"position":4},"title":"Fiscalizaci\u00f3n a sindicatos pondr\u00e1 a prueba al gobierno frente a la ASAEO, principal se\u00f1alado de extorsion","author":"ariadna","date":"julio 9, 2026","format":false,"excerpt":"#Redacci\u00f3nOaxaca #Oaxaca #JaimeGUERRERO El secretario de Gobierno, Jes\u00fas Romero L\u00f3pez, anunci\u00f3 que la administraci\u00f3n estatal, en coordinaci\u00f3n con el gabinete de seguridad, iniciar\u00e1 una fiscalizaci\u00f3n para verificar la legitimidad de las agrupaciones sindicales que operan en la entidad, donde identificaron principalmente a seis organizaciones activas. \u201cNadie en Oaxaca puede ser\u2026","rel":"","context":"En &quot;Agenda Pol\u00edtica&quot;","block_context":{"text":"Agenda Pol\u00edtica","link":"https:\/\/redaccionoaxaca.com\/index.php\/category\/agenda-politica\/"},"img":{"alt_text":"","src":"https:\/\/i0.wp.com\/redaccionoaxaca.com\/wp-content\/uploads\/2026\/07\/images-65.jpeg?fit=739%2C415&ssl=1&resize=350%2C200","width":350,"height":200,"srcset":"https:\/\/i0.wp.com\/redaccionoaxaca.com\/wp-content\/uploads\/2026\/07\/images-65.jpeg?fit=739%2C415&ssl=1&resize=350%2C200 1x, https:\/\/i0.wp.com\/redaccionoaxaca.com\/wp-content\/uploads\/2026\/07\/images-65.jpeg?fit=739%2C415&ssl=1&resize=525%2C300 1.5x, https:\/\/i0.wp.com\/redaccionoaxaca.com\/wp-content\/uploads\/2026\/07\/images-65.jpeg?fit=739%2C415&ssl=1&resize=700%2C400 2x"},"classes":[]},{"id":36110,"url":"https:\/\/redaccionoaxaca.com\/index.php\/2025\/03\/17\/tras-presencia-de-grupo-delictivo-proveniente-de-otro-estado-y-desaparicion-de-joven-en-huatulco-autoridades-refuerzan-seguridad-en-oaxaca\/","url_meta":{"origin":43665,"position":5},"title":"Tras presencia de grupo delictivo proveniente de otro estado y desaparici\u00f3n de joven en Huatulco, autoridades refuerzan seguridad en Oaxaca","author":"ariadna","date":"marzo 17, 2025","format":false,"excerpt":"#Redacci\u00f3nOaxaca #Oaxaca Autoridades estatales y federales han implementado operativos de seguridad en diversas regiones de Oaxaca, tras detectar la presencia de un grupo delictivo que opera en los estados de Tlaxcala, Puebla, Oaxaca y Veracruz. De acuerdo con informaci\u00f3n oficial, las fiscal\u00edas de Puebla y Oaxaca han establecido una coordinaci\u00f3n\u2026","rel":"","context":"En &quot;Al Cierre&quot;","block_context":{"text":"Al Cierre","link":"https:\/\/redaccionoaxaca.com\/index.php\/category\/al-cierre\/"},"img":{"alt_text":"","src":"","width":0,"height":0},"classes":[]}],"jetpack_featured_media_url":"https:\/\/i0.wp.com\/redaccionoaxaca.com\/wp-content\/uploads\/2026\/08\/Screenshot_20260831_105758_WhatsApp-scaled.jpg?fit=2560%2C1403&ssl=1","_links":{"self":[{"href":"https:\/\/redaccionoaxaca.com\/index.php\/wp-json\/wp\/v2\/posts\/43665","targetHints":{"allow":["GET"]}}],"collection":[{"href":"https:\/\/redaccionoaxaca.com\/index.php\/wp-json\/wp\/v2\/posts"}],"about":[{"href":"https:\/\/redaccionoaxaca.com\/index.php\/wp-json\/wp\/v2\/types\/post"}],"author":[{"embeddable":true,"href":"https:\/\/redaccionoaxaca.com\/index.php\/wp-json\/wp\/v2\/users\/9"}],"replies":[{"embeddable":true,"href":"https:\/\/redaccionoaxaca.com\/index.php\/wp-json\/wp\/v2\/comments?post=43665"}],"version-history":[{"count":1,"href":"https:\/\/redaccionoaxaca.com\/index.php\/wp-json\/wp\/v2\/posts\/43665\/revisions"}],"predecessor-version":[{"id":43668,"href":"https:\/\/redaccionoaxaca.com\/index.php\/wp-json\/wp\/v2\/posts\/43665\/revisions\/43668"}],"wp:featuredmedia":[{"embeddable":true,"href":"https:\/\/redaccionoaxaca.com\/index.php\/wp-json\/wp\/v2\/media\/43667"}],"wp:attachment":[{"href":"https:\/\/redaccionoaxaca.com\/index.php\/wp-json\/wp\/v2\/media?parent=43665"}],"wp:term":[{"taxonomy":"category","embeddable":true,"href":"https:\/\/redaccionoaxaca.com\/index.php\/wp-json\/wp\/v2\/categories?post=43665"},{"taxonomy":"post_tag","embeddable":true,"href":"https:\/\/redaccionoaxaca.com\/index.php\/wp-json\/wp\/v2\/tags?post=43665"}],"curies":[{"name":"wp","href":"https:\/\/api.w.org\/{rel}","templated":true}]}}