{"id":43669,"date":"2026-09-01T11:50:58","date_gmt":"2026-09-01T17:50:58","guid":{"rendered":"https:\/\/redaccionoaxaca.com\/?p=43669"},"modified":"2026-09-01T11:56:04","modified_gmt":"2026-09-01T17:56:04","slug":"detienen-a-pasajero-con-50-mil-dolares-en-aeropuerto-de-oaxaca-queda-vinculado-a-proceso","status":"publish","type":"post","link":"https:\/\/redaccionoaxaca.com\/index.php\/2026\/09\/01\/detienen-a-pasajero-con-50-mil-dolares-en-aeropuerto-de-oaxaca-queda-vinculado-a-proceso\/","title":{"rendered":"Detienen a pasajero con 50 mil d\u00f3lares en aeropuerto de Oaxaca; queda vinculado a proceso"},"content":{"rendered":"<p><strong>#Redacci\u00f3nOaxaca<\/strong><\/p>\n<p><strong>#Oaxaca<\/strong><\/p>\n<p style=\"text-align: justify;\">Un pasajero fue detenido en el Aeropuerto Internacional de Oaxaca con 50 mil d\u00f3lares en efectivo, equivalentes a unos 851 mil pesos, cuya procedencia legal no pudo acreditar ante las autoridades.<\/p>\n<p style=\"text-align: justify;\">Se trata de V\u00edctor \u201cN\u201d, quien fue detenido por elementos de la Guardia Nacional, en coordinaci\u00f3n con personal de la Agencia Nacional de Aduanas de M\u00e9xico (ANAM).<\/p>\n<p style=\"text-align: justify;\">La Fiscal\u00eda General de la Rep\u00fablica (FGR) inform\u00f3 que un juez de control lo vincul\u00f3 a proceso por el delito de equiparable al contrabando y le impuso como medidas cautelares la presentaci\u00f3n peri\u00f3dica cada 15 d\u00edas ante el consulado mexicano en Los \u00c1ngeles, Estados Unidos, adem\u00e1s del pago de una garant\u00eda econ\u00f3mica de 30 mil pesos.<\/p>\n<p style=\"text-align: justify;\">El aseguramiento ocurri\u00f3 cuando el hombre pretend\u00eda trasladar el dinero sin poder justificar su procedencia ante las autoridades aduaneras.<\/p>\n<p style=\"text-align: justify;\">La FGR precis\u00f3 que V\u00edctor \u201cN\u201d se presume inocente mientras no exista una sentencia condenatoria emitida por la autoridad judicial.<\/p>\n<p><img data-recalc-dims=\"1\" loading=\"lazy\" decoding=\"async\" data-attachment-id=\"43670\" data-permalink=\"https:\/\/redaccionoaxaca.com\/index.php\/2026\/09\/01\/detienen-a-pasajero-con-50-mil-dolares-en-aeropuerto-de-oaxaca-queda-vinculado-a-proceso\/img-20260901-wa0109\/\" data-orig-file=\"https:\/\/i0.wp.com\/redaccionoaxaca.com\/wp-content\/uploads\/2026\/09\/IMG-20260901-WA0109.jpg?fit=1600%2C1179&amp;ssl=1\" data-orig-size=\"1600,1179\" data-comments-opened=\"1\" data-image-meta=\"{&quot;aperture&quot;:&quot;0&quot;,&quot;credit&quot;:&quot;&quot;,&quot;camera&quot;:&quot;&quot;,&quot;caption&quot;:&quot;&quot;,&quot;created_timestamp&quot;:&quot;0&quot;,&quot;copyright&quot;:&quot;&quot;,&quot;focal_length&quot;:&quot;0&quot;,&quot;iso&quot;:&quot;0&quot;,&quot;shutter_speed&quot;:&quot;0&quot;,&quot;title&quot;:&quot;&quot;,&quot;orientation&quot;:&quot;0&quot;}\" data-image-title=\"IMG-20260901-WA0109\" data-image-description=\"\" data-image-caption=\"\" data-large-file=\"https:\/\/i0.wp.com\/redaccionoaxaca.com\/wp-content\/uploads\/2026\/09\/IMG-20260901-WA0109.jpg?fit=696%2C513&amp;ssl=1\" class=\"alignnone size-medium wp-image-43670\" src=\"https:\/\/i0.wp.com\/redaccionoaxaca.com\/wp-content\/uploads\/2026\/09\/IMG-20260901-WA0109.jpg?resize=300%2C221&#038;ssl=1\" alt=\"\" width=\"300\" height=\"221\" srcset=\"https:\/\/i0.wp.com\/redaccionoaxaca.com\/wp-content\/uploads\/2026\/09\/IMG-20260901-WA0109.jpg?resize=300%2C221&amp;ssl=1 300w, https:\/\/i0.wp.com\/redaccionoaxaca.com\/wp-content\/uploads\/2026\/09\/IMG-20260901-WA0109.jpg?resize=1024%2C755&amp;ssl=1 1024w, https:\/\/i0.wp.com\/redaccionoaxaca.com\/wp-content\/uploads\/2026\/09\/IMG-20260901-WA0109.jpg?resize=768%2C566&amp;ssl=1 768w, https:\/\/i0.wp.com\/redaccionoaxaca.com\/wp-content\/uploads\/2026\/09\/IMG-20260901-WA0109.jpg?resize=1536%2C1132&amp;ssl=1 1536w, https:\/\/i0.wp.com\/redaccionoaxaca.com\/wp-content\/uploads\/2026\/09\/IMG-20260901-WA0109.jpg?resize=570%2C420&amp;ssl=1 570w, https:\/\/i0.wp.com\/redaccionoaxaca.com\/wp-content\/uploads\/2026\/09\/IMG-20260901-WA0109.jpg?resize=80%2C60&amp;ssl=1 80w, https:\/\/i0.wp.com\/redaccionoaxaca.com\/wp-content\/uploads\/2026\/09\/IMG-20260901-WA0109.jpg?resize=696%2C513&amp;ssl=1 696w, https:\/\/i0.wp.com\/redaccionoaxaca.com\/wp-content\/uploads\/2026\/09\/IMG-20260901-WA0109.jpg?resize=1068%2C787&amp;ssl=1 1068w, https:\/\/i0.wp.com\/redaccionoaxaca.com\/wp-content\/uploads\/2026\/09\/IMG-20260901-WA0109.jpg?w=1600&amp;ssl=1 1600w, https:\/\/i0.wp.com\/redaccionoaxaca.com\/wp-content\/uploads\/2026\/09\/IMG-20260901-WA0109.jpg?w=1392&amp;ssl=1 1392w\" sizes=\"auto, (max-width: 300px) 100vw, 300px\" \/><\/p>\n","protected":false},"excerpt":{"rendered":"<p>#Redacci\u00f3nOaxaca #Oaxaca Un pasajero fue detenido en el Aeropuerto Internacional de Oaxaca con 50 mil d\u00f3lares en efectivo, equivalentes a unos 851 mil pesos, cuya procedencia legal no pudo acreditar ante las autoridades. Se trata de V\u00edctor \u201cN\u201d, quien fue detenido por elementos de la Guardia Nacional, en coordinaci\u00f3n con personal de la Agencia Nacional [&hellip;]<\/p>\n","protected":false},"author":9,"featured_media":43670,"comment_status":"open","ping_status":"open","sticky":false,"template":"","format":"standard","meta":{"_jetpack_newsletter_access":"","_jetpack_dont_email_post_to_subs":false,"_jetpack_newsletter_tier_id":0,"_jetpack_memberships_contains_paywalled_content":false,"_jetpack_feature_clip_id":0,"_jetpack_memberships_contains_paid_content":false,"footnotes":"","jetpack_publicize_message":"","jetpack_publicize_feature_enabled":true,"jetpack_social_post_already_shared":true,"jetpack_social_options":{"image_generator_settings":{"template":"highway","default_image_id":0,"font":"","enabled":false},"version":2},"jetpack_post_was_ever_published":false},"categories":[7,3,6],"tags":[],"class_list":{"0":"post-43669","1":"post","2":"type-post","3":"status-publish","4":"format-standard","5":"has-post-thumbnail","7":"category-al-cierre","8":"category-mesa-de-redaccion","9":"category-tendencias"},"jetpack_publicize_connections":[],"jetpack_sharing_enabled":true,"jetpack_shortlink":"https:\/\/wp.me\/p9Ynjw-bml","jetpack-related-posts":[{"id":9711,"url":"https:\/\/redaccionoaxaca.com\/index.php\/2019\/12\/19\/por-irregularidades-en-dos-procesos-electorales-del-2015-al-2018-ine-multo-con-67-mdp-a-partidos-politicos-de-oaxaca\/","url_meta":{"origin":43669,"position":0},"title":"Por irregularidades en dos procesos electorales del 2015 al 2018, INE mult\u00f3 con 67 mdp a Partidos Pol\u00edticos de Oaxaca.","author":"ariadna","date":"diciembre 19, 2019","format":false,"excerpt":"#Redacci\u00f3nOaxaca #Oaxaca Jaime GUERRERO Por irregularidades en los gastos de campa\u00f1a a Senadores, Diputados Federales, Locales y Presidencias Municipales, el Instituto Nacional Electoral (INE) mult\u00f3 con 9 millones 247 mil pesos a partidos pol\u00edticos y candidatos, proceso 2017-2018. As\u00ed mismo, detect\u00f3 irregularidades en los informes de ingresos y gastos de\u2026","rel":"","context":"Entrada similar ","block_context":{"text":"Entrada similar ","link":""},"img":{"alt_text":"","src":"","width":0,"height":0},"classes":[]},{"id":5289,"url":"https:\/\/redaccionoaxaca.com\/index.php\/2019\/02\/11\/por-irregularidades-en-dos-procesos-electorales-ine-multo-con-67-mdp-a-partidos-politicos-de-oaxaca\/","url_meta":{"origin":43669,"position":1},"title":"Por irregularidades en dos procesos electorales, INE mult\u00f3 con 67 mdp a Partidos Pol\u00edticos de Oaxaca","author":"denise","date":"febrero 11, 2019","format":false,"excerpt":"Jaime GUERRRERO #Redacci\u00f3nOaxaca Por irregularidades en los gastos de campa\u00f1a a Senadores, Diputados Federales, Locales y Presidencias Municipales, el Instituto Nacional Electoral (INE) mult\u00f3 con 9 millones 247 mil pesos a partidos pol\u00edticos y candidatos, proceso 2017-2018. As\u00ed mismo, detect\u00f3 irregularidades en los informes de ingresos y gastos de los\u2026","rel":"","context":"En &quot;Agenda Pol\u00edtica&quot;","block_context":{"text":"Agenda Pol\u00edtica","link":"https:\/\/redaccionoaxaca.com\/index.php\/category\/agenda-politica\/"},"img":{"alt_text":"","src":"","width":0,"height":0},"classes":[]},{"id":42709,"url":"https:\/\/redaccionoaxaca.com\/index.php\/2026\/06\/22\/vinculan-a-proceso-a-presunto-extorsionador-por-exigir-70-mil-pesos-de-cobro-de-piso-a-arrendador-en-santa-maria-atzompa\/","url_meta":{"origin":43669,"position":2},"title":"Vinculan a proceso a presunto extorsionador por exigir 70 mil pesos de cobro de piso a arrendador en Santa Mar\u00eda Atzompa","author":"ariadna","date":"junio 22, 2026","format":false,"excerpt":"#Redacci\u00f3nOaxaca #Oaxaca Oaxaca de Ju\u00e1rez, Oax., a 22 de junio de 2026.- La Fiscal\u00eda General del Estado de Oaxaca (FGEO) obtuvo la vinculaci\u00f3n a proceso de un hombre identificado como M.A.G.G., por el delito de extorsi\u00f3n, luego de que presuntamente exigiera a una v\u00edctima el pago de 70 mil pesos\u2026","rel":"","context":"En &quot;Imagen&quot;","block_context":{"text":"Imagen","link":"https:\/\/redaccionoaxaca.com\/index.php\/category\/imagen\/"},"img":{"alt_text":"","src":"https:\/\/i0.wp.com\/redaccionoaxaca.com\/wp-content\/uploads\/2026\/06\/IMG-20260622-WA0075-1-scaled.jpg?fit=1200%2C891&ssl=1&resize=350%2C200","width":350,"height":200,"srcset":"https:\/\/i0.wp.com\/redaccionoaxaca.com\/wp-content\/uploads\/2026\/06\/IMG-20260622-WA0075-1-scaled.jpg?fit=1200%2C891&ssl=1&resize=350%2C200 1x, https:\/\/i0.wp.com\/redaccionoaxaca.com\/wp-content\/uploads\/2026\/06\/IMG-20260622-WA0075-1-scaled.jpg?fit=1200%2C891&ssl=1&resize=525%2C300 1.5x, https:\/\/i0.wp.com\/redaccionoaxaca.com\/wp-content\/uploads\/2026\/06\/IMG-20260622-WA0075-1-scaled.jpg?fit=1200%2C891&ssl=1&resize=700%2C400 2x, https:\/\/i0.wp.com\/redaccionoaxaca.com\/wp-content\/uploads\/2026\/06\/IMG-20260622-WA0075-1-scaled.jpg?fit=1200%2C891&ssl=1&resize=1050%2C600 3x"},"classes":[]},{"id":7361,"url":"https:\/\/redaccionoaxaca.com\/index.php\/2019\/06\/25\/en-media-decada-partidos-politicos-de-oaxaca-dilapidan-650-4-mdp-y-van-por-otros-157-mdp-ine-sanciona-irregularidades\/","url_meta":{"origin":43669,"position":3},"title":"En media d\u00e9cada partidos pol\u00edticos de Oaxaca dilapidan\u00a0650.4 mdp, y van por otros 157 mdp; INE sanciona irregularidades","author":"denise","date":"junio 25, 2019","format":false,"excerpt":"#Redacci\u00f3nOaxaca Jaime GUERRERO En casi media d\u00e9cada -del 2014 al 2018- los Partidos Pol\u00edticos con registro nacional y local en Oaxaca, han gastado 650 millones 495 mil 205 pesos, cuyas prerrogativas, han sido destinadas a su gasto ordinario, capacitaci\u00f3n de mujeres y campa\u00f1as pol\u00edticas de concejales, diputados locales y Gobernador.\u2026","rel":"","context":"En &quot;Agenda Pol\u00edtica&quot;","block_context":{"text":"Agenda Pol\u00edtica","link":"https:\/\/redaccionoaxaca.com\/index.php\/category\/agenda-politica\/"},"img":{"alt_text":"","src":"","width":0,"height":0},"classes":[]},{"id":2422,"url":"https:\/\/redaccionoaxaca.com\/index.php\/2018\/09\/17\/ine-multa-con-67-mdp-a-los-partidos-de-oaxaca-por-irregularidades-en-gastos-de-campana-del-2016-y-2018\/","url_meta":{"origin":43669,"position":4},"title":"INE MULTA CON 67 MDP A LOS PARTIDOS DE OAXACA, POR  IRREGULARIDADES EN GASTOS DE CAMPA\u00d1A DEL 2016 Y 2018  \u00a0","author":"denise","date":"septiembre 17, 2018","format":false,"excerpt":"\u00a0#Redacci\u00f3nOaxaca\u00a0 Jaime Guerrero Por irregularidades en los gastos de campa\u00f1a a Senadores, Diputados Federales, Locales y Presidencias Municipales, el Instituto Nacional Electoral (INE) mult\u00f3 con 9 millones 247 mil pesos a partidos pol\u00edticos y candidatos, proceso 2017-2018. As\u00ed mismo, detect\u00f3 irregularidades en los informes de ingresos y gastos de los\u2026","rel":"","context":"Entrada similar ","block_context":{"text":"Entrada similar ","link":""},"img":{"alt_text":"","src":"","width":0,"height":0},"classes":[]},{"id":27639,"url":"https:\/\/redaccionoaxaca.com\/index.php\/2022\/09\/04\/oaxaca-ultimo-lugar-en-transparentar-contratos-de-obra-publica-7-2-adjudicacion-directa-41-8-por-licitacion-local-y-51-licitacion-nacional\/","url_meta":{"origin":43669,"position":5},"title":"Oaxaca \u00faltimo lugar en transparentar contratos de obra p\u00fablica; 7.2%  adjudicaci\u00f3n directa; 41.8% por licitaci\u00f3n local; y 51 % licitaci\u00f3n nacional","author":"ariadna","date":"septiembre 4, 2022","format":false,"excerpt":"#Redacci\u00f3nOaxaca #Oaxaca Jaime GUERRERO El Censo Nacional de Gobiernos Estatales (CNGE) 2022 revel\u00f3 que Oaxaca ocupa el \u00faltimo lugar a nivel nacional por el monto asociado a los contratos realizados por la administraci\u00f3n p\u00fablica estatal durante el 2021 de obra p\u00fablica. Oaxaca ejerci\u00f3 129 millones 614 mil 435 pesos en\u2026","rel":"","context":"En &quot;Al Cierre&quot;","block_context":{"text":"Al Cierre","link":"https:\/\/redaccionoaxaca.com\/index.php\/category\/al-cierre\/"},"img":{"alt_text":"","src":"","width":0,"height":0},"classes":[]}],"jetpack_featured_media_url":"https:\/\/i0.wp.com\/redaccionoaxaca.com\/wp-content\/uploads\/2026\/09\/IMG-20260901-WA0109.jpg?fit=1600%2C1179&ssl=1","_links":{"self":[{"href":"https:\/\/redaccionoaxaca.com\/index.php\/wp-json\/wp\/v2\/posts\/43669","targetHints":{"allow":["GET"]}}],"collection":[{"href":"https:\/\/redaccionoaxaca.com\/index.php\/wp-json\/wp\/v2\/posts"}],"about":[{"href":"https:\/\/redaccionoaxaca.com\/index.php\/wp-json\/wp\/v2\/types\/post"}],"author":[{"embeddable":true,"href":"https:\/\/redaccionoaxaca.com\/index.php\/wp-json\/wp\/v2\/users\/9"}],"replies":[{"embeddable":true,"href":"https:\/\/redaccionoaxaca.com\/index.php\/wp-json\/wp\/v2\/comments?post=43669"}],"version-history":[{"count":1,"href":"https:\/\/redaccionoaxaca.com\/index.php\/wp-json\/wp\/v2\/posts\/43669\/revisions"}],"predecessor-version":[{"id":43671,"href":"https:\/\/redaccionoaxaca.com\/index.php\/wp-json\/wp\/v2\/posts\/43669\/revisions\/43671"}],"wp:featuredmedia":[{"embeddable":true,"href":"https:\/\/redaccionoaxaca.com\/index.php\/wp-json\/wp\/v2\/media\/43670"}],"wp:attachment":[{"href":"https:\/\/redaccionoaxaca.com\/index.php\/wp-json\/wp\/v2\/media?parent=43669"}],"wp:term":[{"taxonomy":"category","embeddable":true,"href":"https:\/\/redaccionoaxaca.com\/index.php\/wp-json\/wp\/v2\/categories?post=43669"},{"taxonomy":"post_tag","embeddable":true,"href":"https:\/\/redaccionoaxaca.com\/index.php\/wp-json\/wp\/v2\/tags?post=43669"}],"curies":[{"name":"wp","href":"https:\/\/api.w.org\/{rel}","templated":true}]}}