{"id":43672,"date":"2026-09-01T16:54:00","date_gmt":"2026-09-01T22:54:00","guid":{"rendered":"https:\/\/redaccionoaxaca.com\/?p=43672"},"modified":"2026-09-01T16:54:00","modified_gmt":"2026-09-01T22:54:00","slug":"ray-chagoya-fortalece-gestiones-para-el-centro-comunitario-mexico-imparable","status":"publish","type":"post","link":"https:\/\/redaccionoaxaca.com\/index.php\/2026\/09\/01\/ray-chagoya-fortalece-gestiones-para-el-centro-comunitario-mexico-imparable\/","title":{"rendered":"Ray Chagoya fortalece gestiones para el Centro Comunitario M\u00e9xico Imparable"},"content":{"rendered":"<p><strong>#Redacci\u00f3nOaxaca<\/strong><\/p>\n<p style=\"text-align: justify;\"><strong>#Oaxaca<\/strong><\/p>\n<p>Como parte de las gestiones estrat\u00e9gicas en beneficio de las vecinas y vecinos de Oaxaca de Ju\u00e1rez, el presidente municipal Ray Chagoya se reuni\u00f3 este lunes con Miguel Torruco Garza, subsecretario de Prevenci\u00f3n de las Violencias de la Secretar\u00eda de Seguridad y Protecci\u00f3n Ciudadana, para dar seguimiento al proyecto de construcci\u00f3n del Centro Comunitario M\u00e9xico Imparable.<\/p>\n<p><img data-recalc-dims=\"1\" loading=\"lazy\" decoding=\"async\" data-attachment-id=\"43673\" data-permalink=\"https:\/\/redaccionoaxaca.com\/index.php\/2026\/09\/01\/ray-chagoya-fortalece-gestiones-para-el-centro-comunitario-mexico-imparable\/img-20260831-wa0180\/\" data-orig-file=\"https:\/\/i0.wp.com\/redaccionoaxaca.com\/wp-content\/uploads\/2026\/09\/IMG-20260831-WA0180.jpg?fit=1280%2C720&amp;ssl=1\" data-orig-size=\"1280,720\" data-comments-opened=\"1\" data-image-meta=\"{&quot;aperture&quot;:&quot;0&quot;,&quot;credit&quot;:&quot;&quot;,&quot;camera&quot;:&quot;&quot;,&quot;caption&quot;:&quot;&quot;,&quot;created_timestamp&quot;:&quot;0&quot;,&quot;copyright&quot;:&quot;&quot;,&quot;focal_length&quot;:&quot;0&quot;,&quot;iso&quot;:&quot;0&quot;,&quot;shutter_speed&quot;:&quot;0&quot;,&quot;title&quot;:&quot;&quot;,&quot;orientation&quot;:&quot;0&quot;}\" data-image-title=\"IMG-20260831-WA0180\" data-image-description=\"\" data-image-caption=\"\" data-large-file=\"https:\/\/i0.wp.com\/redaccionoaxaca.com\/wp-content\/uploads\/2026\/09\/IMG-20260831-WA0180.jpg?fit=696%2C392&amp;ssl=1\" class=\"size-medium wp-image-43673 aligncenter\" src=\"https:\/\/i0.wp.com\/redaccionoaxaca.com\/wp-content\/uploads\/2026\/09\/IMG-20260831-WA0180.jpg?resize=300%2C169&#038;ssl=1\" alt=\"\" width=\"300\" height=\"169\" srcset=\"https:\/\/i0.wp.com\/redaccionoaxaca.com\/wp-content\/uploads\/2026\/09\/IMG-20260831-WA0180.jpg?resize=300%2C169&amp;ssl=1 300w, https:\/\/i0.wp.com\/redaccionoaxaca.com\/wp-content\/uploads\/2026\/09\/IMG-20260831-WA0180.jpg?resize=1024%2C576&amp;ssl=1 1024w, https:\/\/i0.wp.com\/redaccionoaxaca.com\/wp-content\/uploads\/2026\/09\/IMG-20260831-WA0180.jpg?resize=768%2C432&amp;ssl=1 768w, https:\/\/i0.wp.com\/redaccionoaxaca.com\/wp-content\/uploads\/2026\/09\/IMG-20260831-WA0180.jpg?resize=747%2C420&amp;ssl=1 747w, https:\/\/i0.wp.com\/redaccionoaxaca.com\/wp-content\/uploads\/2026\/09\/IMG-20260831-WA0180.jpg?resize=696%2C392&amp;ssl=1 696w, https:\/\/i0.wp.com\/redaccionoaxaca.com\/wp-content\/uploads\/2026\/09\/IMG-20260831-WA0180.jpg?resize=1068%2C601&amp;ssl=1 1068w, https:\/\/i0.wp.com\/redaccionoaxaca.com\/wp-content\/uploads\/2026\/09\/IMG-20260831-WA0180.jpg?w=1280&amp;ssl=1 1280w\" sizes=\"auto, (max-width: 300px) 100vw, 300px\" \/><\/p>\n<p style=\"text-align: justify;\">El edil destac\u00f3 que este proyecto contribuir\u00e1 al desarrollo social, educativo y comunitario de la capital oaxaque\u00f1a, y ser\u00e1 posible gracias al respaldo de la presidenta de M\u00e9xico, Claudia Sheinbaum Pardo.<\/p>\n<p><img data-recalc-dims=\"1\" loading=\"lazy\" decoding=\"async\" data-attachment-id=\"43674\" data-permalink=\"https:\/\/redaccionoaxaca.com\/index.php\/2026\/09\/01\/ray-chagoya-fortalece-gestiones-para-el-centro-comunitario-mexico-imparable\/img-20260831-wa0179\/\" data-orig-file=\"https:\/\/i0.wp.com\/redaccionoaxaca.com\/wp-content\/uploads\/2026\/09\/IMG-20260831-WA0179.jpg?fit=679%2C536&amp;ssl=1\" data-orig-size=\"679,536\" data-comments-opened=\"1\" data-image-meta=\"{&quot;aperture&quot;:&quot;0&quot;,&quot;credit&quot;:&quot;&quot;,&quot;camera&quot;:&quot;&quot;,&quot;caption&quot;:&quot;&quot;,&quot;created_timestamp&quot;:&quot;0&quot;,&quot;copyright&quot;:&quot;&quot;,&quot;focal_length&quot;:&quot;0&quot;,&quot;iso&quot;:&quot;0&quot;,&quot;shutter_speed&quot;:&quot;0&quot;,&quot;title&quot;:&quot;&quot;,&quot;orientation&quot;:&quot;0&quot;}\" data-image-title=\"IMG-20260831-WA0179\" data-image-description=\"\" data-image-caption=\"\" data-large-file=\"https:\/\/i0.wp.com\/redaccionoaxaca.com\/wp-content\/uploads\/2026\/09\/IMG-20260831-WA0179.jpg?fit=679%2C536&amp;ssl=1\" class=\"size-medium wp-image-43674 aligncenter\" src=\"https:\/\/i0.wp.com\/redaccionoaxaca.com\/wp-content\/uploads\/2026\/09\/IMG-20260831-WA0179.jpg?resize=300%2C237&#038;ssl=1\" alt=\"\" width=\"300\" height=\"237\" srcset=\"https:\/\/i0.wp.com\/redaccionoaxaca.com\/wp-content\/uploads\/2026\/09\/IMG-20260831-WA0179.jpg?resize=300%2C237&amp;ssl=1 300w, https:\/\/i0.wp.com\/redaccionoaxaca.com\/wp-content\/uploads\/2026\/09\/IMG-20260831-WA0179.jpg?resize=532%2C420&amp;ssl=1 532w, https:\/\/i0.wp.com\/redaccionoaxaca.com\/wp-content\/uploads\/2026\/09\/IMG-20260831-WA0179.jpg?w=679&amp;ssl=1 679w\" sizes=\"auto, (max-width: 300px) 100vw, 300px\" \/><\/p>\n<p style=\"text-align: justify;\">El nuevo centro ser\u00e1 un espacio dedicado a promover la convivencia, el desarrollo integral, la cultura y el deporte, con el objetivo de garantizar derechos y prevenir las violencias. Sus actividades beneficiar\u00e1n a ni\u00f1as, ni\u00f1os, j\u00f3venes y personas adultas de distintos sectores de la Verde Antequera.<\/p>\n<p><img data-recalc-dims=\"1\" loading=\"lazy\" decoding=\"async\" data-attachment-id=\"43675\" data-permalink=\"https:\/\/redaccionoaxaca.com\/index.php\/2026\/09\/01\/ray-chagoya-fortalece-gestiones-para-el-centro-comunitario-mexico-imparable\/img-20260831-wa0181\/\" data-orig-file=\"https:\/\/i0.wp.com\/redaccionoaxaca.com\/wp-content\/uploads\/2026\/09\/IMG-20260831-WA0181.jpg?fit=1280%2C720&amp;ssl=1\" data-orig-size=\"1280,720\" data-comments-opened=\"1\" data-image-meta=\"{&quot;aperture&quot;:&quot;0&quot;,&quot;credit&quot;:&quot;&quot;,&quot;camera&quot;:&quot;&quot;,&quot;caption&quot;:&quot;&quot;,&quot;created_timestamp&quot;:&quot;0&quot;,&quot;copyright&quot;:&quot;&quot;,&quot;focal_length&quot;:&quot;0&quot;,&quot;iso&quot;:&quot;0&quot;,&quot;shutter_speed&quot;:&quot;0&quot;,&quot;title&quot;:&quot;&quot;,&quot;orientation&quot;:&quot;0&quot;}\" data-image-title=\"IMG-20260831-WA0181\" data-image-description=\"\" data-image-caption=\"\" data-large-file=\"https:\/\/i0.wp.com\/redaccionoaxaca.com\/wp-content\/uploads\/2026\/09\/IMG-20260831-WA0181.jpg?fit=696%2C392&amp;ssl=1\" class=\"size-medium wp-image-43675 aligncenter\" src=\"https:\/\/i0.wp.com\/redaccionoaxaca.com\/wp-content\/uploads\/2026\/09\/IMG-20260831-WA0181.jpg?resize=300%2C169&#038;ssl=1\" alt=\"\" width=\"300\" height=\"169\" srcset=\"https:\/\/i0.wp.com\/redaccionoaxaca.com\/wp-content\/uploads\/2026\/09\/IMG-20260831-WA0181.jpg?resize=300%2C169&amp;ssl=1 300w, https:\/\/i0.wp.com\/redaccionoaxaca.com\/wp-content\/uploads\/2026\/09\/IMG-20260831-WA0181.jpg?resize=1024%2C576&amp;ssl=1 1024w, https:\/\/i0.wp.com\/redaccionoaxaca.com\/wp-content\/uploads\/2026\/09\/IMG-20260831-WA0181.jpg?resize=768%2C432&amp;ssl=1 768w, https:\/\/i0.wp.com\/redaccionoaxaca.com\/wp-content\/uploads\/2026\/09\/IMG-20260831-WA0181.jpg?resize=747%2C420&amp;ssl=1 747w, https:\/\/i0.wp.com\/redaccionoaxaca.com\/wp-content\/uploads\/2026\/09\/IMG-20260831-WA0181.jpg?resize=696%2C392&amp;ssl=1 696w, https:\/\/i0.wp.com\/redaccionoaxaca.com\/wp-content\/uploads\/2026\/09\/IMG-20260831-WA0181.jpg?resize=1068%2C601&amp;ssl=1 1068w, https:\/\/i0.wp.com\/redaccionoaxaca.com\/wp-content\/uploads\/2026\/09\/IMG-20260831-WA0181.jpg?w=1280&amp;ssl=1 1280w\" sizes=\"auto, (max-width: 300px) 100vw, 300px\" \/><\/p>\n<p>&nbsp;<\/p>\n","protected":false},"excerpt":{"rendered":"<p>#Redacci\u00f3nOaxaca #Oaxaca Como parte de las gestiones estrat\u00e9gicas en beneficio de las vecinas y vecinos de Oaxaca de Ju\u00e1rez, el presidente municipal Ray Chagoya se reuni\u00f3 este lunes con Miguel Torruco Garza, subsecretario de Prevenci\u00f3n de las Violencias de la Secretar\u00eda de Seguridad y Protecci\u00f3n Ciudadana, para dar seguimiento al proyecto de construcci\u00f3n del Centro [&hellip;]<\/p>\n","protected":false},"author":9,"featured_media":0,"comment_status":"open","ping_status":"open","sticky":false,"template":"","format":"standard","meta":{"_jetpack_newsletter_access":"","_jetpack_dont_email_post_to_subs":false,"_jetpack_newsletter_tier_id":0,"_jetpack_memberships_contains_paywalled_content":false,"_jetpack_feature_clip_id":0,"_jetpack_memberships_contains_paid_content":false,"footnotes":"","jetpack_publicize_message":"","jetpack_publicize_feature_enabled":true,"jetpack_social_post_already_shared":true,"jetpack_social_options":{"image_generator_settings":{"template":"highway","default_image_id":0,"font":"","enabled":false},"version":2},"jetpack_post_was_ever_published":false},"categories":[7,5,3],"tags":[],"class_list":{"0":"post-43672","1":"post","2":"type-post","3":"status-publish","4":"format-standard","6":"category-al-cierre","7":"category-imagen","8":"category-mesa-de-redaccion"},"jetpack_publicize_connections":[],"jetpack_sharing_enabled":true,"jetpack_shortlink":"https:\/\/wp.me\/p9Ynjw-bmo","jetpack-related-posts":[{"id":42410,"url":"https:\/\/redaccionoaxaca.com\/index.php\/2026\/06\/05\/anuncia-ray-chagoya-construccion-del-centro-comunitario-mexico-imparable-en-oaxaca-de-juarez\/","url_meta":{"origin":43672,"position":0},"title":"Anuncia Ray Chagoya construcci\u00f3n del Centro Comunitario M\u00e9xico Imparable en Oaxaca de Ju\u00e1rez","author":"ariadna","date":"junio 5, 2026","format":"video","excerpt":"#Redacci\u00f3nOaxaca #Oaxaca El presidente municipal de Oaxaca de Ju\u00e1rez, Ray Chagoya, anunci\u00f3 la construcci\u00f3n del Centro Comunitario M\u00e9xico Imparable en la capital oaxaque\u00f1a, un proyecto que fortalecer\u00e1 el desarrollo social, educativo y comunitario de las vecinas y vecinos de la ciudad. Este importante logro es resultado de las gestiones realizadas\u2026","rel":"","context":"En &quot;Agenda Pol\u00edtica&quot;","block_context":{"text":"Agenda Pol\u00edtica","link":"https:\/\/redaccionoaxaca.com\/index.php\/category\/agenda-politica\/"},"img":{"alt_text":"","src":"https:\/\/i0.wp.com\/redaccionoaxaca.com\/wp-content\/uploads\/2026\/06\/IMG-20260605-WA0040-scaled.jpg?fit=1200%2C676&ssl=1&resize=350%2C200","width":350,"height":200,"srcset":"https:\/\/i0.wp.com\/redaccionoaxaca.com\/wp-content\/uploads\/2026\/06\/IMG-20260605-WA0040-scaled.jpg?fit=1200%2C676&ssl=1&resize=350%2C200 1x, https:\/\/i0.wp.com\/redaccionoaxaca.com\/wp-content\/uploads\/2026\/06\/IMG-20260605-WA0040-scaled.jpg?fit=1200%2C676&ssl=1&resize=525%2C300 1.5x, https:\/\/i0.wp.com\/redaccionoaxaca.com\/wp-content\/uploads\/2026\/06\/IMG-20260605-WA0040-scaled.jpg?fit=1200%2C676&ssl=1&resize=700%2C400 2x, https:\/\/i0.wp.com\/redaccionoaxaca.com\/wp-content\/uploads\/2026\/06\/IMG-20260605-WA0040-scaled.jpg?fit=1200%2C676&ssl=1&resize=1050%2C600 3x"},"classes":[]},{"id":41536,"url":"https:\/\/redaccionoaxaca.com\/index.php\/2026\/04\/14\/alistan-centro-de-paz-en-pueblo-nuevo-y-paso-a-desnivel-en-viguera\/","url_meta":{"origin":43672,"position":1},"title":"Alistan centro de paz en Pueblo Nuevo y paso a desnivel en Viguera","author":"ariadna","date":"abril 14, 2026","format":false,"excerpt":"#Redacci\u00f3nOaxaca #Oaxaca Ariadna Mendoza El presidente municipal Ray Chagoya confirm\u00f3 que su gobierno impulsa la construcci\u00f3n de un centro comunitario en Pueblo Nuevo como parte de la estrategia federal de \u201cterritorios de paz\u201d, adem\u00e1s de prever el arranque del paso a desnivel en Viguera para despu\u00e9s de mediados de mayo.\u2026","rel":"","context":"En &quot;Imagen&quot;","block_context":{"text":"Imagen","link":"https:\/\/redaccionoaxaca.com\/index.php\/category\/imagen\/"},"img":{"alt_text":"","src":"https:\/\/i0.wp.com\/redaccionoaxaca.com\/wp-content\/uploads\/2026\/04\/Screenshot_20260414_194712_Gallery-scaled.jpg?fit=1200%2C664&ssl=1&resize=350%2C200","width":350,"height":200,"srcset":"https:\/\/i0.wp.com\/redaccionoaxaca.com\/wp-content\/uploads\/2026\/04\/Screenshot_20260414_194712_Gallery-scaled.jpg?fit=1200%2C664&ssl=1&resize=350%2C200 1x, https:\/\/i0.wp.com\/redaccionoaxaca.com\/wp-content\/uploads\/2026\/04\/Screenshot_20260414_194712_Gallery-scaled.jpg?fit=1200%2C664&ssl=1&resize=525%2C300 1.5x, https:\/\/i0.wp.com\/redaccionoaxaca.com\/wp-content\/uploads\/2026\/04\/Screenshot_20260414_194712_Gallery-scaled.jpg?fit=1200%2C664&ssl=1&resize=700%2C400 2x, https:\/\/i0.wp.com\/redaccionoaxaca.com\/wp-content\/uploads\/2026\/04\/Screenshot_20260414_194712_Gallery-scaled.jpg?fit=1200%2C664&ssl=1&resize=1050%2C600 3x"},"classes":[]},{"id":43368,"url":"https:\/\/redaccionoaxaca.com\/index.php\/2026\/08\/06\/ray-chagoya-supervisa-que-el-banco-de-materiales-se-traduzca-en-obras-comunitarias-en-viguera\/","url_meta":{"origin":43672,"position":2},"title":"Ray Chagoya supervisa que el Banco de Materiales se traduzca en obras comunitarias en Viguera","author":"ariadna","date":"agosto 6, 2026","format":false,"excerpt":"#Redacci\u00f3nOaxaca #Oaxaca En la agencia municipal de Trinidad de Viguera, el presidente municipal de Oaxaca de Ju\u00e1rez, Ray Chagoya, acompa\u00f1ado del agente municipal Jes\u00fas Franco Ju\u00e1rez e integrantes de su Cabildo, constat\u00f3 que las herramientas entregadas a trav\u00e9s del Banco de Materiales se utilizan en el mejoramiento de banquetas y\u2026","rel":"","context":"En &quot;Al Cierre&quot;","block_context":{"text":"Al Cierre","link":"https:\/\/redaccionoaxaca.com\/index.php\/category\/al-cierre\/"},"img":{"alt_text":"","src":"https:\/\/i0.wp.com\/redaccionoaxaca.com\/wp-content\/uploads\/2026\/08\/IMG-20260806-WA0046.jpg?fit=1200%2C801&ssl=1&resize=350%2C200","width":350,"height":200,"srcset":"https:\/\/i0.wp.com\/redaccionoaxaca.com\/wp-content\/uploads\/2026\/08\/IMG-20260806-WA0046.jpg?fit=1200%2C801&ssl=1&resize=350%2C200 1x, https:\/\/i0.wp.com\/redaccionoaxaca.com\/wp-content\/uploads\/2026\/08\/IMG-20260806-WA0046.jpg?fit=1200%2C801&ssl=1&resize=525%2C300 1.5x, https:\/\/i0.wp.com\/redaccionoaxaca.com\/wp-content\/uploads\/2026\/08\/IMG-20260806-WA0046.jpg?fit=1200%2C801&ssl=1&resize=700%2C400 2x, https:\/\/i0.wp.com\/redaccionoaxaca.com\/wp-content\/uploads\/2026\/08\/IMG-20260806-WA0046.jpg?fit=1200%2C801&ssl=1&resize=1050%2C600 3x"},"classes":[]},{"id":36788,"url":"https:\/\/redaccionoaxaca.com\/index.php\/2025\/05\/12\/encabezan-ray-chagoya-y-salomon-jara-cruz-recorrido-por-agencias-municipales-para-anunciar-inversion-historica\/","url_meta":{"origin":43672,"position":3},"title":"Encabezan Ray Chagoya y Salom\u00f3n Jara Cruz recorrido por agencias municipales para anunciar inversi\u00f3n hist\u00f3rica","author":"ariadna","date":"mayo 12, 2025","format":false,"excerpt":"#Redacci\u00f3nOaxaca #Oaxaca - Oaxaca de Ju\u00e1rez ser\u00e1 parte de la asignaci\u00f3n de 25 millones de pesos para el bienestar comunitario. - Los recursos forman parte del Fondo de Aportaciones para la Infraestructura Social (FAIS) del Gobierno Federal. Oaxaca de Ju\u00e1rez, Oax. 11 de mayo de 2025.- El presidente municipal de\u2026","rel":"","context":"En &quot;Agenda Pol\u00edtica&quot;","block_context":{"text":"Agenda Pol\u00edtica","link":"https:\/\/redaccionoaxaca.com\/index.php\/category\/agenda-politica\/"},"img":{"alt_text":"","src":"https:\/\/i0.wp.com\/redaccionoaxaca.com\/wp-content\/uploads\/2025\/05\/FB_IMG_1747062148829-300x190.jpg?resize=350%2C200&ssl=1","width":350,"height":200},"classes":[]},{"id":37145,"url":"https:\/\/redaccionoaxaca.com\/index.php\/2025\/06\/04\/arranca-en-territorio-el-primer-dialogo-vecinal-encabezado-por-el-presidente-municipal-ray-chagoya\/","url_meta":{"origin":43672,"position":4},"title":"Arranca en territorio el primer di\u00e1logo vecinal encabezado por el presidente municipal Ray Chagoya","author":"ariadna","date":"junio 4, 2025","format":false,"excerpt":"#Redacci\u00f3nOaxaca #Oaxaca - Fortalecen lazos de cercan\u00eda con vecinas y vecinos en Trinidad de Viguera Oaxaca de Ju\u00e1rez, Oax., 4 de junio de 2025.-Con el objetivo de construir un gobierno cada vez m\u00e1s cercano y sensible a las necesidades de su gente, el presidente municipal Ray Chagoya encabez\u00f3 el primer\u2026","rel":"","context":"En &quot;Agenda Pol\u00edtica&quot;","block_context":{"text":"Agenda Pol\u00edtica","link":"https:\/\/redaccionoaxaca.com\/index.php\/category\/agenda-politica\/"},"img":{"alt_text":"","src":"https:\/\/i0.wp.com\/redaccionoaxaca.com\/wp-content\/uploads\/2025\/06\/IMG-20250604-WA0247-300x200.jpg?resize=350%2C200&ssl=1","width":350,"height":200},"classes":[]},{"id":37816,"url":"https:\/\/redaccionoaxaca.com\/index.php\/2025\/08\/13\/trabajadores-del-telebachillerato-comunitario-anuncian-posible-huelga-en-oaxaca\/","url_meta":{"origin":43672,"position":5},"title":"Trabajadores del Telebachillerato Comunitario anuncian posible huelga en Oaxaca","author":"ariadna","date":"agosto 13, 2025","format":false,"excerpt":"#Redacci\u00f3nOaxaca #Oaxaca El Sindicato \u00danico de Trabajadores del Telebachillerato Comunitario del Estado de Oaxaca (SUTTEBCO) advirti\u00f3 que, de no recibir una respuesta por parte del gobierno estatal sobre mejoras salariales y condiciones laborales, estallar\u00e1n una huelga a partir del 18 de este mes. La dirigente sindical, Suriza Garc\u00eda Garc\u00eda, se\u00f1al\u00f3\u2026","rel":"","context":"En &quot;Agenda Pol\u00edtica&quot;","block_context":{"text":"Agenda Pol\u00edtica","link":"https:\/\/redaccionoaxaca.com\/index.php\/category\/agenda-politica\/"},"img":{"alt_text":"","src":"https:\/\/i0.wp.com\/redaccionoaxaca.com\/wp-content\/uploads\/2025\/08\/Screenshot_20250813_135245_Gallery-scaled.jpg?fit=1200%2C680&ssl=1&resize=350%2C200","width":350,"height":200,"srcset":"https:\/\/i0.wp.com\/redaccionoaxaca.com\/wp-content\/uploads\/2025\/08\/Screenshot_20250813_135245_Gallery-scaled.jpg?fit=1200%2C680&ssl=1&resize=350%2C200 1x, https:\/\/i0.wp.com\/redaccionoaxaca.com\/wp-content\/uploads\/2025\/08\/Screenshot_20250813_135245_Gallery-scaled.jpg?fit=1200%2C680&ssl=1&resize=525%2C300 1.5x, https:\/\/i0.wp.com\/redaccionoaxaca.com\/wp-content\/uploads\/2025\/08\/Screenshot_20250813_135245_Gallery-scaled.jpg?fit=1200%2C680&ssl=1&resize=700%2C400 2x, https:\/\/i0.wp.com\/redaccionoaxaca.com\/wp-content\/uploads\/2025\/08\/Screenshot_20250813_135245_Gallery-scaled.jpg?fit=1200%2C680&ssl=1&resize=1050%2C600 3x"},"classes":[]}],"jetpack_featured_media_url":"","_links":{"self":[{"href":"https:\/\/redaccionoaxaca.com\/index.php\/wp-json\/wp\/v2\/posts\/43672","targetHints":{"allow":["GET"]}}],"collection":[{"href":"https:\/\/redaccionoaxaca.com\/index.php\/wp-json\/wp\/v2\/posts"}],"about":[{"href":"https:\/\/redaccionoaxaca.com\/index.php\/wp-json\/wp\/v2\/types\/post"}],"author":[{"embeddable":true,"href":"https:\/\/redaccionoaxaca.com\/index.php\/wp-json\/wp\/v2\/users\/9"}],"replies":[{"embeddable":true,"href":"https:\/\/redaccionoaxaca.com\/index.php\/wp-json\/wp\/v2\/comments?post=43672"}],"version-history":[{"count":1,"href":"https:\/\/redaccionoaxaca.com\/index.php\/wp-json\/wp\/v2\/posts\/43672\/revisions"}],"predecessor-version":[{"id":43676,"href":"https:\/\/redaccionoaxaca.com\/index.php\/wp-json\/wp\/v2\/posts\/43672\/revisions\/43676"}],"wp:attachment":[{"href":"https:\/\/redaccionoaxaca.com\/index.php\/wp-json\/wp\/v2\/media?parent=43672"}],"wp:term":[{"taxonomy":"category","embeddable":true,"href":"https:\/\/redaccionoaxaca.com\/index.php\/wp-json\/wp\/v2\/categories?post=43672"},{"taxonomy":"post_tag","embeddable":true,"href":"https:\/\/redaccionoaxaca.com\/index.php\/wp-json\/wp\/v2\/tags?post=43672"}],"curies":[{"name":"wp","href":"https:\/\/api.w.org\/{rel}","templated":true}]}}