{"id":43677,"date":"2026-09-01T17:17:10","date_gmt":"2026-09-01T23:17:10","guid":{"rendered":"https:\/\/redaccionoaxaca.com\/?p=43677"},"modified":"2026-09-01T17:17:10","modified_gmt":"2026-09-01T23:17:10","slug":"reconocer-los-derechos-de-las-mujeres-rurales-es-hacer-justicia-con-quienes-trabajan-por-oaxaca-tania-caballero-navarro","status":"publish","type":"post","link":"https:\/\/redaccionoaxaca.com\/index.php\/2026\/09\/01\/reconocer-los-derechos-de-las-mujeres-rurales-es-hacer-justicia-con-quienes-trabajan-por-oaxaca-tania-caballero-navarro\/","title":{"rendered":"\u00abReconocer los derechos de las mujeres rurales es hacer justicia con quienes trabajan por Oaxaca\u00bb: Tania Caballero Navarro"},"content":{"rendered":"<p><strong>#Redacci\u00f3nOaxaca<\/strong><\/p>\n<p><strong>#Oaxaca<\/strong><\/p>\n<p style=\"text-align: justify;\">* <em>La presidenta de la Jucopo encabez\u00f3 el \u201cCongreso de la Mujer Oaxaque\u00f1a 2026\u201d para recibir propuestas respecto a la Ley para el Reconocimiento, Desarrollo y Empoderamiento de la Mujer Rural Oaxaque\u00f1a<\/em><\/p>\n<p style=\"text-align: justify;\">Santa Luc\u00eda del Camino, Oax., a 1 de agosto de 2026.- \u00abEn nuestro estado, las mujeres rurales han trabajado la tierra durante generaciones enteras. La siembran, la cuidan y producen nuestros alimentos; sostienen a sus familias y participan todos los d\u00edas en la vida de sus comunidades. Pero muchas veces esa misma tierra que trabajan no les pertenece legalmente\u00bb, afirm\u00f3 la presidenta de la Junta de Coordinaci\u00f3n Pol\u00edtica (Jucopo), diputada Tania Caballero Navarro, al dar la bienvenida a las representantes de diversas comunidades congregadas en el \u201cCongreso de la Mujer Oaxaque\u00f1a 2026\u201d.<\/p>\n<p><img data-recalc-dims=\"1\" loading=\"lazy\" decoding=\"async\" data-attachment-id=\"43678\" data-permalink=\"https:\/\/redaccionoaxaca.com\/index.php\/2026\/09\/01\/reconocer-los-derechos-de-las-mujeres-rurales-es-hacer-justicia-con-quienes-trabajan-por-oaxaca-tania-caballero-navarro\/screenshot_20260901_171425_facebook\/\" data-orig-file=\"https:\/\/i0.wp.com\/redaccionoaxaca.com\/wp-content\/uploads\/2026\/09\/Screenshot_20260901_171425_Facebook-scaled.jpg?fit=2560%2C1960&amp;ssl=1\" data-orig-size=\"2560,1960\" data-comments-opened=\"1\" data-image-meta=\"{&quot;aperture&quot;:&quot;0&quot;,&quot;credit&quot;:&quot;&quot;,&quot;camera&quot;:&quot;&quot;,&quot;caption&quot;:&quot;&quot;,&quot;created_timestamp&quot;:&quot;0&quot;,&quot;copyright&quot;:&quot;&quot;,&quot;focal_length&quot;:&quot;0&quot;,&quot;iso&quot;:&quot;0&quot;,&quot;shutter_speed&quot;:&quot;0&quot;,&quot;title&quot;:&quot;&quot;,&quot;orientation&quot;:&quot;1&quot;}\" data-image-title=\"Screenshot_20260901_171425_Facebook\" data-image-description=\"\" data-image-caption=\"\" data-large-file=\"https:\/\/i0.wp.com\/redaccionoaxaca.com\/wp-content\/uploads\/2026\/09\/Screenshot_20260901_171425_Facebook-scaled.jpg?fit=696%2C533&amp;ssl=1\" class=\"size-medium wp-image-43678 aligncenter\" src=\"https:\/\/i0.wp.com\/redaccionoaxaca.com\/wp-content\/uploads\/2026\/09\/Screenshot_20260901_171425_Facebook.jpg?resize=300%2C230&#038;ssl=1\" alt=\"\" width=\"300\" height=\"230\" srcset=\"https:\/\/i0.wp.com\/redaccionoaxaca.com\/wp-content\/uploads\/2026\/09\/Screenshot_20260901_171425_Facebook-scaled.jpg?resize=300%2C230&amp;ssl=1 300w, https:\/\/i0.wp.com\/redaccionoaxaca.com\/wp-content\/uploads\/2026\/09\/Screenshot_20260901_171425_Facebook-scaled.jpg?resize=1024%2C784&amp;ssl=1 1024w, https:\/\/i0.wp.com\/redaccionoaxaca.com\/wp-content\/uploads\/2026\/09\/Screenshot_20260901_171425_Facebook-scaled.jpg?resize=768%2C588&amp;ssl=1 768w, https:\/\/i0.wp.com\/redaccionoaxaca.com\/wp-content\/uploads\/2026\/09\/Screenshot_20260901_171425_Facebook-scaled.jpg?resize=1536%2C1176&amp;ssl=1 1536w, https:\/\/i0.wp.com\/redaccionoaxaca.com\/wp-content\/uploads\/2026\/09\/Screenshot_20260901_171425_Facebook-scaled.jpg?resize=2048%2C1568&amp;ssl=1 2048w, https:\/\/i0.wp.com\/redaccionoaxaca.com\/wp-content\/uploads\/2026\/09\/Screenshot_20260901_171425_Facebook-scaled.jpg?resize=549%2C420&amp;ssl=1 549w, https:\/\/i0.wp.com\/redaccionoaxaca.com\/wp-content\/uploads\/2026\/09\/Screenshot_20260901_171425_Facebook-scaled.jpg?resize=80%2C60&amp;ssl=1 80w, https:\/\/i0.wp.com\/redaccionoaxaca.com\/wp-content\/uploads\/2026\/09\/Screenshot_20260901_171425_Facebook-scaled.jpg?resize=696%2C533&amp;ssl=1 696w, https:\/\/i0.wp.com\/redaccionoaxaca.com\/wp-content\/uploads\/2026\/09\/Screenshot_20260901_171425_Facebook-scaled.jpg?resize=1068%2C818&amp;ssl=1 1068w, https:\/\/i0.wp.com\/redaccionoaxaca.com\/wp-content\/uploads\/2026\/09\/Screenshot_20260901_171425_Facebook-scaled.jpg?w=1392&amp;ssl=1 1392w\" sizes=\"auto, (max-width: 300px) 100vw, 300px\" \/><\/p>\n<p style=\"text-align: justify;\">La legisladora encabez\u00f3 los trabajos de la Audiencia P\u00fablica destinada a recabar propuestas de la ciudadan\u00eda para el estudio y dictaminaci\u00f3n de la Iniciativa de Ley para el Reconocimiento, Desarrollo y Empoderamiento de la Mujer Rural Oaxaque\u00f1a. Esta propuesta legislativa tiene como prop\u00f3sito central garantizar la certeza jur\u00eddica sobre la propiedad de la tierra y promover la equidad sustantiva en el campo oaxaque\u00f1o.<\/p>\n<p style=\"text-align: justify;\">Durante su intervenci\u00f3n, Caballero Navarro enfatiz\u00f3 la urgencia de corregir las brechas hist\u00f3ricas que afectan al sector. Precis\u00f3 que, aunque en Oaxaca habita m\u00e1s de un mill\u00f3n de mujeres rurales, \u00fanicamente el 22 por ciento de las personas con derechos agrarios legalmente reconocidos son mujeres. Destac\u00f3 que detr\u00e1s de esta cifra subyacen din\u00e1micas de desigualdad que impiden a las productoras decidir sobre las parcelas que trabajan y limitan su acceso a financiamientos o programas de fomento productivo.<\/p>\n<p style=\"text-align: justify;\">La legisladora subray\u00f3 la determinaci\u00f3n de la LXVI Legislatura para construir un marco normativo basado en las necesidades reales del territorio. \u00abQueremos escucharlas, conocer lo que viven en sus comunidades, los problemas que enfrentan y qu\u00e9 tenemos que cambiar desde la ley. Quienes conocen la realidad son ustedes, y si queremos hacer buenas leyes, tenemos que escuchar primero a las personas a quienes van a beneficiar\u00bb, asever\u00f3.<\/p>\n<p style=\"text-align: justify;\">Caballero Navarro reiter\u00f3 el compromiso del Congreso del Estado de mantener un Parlamento Abierto donde las aportaciones vertidas por las asistentes sean incorporadas al dictamen final, consolidando una legislaci\u00f3n orientada al desarrollo integral de las comunidades rurales.<\/p>\n<p><img data-recalc-dims=\"1\" loading=\"lazy\" decoding=\"async\" data-attachment-id=\"43679\" data-permalink=\"https:\/\/redaccionoaxaca.com\/index.php\/2026\/09\/01\/reconocer-los-derechos-de-las-mujeres-rurales-es-hacer-justicia-con-quienes-trabajan-por-oaxaca-tania-caballero-navarro\/screenshot_20260901_171429_facebook\/\" data-orig-file=\"https:\/\/i0.wp.com\/redaccionoaxaca.com\/wp-content\/uploads\/2026\/09\/Screenshot_20260901_171429_Facebook-scaled.jpg?fit=2560%2C1463&amp;ssl=1\" data-orig-size=\"2560,1463\" data-comments-opened=\"1\" data-image-meta=\"{&quot;aperture&quot;:&quot;0&quot;,&quot;credit&quot;:&quot;&quot;,&quot;camera&quot;:&quot;&quot;,&quot;caption&quot;:&quot;&quot;,&quot;created_timestamp&quot;:&quot;0&quot;,&quot;copyright&quot;:&quot;&quot;,&quot;focal_length&quot;:&quot;0&quot;,&quot;iso&quot;:&quot;0&quot;,&quot;shutter_speed&quot;:&quot;0&quot;,&quot;title&quot;:&quot;&quot;,&quot;orientation&quot;:&quot;1&quot;}\" data-image-title=\"Screenshot_20260901_171429_Facebook\" data-image-description=\"\" data-image-caption=\"\" data-large-file=\"https:\/\/i0.wp.com\/redaccionoaxaca.com\/wp-content\/uploads\/2026\/09\/Screenshot_20260901_171429_Facebook-scaled.jpg?fit=696%2C398&amp;ssl=1\" class=\"size-medium wp-image-43679 aligncenter\" src=\"https:\/\/i0.wp.com\/redaccionoaxaca.com\/wp-content\/uploads\/2026\/09\/Screenshot_20260901_171429_Facebook.jpg?resize=300%2C171&#038;ssl=1\" alt=\"\" width=\"300\" height=\"171\" srcset=\"https:\/\/i0.wp.com\/redaccionoaxaca.com\/wp-content\/uploads\/2026\/09\/Screenshot_20260901_171429_Facebook-scaled.jpg?resize=300%2C171&amp;ssl=1 300w, https:\/\/i0.wp.com\/redaccionoaxaca.com\/wp-content\/uploads\/2026\/09\/Screenshot_20260901_171429_Facebook-scaled.jpg?resize=1024%2C585&amp;ssl=1 1024w, https:\/\/i0.wp.com\/redaccionoaxaca.com\/wp-content\/uploads\/2026\/09\/Screenshot_20260901_171429_Facebook-scaled.jpg?resize=768%2C439&amp;ssl=1 768w, https:\/\/i0.wp.com\/redaccionoaxaca.com\/wp-content\/uploads\/2026\/09\/Screenshot_20260901_171429_Facebook-scaled.jpg?resize=1536%2C878&amp;ssl=1 1536w, https:\/\/i0.wp.com\/redaccionoaxaca.com\/wp-content\/uploads\/2026\/09\/Screenshot_20260901_171429_Facebook-scaled.jpg?resize=2048%2C1171&amp;ssl=1 2048w, https:\/\/i0.wp.com\/redaccionoaxaca.com\/wp-content\/uploads\/2026\/09\/Screenshot_20260901_171429_Facebook-scaled.jpg?resize=735%2C420&amp;ssl=1 735w, https:\/\/i0.wp.com\/redaccionoaxaca.com\/wp-content\/uploads\/2026\/09\/Screenshot_20260901_171429_Facebook-scaled.jpg?resize=696%2C398&amp;ssl=1 696w, https:\/\/i0.wp.com\/redaccionoaxaca.com\/wp-content\/uploads\/2026\/09\/Screenshot_20260901_171429_Facebook-scaled.jpg?resize=1068%2C610&amp;ssl=1 1068w, https:\/\/i0.wp.com\/redaccionoaxaca.com\/wp-content\/uploads\/2026\/09\/Screenshot_20260901_171429_Facebook-scaled.jpg?w=1392&amp;ssl=1 1392w\" sizes=\"auto, (max-width: 300px) 100vw, 300px\" \/><\/p>\n","protected":false},"excerpt":{"rendered":"<p>#Redacci\u00f3nOaxaca #Oaxaca * La presidenta de la Jucopo encabez\u00f3 el \u201cCongreso de la Mujer Oaxaque\u00f1a 2026\u201d para recibir propuestas respecto a la Ley para el Reconocimiento, Desarrollo y Empoderamiento de la Mujer Rural Oaxaque\u00f1a Santa Luc\u00eda del Camino, Oax., a 1 de agosto de 2026.- \u00abEn nuestro estado, las mujeres rurales han trabajado la tierra [&hellip;]<\/p>\n","protected":false},"author":9,"featured_media":43678,"comment_status":"open","ping_status":"open","sticky":false,"template":"","format":"standard","meta":{"_jetpack_newsletter_access":"","_jetpack_dont_email_post_to_subs":false,"_jetpack_newsletter_tier_id":0,"_jetpack_memberships_contains_paywalled_content":false,"_jetpack_feature_clip_id":0,"_jetpack_memberships_contains_paid_content":false,"footnotes":"","jetpack_publicize_message":"","jetpack_publicize_feature_enabled":true,"jetpack_social_post_already_shared":true,"jetpack_social_options":{"image_generator_settings":{"template":"highway","default_image_id":0,"font":"","enabled":false},"version":2},"jetpack_post_was_ever_published":false},"categories":[4,7,5],"tags":[],"class_list":{"0":"post-43677","1":"post","2":"type-post","3":"status-publish","4":"format-standard","5":"has-post-thumbnail","7":"category-agenda-politica","8":"category-al-cierre","9":"category-imagen"},"jetpack_publicize_connections":[],"jetpack_sharing_enabled":true,"jetpack_shortlink":"https:\/\/wp.me\/p9Ynjw-bmt","jetpack-related-posts":[{"id":40912,"url":"https:\/\/redaccionoaxaca.com\/index.php\/2026\/03\/10\/poder-legislativo-otorga-medalla-juana-catalina-egana-a-cinco-mujeres-oaxaquenas-destacadas\/","url_meta":{"origin":43677,"position":0},"title":"Poder Legislativo otorga medalla \u201cJuana Catalina Ega\u00f1a\u201d a cinco mujeres oaxaque\u00f1as destacadas","author":"ariadna","date":"marzo 10, 2026","format":false,"excerpt":"#Redacci\u00f3nOaxaca #Oaxaca * Se reconocieron aportaciones en los \u00e1mbitos social, cient\u00edfico, cultural, comunitario y econ\u00f3mico San Raymundo Jalpan, Oax., a 10 de marzo de 2026.- En Sesi\u00f3n Solemne, el Congreso del Estado entreg\u00f3 la Medalla al M\u00e9rito \u201cJuana Catalina Romero Ega\u00f1a 2026\u201d a cinco mujeres oaxaque\u00f1as por sus destacadas contribuciones\u2026","rel":"","context":"En &quot;Agenda Pol\u00edtica&quot;","block_context":{"text":"Agenda Pol\u00edtica","link":"https:\/\/redaccionoaxaca.com\/index.php\/category\/agenda-politica\/"},"img":{"alt_text":"","src":"https:\/\/i0.wp.com\/redaccionoaxaca.com\/wp-content\/uploads\/2026\/03\/Screenshot_20260310_180812_Facebook-scaled.jpg?fit=1200%2C809&ssl=1&resize=350%2C200","width":350,"height":200,"srcset":"https:\/\/i0.wp.com\/redaccionoaxaca.com\/wp-content\/uploads\/2026\/03\/Screenshot_20260310_180812_Facebook-scaled.jpg?fit=1200%2C809&ssl=1&resize=350%2C200 1x, https:\/\/i0.wp.com\/redaccionoaxaca.com\/wp-content\/uploads\/2026\/03\/Screenshot_20260310_180812_Facebook-scaled.jpg?fit=1200%2C809&ssl=1&resize=525%2C300 1.5x, https:\/\/i0.wp.com\/redaccionoaxaca.com\/wp-content\/uploads\/2026\/03\/Screenshot_20260310_180812_Facebook-scaled.jpg?fit=1200%2C809&ssl=1&resize=700%2C400 2x, https:\/\/i0.wp.com\/redaccionoaxaca.com\/wp-content\/uploads\/2026\/03\/Screenshot_20260310_180812_Facebook-scaled.jpg?fit=1200%2C809&ssl=1&resize=1050%2C600 3x"},"classes":[]},{"id":39779,"url":"https:\/\/redaccionoaxaca.com\/index.php\/2026\/01\/07\/presidenta-de-la-jucopo-tania-caballero-navarro-invita-a-participar-en-la-consulta-de-revocacion-de-mandato\/","url_meta":{"origin":43677,"position":1},"title":"Presidenta de la Jucopo Tania Caballero Navarro invita a participar en la consulta de revocaci\u00f3n de mandato","author":"ariadna","date":"enero 7, 2026","format":false,"excerpt":"#Redacci\u00f3nOaxaca #Oaxaca * La legisladora reiter\u00f3 que el pr\u00f3ximo 25 de enero ser\u00e1 un momento hist\u00f3rico para la entidad San Raymundo Jalpan, Oax., 07 de enero de 2026.- La presidenta de la Junta de Coordinaci\u00f3n Pol\u00edtica (Jucopo) del Congreso del Estado, diputada Tania Caballero Navarro, hizo un llamado respetuoso y\u2026","rel":"","context":"En &quot;Agenda Pol\u00edtica&quot;","block_context":{"text":"Agenda Pol\u00edtica","link":"https:\/\/redaccionoaxaca.com\/index.php\/category\/agenda-politica\/"},"img":{"alt_text":"","src":"https:\/\/i0.wp.com\/redaccionoaxaca.com\/wp-content\/uploads\/2026\/01\/Screenshot_20260107_122025_Facebook-scaled.jpg?fit=1200%2C821&ssl=1&resize=350%2C200","width":350,"height":200,"srcset":"https:\/\/i0.wp.com\/redaccionoaxaca.com\/wp-content\/uploads\/2026\/01\/Screenshot_20260107_122025_Facebook-scaled.jpg?fit=1200%2C821&ssl=1&resize=350%2C200 1x, https:\/\/i0.wp.com\/redaccionoaxaca.com\/wp-content\/uploads\/2026\/01\/Screenshot_20260107_122025_Facebook-scaled.jpg?fit=1200%2C821&ssl=1&resize=525%2C300 1.5x, https:\/\/i0.wp.com\/redaccionoaxaca.com\/wp-content\/uploads\/2026\/01\/Screenshot_20260107_122025_Facebook-scaled.jpg?fit=1200%2C821&ssl=1&resize=700%2C400 2x, https:\/\/i0.wp.com\/redaccionoaxaca.com\/wp-content\/uploads\/2026\/01\/Screenshot_20260107_122025_Facebook-scaled.jpg?fit=1200%2C821&ssl=1&resize=1050%2C600 3x"},"classes":[]},{"id":42932,"url":"https:\/\/redaccionoaxaca.com\/index.php\/2026\/07\/07\/congreso-del-estado-revisa-leyes-de-movilidad-para-garantizar-el-bienestar-de-la-capital-tania-caballero-navarro\/","url_meta":{"origin":43677,"position":2},"title":"Congreso del Estado revisa leyes de movilidad para garantizar el bienestar de la capital: Tania Caballero Navarro","author":"ariadna","date":"julio 7, 2026","format":false,"excerpt":"#Redacci\u00f3nOaxaca #Oaxaca * La presidenta de la Jucopo hizo un llamado en\u00e9rgico para evitar que el ordenamiento del transporte se use como bandera pol\u00edtica San Raymundo Jalpan, Oax., a 07 de julio de 2026.- El Congreso del Estado mantendr\u00e1 una postura de puertas abiertas y un an\u00e1lisis riguroso de la\u2026","rel":"","context":"En &quot;Agenda Pol\u00edtica&quot;","block_context":{"text":"Agenda Pol\u00edtica","link":"https:\/\/redaccionoaxaca.com\/index.php\/category\/agenda-politica\/"},"img":{"alt_text":"","src":"https:\/\/i0.wp.com\/redaccionoaxaca.com\/wp-content\/uploads\/2026\/07\/Screenshot_20260707_202830_Facebook-scaled.jpg?fit=1200%2C812&ssl=1&resize=350%2C200","width":350,"height":200,"srcset":"https:\/\/i0.wp.com\/redaccionoaxaca.com\/wp-content\/uploads\/2026\/07\/Screenshot_20260707_202830_Facebook-scaled.jpg?fit=1200%2C812&ssl=1&resize=350%2C200 1x, https:\/\/i0.wp.com\/redaccionoaxaca.com\/wp-content\/uploads\/2026\/07\/Screenshot_20260707_202830_Facebook-scaled.jpg?fit=1200%2C812&ssl=1&resize=525%2C300 1.5x, https:\/\/i0.wp.com\/redaccionoaxaca.com\/wp-content\/uploads\/2026\/07\/Screenshot_20260707_202830_Facebook-scaled.jpg?fit=1200%2C812&ssl=1&resize=700%2C400 2x, https:\/\/i0.wp.com\/redaccionoaxaca.com\/wp-content\/uploads\/2026\/07\/Screenshot_20260707_202830_Facebook-scaled.jpg?fit=1200%2C812&ssl=1&resize=1050%2C600 3x"},"classes":[]},{"id":42384,"url":"https:\/\/redaccionoaxaca.com\/index.php\/2026\/06\/03\/los-problemas-de-mexico-los-vamos-a-resolver-las-y-los-mexicanos-sin-tutelas-ni-presiones-del-exterior-diputada-tania-caballero\/","url_meta":{"origin":43677,"position":3},"title":"\u201cLos problemas de M\u00e9xico los vamos a resolver las y los mexicanos, sin tutelas ni presiones del exterior\u201d: diputada Tania Caballero","author":"ariadna","date":"junio 3, 2026","format":false,"excerpt":"#Redacci\u00f3Oaxaca #Oaxaca * La presidenta de la Jucopo afirm\u00f3 que la reforma establece el financiamiento il\u00edcito, la desinformaci\u00f3n masiva y los ciberataques extranjeros como conductas cr\u00edticas para invalidar comicios. San Raymundo Jalpan, Oax., a 03 de junio de 2026.- En Sesi\u00f3n Extraordinaria, la presidenta de la Junta de Coordinaci\u00f3n Pol\u00edtica\u2026","rel":"","context":"En &quot;Agenda Pol\u00edtica&quot;","block_context":{"text":"Agenda Pol\u00edtica","link":"https:\/\/redaccionoaxaca.com\/index.php\/category\/agenda-politica\/"},"img":{"alt_text":"","src":"https:\/\/i0.wp.com\/redaccionoaxaca.com\/wp-content\/uploads\/2026\/06\/Screenshot_20260603_191558_Facebook-scaled.jpg?fit=1200%2C809&ssl=1&resize=350%2C200","width":350,"height":200,"srcset":"https:\/\/i0.wp.com\/redaccionoaxaca.com\/wp-content\/uploads\/2026\/06\/Screenshot_20260603_191558_Facebook-scaled.jpg?fit=1200%2C809&ssl=1&resize=350%2C200 1x, https:\/\/i0.wp.com\/redaccionoaxaca.com\/wp-content\/uploads\/2026\/06\/Screenshot_20260603_191558_Facebook-scaled.jpg?fit=1200%2C809&ssl=1&resize=525%2C300 1.5x, https:\/\/i0.wp.com\/redaccionoaxaca.com\/wp-content\/uploads\/2026\/06\/Screenshot_20260603_191558_Facebook-scaled.jpg?fit=1200%2C809&ssl=1&resize=700%2C400 2x, https:\/\/i0.wp.com\/redaccionoaxaca.com\/wp-content\/uploads\/2026\/06\/Screenshot_20260603_191558_Facebook-scaled.jpg?fit=1200%2C809&ssl=1&resize=1050%2C600 3x"},"classes":[]},{"id":42171,"url":"https:\/\/redaccionoaxaca.com\/index.php\/2026\/05\/19\/congreso-de-oaxaca-ejerce-un-presupuesto-menor-al-tope-establecido-en-el-plan-b-diputada-tania-caballero-navarro\/","url_meta":{"origin":43677,"position":4},"title":"Congreso de Oaxaca ejerce un presupuesto menor al tope establecido en el Plan B: diputada Tania Caballero Navarro","author":"ariadna","date":"mayo 19, 2026","format":false,"excerpt":"#Redacci\u00f3nOaxaca #Oaxaca * La presidenta de la Jucopo afirm\u00f3 que la armonizaci\u00f3n con la reforma federal no incrementar\u00e1 el presupuesto del Legislativo local San Raymundo Jalpan, Oax., a 19 de mayo de 2026.- En Oaxaca, el Congreso del Estado ejerce un presupuesto menor al tope aprobado en la Reforma Electoral\u2026","rel":"","context":"En &quot;Agenda Pol\u00edtica&quot;","block_context":{"text":"Agenda Pol\u00edtica","link":"https:\/\/redaccionoaxaca.com\/index.php\/category\/agenda-politica\/"},"img":{"alt_text":"","src":"https:\/\/i0.wp.com\/redaccionoaxaca.com\/wp-content\/uploads\/2026\/05\/Screenshot_20260519_223126_Facebook-scaled.jpg?fit=1200%2C729&ssl=1&resize=350%2C200","width":350,"height":200,"srcset":"https:\/\/i0.wp.com\/redaccionoaxaca.com\/wp-content\/uploads\/2026\/05\/Screenshot_20260519_223126_Facebook-scaled.jpg?fit=1200%2C729&ssl=1&resize=350%2C200 1x, https:\/\/i0.wp.com\/redaccionoaxaca.com\/wp-content\/uploads\/2026\/05\/Screenshot_20260519_223126_Facebook-scaled.jpg?fit=1200%2C729&ssl=1&resize=525%2C300 1.5x, https:\/\/i0.wp.com\/redaccionoaxaca.com\/wp-content\/uploads\/2026\/05\/Screenshot_20260519_223126_Facebook-scaled.jpg?fit=1200%2C729&ssl=1&resize=700%2C400 2x, https:\/\/i0.wp.com\/redaccionoaxaca.com\/wp-content\/uploads\/2026\/05\/Screenshot_20260519_223126_Facebook-scaled.jpg?fit=1200%2C729&ssl=1&resize=1050%2C600 3x"},"classes":[]},{"id":39105,"url":"https:\/\/redaccionoaxaca.com\/index.php\/2025\/11\/13\/tania-caballero-la-nueva-presidenta-de-la-jucopo-en-el-congreso-de-oaxaca-eva-diego-a-la-mesa-directiva\/","url_meta":{"origin":43677,"position":5},"title":"Tania Caballero la nueva Presidenta de la Jucopo en el Congreso de Oaxaca; Eva Diego a la Mesa Directiva","author":"ariadna","date":"noviembre 13, 2025","format":false,"excerpt":"#Redacci\u00f3nOaxaca #Oaxaca Jaime GUERRERO La noche de este mi\u00e9rcoles, se defini\u00f3 los nuevos liderazgos para el segundo a\u00f1o legislativo del Congreso de Oaxaca, poniendo fin a las especulaciones: Tania Caballero Navarro, respaldada por la mayor\u00eda de la bancada de Morena, fue designada como la nueva coordinadora de este grupo parlamentario\u2026","rel":"","context":"En &quot;Agenda Pol\u00edtica&quot;","block_context":{"text":"Agenda Pol\u00edtica","link":"https:\/\/redaccionoaxaca.com\/index.php\/category\/agenda-politica\/"},"img":{"alt_text":"","src":"https:\/\/i0.wp.com\/redaccionoaxaca.com\/wp-content\/uploads\/2025\/11\/3-8.jpg?fit=1000%2C600&ssl=1&resize=350%2C200","width":350,"height":200,"srcset":"https:\/\/i0.wp.com\/redaccionoaxaca.com\/wp-content\/uploads\/2025\/11\/3-8.jpg?fit=1000%2C600&ssl=1&resize=350%2C200 1x, https:\/\/i0.wp.com\/redaccionoaxaca.com\/wp-content\/uploads\/2025\/11\/3-8.jpg?fit=1000%2C600&ssl=1&resize=525%2C300 1.5x, https:\/\/i0.wp.com\/redaccionoaxaca.com\/wp-content\/uploads\/2025\/11\/3-8.jpg?fit=1000%2C600&ssl=1&resize=700%2C400 2x"},"classes":[]}],"jetpack_featured_media_url":"https:\/\/i0.wp.com\/redaccionoaxaca.com\/wp-content\/uploads\/2026\/09\/Screenshot_20260901_171425_Facebook-scaled.jpg?fit=2560%2C1960&ssl=1","_links":{"self":[{"href":"https:\/\/redaccionoaxaca.com\/index.php\/wp-json\/wp\/v2\/posts\/43677","targetHints":{"allow":["GET"]}}],"collection":[{"href":"https:\/\/redaccionoaxaca.com\/index.php\/wp-json\/wp\/v2\/posts"}],"about":[{"href":"https:\/\/redaccionoaxaca.com\/index.php\/wp-json\/wp\/v2\/types\/post"}],"author":[{"embeddable":true,"href":"https:\/\/redaccionoaxaca.com\/index.php\/wp-json\/wp\/v2\/users\/9"}],"replies":[{"embeddable":true,"href":"https:\/\/redaccionoaxaca.com\/index.php\/wp-json\/wp\/v2\/comments?post=43677"}],"version-history":[{"count":1,"href":"https:\/\/redaccionoaxaca.com\/index.php\/wp-json\/wp\/v2\/posts\/43677\/revisions"}],"predecessor-version":[{"id":43680,"href":"https:\/\/redaccionoaxaca.com\/index.php\/wp-json\/wp\/v2\/posts\/43677\/revisions\/43680"}],"wp:featuredmedia":[{"embeddable":true,"href":"https:\/\/redaccionoaxaca.com\/index.php\/wp-json\/wp\/v2\/media\/43678"}],"wp:attachment":[{"href":"https:\/\/redaccionoaxaca.com\/index.php\/wp-json\/wp\/v2\/media?parent=43677"}],"wp:term":[{"taxonomy":"category","embeddable":true,"href":"https:\/\/redaccionoaxaca.com\/index.php\/wp-json\/wp\/v2\/categories?post=43677"},{"taxonomy":"post_tag","embeddable":true,"href":"https:\/\/redaccionoaxaca.com\/index.php\/wp-json\/wp\/v2\/tags?post=43677"}],"curies":[{"name":"wp","href":"https:\/\/api.w.org\/{rel}","templated":true}]}}