{"id":43681,"date":"2026-09-01T20:08:38","date_gmt":"2026-09-02T02:08:38","guid":{"rendered":"https:\/\/redaccionoaxaca.com\/?p=43681"},"modified":"2026-09-01T20:08:38","modified_gmt":"2026-09-02T02:08:38","slug":"congreso-de-oaxaca-crea-cobro-por-registro-de-mototaxis-expedicion-costara-23-uma-y-renovacion-cada-dos-anos","status":"publish","type":"post","link":"https:\/\/redaccionoaxaca.com\/index.php\/2026\/09\/01\/congreso-de-oaxaca-crea-cobro-por-registro-de-mototaxis-expedicion-costara-23-uma-y-renovacion-cada-dos-anos\/","title":{"rendered":"Congreso de Oaxaca crea cobro por registro de mototaxis; expedici\u00f3n costar\u00e1 23 UMA y renovaci\u00f3n cada dos a\u00f1os"},"content":{"rendered":"<p><strong>#Redacci\u00f3nOaxaca<\/strong><\/p>\n<p><strong>#Oaxaca<\/strong><\/p>\n<p><strong>#JaimeGUERRERO<\/strong><\/p>\n<p style=\"text-align: justify;\">El Congreso de Oaxaca perfila incorporar por primera vez a la Ley Estatal de Derechos el cobro por el registro administrativo de mototaxis, con tarifas espec\u00edficas para expedir, renovar y reponer la constancia que identificar\u00e1 oficialmente a estas unidades.<\/p>\n<p style=\"text-align: justify;\">La Comisi\u00f3n Permanente de Hacienda aprob\u00f3 el dictamen que adiciona el inciso c) a la fracci\u00f3n IV del art\u00edculo 30 Bis de la Ley Estatal de Derechos de Oaxaca, para dar sustento legal al cobro relacionado con el Registro Estatal de Veh\u00edculos de Movilidad Local tipo Mototaxi.<\/p>\n<p style=\"text-align: justify;\">El dictamen se prev\u00e9 que sea aprobado por el pleno del Congreso, durante la sesi\u00f3n de este martes.<\/p>\n<p style=\"text-align: justify;\">La principal novedad es que un registro creado previamente mediante acuerdos y lineamientos administrativos de la Secretar\u00eda de Movilidad (Semovi) ser\u00e1 incorporado al cat\u00e1logo de servicios p\u00fablicos sujetos al pago de derechos.<\/p>\n<p style=\"text-align: justify;\">El proyecto fija tres cuotas: 23 UMA por expedici\u00f3n de la constancia; 20 UMA por renovaci\u00f3n cada dos a\u00f1os, y 10 UMA por reposici\u00f3n.<\/p>\n<p style=\"text-align: justify;\">La modificaci\u00f3n es puntual: adiciona \u00fanicamente el inciso c) de la fracci\u00f3n IV del art\u00edculo 30 Bis y deja sin cambios el resto de sus disposiciones.<\/p>\n<p style=\"text-align: justify;\">La Comisi\u00f3n de Hacienda argument\u00f3 que el ajuste permitir\u00e1 dar viabilidad jur\u00eddica y operativa al esquema de registro que ya hab\u00eda puesto en marcha la Semovi para identificar a los prestadores del servicio y las unidades en circulaci\u00f3n.<\/p>\n<p style=\"text-align: justify;\">En marzo de 2026, la dependencia estatal emiti\u00f3 los lineamientos para implementar el Registro Estatal de Veh\u00edculos de Movilidad Local tipo Mototaxi y expedir placas de movilidad local.<\/p>\n<p style=\"text-align: justify;\">Por ello, la reforma no crea la figura del mototaxi ni el registro de estas unidades. Su cambio central consiste en trasladar a la legislaci\u00f3n fiscal estatal el cobro por la constancia administrativa y establecer cu\u00e1nto deber\u00e1 pagarse por cada tr\u00e1mite.<\/p>\n<p style=\"text-align: justify;\">Los mototaxis ya se encuentran reconocidos en la Ley de Tr\u00e1nsito y Vialidad de Oaxaca como un tipo de veh\u00edculo dentro del sistema de tr\u00e1nsito, mientras que la Ley de Movilidad faculta a la Semovi para regular, ordenar y supervisar el transporte p\u00fablico.<\/p>\n<p style=\"text-align: justify;\">La iniciativa fue presentada por el diputado Oliver L\u00f3pez Garc\u00eda el 19 de junio y aprobada por la Comisi\u00f3n de Hacienda el 7 de julio de 2026, por lo que qued\u00f3 en condiciones de ser sometida al Pleno.<\/p>\n<p style=\"text-align: justify;\">Una vez aprobado y publicado el decreto en el Peri\u00f3dico Oficial del Gobierno del Estado, las nuevas disposiciones entrar\u00e1n en vigor al d\u00eda siguiente.<\/p>\n<p><img data-recalc-dims=\"1\" loading=\"lazy\" decoding=\"async\" data-attachment-id=\"43682\" data-permalink=\"https:\/\/redaccionoaxaca.com\/index.php\/2026\/09\/01\/congreso-de-oaxaca-crea-cobro-por-registro-de-mototaxis-expedicion-costara-23-uma-y-renovacion-cada-dos-anos\/hrjr89cw0aewcbv\/\" data-orig-file=\"https:\/\/i0.wp.com\/redaccionoaxaca.com\/wp-content\/uploads\/2026\/09\/HRJr89cW0AEwcbv.jpg?fit=1267%2C1553&amp;ssl=1\" data-orig-size=\"1267,1553\" data-comments-opened=\"1\" data-image-meta=\"{&quot;aperture&quot;:&quot;0&quot;,&quot;credit&quot;:&quot;&quot;,&quot;camera&quot;:&quot;&quot;,&quot;caption&quot;:&quot;&quot;,&quot;created_timestamp&quot;:&quot;0&quot;,&quot;copyright&quot;:&quot;&quot;,&quot;focal_length&quot;:&quot;0&quot;,&quot;iso&quot;:&quot;0&quot;,&quot;shutter_speed&quot;:&quot;0&quot;,&quot;title&quot;:&quot;&quot;,&quot;orientation&quot;:&quot;0&quot;}\" data-image-title=\"HRJr89cW0AEwcbv\" data-image-description=\"\" data-image-caption=\"\" data-large-file=\"https:\/\/i0.wp.com\/redaccionoaxaca.com\/wp-content\/uploads\/2026\/09\/HRJr89cW0AEwcbv.jpg?fit=696%2C854&amp;ssl=1\" class=\"size-medium wp-image-43682 aligncenter\" src=\"https:\/\/i0.wp.com\/redaccionoaxaca.com\/wp-content\/uploads\/2026\/09\/HRJr89cW0AEwcbv.jpg?resize=245%2C300&#038;ssl=1\" alt=\"\" width=\"245\" height=\"300\" srcset=\"https:\/\/i0.wp.com\/redaccionoaxaca.com\/wp-content\/uploads\/2026\/09\/HRJr89cW0AEwcbv.jpg?resize=245%2C300&amp;ssl=1 245w, https:\/\/i0.wp.com\/redaccionoaxaca.com\/wp-content\/uploads\/2026\/09\/HRJr89cW0AEwcbv.jpg?resize=835%2C1024&amp;ssl=1 835w, https:\/\/i0.wp.com\/redaccionoaxaca.com\/wp-content\/uploads\/2026\/09\/HRJr89cW0AEwcbv.jpg?resize=768%2C941&amp;ssl=1 768w, https:\/\/i0.wp.com\/redaccionoaxaca.com\/wp-content\/uploads\/2026\/09\/HRJr89cW0AEwcbv.jpg?resize=1253%2C1536&amp;ssl=1 1253w, https:\/\/i0.wp.com\/redaccionoaxaca.com\/wp-content\/uploads\/2026\/09\/HRJr89cW0AEwcbv.jpg?resize=343%2C420&amp;ssl=1 343w, https:\/\/i0.wp.com\/redaccionoaxaca.com\/wp-content\/uploads\/2026\/09\/HRJr89cW0AEwcbv.jpg?resize=696%2C853&amp;ssl=1 696w, https:\/\/i0.wp.com\/redaccionoaxaca.com\/wp-content\/uploads\/2026\/09\/HRJr89cW0AEwcbv.jpg?resize=1068%2C1309&amp;ssl=1 1068w, https:\/\/i0.wp.com\/redaccionoaxaca.com\/wp-content\/uploads\/2026\/09\/HRJr89cW0AEwcbv.jpg?w=1267&amp;ssl=1 1267w\" sizes=\"auto, (max-width: 245px) 100vw, 245px\" \/><\/p>\n","protected":false},"excerpt":{"rendered":"<p>#Redacci\u00f3nOaxaca #Oaxaca #JaimeGUERRERO El Congreso de Oaxaca perfila incorporar por primera vez a la Ley Estatal de Derechos el cobro por el registro administrativo de mototaxis, con tarifas espec\u00edficas para expedir, renovar y reponer la constancia que identificar\u00e1 oficialmente a estas unidades. La Comisi\u00f3n Permanente de Hacienda aprob\u00f3 el dictamen que adiciona el inciso c) [&hellip;]<\/p>\n","protected":false},"author":9,"featured_media":43683,"comment_status":"open","ping_status":"open","sticky":false,"template":"","format":"standard","meta":{"_jetpack_newsletter_access":"","_jetpack_dont_email_post_to_subs":false,"_jetpack_newsletter_tier_id":0,"_jetpack_memberships_contains_paywalled_content":false,"_jetpack_feature_clip_id":0,"_jetpack_memberships_contains_paid_content":false,"footnotes":"","jetpack_publicize_message":"","jetpack_publicize_feature_enabled":true,"jetpack_social_post_already_shared":true,"jetpack_social_options":{"image_generator_settings":{"template":"highway","default_image_id":0,"font":"","enabled":false},"version":2},"jetpack_post_was_ever_published":false},"categories":[4,7,5],"tags":[],"class_list":{"0":"post-43681","1":"post","2":"type-post","3":"status-publish","4":"format-standard","5":"has-post-thumbnail","7":"category-agenda-politica","8":"category-al-cierre","9":"category-imagen"},"jetpack_publicize_connections":[],"jetpack_sharing_enabled":true,"jetpack_shortlink":"https:\/\/wp.me\/p9Ynjw-bmx","jetpack-related-posts":[{"id":29333,"url":"https:\/\/redaccionoaxaca.com\/index.php\/2023\/09\/21\/congreso-aprueba-nueva-ley-de-derechos-de-ninas-ninos-y-adolescentes-de-oaxaca-y-crea-registro-estatal-de-agresores-sexuales-de-infancias\/","url_meta":{"origin":43681,"position":0},"title":"Congreso aprueba nueva Ley de Derechos de Ni\u00f1as, Ni\u00f1os y Adolescentes  de Oaxaca y crea Registro Estatal de Agresores Sexuales de infancias","author":"ariadna","date":"septiembre 21, 2023","format":false,"excerpt":"#Redacci\u00f3nOaxaca #Oaxaca Jaime GUERRERO La LXV Legislatura del Congreso Estado, aprob\u00f3 con 32 votos a favor, la Ley de los Derechos de Ni\u00f1as, Ni\u00f1os y Adolescentes para el Estado de Oaxaca que contempla un registro estatal de agresores sexuales. Por medio de esta ley, las autoridades educativas garantizar\u00e1n la inclusi\u00f3n\u2026","rel":"","context":"En &quot;Agenda Pol\u00edtica&quot;","block_context":{"text":"Agenda Pol\u00edtica","link":"https:\/\/redaccionoaxaca.com\/index.php\/category\/agenda-politica\/"},"img":{"alt_text":"","src":"","width":0,"height":0},"classes":[]},{"id":7668,"url":"https:\/\/redaccionoaxaca.com\/index.php\/2019\/07\/18\/otra-pifia-de-los-diputados-de-la-lxiv-legislatura-presumen-reforma-que-elimina-multa-inexistente-en-el-registro-civil\/","url_meta":{"origin":43681,"position":1},"title":"Otra pifia de los diputados de la LXIV Legislatura, presumen reforma que elimina multa inexistente en el Registro Civil.","author":"jaime","date":"julio 18, 2019","format":false,"excerpt":"\u00a0#Redacci\u00f3nOaxaca #Oaxaca Jaime GUERRERO\u00a0 Una pifia m\u00e1s en el Congreso del Estado, difunde haber realizado reformas al C\u00f3digo Civil del Estado, para desaparecer una multa inexistente en el Registro Civil de Oaxaca. Despu\u00e9s de lo difundido, la instancia registral aclar\u00f3 que el registro extempor\u00e1neo no se cobra desde el 2014\u2026","rel":"","context":"Entrada similar ","block_context":{"text":"Entrada similar ","link":""},"img":{"alt_text":"","src":"","width":0,"height":0},"classes":[]},{"id":21414,"url":"https:\/\/redaccionoaxaca.com\/index.php\/2021\/10\/05\/por-inconstitucional-scjn-invalida-cobro-de-impuesto-de-alumbrado-publico-a-edil-de-oaxaca-y-exhibe-ignorancia-del-congreso\/","url_meta":{"origin":43681,"position":2},"title":"Por inconstitucional, SCJN invalida cobro de impuesto de alumbrado p\u00fablico a edil de Oaxaca; y exhibe ignorancia del Congreso.","author":"ariadna","date":"octubre 5, 2021","format":false,"excerpt":"#Redacci\u00f3nOaxaca #Oaxaca Jaime GUERRERO Por tener vicios de inconstitucionalidad, la Suprema Corte de Justicia de la Naci\u00f3n (SCJN), invalid\u00f3, diversas disposiciones de la Ley de Ingresos del Municipio de Oaxaca de Ju\u00e1rez, aprobadas por la LXIV Legislatura, del ejercicio fiscal de 2021 que establec\u00edan el cobro de una contribuci\u00f3n por\u2026","rel":"","context":"En &quot;Imagen&quot;","block_context":{"text":"Imagen","link":"https:\/\/redaccionoaxaca.com\/index.php\/category\/imagen\/"},"img":{"alt_text":"","src":"","width":0,"height":0},"classes":[]},{"id":22817,"url":"https:\/\/redaccionoaxaca.com\/index.php\/2021\/12\/07\/ople-negara-registro-como-partido-politico-estatal-a-fuerza-por-mexico-en-oaxaca\/","url_meta":{"origin":43681,"position":3},"title":"OPLE negar\u00e1 registro como Partido Pol\u00edtico Estatal a Fuerza Por M\u00e9xico, en Oaxaca.","author":"ariadna","date":"diciembre 7, 2021","format":false,"excerpt":"#Redacci\u00f3nOaxaca #Oaxaca Jaime GUERRERO De acuerdo al proyecto de acuerdo IEEPCO-CG-113\/2021, relativo a la solicitud de registro como partido pol\u00edtico estatal, presentada por el otrora partido pol\u00edtico nacional Fuerza por M\u00e9xico, se le negar\u00e1 dicha petici\u00f3n. En el pasado proceso electoral federal del 6 de junio, Fuerza por Me\u0301xico, obtuvo\u2026","rel":"","context":"En &quot;Agenda Pol\u00edtica&quot;","block_context":{"text":"Agenda Pol\u00edtica","link":"https:\/\/redaccionoaxaca.com\/index.php\/category\/agenda-politica\/"},"img":{"alt_text":"","src":"","width":0,"height":0},"classes":[]},{"id":1379,"url":"https:\/\/redaccionoaxaca.com\/index.php\/2018\/07\/18\/acusan-a-finanzas-realiza-cobro-indebido-de-2-5-por-supervisar-obras-a-municipios\/","url_meta":{"origin":43681,"position":4},"title":"Acusan a Finanzas realiza cobro indebido de 2.5% por supervisar obras a municipios","author":"denise","date":"julio 18, 2018","format":false,"excerpt":"#Redacci\u00f3nOaxaca Jaime GUERRERO La Secretar\u00eda de Finanzas del Gobierno del Estado, realiza el cobro indebido del 2.5% por concepto de derechos por los servicios de supervisi\u00f3n de obra a los Municipios del estado que fueron beneficiadas con recursos federales del Ramo General 23 Provisiones Salariales y Econ\u00f3micas, Fondo para el\u2026","rel":"","context":"En &quot;Agenda Pol\u00edtica&quot;","block_context":{"text":"Agenda Pol\u00edtica","link":"https:\/\/redaccionoaxaca.com\/index.php\/category\/agenda-politica\/"},"img":{"alt_text":"","src":"","width":0,"height":0},"classes":[]},{"id":30696,"url":"https:\/\/redaccionoaxaca.com\/index.php\/2024\/02\/28\/exhorta-congreso-a-aplicar-la-ley-que-prohibe-transito-de-mototaxis-en-carreteras-estatales-y-federales\/","url_meta":{"origin":43681,"position":5},"title":"Exhorta Congreso a aplicar la ley que proh\u00edbe tr\u00e1nsito de mototaxis en carreteras estatales y federales","author":"ariadna","date":"febrero 28, 2024","format":false,"excerpt":"#Redacci\u00f3nOaxaca #Oaxaca \u2022 Se busca garantizar la seguridad de las personas. San Raymundo Jalpan, Oax. 26 de febrero de 2024.- Para evitar poner en riesgo a las personas, el H. Congreso del Estado de Oaxaca exhorta a la Secretar\u00eda de Movilidad del Estado aplicar la ley que proh\u00edbe el tr\u00e1nsito\u2026","rel":"","context":"En &quot;Imagen&quot;","block_context":{"text":"Imagen","link":"https:\/\/redaccionoaxaca.com\/index.php\/category\/imagen\/"},"img":{"alt_text":"","src":"","width":0,"height":0},"classes":[]}],"jetpack_featured_media_url":"https:\/\/i0.wp.com\/redaccionoaxaca.com\/wp-content\/uploads\/2026\/09\/29.jpg?fit=1000%2C600&ssl=1","_links":{"self":[{"href":"https:\/\/redaccionoaxaca.com\/index.php\/wp-json\/wp\/v2\/posts\/43681","targetHints":{"allow":["GET"]}}],"collection":[{"href":"https:\/\/redaccionoaxaca.com\/index.php\/wp-json\/wp\/v2\/posts"}],"about":[{"href":"https:\/\/redaccionoaxaca.com\/index.php\/wp-json\/wp\/v2\/types\/post"}],"author":[{"embeddable":true,"href":"https:\/\/redaccionoaxaca.com\/index.php\/wp-json\/wp\/v2\/users\/9"}],"replies":[{"embeddable":true,"href":"https:\/\/redaccionoaxaca.com\/index.php\/wp-json\/wp\/v2\/comments?post=43681"}],"version-history":[{"count":1,"href":"https:\/\/redaccionoaxaca.com\/index.php\/wp-json\/wp\/v2\/posts\/43681\/revisions"}],"predecessor-version":[{"id":43684,"href":"https:\/\/redaccionoaxaca.com\/index.php\/wp-json\/wp\/v2\/posts\/43681\/revisions\/43684"}],"wp:featuredmedia":[{"embeddable":true,"href":"https:\/\/redaccionoaxaca.com\/index.php\/wp-json\/wp\/v2\/media\/43683"}],"wp:attachment":[{"href":"https:\/\/redaccionoaxaca.com\/index.php\/wp-json\/wp\/v2\/media?parent=43681"}],"wp:term":[{"taxonomy":"category","embeddable":true,"href":"https:\/\/redaccionoaxaca.com\/index.php\/wp-json\/wp\/v2\/categories?post=43681"},{"taxonomy":"post_tag","embeddable":true,"href":"https:\/\/redaccionoaxaca.com\/index.php\/wp-json\/wp\/v2\/tags?post=43681"}],"curies":[{"name":"wp","href":"https:\/\/api.w.org\/{rel}","templated":true}]}}