{"id":43697,"date":"2026-09-02T17:55:25","date_gmt":"2026-09-02T23:55:25","guid":{"rendered":"https:\/\/redaccionoaxaca.com\/?p=43697"},"modified":"2026-09-02T17:58:11","modified_gmt":"2026-09-02T23:58:11","slug":"bloquean-autopista-barranca-larga-ventanilla-por-incumplimiento-de-acuerdos","status":"publish","type":"post","link":"https:\/\/redaccionoaxaca.com\/index.php\/2026\/09\/02\/bloquean-autopista-barranca-larga-ventanilla-por-incumplimiento-de-acuerdos\/","title":{"rendered":"Bloquean autopista Barranca Larga-Ventanilla por incumplimiento de acuerdos"},"content":{"rendered":"<p><strong>#Redacci\u00f3nOaxaca<\/strong><\/p>\n<p><strong>#Oaxaca<\/strong><\/p>\n<p><strong>Ariadna Mendoza<\/strong><\/p>\n<p style=\"text-align: justify;\">Habitantes de la regi\u00f3n de Los Coatlanes bloquearon este mi\u00e9rcoles la autopista Barranca Larga-Ventanilla, en protesta por el presunto incumplimiento de acuerdos por parte de los gobiernos federal y estatal.<\/p>\n<p><img data-recalc-dims=\"1\" loading=\"lazy\" decoding=\"async\" data-attachment-id=\"43698\" data-permalink=\"https:\/\/redaccionoaxaca.com\/index.php\/2026\/09\/02\/bloquean-autopista-barranca-larga-ventanilla-por-incumplimiento-de-acuerdos\/img-20260902-wa0060\/\" data-orig-file=\"https:\/\/i0.wp.com\/redaccionoaxaca.com\/wp-content\/uploads\/2026\/09\/IMG-20260902-WA0060.jpg?fit=960%2C773&amp;ssl=1\" data-orig-size=\"960,773\" data-comments-opened=\"1\" data-image-meta=\"{&quot;aperture&quot;:&quot;0&quot;,&quot;credit&quot;:&quot;&quot;,&quot;camera&quot;:&quot;&quot;,&quot;caption&quot;:&quot;&quot;,&quot;created_timestamp&quot;:&quot;0&quot;,&quot;copyright&quot;:&quot;&quot;,&quot;focal_length&quot;:&quot;0&quot;,&quot;iso&quot;:&quot;0&quot;,&quot;shutter_speed&quot;:&quot;0&quot;,&quot;title&quot;:&quot;&quot;,&quot;orientation&quot;:&quot;0&quot;}\" data-image-title=\"IMG-20260902-WA0060\" data-image-description=\"\" data-image-caption=\"\" data-large-file=\"https:\/\/i0.wp.com\/redaccionoaxaca.com\/wp-content\/uploads\/2026\/09\/IMG-20260902-WA0060.jpg?fit=696%2C560&amp;ssl=1\" class=\"size-medium wp-image-43698 aligncenter\" src=\"https:\/\/i0.wp.com\/redaccionoaxaca.com\/wp-content\/uploads\/2026\/09\/IMG-20260902-WA0060.jpg?resize=300%2C242&#038;ssl=1\" alt=\"\" width=\"300\" height=\"242\" srcset=\"https:\/\/i0.wp.com\/redaccionoaxaca.com\/wp-content\/uploads\/2026\/09\/IMG-20260902-WA0060.jpg?resize=300%2C242&amp;ssl=1 300w, https:\/\/i0.wp.com\/redaccionoaxaca.com\/wp-content\/uploads\/2026\/09\/IMG-20260902-WA0060.jpg?resize=768%2C618&amp;ssl=1 768w, https:\/\/i0.wp.com\/redaccionoaxaca.com\/wp-content\/uploads\/2026\/09\/IMG-20260902-WA0060.jpg?resize=522%2C420&amp;ssl=1 522w, https:\/\/i0.wp.com\/redaccionoaxaca.com\/wp-content\/uploads\/2026\/09\/IMG-20260902-WA0060.jpg?resize=696%2C560&amp;ssl=1 696w, https:\/\/i0.wp.com\/redaccionoaxaca.com\/wp-content\/uploads\/2026\/09\/IMG-20260902-WA0060.jpg?w=960&amp;ssl=1 960w\" sizes=\"auto, (max-width: 300px) 100vw, 300px\" \/><\/p>\n<p style=\"text-align: justify;\">Los pobladores colocaron montones de tierra sobre la carretera para impedir el paso y exigir atenci\u00f3n a diversas necesidades relacionadas con la movilidad de las comunidades.<\/p>\n<p style=\"text-align: justify;\">Entre sus principales demandas se encuentra la construcci\u00f3n de un entronque que permita el acceso directo a la autopista, as\u00ed como puentes elevados para facilitar el traslado de ganado y evitar riesgos al cruzar la vialidad.<\/p>\n<p style=\"text-align: justify;\">Tambi\u00e9n reclaman libre acceso para los veh\u00edculos de las comunidades de la regi\u00f3n y el cumplimiento de otros compromisos relacionados con la conectividad.<\/p>\n<p style=\"text-align: justify;\">Los manifestantes advirtieron que mantendr\u00e1n el bloqueo hasta obtener garant\u00edas de que sus demandas ser\u00e1n atendidas, por lo que la protesta genera afectaciones a la circulaci\u00f3n en esta importante v\u00eda hacia la Costa de Oaxaca.<\/p>\n<p><img data-recalc-dims=\"1\" loading=\"lazy\" decoding=\"async\" data-attachment-id=\"43699\" data-permalink=\"https:\/\/redaccionoaxaca.com\/index.php\/2026\/09\/02\/bloquean-autopista-barranca-larga-ventanilla-por-incumplimiento-de-acuerdos\/img-20260902-wa0061\/\" data-orig-file=\"https:\/\/i0.wp.com\/redaccionoaxaca.com\/wp-content\/uploads\/2026\/09\/IMG-20260902-WA0061.jpg?fit=960%2C1280&amp;ssl=1\" data-orig-size=\"960,1280\" data-comments-opened=\"1\" data-image-meta=\"{&quot;aperture&quot;:&quot;0&quot;,&quot;credit&quot;:&quot;&quot;,&quot;camera&quot;:&quot;&quot;,&quot;caption&quot;:&quot;&quot;,&quot;created_timestamp&quot;:&quot;0&quot;,&quot;copyright&quot;:&quot;&quot;,&quot;focal_length&quot;:&quot;0&quot;,&quot;iso&quot;:&quot;0&quot;,&quot;shutter_speed&quot;:&quot;0&quot;,&quot;title&quot;:&quot;&quot;,&quot;orientation&quot;:&quot;0&quot;}\" data-image-title=\"IMG-20260902-WA0061\" data-image-description=\"\" data-image-caption=\"\" data-large-file=\"https:\/\/i0.wp.com\/redaccionoaxaca.com\/wp-content\/uploads\/2026\/09\/IMG-20260902-WA0061.jpg?fit=696%2C928&amp;ssl=1\" class=\"size-medium wp-image-43699 aligncenter\" src=\"https:\/\/i0.wp.com\/redaccionoaxaca.com\/wp-content\/uploads\/2026\/09\/IMG-20260902-WA0061.jpg?resize=225%2C300&#038;ssl=1\" alt=\"\" width=\"225\" height=\"300\" srcset=\"https:\/\/i0.wp.com\/redaccionoaxaca.com\/wp-content\/uploads\/2026\/09\/IMG-20260902-WA0061.jpg?resize=225%2C300&amp;ssl=1 225w, https:\/\/i0.wp.com\/redaccionoaxaca.com\/wp-content\/uploads\/2026\/09\/IMG-20260902-WA0061.jpg?resize=768%2C1024&amp;ssl=1 768w, https:\/\/i0.wp.com\/redaccionoaxaca.com\/wp-content\/uploads\/2026\/09\/IMG-20260902-WA0061.jpg?resize=315%2C420&amp;ssl=1 315w, https:\/\/i0.wp.com\/redaccionoaxaca.com\/wp-content\/uploads\/2026\/09\/IMG-20260902-WA0061.jpg?resize=696%2C928&amp;ssl=1 696w, https:\/\/i0.wp.com\/redaccionoaxaca.com\/wp-content\/uploads\/2026\/09\/IMG-20260902-WA0061.jpg?w=960&amp;ssl=1 960w\" sizes=\"auto, (max-width: 225px) 100vw, 225px\" \/> <img data-recalc-dims=\"1\" loading=\"lazy\" decoding=\"async\" data-attachment-id=\"43700\" data-permalink=\"https:\/\/redaccionoaxaca.com\/index.php\/2026\/09\/02\/bloquean-autopista-barranca-larga-ventanilla-por-incumplimiento-de-acuerdos\/img-20260902-wa0063\/\" data-orig-file=\"https:\/\/i0.wp.com\/redaccionoaxaca.com\/wp-content\/uploads\/2026\/09\/IMG-20260902-WA0063.jpg?fit=1043%2C599&amp;ssl=1\" data-orig-size=\"1043,599\" data-comments-opened=\"1\" data-image-meta=\"{&quot;aperture&quot;:&quot;0&quot;,&quot;credit&quot;:&quot;&quot;,&quot;camera&quot;:&quot;&quot;,&quot;caption&quot;:&quot;&quot;,&quot;created_timestamp&quot;:&quot;0&quot;,&quot;copyright&quot;:&quot;&quot;,&quot;focal_length&quot;:&quot;0&quot;,&quot;iso&quot;:&quot;0&quot;,&quot;shutter_speed&quot;:&quot;0&quot;,&quot;title&quot;:&quot;&quot;,&quot;orientation&quot;:&quot;0&quot;}\" data-image-title=\"IMG-20260902-WA0063\" data-image-description=\"\" data-image-caption=\"\" data-large-file=\"https:\/\/i0.wp.com\/redaccionoaxaca.com\/wp-content\/uploads\/2026\/09\/IMG-20260902-WA0063.jpg?fit=696%2C400&amp;ssl=1\" class=\"size-medium wp-image-43700 aligncenter\" src=\"https:\/\/i0.wp.com\/redaccionoaxaca.com\/wp-content\/uploads\/2026\/09\/IMG-20260902-WA0063.jpg?resize=300%2C172&#038;ssl=1\" alt=\"\" width=\"300\" height=\"172\" srcset=\"https:\/\/i0.wp.com\/redaccionoaxaca.com\/wp-content\/uploads\/2026\/09\/IMG-20260902-WA0063.jpg?resize=300%2C172&amp;ssl=1 300w, https:\/\/i0.wp.com\/redaccionoaxaca.com\/wp-content\/uploads\/2026\/09\/IMG-20260902-WA0063.jpg?resize=1024%2C588&amp;ssl=1 1024w, https:\/\/i0.wp.com\/redaccionoaxaca.com\/wp-content\/uploads\/2026\/09\/IMG-20260902-WA0063.jpg?resize=768%2C441&amp;ssl=1 768w, https:\/\/i0.wp.com\/redaccionoaxaca.com\/wp-content\/uploads\/2026\/09\/IMG-20260902-WA0063.jpg?resize=731%2C420&amp;ssl=1 731w, https:\/\/i0.wp.com\/redaccionoaxaca.com\/wp-content\/uploads\/2026\/09\/IMG-20260902-WA0063.jpg?resize=696%2C400&amp;ssl=1 696w, https:\/\/i0.wp.com\/redaccionoaxaca.com\/wp-content\/uploads\/2026\/09\/IMG-20260902-WA0063.jpg?w=1043&amp;ssl=1 1043w\" sizes=\"auto, (max-width: 300px) 100vw, 300px\" \/> <img data-recalc-dims=\"1\" loading=\"lazy\" decoding=\"async\" data-attachment-id=\"43701\" data-permalink=\"https:\/\/redaccionoaxaca.com\/index.php\/2026\/09\/02\/bloquean-autopista-barranca-larga-ventanilla-por-incumplimiento-de-acuerdos\/img-20260902-wa0062\/\" data-orig-file=\"https:\/\/i0.wp.com\/redaccionoaxaca.com\/wp-content\/uploads\/2026\/09\/IMG-20260902-WA0062.jpg?fit=717%2C416&amp;ssl=1\" data-orig-size=\"717,416\" data-comments-opened=\"1\" data-image-meta=\"{&quot;aperture&quot;:&quot;0&quot;,&quot;credit&quot;:&quot;&quot;,&quot;camera&quot;:&quot;&quot;,&quot;caption&quot;:&quot;&quot;,&quot;created_timestamp&quot;:&quot;0&quot;,&quot;copyright&quot;:&quot;&quot;,&quot;focal_length&quot;:&quot;0&quot;,&quot;iso&quot;:&quot;0&quot;,&quot;shutter_speed&quot;:&quot;0&quot;,&quot;title&quot;:&quot;&quot;,&quot;orientation&quot;:&quot;0&quot;}\" data-image-title=\"IMG-20260902-WA0062\" data-image-description=\"\" data-image-caption=\"\" data-large-file=\"https:\/\/i0.wp.com\/redaccionoaxaca.com\/wp-content\/uploads\/2026\/09\/IMG-20260902-WA0062.jpg?fit=696%2C404&amp;ssl=1\" class=\"size-medium wp-image-43701 aligncenter\" src=\"https:\/\/i0.wp.com\/redaccionoaxaca.com\/wp-content\/uploads\/2026\/09\/IMG-20260902-WA0062.jpg?resize=300%2C174&#038;ssl=1\" alt=\"\" width=\"300\" height=\"174\" srcset=\"https:\/\/i0.wp.com\/redaccionoaxaca.com\/wp-content\/uploads\/2026\/09\/IMG-20260902-WA0062.jpg?resize=300%2C174&amp;ssl=1 300w, https:\/\/i0.wp.com\/redaccionoaxaca.com\/wp-content\/uploads\/2026\/09\/IMG-20260902-WA0062.jpg?resize=696%2C404&amp;ssl=1 696w, https:\/\/i0.wp.com\/redaccionoaxaca.com\/wp-content\/uploads\/2026\/09\/IMG-20260902-WA0062.jpg?w=717&amp;ssl=1 717w\" sizes=\"auto, (max-width: 300px) 100vw, 300px\" \/><\/p>\n<p>&nbsp;<\/p>\n","protected":false},"excerpt":{"rendered":"<p>#Redacci\u00f3nOaxaca #Oaxaca Ariadna Mendoza Habitantes de la regi\u00f3n de Los Coatlanes bloquearon este mi\u00e9rcoles la autopista Barranca Larga-Ventanilla, en protesta por el presunto incumplimiento de acuerdos por parte de los gobiernos federal y estatal. Los pobladores colocaron montones de tierra sobre la carretera para impedir el paso y exigir atenci\u00f3n a diversas necesidades relacionadas con [&hellip;]<\/p>\n","protected":false},"author":9,"featured_media":43698,"comment_status":"open","ping_status":"open","sticky":false,"template":"","format":"standard","meta":{"_jetpack_newsletter_access":"","_jetpack_dont_email_post_to_subs":false,"_jetpack_newsletter_tier_id":0,"_jetpack_memberships_contains_paywalled_content":false,"_jetpack_feature_clip_id":0,"_jetpack_memberships_contains_paid_content":false,"footnotes":"","jetpack_publicize_message":"","jetpack_publicize_feature_enabled":true,"jetpack_social_post_already_shared":true,"jetpack_social_options":{"image_generator_settings":{"template":"highway","default_image_id":0,"font":"","enabled":false},"version":2},"jetpack_post_was_ever_published":false},"categories":[4,5,3,6],"tags":[],"class_list":{"0":"post-43697","1":"post","2":"type-post","3":"status-publish","4":"format-standard","5":"has-post-thumbnail","7":"category-agenda-politica","8":"category-imagen","9":"category-mesa-de-redaccion","10":"category-tendencias"},"jetpack_publicize_connections":[],"jetpack_sharing_enabled":true,"jetpack_shortlink":"https:\/\/wp.me\/p9Ynjw-bmN","jetpack-related-posts":[{"id":40970,"url":"https:\/\/redaccionoaxaca.com\/index.php\/2026\/03\/13\/acuerdos-de-mantenimiento-y-pavimentacion-ponen-fin-al-bloqueo-de-cuatro-dias-en-la-autopista-barranca-larga-ventanilla\/","url_meta":{"origin":43697,"position":0},"title":"Acuerdos de mantenimiento y pavimentaci\u00f3n ponen fin al bloqueo de cuatro d\u00edas en la autopista Barranca Larga\u2013Ventanilla","author":"ariadna","date":"marzo 13, 2026","format":false,"excerpt":"#Redacci\u00f3nOaxaca #Oaxaca #JaimeGUERRERO La autopista Barranca Larga\u2013Ventanilla y la Plaza de Cobro Ventanilla quedaron liberadas este jueves luego de que el gobierno estatal, federal y representantes de Santa Mar\u00eda Colotepec alcanzaron acuerdos de mantenimiento y pavimentaci\u00f3n carretera. La mesa de di\u00e1logo encabezada por el Secretario de Gobierno, Jes\u00fas Romero L\u00f3pez\u2026","rel":"","context":"En &quot;Agenda Pol\u00edtica&quot;","block_context":{"text":"Agenda Pol\u00edtica","link":"https:\/\/redaccionoaxaca.com\/index.php\/category\/agenda-politica\/"},"img":{"alt_text":"","src":"https:\/\/i0.wp.com\/redaccionoaxaca.com\/wp-content\/uploads\/2026\/03\/IMG-20260312-WA0263.jpg?fit=1200%2C900&ssl=1&resize=350%2C200","width":350,"height":200,"srcset":"https:\/\/i0.wp.com\/redaccionoaxaca.com\/wp-content\/uploads\/2026\/03\/IMG-20260312-WA0263.jpg?fit=1200%2C900&ssl=1&resize=350%2C200 1x, https:\/\/i0.wp.com\/redaccionoaxaca.com\/wp-content\/uploads\/2026\/03\/IMG-20260312-WA0263.jpg?fit=1200%2C900&ssl=1&resize=525%2C300 1.5x, https:\/\/i0.wp.com\/redaccionoaxaca.com\/wp-content\/uploads\/2026\/03\/IMG-20260312-WA0263.jpg?fit=1200%2C900&ssl=1&resize=700%2C400 2x, https:\/\/i0.wp.com\/redaccionoaxaca.com\/wp-content\/uploads\/2026\/03\/IMG-20260312-WA0263.jpg?fit=1200%2C900&ssl=1&resize=1050%2C600 3x"},"classes":[]},{"id":36270,"url":"https:\/\/redaccionoaxaca.com\/index.php\/2025\/03\/25\/ante-mala-operatividad-piden-a-sict-regular-peaje-de-la-autopista-barranca-larga-ventanilla\/","url_meta":{"origin":43697,"position":1},"title":"Ante mala operatividad, piden a SICT, regular peaje de la autopista Barranca Larga-Ventanilla","author":"ariadna","date":"marzo 25, 2025","format":false,"excerpt":"#Redacci\u00f3nOaxaca #Oaxaca Jaime GUERRERO La diputada de Morena Elisa Zepeda Lagunas, pidi\u00f3 a la Secretar\u00eda de Infraestructura, Comunicaciones y Transportes del Gobierno de M\u00e9xico, para que, regule de manera adecuada el peaje de la autopista Barranca Larga-Ventanilla. Asimismo, acelere el registro al esquema de residentes y realice de manera oportuna\u2026","rel":"","context":"En &quot;Imagen&quot;","block_context":{"text":"Imagen","link":"https:\/\/redaccionoaxaca.com\/index.php\/category\/imagen\/"},"img":{"alt_text":"","src":"","width":0,"height":0},"classes":[]},{"id":40892,"url":"https:\/\/redaccionoaxaca.com\/index.php\/2026\/03\/09\/bloquean-comunidades-la-supercarretera-barranca-larga-ventanilla-capufe-reporta-cierre-total\/","url_meta":{"origin":43697,"position":2},"title":"Bloquean comunidades la supercarretera Barranca Larga\u2013Ventanilla; CAPUFE reporta cierre total","author":"ariadna","date":"marzo 9, 2026","format":false,"excerpt":"#Redacci\u00f3nOaxaca #Oaxaca La autopista Barranca Larga\u2013Ventanilla fue cerrada totalmente a la circulaci\u00f3n la ma\u00f1ana de este lunes, luego de que habitantes de 72 comunidades de Santa Mar\u00eda Colotepec iniciaran un bloqueo en protesta contra Caminos y Puentes Federales (CAPUFE). De acuerdo con el aviso emitido por CAPUFE, el cierre se\u2026","rel":"","context":"En &quot;Agenda Pol\u00edtica&quot;","block_context":{"text":"Agenda Pol\u00edtica","link":"https:\/\/redaccionoaxaca.com\/index.php\/category\/agenda-politica\/"},"img":{"alt_text":"","src":"https:\/\/i0.wp.com\/redaccionoaxaca.com\/wp-content\/uploads\/2026\/03\/InShot_20260309_080409714.jpg?fit=1200%2C601&ssl=1&resize=350%2C200","width":350,"height":200,"srcset":"https:\/\/i0.wp.com\/redaccionoaxaca.com\/wp-content\/uploads\/2026\/03\/InShot_20260309_080409714.jpg?fit=1200%2C601&ssl=1&resize=350%2C200 1x, https:\/\/i0.wp.com\/redaccionoaxaca.com\/wp-content\/uploads\/2026\/03\/InShot_20260309_080409714.jpg?fit=1200%2C601&ssl=1&resize=525%2C300 1.5x, https:\/\/i0.wp.com\/redaccionoaxaca.com\/wp-content\/uploads\/2026\/03\/InShot_20260309_080409714.jpg?fit=1200%2C601&ssl=1&resize=700%2C400 2x, https:\/\/i0.wp.com\/redaccionoaxaca.com\/wp-content\/uploads\/2026\/03\/InShot_20260309_080409714.jpg?fit=1200%2C601&ssl=1&resize=1050%2C600 3x"},"classes":[]},{"id":36291,"url":"https:\/\/redaccionoaxaca.com\/index.php\/2025\/03\/28\/autopista-barranca-larga-ventanilla-un-negocio-de-mas-de-3-mil-mdp-para-autoridades-transportistas-de-los-coatlanes-ahora-extorsionan-por-camionetas-y-dinero\/","url_meta":{"origin":43697,"position":3},"title":"Autopista Barranca Larga &#8211; Ventanilla un negocio de m\u00e1s de 3 mil mdp para autoridades-transportistas de los Coatlanes; ahora extorsionan por camionetas y dinero","author":"ariadna","date":"marzo 28, 2025","format":false,"excerpt":"#Redacci\u00f3nOaxaca #Oaxaca Jaime GUERRERO L\u00edderes y autoridades convertidas en concesionarios -azuzando a habitantes- de toda la zona de los Coatlanes, Oaxaca, extorsionan y han hecho de la autopista Barranca Larga - Ventanilla, un negocio que les ha dejado dividendos por m\u00e1s de 3 mil millones de pesos. Con la construcci\u00f3n\u2026","rel":"","context":"En &quot;Imagen&quot;","block_context":{"text":"Imagen","link":"https:\/\/redaccionoaxaca.com\/index.php\/category\/imagen\/"},"img":{"alt_text":"","src":"","width":0,"height":0},"classes":[]},{"id":40101,"url":"https:\/\/redaccionoaxaca.com\/index.php\/2026\/01\/22\/camion-que-transportaba-cerdos-cae-a-barranco-en-autopista-barranca-larga-ventanilla\/","url_meta":{"origin":43697,"position":4},"title":"Cami\u00f3n que transportaba cerdos cae a barranco en autopista Barranca Larga\u2013Ventanilla","author":"ariadna","date":"enero 22, 2026","format":false,"excerpt":"#Redacci\u00f3nOaxaca #Oaxaca Un lamentable accidente por salida de camino se registr\u00f3 esta ma\u00f1ana en la carretera Barranca Larga\u2013Ventanilla, a la altura del kil\u00f3metro 44, aproximadamente 100 metros antes del primer derrumbe, donde un cami\u00f3n que transportaba cerdos termin\u00f3 fuera de la cinta asf\u00e1ltica. De acuerdo con los primeros reportes, elementos\u2026","rel":"","context":"En &quot;Al Cierre&quot;","block_context":{"text":"Al Cierre","link":"https:\/\/redaccionoaxaca.com\/index.php\/category\/al-cierre\/"},"img":{"alt_text":"","src":"https:\/\/i0.wp.com\/redaccionoaxaca.com\/wp-content\/uploads\/2026\/01\/IMG-20260122-WA0079.jpg?fit=1152%2C864&ssl=1&resize=350%2C200","width":350,"height":200,"srcset":"https:\/\/i0.wp.com\/redaccionoaxaca.com\/wp-content\/uploads\/2026\/01\/IMG-20260122-WA0079.jpg?fit=1152%2C864&ssl=1&resize=350%2C200 1x, https:\/\/i0.wp.com\/redaccionoaxaca.com\/wp-content\/uploads\/2026\/01\/IMG-20260122-WA0079.jpg?fit=1152%2C864&ssl=1&resize=525%2C300 1.5x, https:\/\/i0.wp.com\/redaccionoaxaca.com\/wp-content\/uploads\/2026\/01\/IMG-20260122-WA0079.jpg?fit=1152%2C864&ssl=1&resize=700%2C400 2x, https:\/\/i0.wp.com\/redaccionoaxaca.com\/wp-content\/uploads\/2026\/01\/IMG-20260122-WA0079.jpg?fit=1152%2C864&ssl=1&resize=1050%2C600 3x"},"classes":[]},{"id":33659,"url":"https:\/\/redaccionoaxaca.com\/index.php\/2024\/10\/01\/implementan-operativo-carrusel-en-autopista-barranca-larga-ventanilla\/","url_meta":{"origin":43697,"position":5},"title":"Implementan Operativo Carrusel en autopista Barranca Larga-Ventanilla","author":"ariadna","date":"octubre 1, 2024","format":false,"excerpt":"#Redacci\u00f3nOaxaca #Oaxaca El Gobierno del Estado a trav\u00e9s de la Polic\u00eda Vial Estatal informa que sobre la supercarretera 175 D tramo Barranca Larga-Ventanilla, del kil\u00f3metro (km) 00 al 57, por la comunidad El Gavil\u00e1n, se implementa el Operativo Carrusel. Esta actividad vial tiene el objetivo de salvaguardar la seguridad de\u2026","rel":"","context":"En &quot;Imagen&quot;","block_context":{"text":"Imagen","link":"https:\/\/redaccionoaxaca.com\/index.php\/category\/imagen\/"},"img":{"alt_text":"","src":"https:\/\/i0.wp.com\/redaccionoaxaca.com\/wp-content\/uploads\/2024\/10\/IMG-20241001-WA0077-300x225.jpg?resize=350%2C200&ssl=1","width":350,"height":200},"classes":[]}],"jetpack_featured_media_url":"https:\/\/i0.wp.com\/redaccionoaxaca.com\/wp-content\/uploads\/2026\/09\/IMG-20260902-WA0060.jpg?fit=960%2C773&ssl=1","_links":{"self":[{"href":"https:\/\/redaccionoaxaca.com\/index.php\/wp-json\/wp\/v2\/posts\/43697","targetHints":{"allow":["GET"]}}],"collection":[{"href":"https:\/\/redaccionoaxaca.com\/index.php\/wp-json\/wp\/v2\/posts"}],"about":[{"href":"https:\/\/redaccionoaxaca.com\/index.php\/wp-json\/wp\/v2\/types\/post"}],"author":[{"embeddable":true,"href":"https:\/\/redaccionoaxaca.com\/index.php\/wp-json\/wp\/v2\/users\/9"}],"replies":[{"embeddable":true,"href":"https:\/\/redaccionoaxaca.com\/index.php\/wp-json\/wp\/v2\/comments?post=43697"}],"version-history":[{"count":2,"href":"https:\/\/redaccionoaxaca.com\/index.php\/wp-json\/wp\/v2\/posts\/43697\/revisions"}],"predecessor-version":[{"id":43705,"href":"https:\/\/redaccionoaxaca.com\/index.php\/wp-json\/wp\/v2\/posts\/43697\/revisions\/43705"}],"wp:featuredmedia":[{"embeddable":true,"href":"https:\/\/redaccionoaxaca.com\/index.php\/wp-json\/wp\/v2\/media\/43698"}],"wp:attachment":[{"href":"https:\/\/redaccionoaxaca.com\/index.php\/wp-json\/wp\/v2\/media?parent=43697"}],"wp:term":[{"taxonomy":"category","embeddable":true,"href":"https:\/\/redaccionoaxaca.com\/index.php\/wp-json\/wp\/v2\/categories?post=43697"},{"taxonomy":"post_tag","embeddable":true,"href":"https:\/\/redaccionoaxaca.com\/index.php\/wp-json\/wp\/v2\/tags?post=43697"}],"curies":[{"name":"wp","href":"https:\/\/api.w.org\/{rel}","templated":true}]}}