{"id":43706,"date":"2026-09-02T18:34:43","date_gmt":"2026-09-03T00:34:43","guid":{"rendered":"https:\/\/redaccionoaxaca.com\/?p=43706"},"modified":"2026-09-02T18:35:17","modified_gmt":"2026-09-03T00:35:17","slug":"congreso-local-exhorta-a-la-semovi-y-municipios-a-verificar-el-cobro-de-estacionamiento-en-plazas-y-centros-comerciales","status":"publish","type":"post","link":"https:\/\/redaccionoaxaca.com\/index.php\/2026\/09\/02\/congreso-local-exhorta-a-la-semovi-y-municipios-a-verificar-el-cobro-de-estacionamiento-en-plazas-y-centros-comerciales\/","title":{"rendered":"Congreso local exhorta a la Semovi y municipios a verificar el cobro de estacionamiento en plazas y centros comerciales"},"content":{"rendered":"<p><strong>#Redacci\u00f3nOaxaca<\/strong><\/p>\n<p><strong>#Oaxaca<\/strong><\/p>\n<p style=\"text-align: justify;\">* <em>La proposici\u00f3n aprobada responde a denuncias ciudadanas por la instalaci\u00f3n de equipos de pago en dichos establecimientos<\/em><\/p>\n<p style=\"text-align: justify;\">San Raymundo Jalpan, Oax., 02 de septiembre de 2026.- El Poder Legislativo aprob\u00f3 exhortar a la titular de la Secretar\u00eda de Movilidad del Estado (Semovi) y a los presidentes municipales de Oaxaca de Ju\u00e1rez, Santa Luc\u00eda del Camino y Santa Cruz Xoxocotl\u00e1n a que verifiquen y, en su caso, sancionen a los centros comerciales, plazas y supermercados que apliquen cobros a sus clientes por el uso de estacionamiento.<\/p>\n<p><img data-recalc-dims=\"1\" loading=\"lazy\" decoding=\"async\" data-attachment-id=\"43708\" data-permalink=\"https:\/\/redaccionoaxaca.com\/index.php\/2026\/09\/02\/congreso-local-exhorta-a-la-semovi-y-municipios-a-verificar-el-cobro-de-estacionamiento-en-plazas-y-centros-comerciales\/screenshot_20260902_182512_facebook\/\" data-orig-file=\"https:\/\/i0.wp.com\/redaccionoaxaca.com\/wp-content\/uploads\/2026\/09\/Screenshot_20260902_182512_Facebook-scaled.jpg?fit=2560%2C1757&amp;ssl=1\" data-orig-size=\"2560,1757\" data-comments-opened=\"1\" data-image-meta=\"{&quot;aperture&quot;:&quot;0&quot;,&quot;credit&quot;:&quot;&quot;,&quot;camera&quot;:&quot;&quot;,&quot;caption&quot;:&quot;&quot;,&quot;created_timestamp&quot;:&quot;0&quot;,&quot;copyright&quot;:&quot;&quot;,&quot;focal_length&quot;:&quot;0&quot;,&quot;iso&quot;:&quot;0&quot;,&quot;shutter_speed&quot;:&quot;0&quot;,&quot;title&quot;:&quot;&quot;,&quot;orientation&quot;:&quot;1&quot;}\" data-image-title=\"Screenshot_20260902_182512_Facebook\" data-image-description=\"\" data-image-caption=\"\" data-large-file=\"https:\/\/i0.wp.com\/redaccionoaxaca.com\/wp-content\/uploads\/2026\/09\/Screenshot_20260902_182512_Facebook-scaled.jpg?fit=696%2C478&amp;ssl=1\" class=\"size-medium wp-image-43708 aligncenter\" src=\"https:\/\/i0.wp.com\/redaccionoaxaca.com\/wp-content\/uploads\/2026\/09\/Screenshot_20260902_182512_Facebook.jpg?resize=300%2C206&#038;ssl=1\" alt=\"\" width=\"300\" height=\"206\" srcset=\"https:\/\/i0.wp.com\/redaccionoaxaca.com\/wp-content\/uploads\/2026\/09\/Screenshot_20260902_182512_Facebook-scaled.jpg?resize=300%2C206&amp;ssl=1 300w, https:\/\/i0.wp.com\/redaccionoaxaca.com\/wp-content\/uploads\/2026\/09\/Screenshot_20260902_182512_Facebook-scaled.jpg?resize=1024%2C703&amp;ssl=1 1024w, https:\/\/i0.wp.com\/redaccionoaxaca.com\/wp-content\/uploads\/2026\/09\/Screenshot_20260902_182512_Facebook-scaled.jpg?resize=768%2C527&amp;ssl=1 768w, https:\/\/i0.wp.com\/redaccionoaxaca.com\/wp-content\/uploads\/2026\/09\/Screenshot_20260902_182512_Facebook-scaled.jpg?resize=1536%2C1054&amp;ssl=1 1536w, https:\/\/i0.wp.com\/redaccionoaxaca.com\/wp-content\/uploads\/2026\/09\/Screenshot_20260902_182512_Facebook-scaled.jpg?resize=2048%2C1405&amp;ssl=1 2048w, https:\/\/i0.wp.com\/redaccionoaxaca.com\/wp-content\/uploads\/2026\/09\/Screenshot_20260902_182512_Facebook-scaled.jpg?resize=612%2C420&amp;ssl=1 612w, https:\/\/i0.wp.com\/redaccionoaxaca.com\/wp-content\/uploads\/2026\/09\/Screenshot_20260902_182512_Facebook-scaled.jpg?resize=218%2C150&amp;ssl=1 218w, https:\/\/i0.wp.com\/redaccionoaxaca.com\/wp-content\/uploads\/2026\/09\/Screenshot_20260902_182512_Facebook-scaled.jpg?resize=696%2C478&amp;ssl=1 696w, https:\/\/i0.wp.com\/redaccionoaxaca.com\/wp-content\/uploads\/2026\/09\/Screenshot_20260902_182512_Facebook-scaled.jpg?resize=1068%2C733&amp;ssl=1 1068w, https:\/\/i0.wp.com\/redaccionoaxaca.com\/wp-content\/uploads\/2026\/09\/Screenshot_20260902_182512_Facebook-scaled.jpg?resize=100%2C70&amp;ssl=1 100w, https:\/\/i0.wp.com\/redaccionoaxaca.com\/wp-content\/uploads\/2026\/09\/Screenshot_20260902_182512_Facebook-scaled.jpg?w=1392&amp;ssl=1 1392w\" sizes=\"auto, (max-width: 300px) 100vw, 300px\" \/><\/p>\n<p style=\"text-align: justify;\">La medida, aprobada de Urgente y Obvia Resoluci\u00f3n, fue impulsada por el diputado Isaac L\u00f3pez L\u00f3pez, integrante del Grupo Parlamentario de Morena, quien se\u00f1al\u00f3 que diversos establecimientos privados en la Zona Metropolitana contin\u00faan cobrando por el resguardo vehicular, lo que transgrede la Ley de Movilidad del Estado y la Ley de Ordenamiento Territorial y Desarrollo Urbano, normativas donde se estipulan la gratuidad de tales espacios para quienes acuden a consumir bienes o servicios.<\/p>\n<p style=\"text-align: justify;\">La Proposici\u00f3n con Punto de Acuerdo surge a ra\u00edz de los constantes reclamos sociales ante la instalaci\u00f3n de sistemas automatizados en dichos establecimientos, los cuales aplican tarifas que van desde los 15 pesos por la primera hora hasta nueve pesos por cada hora adicional. Al respecto, el legislador promovente record\u00f3 que desde septiembre de 2021, con la entrada en vigor de las reformas del Decreto 2765, se estableci\u00f3 de manera clara la prohibici\u00f3n de cualquier cuota en tiendas de autoservicio y plazas comerciales.<\/p>\n<p style=\"text-align: justify;\">Por lo anterior, requiri\u00f3 a la Semovi y a los ayuntamientos ejercer sus facultades de supervisi\u00f3n e inspecci\u00f3n, garantizando que las actividades comerciales se sujeten a los proyectos autorizados, as\u00ed como a los programas de ordenamiento territorial y desarrollo urbano vigentes.<\/p>\n<p style=\"text-align: justify;\">Se enfatiz\u00f3 adem\u00e1s que la permanencia de estos cobros genera inconformidad entre las personas usuarias, quienes cuestionan la falta de acciones para hacer cumplir la ley, mientras los negocios contin\u00faan aplicando tarifas bajo el argumento de ofrecer seguro vehicular o periodos de tolerancia.<\/p>\n<p style=\"text-align: justify;\">\u201cEsta determinaci\u00f3n busca beneficiar a las y los ciudadanos que acuden en sus veh\u00edculos a realizar sus compras, asegurando que accedan a un espacio gratuito en apego a los preceptos legales vigentes\u201d, indic\u00f3 L\u00f3pez L\u00f3pez.<\/p>\n<p><img data-recalc-dims=\"1\" loading=\"lazy\" decoding=\"async\" data-attachment-id=\"43707\" data-permalink=\"https:\/\/redaccionoaxaca.com\/index.php\/2026\/09\/02\/congreso-local-exhorta-a-la-semovi-y-municipios-a-verificar-el-cobro-de-estacionamiento-en-plazas-y-centros-comerciales\/screenshot_20260902_182515_facebook\/\" data-orig-file=\"https:\/\/i0.wp.com\/redaccionoaxaca.com\/wp-content\/uploads\/2026\/09\/Screenshot_20260902_182515_Facebook-scaled.jpg?fit=2560%2C1461&amp;ssl=1\" data-orig-size=\"2560,1461\" data-comments-opened=\"1\" data-image-meta=\"{&quot;aperture&quot;:&quot;0&quot;,&quot;credit&quot;:&quot;&quot;,&quot;camera&quot;:&quot;&quot;,&quot;caption&quot;:&quot;&quot;,&quot;created_timestamp&quot;:&quot;0&quot;,&quot;copyright&quot;:&quot;&quot;,&quot;focal_length&quot;:&quot;0&quot;,&quot;iso&quot;:&quot;0&quot;,&quot;shutter_speed&quot;:&quot;0&quot;,&quot;title&quot;:&quot;&quot;,&quot;orientation&quot;:&quot;1&quot;}\" data-image-title=\"Screenshot_20260902_182515_Facebook\" data-image-description=\"\" data-image-caption=\"\" data-large-file=\"https:\/\/i0.wp.com\/redaccionoaxaca.com\/wp-content\/uploads\/2026\/09\/Screenshot_20260902_182515_Facebook-scaled.jpg?fit=696%2C397&amp;ssl=1\" class=\"alignnone size-medium wp-image-43707\" src=\"https:\/\/i0.wp.com\/redaccionoaxaca.com\/wp-content\/uploads\/2026\/09\/Screenshot_20260902_182515_Facebook.jpg?resize=300%2C171&#038;ssl=1\" alt=\"\" width=\"300\" height=\"171\" srcset=\"https:\/\/i0.wp.com\/redaccionoaxaca.com\/wp-content\/uploads\/2026\/09\/Screenshot_20260902_182515_Facebook-scaled.jpg?resize=300%2C171&amp;ssl=1 300w, https:\/\/i0.wp.com\/redaccionoaxaca.com\/wp-content\/uploads\/2026\/09\/Screenshot_20260902_182515_Facebook-scaled.jpg?resize=1024%2C584&amp;ssl=1 1024w, https:\/\/i0.wp.com\/redaccionoaxaca.com\/wp-content\/uploads\/2026\/09\/Screenshot_20260902_182515_Facebook-scaled.jpg?resize=768%2C438&amp;ssl=1 768w, https:\/\/i0.wp.com\/redaccionoaxaca.com\/wp-content\/uploads\/2026\/09\/Screenshot_20260902_182515_Facebook-scaled.jpg?resize=1536%2C877&amp;ssl=1 1536w, https:\/\/i0.wp.com\/redaccionoaxaca.com\/wp-content\/uploads\/2026\/09\/Screenshot_20260902_182515_Facebook-scaled.jpg?resize=2048%2C1169&amp;ssl=1 2048w, https:\/\/i0.wp.com\/redaccionoaxaca.com\/wp-content\/uploads\/2026\/09\/Screenshot_20260902_182515_Facebook-scaled.jpg?resize=736%2C420&amp;ssl=1 736w, https:\/\/i0.wp.com\/redaccionoaxaca.com\/wp-content\/uploads\/2026\/09\/Screenshot_20260902_182515_Facebook-scaled.jpg?resize=696%2C397&amp;ssl=1 696w, https:\/\/i0.wp.com\/redaccionoaxaca.com\/wp-content\/uploads\/2026\/09\/Screenshot_20260902_182515_Facebook-scaled.jpg?resize=1068%2C610&amp;ssl=1 1068w, https:\/\/i0.wp.com\/redaccionoaxaca.com\/wp-content\/uploads\/2026\/09\/Screenshot_20260902_182515_Facebook-scaled.jpg?w=1392&amp;ssl=1 1392w\" sizes=\"auto, (max-width: 300px) 100vw, 300px\" \/><\/p>\n","protected":false},"excerpt":{"rendered":"<p>#Redacci\u00f3nOaxaca #Oaxaca * La proposici\u00f3n aprobada responde a denuncias ciudadanas por la instalaci\u00f3n de equipos de pago en dichos establecimientos San Raymundo Jalpan, Oax., 02 de septiembre de 2026.- El Poder Legislativo aprob\u00f3 exhortar a la titular de la Secretar\u00eda de Movilidad del Estado (Semovi) y a los presidentes municipales de Oaxaca de Ju\u00e1rez, Santa [&hellip;]<\/p>\n","protected":false},"author":9,"featured_media":43708,"comment_status":"open","ping_status":"open","sticky":false,"template":"","format":"standard","meta":{"_jetpack_newsletter_access":"","_jetpack_dont_email_post_to_subs":false,"_jetpack_newsletter_tier_id":0,"_jetpack_memberships_contains_paywalled_content":false,"_jetpack_feature_clip_id":0,"_jetpack_memberships_contains_paid_content":false,"footnotes":"","jetpack_publicize_message":"","jetpack_publicize_feature_enabled":true,"jetpack_social_post_already_shared":true,"jetpack_social_options":{"image_generator_settings":{"template":"highway","default_image_id":0,"font":"","enabled":false},"version":2},"jetpack_post_was_ever_published":false},"categories":[4,7,5,6],"tags":[],"class_list":{"0":"post-43706","1":"post","2":"type-post","3":"status-publish","4":"format-standard","5":"has-post-thumbnail","7":"category-agenda-politica","8":"category-al-cierre","9":"category-imagen","10":"category-tendencias"},"jetpack_publicize_connections":[],"jetpack_sharing_enabled":true,"jetpack_shortlink":"https:\/\/wp.me\/p9Ynjw-bmW","jetpack-related-posts":[{"id":21252,"url":"https:\/\/redaccionoaxaca.com\/index.php\/2021\/09\/28\/proponen-diputados-obligar-a-centros-comerciales-y-establecimientos-a-brindar-estacionamiento-gratuito-a-sus-clientes-hasta-hoy-la-gran-mayoria-lo-cobra\/","url_meta":{"origin":43706,"position":0},"title":"Proponen Diputados obligar a Centros comerciales y establecimientos a brindar estacionamiento gratuito a sus clientes, hasta hoy la gran mayor\u00eda lo cobra.","author":"ariadna","date":"septiembre 28, 2021","format":false,"excerpt":"#Redacci\u00f3nOaxaca #Oaxaca Maira Ric\u00e1rdez *Los legisladores han aprobado la reforma de ley, resta la supervisi\u00f3n del Ejecutivo, de no haber observaciones hacia mediados de octubre los estacionamientos gratuitos ser\u00e1n ley en el Estado La actual legislatura, aprob\u00f3 el pasado 22 de septiembre, una reforma de ley que busca decretar por\u2026","rel":"","context":"En &quot;Mesa de Redacci\u00f3n&quot;","block_context":{"text":"Mesa de Redacci\u00f3n","link":"https:\/\/redaccionoaxaca.com\/index.php\/category\/mesa-de-redaccion\/"},"img":{"alt_text":"","src":"","width":0,"height":0},"classes":[]},{"id":21263,"url":"https:\/\/redaccionoaxaca.com\/index.php\/2021\/09\/29\/con-reforma-congreso-garantiza-gratuidad-del-servicio-de-estacionamientos-en-centros-comerciales\/","url_meta":{"origin":43706,"position":1},"title":"Con reforma, Congreso garantiza gratuidad del servicio de estacionamientos en centros comerciales.","author":"ariadna","date":"septiembre 29, 2021","format":false,"excerpt":"#Redacci\u00f3nOaxaca #Oaxaca Comunicado San Raymundo Jalpan, Oax. 29 de septiembre de 2021.- El Congreso Local decret\u00f3 que en el Estado de Oaxaca el servicio de los estacionamientos ubicados en los centros comerciales, plazas, supermercados y tiendas de autoservicio, o cualquier otra instituci\u00f3n f\u00edsica o moral, deber\u00e1n ser gratuitos a sus\u2026","rel":"","context":"En &quot;Imagen&quot;","block_context":{"text":"Imagen","link":"https:\/\/redaccionoaxaca.com\/index.php\/category\/imagen\/"},"img":{"alt_text":"","src":"","width":0,"height":0},"classes":[]},{"id":42032,"url":"https:\/\/redaccionoaxaca.com\/index.php\/2026\/05\/11\/buscan-desde-el-congreso-local-garantizar-estacionamientos-preferentes-para-personas-con-movilidad-reducida\/","url_meta":{"origin":43706,"position":2},"title":"Buscan desde el Congreso local garantizar estacionamientos preferentes para personas con movilidad reducida","author":"ariadna","date":"mayo 11, 2026","format":false,"excerpt":"#Redacci\u00f3nOaxaca #Oaxaca * La iniciativa propone que edificios p\u00fablicos y comerciales ubiquen cajones de estacionamiento lo m\u00e1s cerca posible de los accesos principales San Raymundo Jalpan, Oax., a 11 de mayo de 2026.- Con el objetivo de fortalecer la inclusi\u00f3n y eliminar barreras que impiden la movilidad de los sectores\u2026","rel":"","context":"En &quot;Agenda Pol\u00edtica&quot;","block_context":{"text":"Agenda Pol\u00edtica","link":"https:\/\/redaccionoaxaca.com\/index.php\/category\/agenda-politica\/"},"img":{"alt_text":"","src":"https:\/\/i0.wp.com\/redaccionoaxaca.com\/wp-content\/uploads\/2026\/05\/Screenshot_20260511_192956_Facebook-scaled.jpg?fit=1200%2C804&ssl=1&resize=350%2C200","width":350,"height":200,"srcset":"https:\/\/i0.wp.com\/redaccionoaxaca.com\/wp-content\/uploads\/2026\/05\/Screenshot_20260511_192956_Facebook-scaled.jpg?fit=1200%2C804&ssl=1&resize=350%2C200 1x, https:\/\/i0.wp.com\/redaccionoaxaca.com\/wp-content\/uploads\/2026\/05\/Screenshot_20260511_192956_Facebook-scaled.jpg?fit=1200%2C804&ssl=1&resize=525%2C300 1.5x, https:\/\/i0.wp.com\/redaccionoaxaca.com\/wp-content\/uploads\/2026\/05\/Screenshot_20260511_192956_Facebook-scaled.jpg?fit=1200%2C804&ssl=1&resize=700%2C400 2x, https:\/\/i0.wp.com\/redaccionoaxaca.com\/wp-content\/uploads\/2026\/05\/Screenshot_20260511_192956_Facebook-scaled.jpg?fit=1200%2C804&ssl=1&resize=1050%2C600 3x"},"classes":[]},{"id":13161,"url":"https:\/\/redaccionoaxaca.com\/index.php\/2020\/06\/30\/por-acuerdo-con-autoridades-comercios-de-oaxaca-abriran-al-50-pese-a-estar-en-semaforo-rojo-por-covid19\/","url_meta":{"origin":43706,"position":3},"title":"Por acuerdo con autoridades, comercios de Oaxaca  abrir\u00e1n al 50%, pese a estar en sem\u00e1foro rojo por COVID19.","author":"ariadna","date":"junio 30, 2020","format":false,"excerpt":"#Redacci\u00f3nOaxaca #Oaxaca Jaime GUERRERO Luego de m\u00e1s de 90 d\u00edas de bajar sus cortinas y acortar el personal, este 1 de julio los comercios en su totalidad, incluidos restaurantes, hoteles y restaurantes-bares, reabrir\u00e1n, pese a que Oaxaca sigue en semaforo rojo. Por disposici\u00f3n de la Secretar\u00eda de Salud Federal, los\u2026","rel":"","context":"En &quot;Imagen&quot;","block_context":{"text":"Imagen","link":"https:\/\/redaccionoaxaca.com\/index.php\/category\/imagen\/"},"img":{"alt_text":"","src":"","width":0,"height":0},"classes":[]},{"id":34829,"url":"https:\/\/redaccionoaxaca.com\/index.php\/2024\/12\/17\/trabajadores-del-imss-bienestar-inician-cierre-de-carreteras-y-centros-comerciales-en-oaxaca\/","url_meta":{"origin":43706,"position":4},"title":"Trabajadores del IMSS-Bienestar, inician cierre de carreteras y centros comerciales en Oaxaca.","author":"ariadna","date":"diciembre 17, 2024","format":false,"excerpt":"#Redacci\u00f3nOaxaca #Oaxaca Jaime GUERRERO Desde las 08:00 de la ma\u00f1ana de este martes, integrantes del Sindicato Nacional de Trabajadores de la Secretar\u00eda de Salud (SNTSA) Secci\u00f3n N\u00b0 35, realizan movilizaciones y protestas en diversos puntos de la ciudad por la falta de pago de salarios y prestaciones por parte del\u2026","rel":"","context":"En &quot;Agenda Pol\u00edtica&quot;","block_context":{"text":"Agenda Pol\u00edtica","link":"https:\/\/redaccionoaxaca.com\/index.php\/category\/agenda-politica\/"},"img":{"alt_text":"","src":"https:\/\/i0.wp.com\/redaccionoaxaca.com\/wp-content\/uploads\/2024\/12\/IMG-20241217-WA0091-300x225.jpg?resize=350%2C200&ssl=1","width":350,"height":200},"classes":[]},{"id":43681,"url":"https:\/\/redaccionoaxaca.com\/index.php\/2026\/09\/01\/congreso-de-oaxaca-crea-cobro-por-registro-de-mototaxis-expedicion-costara-23-uma-y-renovacion-cada-dos-anos\/","url_meta":{"origin":43706,"position":5},"title":"Congreso de Oaxaca crea cobro por registro de mototaxis; expedici\u00f3n costar\u00e1 23 UMA y renovaci\u00f3n cada dos a\u00f1os","author":"ariadna","date":"septiembre 1, 2026","format":false,"excerpt":"#Redacci\u00f3nOaxaca #Oaxaca #JaimeGUERRERO El Congreso de Oaxaca perfila incorporar por primera vez a la Ley Estatal de Derechos el cobro por el registro administrativo de mototaxis, con tarifas espec\u00edficas para expedir, renovar y reponer la constancia que identificar\u00e1 oficialmente a estas unidades. La Comisi\u00f3n Permanente de Hacienda aprob\u00f3 el dictamen\u2026","rel":"","context":"En &quot;Agenda Pol\u00edtica&quot;","block_context":{"text":"Agenda Pol\u00edtica","link":"https:\/\/redaccionoaxaca.com\/index.php\/category\/agenda-politica\/"},"img":{"alt_text":"","src":"https:\/\/i0.wp.com\/redaccionoaxaca.com\/wp-content\/uploads\/2026\/09\/29.jpg?fit=1000%2C600&ssl=1&resize=350%2C200","width":350,"height":200,"srcset":"https:\/\/i0.wp.com\/redaccionoaxaca.com\/wp-content\/uploads\/2026\/09\/29.jpg?fit=1000%2C600&ssl=1&resize=350%2C200 1x, https:\/\/i0.wp.com\/redaccionoaxaca.com\/wp-content\/uploads\/2026\/09\/29.jpg?fit=1000%2C600&ssl=1&resize=525%2C300 1.5x, https:\/\/i0.wp.com\/redaccionoaxaca.com\/wp-content\/uploads\/2026\/09\/29.jpg?fit=1000%2C600&ssl=1&resize=700%2C400 2x"},"classes":[]}],"jetpack_featured_media_url":"https:\/\/i0.wp.com\/redaccionoaxaca.com\/wp-content\/uploads\/2026\/09\/Screenshot_20260902_182512_Facebook-scaled.jpg?fit=2560%2C1757&ssl=1","_links":{"self":[{"href":"https:\/\/redaccionoaxaca.com\/index.php\/wp-json\/wp\/v2\/posts\/43706","targetHints":{"allow":["GET"]}}],"collection":[{"href":"https:\/\/redaccionoaxaca.com\/index.php\/wp-json\/wp\/v2\/posts"}],"about":[{"href":"https:\/\/redaccionoaxaca.com\/index.php\/wp-json\/wp\/v2\/types\/post"}],"author":[{"embeddable":true,"href":"https:\/\/redaccionoaxaca.com\/index.php\/wp-json\/wp\/v2\/users\/9"}],"replies":[{"embeddable":true,"href":"https:\/\/redaccionoaxaca.com\/index.php\/wp-json\/wp\/v2\/comments?post=43706"}],"version-history":[{"count":2,"href":"https:\/\/redaccionoaxaca.com\/index.php\/wp-json\/wp\/v2\/posts\/43706\/revisions"}],"predecessor-version":[{"id":43710,"href":"https:\/\/redaccionoaxaca.com\/index.php\/wp-json\/wp\/v2\/posts\/43706\/revisions\/43710"}],"wp:featuredmedia":[{"embeddable":true,"href":"https:\/\/redaccionoaxaca.com\/index.php\/wp-json\/wp\/v2\/media\/43708"}],"wp:attachment":[{"href":"https:\/\/redaccionoaxaca.com\/index.php\/wp-json\/wp\/v2\/media?parent=43706"}],"wp:term":[{"taxonomy":"category","embeddable":true,"href":"https:\/\/redaccionoaxaca.com\/index.php\/wp-json\/wp\/v2\/categories?post=43706"},{"taxonomy":"post_tag","embeddable":true,"href":"https:\/\/redaccionoaxaca.com\/index.php\/wp-json\/wp\/v2\/tags?post=43706"}],"curies":[{"name":"wp","href":"https:\/\/api.w.org\/{rel}","templated":true}]}}