{"id":43711,"date":"2026-09-02T19:52:26","date_gmt":"2026-09-03T01:52:26","guid":{"rendered":"https:\/\/redaccionoaxaca.com\/?p=43711"},"modified":"2026-09-02T19:52:53","modified_gmt":"2026-09-03T01:52:53","slug":"segunda-ofensiva-contra-asaeo-fuerzas-estatales-y-federales-ejecutan-6-cateos-detienen-a-3-y-aseguran-armas-droga-y-dinero","status":"publish","type":"post","link":"https:\/\/redaccionoaxaca.com\/index.php\/2026\/09\/02\/segunda-ofensiva-contra-asaeo-fuerzas-estatales-y-federales-ejecutan-6-cateos-detienen-a-3-y-aseguran-armas-droga-y-dinero\/","title":{"rendered":"Segunda ofensiva contra ASAEO: fuerzas estatales y federales ejecutan 6 cateos, detienen a 3 y aseguran armas, droga y dinero"},"content":{"rendered":"<p><strong>#Redacci\u00f3nOaxaca<\/strong><\/p>\n<p><strong>#Oaxaca<\/strong><\/p>\n<p><strong>#JaimeGUERRERO<\/strong><\/p>\n<p style=\"text-align: justify;\">Fuerzas estatales y federales desplegaron una segunda etapa de operativos contra la Alianza de Sindicatos y Asociaciones del Estado de Oaxaca (ASAEO), con seis cateos en los Valles Centrales que dejaron tres personas detenidas y el aseguramiento de armas de fuego, droga, dinero en efectivo, veh\u00edculos y equipos de comunicaci\u00f3n.<\/p>\n<p><img data-recalc-dims=\"1\" loading=\"lazy\" decoding=\"async\" data-attachment-id=\"43712\" data-permalink=\"https:\/\/redaccionoaxaca.com\/index.php\/2026\/09\/02\/segunda-ofensiva-contra-asaeo-fuerzas-estatales-y-federales-ejecutan-6-cateos-detienen-a-3-y-aseguran-armas-droga-y-dinero\/img-20260902-wa0251\/\" data-orig-file=\"https:\/\/i0.wp.com\/redaccionoaxaca.com\/wp-content\/uploads\/2026\/09\/IMG-20260902-WA0251.jpg?fit=1280%2C853&amp;ssl=1\" data-orig-size=\"1280,853\" data-comments-opened=\"1\" data-image-meta=\"{&quot;aperture&quot;:&quot;0&quot;,&quot;credit&quot;:&quot;&quot;,&quot;camera&quot;:&quot;&quot;,&quot;caption&quot;:&quot;&quot;,&quot;created_timestamp&quot;:&quot;0&quot;,&quot;copyright&quot;:&quot;&quot;,&quot;focal_length&quot;:&quot;0&quot;,&quot;iso&quot;:&quot;0&quot;,&quot;shutter_speed&quot;:&quot;0&quot;,&quot;title&quot;:&quot;&quot;,&quot;orientation&quot;:&quot;0&quot;}\" data-image-title=\"IMG-20260902-WA0251\" data-image-description=\"\" data-image-caption=\"\" data-large-file=\"https:\/\/i0.wp.com\/redaccionoaxaca.com\/wp-content\/uploads\/2026\/09\/IMG-20260902-WA0251.jpg?fit=696%2C464&amp;ssl=1\" class=\"size-medium wp-image-43712 aligncenter\" src=\"https:\/\/i0.wp.com\/redaccionoaxaca.com\/wp-content\/uploads\/2026\/09\/IMG-20260902-WA0251.jpg?resize=300%2C200&#038;ssl=1\" alt=\"\" width=\"300\" height=\"200\" srcset=\"https:\/\/i0.wp.com\/redaccionoaxaca.com\/wp-content\/uploads\/2026\/09\/IMG-20260902-WA0251.jpg?resize=300%2C200&amp;ssl=1 300w, https:\/\/i0.wp.com\/redaccionoaxaca.com\/wp-content\/uploads\/2026\/09\/IMG-20260902-WA0251.jpg?resize=1024%2C682&amp;ssl=1 1024w, https:\/\/i0.wp.com\/redaccionoaxaca.com\/wp-content\/uploads\/2026\/09\/IMG-20260902-WA0251.jpg?resize=768%2C512&amp;ssl=1 768w, https:\/\/i0.wp.com\/redaccionoaxaca.com\/wp-content\/uploads\/2026\/09\/IMG-20260902-WA0251.jpg?resize=630%2C420&amp;ssl=1 630w, https:\/\/i0.wp.com\/redaccionoaxaca.com\/wp-content\/uploads\/2026\/09\/IMG-20260902-WA0251.jpg?resize=696%2C464&amp;ssl=1 696w, https:\/\/i0.wp.com\/redaccionoaxaca.com\/wp-content\/uploads\/2026\/09\/IMG-20260902-WA0251.jpg?resize=1068%2C712&amp;ssl=1 1068w, https:\/\/i0.wp.com\/redaccionoaxaca.com\/wp-content\/uploads\/2026\/09\/IMG-20260902-WA0251.jpg?w=1280&amp;ssl=1 1280w\" sizes=\"auto, (max-width: 300px) 100vw, 300px\" \/><\/p>\n<p style=\"text-align: justify;\">La Fiscal\u00eda General del Estado de Oaxaca (FGEO) inform\u00f3 que las nuevas diligencias derivaron de los trabajos de inteligencia y de la informaci\u00f3n obtenida durante los primeros operativos contra la organizaci\u00f3n, realizados el pasado 27 de agosto.<\/p>\n<p style=\"text-align: justify;\">En esta segunda intervenci\u00f3n fueron detenidas las personas identificadas con las iniciales E.M.M.S., J.Z.M. y A.V.M.M., quienes quedaron a disposici\u00f3n de las autoridades correspondientes para determinar su situaci\u00f3n jur\u00eddica.<\/p>\n<p style=\"text-align: justify;\">Los cateos fueron ejecutados por la Fiscal\u00eda de Oaxaca, la Secretar\u00eda de Marina y la Secretar\u00eda de Seguridad y Protecci\u00f3n Ciudadana federal, con apoyo de la Defensa, Guardia Nacional, Polic\u00eda Estatal, C5i y la Unidad de Fuerzas de Acci\u00f3n Estrat\u00e9gica (UFAE).<\/p>\n<p style=\"text-align: justify;\">Las diligencias fueron autorizadas por un Juez de Control de los Valles Centrales y se realizaron en seis inmuebles presuntamente relacionados con actividades operativas y administrativas de la ASAEO.<\/p>\n<p style=\"text-align: justify;\">Los puntos intervenidos se localizan en la agencia de Cinco Se\u00f1ores, en Oaxaca de Ju\u00e1rez; Santo Domingo Barrio Bajo, Villa de Etla; dos domicilios de la colonia Centro de Soledad Etla; la colonia Francisco I. Madero, en Santa Cruz Xoxocotl\u00e1n, y Guadalupe Hidalgo, Etla.<\/p>\n<p>&nbsp;<\/p>\n<p style=\"text-align: justify;\">Adem\u00e1s de las detenciones, las autoridades aseguraron dos veh\u00edculos, tel\u00e9fonos celulares y radios de comunicaci\u00f3n. Los seis inmuebles quedaron bajo resguardo ministerial para continuar con las investigaciones.<\/p>\n<p style=\"text-align: justify;\">Las acciones se realizaron seis d\u00edas despu\u00e9s del operativo del 27 de agosto, cuando m\u00e1s de 300 elementos estatales y federales ejecutaron 14 cateos simult\u00e1neos y detuvieron a nueve personas vinculadas con la ASAEO, entre ellas su dirigente, Sharon Italia Curiel Hern\u00e1ndez, alias \u201cLa Italia\u201d.<\/p>\n<p style=\"text-align: justify;\">De acuerdo con las investigaciones de la FGEO, la estructura vinculada con ASAEO habr\u00eda evolucionado hacia actividades delictivas relacionadas con extorsi\u00f3n, cobro de piso, narcomenudeo, despojo y sicariato. Las autoridades tambi\u00e9n mantienen l\u00edneas de investigaci\u00f3n por homicidio doloso.<\/p>\n<p style=\"text-align: justify;\">El fiscal general Bernardo Rodr\u00edguez Alamilla vincul\u00f3 adem\u00e1s a la ASAEO con la estructura criminal encabezada por Ricardo Est\u00e9vez Colmenares, tambi\u00e9n identificado como Bogar Soto Rodr\u00edguez, alias \u201cEl Bogar\u201d, se\u00f1alado como l\u00edder del denominado C\u00e1rtel de la Costa.<\/p>\n<p style=\"text-align: justify;\">Rodr\u00edguez Alamilla sostuvo que ambas estructuras manten\u00edan una alianza y se\u00f1al\u00f3 a Juan M.G.G., alias \u201cEl Miky\u201d o \u201cEl 086\u201d, detenido previamente, como el v\u00ednculo entre la organizaci\u00f3n sindical y la estructura criminal atribuida a \u201cEl Bogar\u201d.<\/p>\n<p style=\"text-align: justify;\">Entre los casos investigados se encuentra el atentado de noviembre de 2024 contra Marcos S\u00e1nchez, dirigente de la CIT, ocurrido en el restaurante El Che Gaucho y en el que seis personas fueron asesinadas; as\u00ed como los homicidios de los dirigentes transportistas Caleb Rodr\u00edguez Ortega, en enero de 2025, e Iv\u00e1n Tom\u00e1s Luis Villaseca, en abril de 2026.<\/p>\n<p style=\"text-align: justify;\">Tras el primer operativo, parte de los nueve detenidos fueron trasladados a un penal federal en Guanajuato, mientras otros quedaron recluidos en el penal estatal de San Francisco Tanivet.<\/p>\n<p style=\"text-align: justify;\">La Fiscal\u00eda mantiene abiertas las investigaciones para ubicar a otros integrantes de la estructura y determinar la participaci\u00f3n de los detenidos en los distintos delitos bajo investigaci\u00f3n.<\/p>\n<p><img data-recalc-dims=\"1\" loading=\"lazy\" decoding=\"async\" data-attachment-id=\"43714\" data-permalink=\"https:\/\/redaccionoaxaca.com\/index.php\/2026\/09\/02\/segunda-ofensiva-contra-asaeo-fuerzas-estatales-y-federales-ejecutan-6-cateos-detienen-a-3-y-aseguran-armas-droga-y-dinero\/inshot_20260902_195016143-2\/\" data-orig-file=\"https:\/\/i0.wp.com\/redaccionoaxaca.com\/wp-content\/uploads\/2026\/09\/InShot_20260902_195016143-1.jpg?fit=1920%2C1920&amp;ssl=1\" data-orig-size=\"1920,1920\" data-comments-opened=\"1\" data-image-meta=\"{&quot;aperture&quot;:&quot;0&quot;,&quot;credit&quot;:&quot;&quot;,&quot;camera&quot;:&quot;&quot;,&quot;caption&quot;:&quot;&quot;,&quot;created_timestamp&quot;:&quot;0&quot;,&quot;copyright&quot;:&quot;&quot;,&quot;focal_length&quot;:&quot;0&quot;,&quot;iso&quot;:&quot;0&quot;,&quot;shutter_speed&quot;:&quot;0&quot;,&quot;title&quot;:&quot;&quot;,&quot;orientation&quot;:&quot;0&quot;}\" data-image-title=\"InShot_20260902_195016143\" data-image-description=\"\" data-image-caption=\"\" data-large-file=\"https:\/\/i0.wp.com\/redaccionoaxaca.com\/wp-content\/uploads\/2026\/09\/InShot_20260902_195016143-1.jpg?fit=696%2C696&amp;ssl=1\" class=\"alignnone size-medium wp-image-43714\" src=\"https:\/\/i0.wp.com\/redaccionoaxaca.com\/wp-content\/uploads\/2026\/09\/InShot_20260902_195016143-1.jpg?resize=300%2C300&#038;ssl=1\" alt=\"\" width=\"300\" height=\"300\" srcset=\"https:\/\/i0.wp.com\/redaccionoaxaca.com\/wp-content\/uploads\/2026\/09\/InShot_20260902_195016143-1.jpg?resize=300%2C300&amp;ssl=1 300w, https:\/\/i0.wp.com\/redaccionoaxaca.com\/wp-content\/uploads\/2026\/09\/InShot_20260902_195016143-1.jpg?resize=1024%2C1024&amp;ssl=1 1024w, https:\/\/i0.wp.com\/redaccionoaxaca.com\/wp-content\/uploads\/2026\/09\/InShot_20260902_195016143-1.jpg?resize=150%2C150&amp;ssl=1 150w, https:\/\/i0.wp.com\/redaccionoaxaca.com\/wp-content\/uploads\/2026\/09\/InShot_20260902_195016143-1.jpg?resize=768%2C768&amp;ssl=1 768w, https:\/\/i0.wp.com\/redaccionoaxaca.com\/wp-content\/uploads\/2026\/09\/InShot_20260902_195016143-1.jpg?resize=1536%2C1536&amp;ssl=1 1536w, https:\/\/i0.wp.com\/redaccionoaxaca.com\/wp-content\/uploads\/2026\/09\/InShot_20260902_195016143-1.jpg?resize=420%2C420&amp;ssl=1 420w, https:\/\/i0.wp.com\/redaccionoaxaca.com\/wp-content\/uploads\/2026\/09\/InShot_20260902_195016143-1.jpg?resize=696%2C696&amp;ssl=1 696w, https:\/\/i0.wp.com\/redaccionoaxaca.com\/wp-content\/uploads\/2026\/09\/InShot_20260902_195016143-1.jpg?resize=1068%2C1068&amp;ssl=1 1068w, https:\/\/i0.wp.com\/redaccionoaxaca.com\/wp-content\/uploads\/2026\/09\/InShot_20260902_195016143-1.jpg?w=1920&amp;ssl=1 1920w, https:\/\/i0.wp.com\/redaccionoaxaca.com\/wp-content\/uploads\/2026\/09\/InShot_20260902_195016143-1.jpg?w=1392&amp;ssl=1 1392w\" sizes=\"auto, (max-width: 300px) 100vw, 300px\" \/><\/p>\n","protected":false},"excerpt":{"rendered":"<p>#Redacci\u00f3nOaxaca #Oaxaca #JaimeGUERRERO Fuerzas estatales y federales desplegaron una segunda etapa de operativos contra la Alianza de Sindicatos y Asociaciones del Estado de Oaxaca (ASAEO), con seis cateos en los Valles Centrales que dejaron tres personas detenidas y el aseguramiento de armas de fuego, droga, dinero en efectivo, veh\u00edculos y equipos de comunicaci\u00f3n. La Fiscal\u00eda [&hellip;]<\/p>\n","protected":false},"author":9,"featured_media":43715,"comment_status":"open","ping_status":"open","sticky":false,"template":"","format":"standard","meta":{"_jetpack_newsletter_access":"","_jetpack_dont_email_post_to_subs":false,"_jetpack_newsletter_tier_id":0,"_jetpack_memberships_contains_paywalled_content":false,"_jetpack_feature_clip_id":0,"_jetpack_memberships_contains_paid_content":false,"footnotes":"","jetpack_publicize_message":"","jetpack_publicize_feature_enabled":true,"jetpack_social_post_already_shared":true,"jetpack_social_options":{"image_generator_settings":{"template":"highway","default_image_id":0,"font":"","enabled":false},"version":2},"jetpack_post_was_ever_published":false},"categories":[4,3,6],"tags":[],"class_list":{"0":"post-43711","1":"post","2":"type-post","3":"status-publish","4":"format-standard","5":"has-post-thumbnail","7":"category-agenda-politica","8":"category-mesa-de-redaccion","9":"category-tendencias"},"jetpack_publicize_connections":[],"jetpack_sharing_enabled":true,"jetpack_shortlink":"https:\/\/wp.me\/p9Ynjw-bn1","jetpack-related-posts":[{"id":43665,"url":"https:\/\/redaccionoaxaca.com\/index.php\/2026\/08\/31\/fiscalia-acusa-a-asaeo-de-operar-con-grupo-criminal-de-huatulco-le-atribuye-extorsiones-y-homicidios\/","url_meta":{"origin":43711,"position":0},"title":"Fiscal\u00eda acusa a ASAEO de operar con grupo criminal de Huatulco; le atribuye extorsiones y homicidios","author":"ariadna","date":"agosto 31, 2026","format":"video","excerpt":"#Redacci\u00f3nOaxaca #Oaxaca Ariadna Mendoza\u00a0 La Fiscal\u00eda General del Estado de Oaxaca (FGEO) asegur\u00f3 que la organizaci\u00f3n sindical ASAEO habr\u00eda dejado de limitar sus actividades al control del transporte para involucrarse en extorsiones, cobro de piso, narcomenudeo, despojo de terrenos y homicidios, adem\u00e1s de establecer un presunto v\u00ednculo con un grupo\u2026","rel":"","context":"En &quot;Agenda Pol\u00edtica&quot;","block_context":{"text":"Agenda Pol\u00edtica","link":"https:\/\/redaccionoaxaca.com\/index.php\/category\/agenda-politica\/"},"img":{"alt_text":"","src":"https:\/\/i0.wp.com\/redaccionoaxaca.com\/wp-content\/uploads\/2026\/08\/Screenshot_20260831_105758_WhatsApp-scaled.jpg?fit=1200%2C658&ssl=1&resize=350%2C200","width":350,"height":200,"srcset":"https:\/\/i0.wp.com\/redaccionoaxaca.com\/wp-content\/uploads\/2026\/08\/Screenshot_20260831_105758_WhatsApp-scaled.jpg?fit=1200%2C658&ssl=1&resize=350%2C200 1x, https:\/\/i0.wp.com\/redaccionoaxaca.com\/wp-content\/uploads\/2026\/08\/Screenshot_20260831_105758_WhatsApp-scaled.jpg?fit=1200%2C658&ssl=1&resize=525%2C300 1.5x, https:\/\/i0.wp.com\/redaccionoaxaca.com\/wp-content\/uploads\/2026\/08\/Screenshot_20260831_105758_WhatsApp-scaled.jpg?fit=1200%2C658&ssl=1&resize=700%2C400 2x, https:\/\/i0.wp.com\/redaccionoaxaca.com\/wp-content\/uploads\/2026\/08\/Screenshot_20260831_105758_WhatsApp-scaled.jpg?fit=1200%2C658&ssl=1&resize=1050%2C600 3x"},"classes":[]},{"id":43617,"url":"https:\/\/redaccionoaxaca.com\/index.php\/2026\/08\/27\/trasladan-a-penal-federal-del-bajio-a-9-integrantes-de-asaeo-detenidos-por-extorsion-en-oaxaca\/","url_meta":{"origin":43711,"position":1},"title":"Trasladan a penal federal del Baj\u00edo a 9 integrantes de ASAEO detenidos por extorsi\u00f3n en Oaxaca","author":"ariadna","date":"agosto 27, 2026","format":false,"excerpt":"#Redacci\u00f3nOaxaca #Oaxaca #JaimeGUERRERO La Fiscal\u00eda General del Estado de Oaxaca (FGEO) confirm\u00f3 que desarticul\u00f3 estructura delictiva y fueron nueve las personas detenidas durante 14 cateos simult\u00e1neos contra la estructura de la Alianza de Sindicatos y Asociaciones del Estado de Oaxaca (ASAEO), entre ellas su l\u00edder, Sharon Italia C. H., alias\u2026","rel":"","context":"En &quot;Agenda Pol\u00edtica&quot;","block_context":{"text":"Agenda Pol\u00edtica","link":"https:\/\/redaccionoaxaca.com\/index.php\/category\/agenda-politica\/"},"img":{"alt_text":"","src":"https:\/\/i0.wp.com\/redaccionoaxaca.com\/wp-content\/uploads\/2026\/08\/IMG-20260827-WA0151-300x158.jpg?resize=350%2C200&ssl=1","width":350,"height":200},"classes":[]},{"id":43626,"url":"https:\/\/redaccionoaxaca.com\/index.php\/2026\/08\/27\/en-oaxaca-nadie-esta-por-encima-de-la-ley-jara-tras-captura-de-9-integrantes-y-lideres-de-asaeo\/","url_meta":{"origin":43711,"position":2},"title":"\u201cEn Oaxaca nadie est\u00e1 por encima de la ley\u201d: Jara tras captura de 9 integrantes y l\u00edderes de ASAEO","author":"ariadna","date":"agosto 27, 2026","format":false,"excerpt":"#Redacci\u00f3nOaxaca #Oaxaca #JaimeGUERRERO El gobernador Salom\u00f3n Jara Cruz afirm\u00f3 que en Oaxaca \u201cnadie est\u00e1 por encima de la ley\u201d, tras la detenci\u00f3n de nueve presuntos integrantes y l\u00edderes de la Alianza de Sindicatos y Asociaciones del Estado de Oaxaca (ASAEO), investigados por delitos de alto impacto. El mandatario fij\u00f3 postura\u2026","rel":"","context":"En &quot;Agenda Pol\u00edtica&quot;","block_context":{"text":"Agenda Pol\u00edtica","link":"https:\/\/redaccionoaxaca.com\/index.php\/category\/agenda-politica\/"},"img":{"alt_text":"","src":"https:\/\/i0.wp.com\/redaccionoaxaca.com\/wp-content\/uploads\/2026\/08\/HQwAdZ9XYAA1YZY1-scaled.jpg?fit=1200%2C697&ssl=1&resize=350%2C200","width":350,"height":200,"srcset":"https:\/\/i0.wp.com\/redaccionoaxaca.com\/wp-content\/uploads\/2026\/08\/HQwAdZ9XYAA1YZY1-scaled.jpg?fit=1200%2C697&ssl=1&resize=350%2C200 1x, https:\/\/i0.wp.com\/redaccionoaxaca.com\/wp-content\/uploads\/2026\/08\/HQwAdZ9XYAA1YZY1-scaled.jpg?fit=1200%2C697&ssl=1&resize=525%2C300 1.5x, https:\/\/i0.wp.com\/redaccionoaxaca.com\/wp-content\/uploads\/2026\/08\/HQwAdZ9XYAA1YZY1-scaled.jpg?fit=1200%2C697&ssl=1&resize=700%2C400 2x, https:\/\/i0.wp.com\/redaccionoaxaca.com\/wp-content\/uploads\/2026\/08\/HQwAdZ9XYAA1YZY1-scaled.jpg?fit=1200%2C697&ssl=1&resize=1050%2C600 3x"},"classes":[]},{"id":43436,"url":"https:\/\/redaccionoaxaca.com\/index.php\/2026\/08\/11\/ejercito-y-fiscalia-detienen-a-dos-integrantes-de-asaeo-y-recuperan-37-hectareas-invadidas-en-etla\/","url_meta":{"origin":43711,"position":3},"title":"Ej\u00e9rcito y Fiscal\u00eda detienen a dos integrantes de ASAEO y recuperan 37 hect\u00e1reas invadidas en Etla","author":"ariadna","date":"agosto 11, 2026","format":false,"excerpt":"#Redacci\u00f3nOaxaca #Oaxaca #JaimeGUERRERO Elementos del Ej\u00e9rcito Mexicano y de la Fiscal\u00eda General del Estado de Oaxaca (FGEO), con apoyo de corporaciones estatales y federales, detuvieron a dos integrantes de la Alianza de Sindicatos y Asociaciones del Estado de Oaxaca (ASAEO) durante un operativo para recuperar 37 hect\u00e1reas invadidas en San\u2026","rel":"","context":"En &quot;Imagen&quot;","block_context":{"text":"Imagen","link":"https:\/\/redaccionoaxaca.com\/index.php\/category\/imagen\/"},"img":{"alt_text":"","src":"https:\/\/i0.wp.com\/redaccionoaxaca.com\/wp-content\/uploads\/2026\/08\/IMG-20260811-WA0082.jpg?fit=1200%2C675&ssl=1&resize=350%2C200","width":350,"height":200,"srcset":"https:\/\/i0.wp.com\/redaccionoaxaca.com\/wp-content\/uploads\/2026\/08\/IMG-20260811-WA0082.jpg?fit=1200%2C675&ssl=1&resize=350%2C200 1x, https:\/\/i0.wp.com\/redaccionoaxaca.com\/wp-content\/uploads\/2026\/08\/IMG-20260811-WA0082.jpg?fit=1200%2C675&ssl=1&resize=525%2C300 1.5x, https:\/\/i0.wp.com\/redaccionoaxaca.com\/wp-content\/uploads\/2026\/08\/IMG-20260811-WA0082.jpg?fit=1200%2C675&ssl=1&resize=700%2C400 2x, https:\/\/i0.wp.com\/redaccionoaxaca.com\/wp-content\/uploads\/2026\/08\/IMG-20260811-WA0082.jpg?fit=1200%2C675&ssl=1&resize=1050%2C600 3x"},"classes":[]},{"id":38850,"url":"https:\/\/redaccionoaxaca.com\/index.php\/2025\/10\/23\/aseguran-narcopuntos-y-drogas-durante-operativo-en-la-central-de-abasto-participaron-mas-de-850-elementos\/","url_meta":{"origin":43711,"position":4},"title":"Aseguran narcopuntos y drogas durante operativo en la Central de Abasto; participaron m\u00e1s de 850 elementos","author":"ariadna","date":"octubre 23, 2025","format":false,"excerpt":"#Redacci\u00f3nOaxaca #Oaxaca M\u00e1s de 850 elementos de corporaciones federales, estatales y municipales participaron este jueves en un operativo conjunto en la Central de Abasto, donde fueron asegurados inmuebles utilizados como puntos de venta de droga, as\u00ed como objetos robados y diversas dosis listas para su distribuci\u00f3n. El despliegue, denominado \u201cOperaci\u00f3n\u2026","rel":"","context":"En &quot;Imagen&quot;","block_context":{"text":"Imagen","link":"https:\/\/redaccionoaxaca.com\/index.php\/category\/imagen\/"},"img":{"alt_text":"","src":"https:\/\/i0.wp.com\/redaccionoaxaca.com\/wp-content\/uploads\/2025\/10\/InShot_20251023_190735397-300x300.jpg?resize=350%2C200&ssl=1","width":350,"height":200},"classes":[]},{"id":11445,"url":"https:\/\/redaccionoaxaca.com\/index.php\/2020\/03\/27\/el-enemigo-en-casa-y-con-uniforme\/","url_meta":{"origin":43711,"position":5},"title":"EL ENEMIGO EN CASA&#8230;Y CON UNIFORME.","author":"ariadna","date":"marzo 27, 2020","format":false,"excerpt":"#Redacci\u00f3nOaxaca #Oaxaca En medio de un fuerte operativo de la Fiscal\u00eda General de Justicia del estado de Oaxaca, con el apoyo de elementos de la Guardia Nacional y la Polic\u00eda Estatal Preventiva, fue detenido el director de la polic\u00eda municipal de Loma Bonita, Juan Fernando G\u00f3mez Palacios y otras personas\u2026","rel":"","context":"Entrada similar ","block_context":{"text":"Entrada similar ","link":""},"img":{"alt_text":"","src":"https:\/\/i0.wp.com\/redaccionoaxaca.com\/wp-content\/uploads\/2020\/03\/IMG-20200327-WA0015-300x225.jpg?resize=350%2C200","width":350,"height":200},"classes":[]}],"jetpack_featured_media_url":"https:\/\/i0.wp.com\/redaccionoaxaca.com\/wp-content\/uploads\/2026\/09\/IMG-20260902-WA0247.jpg?fit=1280%2C853&ssl=1","_links":{"self":[{"href":"https:\/\/redaccionoaxaca.com\/index.php\/wp-json\/wp\/v2\/posts\/43711","targetHints":{"allow":["GET"]}}],"collection":[{"href":"https:\/\/redaccionoaxaca.com\/index.php\/wp-json\/wp\/v2\/posts"}],"about":[{"href":"https:\/\/redaccionoaxaca.com\/index.php\/wp-json\/wp\/v2\/types\/post"}],"author":[{"embeddable":true,"href":"https:\/\/redaccionoaxaca.com\/index.php\/wp-json\/wp\/v2\/users\/9"}],"replies":[{"embeddable":true,"href":"https:\/\/redaccionoaxaca.com\/index.php\/wp-json\/wp\/v2\/comments?post=43711"}],"version-history":[{"count":2,"href":"https:\/\/redaccionoaxaca.com\/index.php\/wp-json\/wp\/v2\/posts\/43711\/revisions"}],"predecessor-version":[{"id":43717,"href":"https:\/\/redaccionoaxaca.com\/index.php\/wp-json\/wp\/v2\/posts\/43711\/revisions\/43717"}],"wp:featuredmedia":[{"embeddable":true,"href":"https:\/\/redaccionoaxaca.com\/index.php\/wp-json\/wp\/v2\/media\/43715"}],"wp:attachment":[{"href":"https:\/\/redaccionoaxaca.com\/index.php\/wp-json\/wp\/v2\/media?parent=43711"}],"wp:term":[{"taxonomy":"category","embeddable":true,"href":"https:\/\/redaccionoaxaca.com\/index.php\/wp-json\/wp\/v2\/categories?post=43711"},{"taxonomy":"post_tag","embeddable":true,"href":"https:\/\/redaccionoaxaca.com\/index.php\/wp-json\/wp\/v2\/tags?post=43711"}],"curies":[{"name":"wp","href":"https:\/\/api.w.org\/{rel}","templated":true}]}}