{"id":43718,"date":"2026-09-02T20:38:05","date_gmt":"2026-09-03T02:38:05","guid":{"rendered":"https:\/\/redaccionoaxaca.com\/?p=43718"},"modified":"2026-09-02T20:39:22","modified_gmt":"2026-09-03T02:39:22","slug":"despliegan-operativo-con-drones-tras-ataque-armado-en-la-colonia-reforma","status":"publish","type":"post","link":"https:\/\/redaccionoaxaca.com\/index.php\/2026\/09\/02\/despliegan-operativo-con-drones-tras-ataque-armado-en-la-colonia-reforma\/","title":{"rendered":"Despliegan operativo con drones tras ataque arm4do de joven, en la colonia Reforma"},"content":{"rendered":"<p><strong>#Redacci\u00f3nOaxaca<\/strong><\/p>\n<p><strong>#Oaxaca<\/strong><\/p>\n<p style=\"text-align: justify;\">Un amplio operativo de seguridad fue desplegado en la zona metropolitana de Oaxaca tras el ataque armado registrado la noche del mi\u00e9rcoles en la colonia Reforma, donde un hombre fue privado de la vida.<\/p>\n<p style=\"text-align: justify;\">Tras los hechos, corporaciones de los tres \u00f3rdenes de gobierno intensificaron los patrullajes en distintos puntos, instalaron filtros de seguridad y activaron vigilancia a\u00e9rea con drones para tratar de ubicar a los responsables.<\/p>\n<p style=\"text-align: justify;\">El dispositivo se extendi\u00f3 por vialidades y zonas estrat\u00e9gicas de la capital, mientras elementos de seguridad realizan recorridos y labores de inteligencia para localizar a los presuntos agresores.<\/p>\n<p style=\"text-align: justify;\">La Fiscal\u00eda General del Estado de Oaxaca mantiene las investigaciones para esclarecer el ataque, identificar a los responsables y determinar c\u00f3mo ocurri\u00f3 la agresi\u00f3n.<\/p>\n<p style=\"text-align: justify;\">Hasta el momento, no se ha informado sobre personas detenidas relacionadas con estos hechos.<\/p>\n<p><img data-recalc-dims=\"1\" loading=\"lazy\" decoding=\"async\" data-attachment-id=\"43719\" data-permalink=\"https:\/\/redaccionoaxaca.com\/index.php\/2026\/09\/02\/despliegan-operativo-con-drones-tras-ataque-armado-en-la-colonia-reforma\/img-20260902-wa0303\/\" data-orig-file=\"https:\/\/i0.wp.com\/redaccionoaxaca.com\/wp-content\/uploads\/2026\/09\/IMG-20260902-WA0303.jpg?fit=1080%2C976&amp;ssl=1\" data-orig-size=\"1080,976\" data-comments-opened=\"1\" data-image-meta=\"{&quot;aperture&quot;:&quot;0&quot;,&quot;credit&quot;:&quot;&quot;,&quot;camera&quot;:&quot;&quot;,&quot;caption&quot;:&quot;&quot;,&quot;created_timestamp&quot;:&quot;0&quot;,&quot;copyright&quot;:&quot;&quot;,&quot;focal_length&quot;:&quot;0&quot;,&quot;iso&quot;:&quot;0&quot;,&quot;shutter_speed&quot;:&quot;0&quot;,&quot;title&quot;:&quot;&quot;,&quot;orientation&quot;:&quot;1&quot;}\" data-image-title=\"IMG-20260902-WA0303\" data-image-description=\"\" data-image-caption=\"\" data-large-file=\"https:\/\/i0.wp.com\/redaccionoaxaca.com\/wp-content\/uploads\/2026\/09\/IMG-20260902-WA0303.jpg?fit=696%2C629&amp;ssl=1\" class=\"size-medium wp-image-43719 aligncenter\" src=\"https:\/\/i0.wp.com\/redaccionoaxaca.com\/wp-content\/uploads\/2026\/09\/IMG-20260902-WA0303.jpg?resize=300%2C271&#038;ssl=1\" alt=\"\" width=\"300\" height=\"271\" srcset=\"https:\/\/i0.wp.com\/redaccionoaxaca.com\/wp-content\/uploads\/2026\/09\/IMG-20260902-WA0303.jpg?resize=300%2C271&amp;ssl=1 300w, https:\/\/i0.wp.com\/redaccionoaxaca.com\/wp-content\/uploads\/2026\/09\/IMG-20260902-WA0303.jpg?resize=1024%2C925&amp;ssl=1 1024w, https:\/\/i0.wp.com\/redaccionoaxaca.com\/wp-content\/uploads\/2026\/09\/IMG-20260902-WA0303.jpg?resize=768%2C694&amp;ssl=1 768w, https:\/\/i0.wp.com\/redaccionoaxaca.com\/wp-content\/uploads\/2026\/09\/IMG-20260902-WA0303.jpg?resize=465%2C420&amp;ssl=1 465w, https:\/\/i0.wp.com\/redaccionoaxaca.com\/wp-content\/uploads\/2026\/09\/IMG-20260902-WA0303.jpg?resize=696%2C629&amp;ssl=1 696w, https:\/\/i0.wp.com\/redaccionoaxaca.com\/wp-content\/uploads\/2026\/09\/IMG-20260902-WA0303.jpg?resize=1068%2C965&amp;ssl=1 1068w, https:\/\/i0.wp.com\/redaccionoaxaca.com\/wp-content\/uploads\/2026\/09\/IMG-20260902-WA0303.jpg?w=1080&amp;ssl=1 1080w\" sizes=\"auto, (max-width: 300px) 100vw, 300px\" \/><\/p>\n","protected":false},"excerpt":{"rendered":"<p>#Redacci\u00f3nOaxaca #Oaxaca Un amplio operativo de seguridad fue desplegado en la zona metropolitana de Oaxaca tras el ataque armado registrado la noche del mi\u00e9rcoles en la colonia Reforma, donde un hombre fue privado de la vida. Tras los hechos, corporaciones de los tres \u00f3rdenes de gobierno intensificaron los patrullajes en distintos puntos, instalaron filtros de [&hellip;]<\/p>\n","protected":false},"author":9,"featured_media":43720,"comment_status":"open","ping_status":"open","sticky":false,"template":"","format":"standard","meta":{"_jetpack_newsletter_access":"","_jetpack_dont_email_post_to_subs":false,"_jetpack_newsletter_tier_id":0,"_jetpack_memberships_contains_paywalled_content":false,"_jetpack_feature_clip_id":0,"_jetpack_memberships_contains_paid_content":false,"footnotes":"","jetpack_publicize_message":"","jetpack_publicize_feature_enabled":true,"jetpack_social_post_already_shared":true,"jetpack_social_options":{"image_generator_settings":{"template":"highway","default_image_id":0,"font":"","enabled":false},"version":2},"jetpack_post_was_ever_published":false},"categories":[5,3,6],"tags":[],"class_list":{"0":"post-43718","1":"post","2":"type-post","3":"status-publish","4":"format-standard","5":"has-post-thumbnail","7":"category-imagen","8":"category-mesa-de-redaccion","9":"category-tendencias"},"jetpack_publicize_connections":[],"jetpack_sharing_enabled":true,"jetpack_shortlink":"https:\/\/wp.me\/p9Ynjw-bn8","jetpack-related-posts":[{"id":39924,"url":"https:\/\/redaccionoaxaca.com\/index.php\/2026\/01\/14\/activan-operativo-tras-ataque-contra-una-mujer-en-el-centro-historico-de-oaxaca\/","url_meta":{"origin":43718,"position":0},"title":"Activan operativo tras ataque contra una mujer en el Centro Hist\u00f3rico de Oaxaca","author":"ariadna","date":"enero 14, 2026","format":false,"excerpt":"#Redacci\u00f3nOaxaca #Oaxaca Tras el ataque contra una mujer ocurrido la ma\u00f1ana de este martes en pleno Centro Hist\u00f3rico de Oaxaca, corporaciones de seguridad desplegaron un operativo inmediato para ubicar al presunto agresor, quien ya fue identificado mediante c\u00e1maras de videovigilancia. Los hechos se registraron al interior de un local comercial\u2026","rel":"","context":"En &quot;Agenda Pol\u00edtica&quot;","block_context":{"text":"Agenda Pol\u00edtica","link":"https:\/\/redaccionoaxaca.com\/index.php\/category\/agenda-politica\/"},"img":{"alt_text":"","src":"https:\/\/i0.wp.com\/redaccionoaxaca.com\/wp-content\/uploads\/2026\/01\/FB_IMG_1768416219896.jpg?fit=1200%2C1199&ssl=1&resize=350%2C200","width":350,"height":200,"srcset":"https:\/\/i0.wp.com\/redaccionoaxaca.com\/wp-content\/uploads\/2026\/01\/FB_IMG_1768416219896.jpg?fit=1200%2C1199&ssl=1&resize=350%2C200 1x, https:\/\/i0.wp.com\/redaccionoaxaca.com\/wp-content\/uploads\/2026\/01\/FB_IMG_1768416219896.jpg?fit=1200%2C1199&ssl=1&resize=525%2C300 1.5x, https:\/\/i0.wp.com\/redaccionoaxaca.com\/wp-content\/uploads\/2026\/01\/FB_IMG_1768416219896.jpg?fit=1200%2C1199&ssl=1&resize=700%2C400 2x, https:\/\/i0.wp.com\/redaccionoaxaca.com\/wp-content\/uploads\/2026\/01\/FB_IMG_1768416219896.jpg?fit=1200%2C1199&ssl=1&resize=1050%2C600 3x"},"classes":[]},{"id":36967,"url":"https:\/\/redaccionoaxaca.com\/index.php\/2025\/05\/23\/detienen-a-dos-posibles-responsables-de-detonaciones-de-arma-de-fuego-en-colonia-reforma\/","url_meta":{"origin":43718,"position":1},"title":"Detienen a dos posibles responsables de detonaciones de arma de fuego en colonia Reforma","author":"ariadna","date":"mayo 23, 2025","format":false,"excerpt":"#RedaccionOaxaca #Oaxaca A trav\u00e9s del Mando Coordinado de Seguridad Metropolitana se activ\u00f3 de inmediato un protocolo de localizaci\u00f3n e intervenci\u00f3n para garantizar la seguridad de la ciudadan\u00eda. Oaxaca de Ju\u00e1rez, Oax., 23 de mayo de 2025.- Derivado de un reporte al Centro de Control, Comando y Comunicaci\u00f3n (C4), sobre detonaciones\u2026","rel":"","context":"En &quot;Dulce Veneno&quot;","block_context":{"text":"Dulce Veneno","link":"https:\/\/redaccionoaxaca.com\/index.php\/category\/dulce-veneno\/"},"img":{"alt_text":"","src":"https:\/\/i0.wp.com\/redaccionoaxaca.com\/wp-content\/uploads\/2025\/05\/WhatsApp-Image-2025-05-23-at-2.20.30-PM-1-300x169.jpeg?resize=350%2C200&ssl=1","width":350,"height":200},"classes":[]},{"id":34384,"url":"https:\/\/redaccionoaxaca.com\/index.php\/2024\/11\/12\/listas-detenciones-por-atentado-vs-marcos-sanchez-que-dejo-6-muertos-en-el-che-caso-relacionado-a-la-delincuencia-organizada-ssp\/","url_meta":{"origin":43718,"position":2},"title":"Listas detenciones por atentado vs Marcos S\u00e1nchez que dej\u00f3 6 muertos en \u201cEl Che\u201d; caso relacionado a la delincuencia organizada: SSP","author":"ariadna","date":"noviembre 12, 2024","format":false,"excerpt":"#Redacci\u00f3nOaxaca #Oaxaca Jaime GUERRERO El titular de la Secretar\u00eda de Seguridad P\u00fablica y Protecci\u00f3n Ciudadana, Iv\u00e1n Garc\u00eda \u00c1lvarez inform\u00f3 que est\u00e1n por ejecutarse \u00f3rdenes de aprehensi\u00f3n contra personas involucradas en el ataque armadon contra el dirigente del sindicato de transportistas, Marco Antonio S\u00e1nchez Cruz y que dej\u00f3 como saldo seis\u2026","rel":"","context":"En &quot;Agenda Pol\u00edtica&quot;","block_context":{"text":"Agenda Pol\u00edtica","link":"https:\/\/redaccionoaxaca.com\/index.php\/category\/agenda-politica\/"},"img":{"alt_text":"","src":"","width":0,"height":0},"classes":[]},{"id":41317,"url":"https:\/\/redaccionoaxaca.com\/index.php\/2026\/04\/06\/caen-cuatro-presuntos-responsables-del-homic1di0-de-adolescente-en-juchitan-fueron-trasladados-a-oaxaca-bajo-fuerte-operativo\/","url_meta":{"origin":43718,"position":3},"title":"Caen cuatro presuntos responsables del homic1di0 de adolescente en Juchit\u00e1n; fueron trasladados a Oaxaca bajo fuerte operativo","author":"ariadna","date":"abril 6, 2026","format":false,"excerpt":"#Redacci\u00f3nOaxaca #Oaxaca Oaxaca de Ju\u00e1rez, Oax., 6 de abril de 2026.\u2013 Cuatro personas, entre ellas un menor de edad, fueron detenidas por su presunta participaci\u00f3n en el homicidio de un adolescente ocurrido recientemente en Juchit\u00e1n de Zaragoza, inform\u00f3 la Fiscal\u00eda General del Estado de Oaxaca (FGEO). De acuerdo con las\u2026","rel":"","context":"En &quot;Imagen&quot;","block_context":{"text":"Imagen","link":"https:\/\/redaccionoaxaca.com\/index.php\/category\/imagen\/"},"img":{"alt_text":"","src":"https:\/\/i0.wp.com\/redaccionoaxaca.com\/wp-content\/uploads\/2026\/04\/InShot_20260406_081944741.jpg?fit=1200%2C758&ssl=1&resize=350%2C200","width":350,"height":200,"srcset":"https:\/\/i0.wp.com\/redaccionoaxaca.com\/wp-content\/uploads\/2026\/04\/InShot_20260406_081944741.jpg?fit=1200%2C758&ssl=1&resize=350%2C200 1x, https:\/\/i0.wp.com\/redaccionoaxaca.com\/wp-content\/uploads\/2026\/04\/InShot_20260406_081944741.jpg?fit=1200%2C758&ssl=1&resize=525%2C300 1.5x, https:\/\/i0.wp.com\/redaccionoaxaca.com\/wp-content\/uploads\/2026\/04\/InShot_20260406_081944741.jpg?fit=1200%2C758&ssl=1&resize=700%2C400 2x, https:\/\/i0.wp.com\/redaccionoaxaca.com\/wp-content\/uploads\/2026\/04\/InShot_20260406_081944741.jpg?fit=1200%2C758&ssl=1&resize=1050%2C600 3x"},"classes":[]},{"id":41822,"url":"https:\/\/redaccionoaxaca.com\/index.php\/2026\/04\/29\/persona-resulta-herida-tras-hecho-delictivo-en-plaza-del-valle-despliegan-operativo-en-oaxaca\/","url_meta":{"origin":43718,"position":4},"title":"Persona resulta herida tras hecho delictivo en Plaza del Valle; despliegan operativo en Oaxaca","author":"ariadna","date":"abril 29, 2026","format":false,"excerpt":"#Redacci\u00f3nOaxaca #Oaxaca Oaxaca de Ju\u00e1rez, Oax., 29 de abril de 2026.\u2013 Una persona result\u00f3 lesionada luego de un hecho delictivo registrado en el estacionamiento de la plaza comercial Plaza del Valle, al sur de la capital oaxaque\u00f1a. De acuerdo con la Secretar\u00eda de Seguridad Vecinal, el incidente fue reportado a\u2026","rel":"","context":"En &quot;Imagen&quot;","block_context":{"text":"Imagen","link":"https:\/\/redaccionoaxaca.com\/index.php\/category\/imagen\/"},"img":{"alt_text":"","src":"https:\/\/i0.wp.com\/redaccionoaxaca.com\/wp-content\/uploads\/2026\/04\/FB_IMG_1777506895948.jpg?fit=1200%2C673&ssl=1&resize=350%2C200","width":350,"height":200,"srcset":"https:\/\/i0.wp.com\/redaccionoaxaca.com\/wp-content\/uploads\/2026\/04\/FB_IMG_1777506895948.jpg?fit=1200%2C673&ssl=1&resize=350%2C200 1x, https:\/\/i0.wp.com\/redaccionoaxaca.com\/wp-content\/uploads\/2026\/04\/FB_IMG_1777506895948.jpg?fit=1200%2C673&ssl=1&resize=525%2C300 1.5x, https:\/\/i0.wp.com\/redaccionoaxaca.com\/wp-content\/uploads\/2026\/04\/FB_IMG_1777506895948.jpg?fit=1200%2C673&ssl=1&resize=700%2C400 2x, https:\/\/i0.wp.com\/redaccionoaxaca.com\/wp-content\/uploads\/2026\/04\/FB_IMG_1777506895948.jpg?fit=1200%2C673&ssl=1&resize=1050%2C600 3x"},"classes":[]},{"id":40293,"url":"https:\/\/redaccionoaxaca.com\/index.php\/2026\/01\/31\/agresor-abatido-tras-enfrentamiento-armado-con-policia-estatal-en-oaxaca-de-juarez\/","url_meta":{"origin":43718,"position":5},"title":"Agresor abatido tras enfrentamiento armado con Polic\u00eda Estatal en Oaxaca de Ju\u00e1rez","author":"ariadna","date":"enero 31, 2026","format":false,"excerpt":"#Redacci\u00f3nOaxaca #Oaxaca Uno de los presuntos agresores muri\u00f3 la tarde de este s\u00e1bado 31 de enero, luego de un enfrentamiento armado con elementos de la Polic\u00eda Estatal en la colonia Adolfo L\u00f3pez Mateos, en la ciudad de Oaxaca de Ju\u00e1rez. Los hechos ocurrieron cuando polic\u00edas estatales acudieron al lugar para\u2026","rel":"","context":"En &quot;Agenda Pol\u00edtica&quot;","block_context":{"text":"Agenda Pol\u00edtica","link":"https:\/\/redaccionoaxaca.com\/index.php\/category\/agenda-politica\/"},"img":{"alt_text":"","src":"https:\/\/i0.wp.com\/redaccionoaxaca.com\/wp-content\/uploads\/2026\/01\/InShot_20260131_183010326.jpg?fit=1200%2C649&ssl=1&resize=350%2C200","width":350,"height":200,"srcset":"https:\/\/i0.wp.com\/redaccionoaxaca.com\/wp-content\/uploads\/2026\/01\/InShot_20260131_183010326.jpg?fit=1200%2C649&ssl=1&resize=350%2C200 1x, https:\/\/i0.wp.com\/redaccionoaxaca.com\/wp-content\/uploads\/2026\/01\/InShot_20260131_183010326.jpg?fit=1200%2C649&ssl=1&resize=525%2C300 1.5x, https:\/\/i0.wp.com\/redaccionoaxaca.com\/wp-content\/uploads\/2026\/01\/InShot_20260131_183010326.jpg?fit=1200%2C649&ssl=1&resize=700%2C400 2x, https:\/\/i0.wp.com\/redaccionoaxaca.com\/wp-content\/uploads\/2026\/01\/InShot_20260131_183010326.jpg?fit=1200%2C649&ssl=1&resize=1050%2C600 3x"},"classes":[]}],"jetpack_featured_media_url":"https:\/\/i0.wp.com\/redaccionoaxaca.com\/wp-content\/uploads\/2026\/09\/FB_IMG_1788401044972.jpg?fit=1376%2C768&ssl=1","_links":{"self":[{"href":"https:\/\/redaccionoaxaca.com\/index.php\/wp-json\/wp\/v2\/posts\/43718","targetHints":{"allow":["GET"]}}],"collection":[{"href":"https:\/\/redaccionoaxaca.com\/index.php\/wp-json\/wp\/v2\/posts"}],"about":[{"href":"https:\/\/redaccionoaxaca.com\/index.php\/wp-json\/wp\/v2\/types\/post"}],"author":[{"embeddable":true,"href":"https:\/\/redaccionoaxaca.com\/index.php\/wp-json\/wp\/v2\/users\/9"}],"replies":[{"embeddable":true,"href":"https:\/\/redaccionoaxaca.com\/index.php\/wp-json\/wp\/v2\/comments?post=43718"}],"version-history":[{"count":3,"href":"https:\/\/redaccionoaxaca.com\/index.php\/wp-json\/wp\/v2\/posts\/43718\/revisions"}],"predecessor-version":[{"id":43723,"href":"https:\/\/redaccionoaxaca.com\/index.php\/wp-json\/wp\/v2\/posts\/43718\/revisions\/43723"}],"wp:featuredmedia":[{"embeddable":true,"href":"https:\/\/redaccionoaxaca.com\/index.php\/wp-json\/wp\/v2\/media\/43720"}],"wp:attachment":[{"href":"https:\/\/redaccionoaxaca.com\/index.php\/wp-json\/wp\/v2\/media?parent=43718"}],"wp:term":[{"taxonomy":"category","embeddable":true,"href":"https:\/\/redaccionoaxaca.com\/index.php\/wp-json\/wp\/v2\/categories?post=43718"},{"taxonomy":"post_tag","embeddable":true,"href":"https:\/\/redaccionoaxaca.com\/index.php\/wp-json\/wp\/v2\/tags?post=43718"}],"curies":[{"name":"wp","href":"https:\/\/api.w.org\/{rel}","templated":true}]}}