{"id":43724,"date":"2026-09-02T21:21:31","date_gmt":"2026-09-03T03:21:31","guid":{"rendered":"https:\/\/redaccionoaxaca.com\/?p=43724"},"modified":"2026-09-02T21:21:44","modified_gmt":"2026-09-03T03:21:44","slug":"aprueba-poder-legislativo-designacion-de-autoridad-municipal-y-elevacion-de-categoria-administrativa-de-la-region-de-la-mixteca","status":"publish","type":"post","link":"https:\/\/redaccionoaxaca.com\/index.php\/2026\/09\/02\/aprueba-poder-legislativo-designacion-de-autoridad-municipal-y-elevacion-de-categoria-administrativa-de-la-region-de-la-mixteca\/","title":{"rendered":"Aprueba Poder Legislativo designaci\u00f3n de autoridad municipal y elevaci\u00f3n de Categor\u00eda Administrativa de la regi\u00f3n de la Mixteca"},"content":{"rendered":"<p><strong>#Redacci\u00f3nOaxaca<\/strong><\/p>\n<p><strong>#Oaxaca<\/strong><\/p>\n<p style=\"text-align: justify;\">* <em>El Pleno aval\u00f3 dos dict\u00e1menes de la Comisi\u00f3n Permanente de Gobierno y Asuntos Agrarios<\/em><\/p>\n<p>San Raymundo Jalpan, Oax., a 02 de septiembre de 2026.- Con el fin de designar a una autoridad municipal y elevar la Categor\u00eda Administrativa de una comunidad, ambas de la regi\u00f3n de la Mixteca, el Congreso local aprob\u00f3 dos dict\u00e1menes emitidos por la Comisi\u00f3n Permanente de Gobierno y Asuntos Agrarios.<\/p>\n<p style=\"text-align: justify;\">Derivado de la dictaminaci\u00f3n correspondiente, se declar\u00f3 procedente la designaci\u00f3n de la Ciudadana Cleotilde Salazar Santiago para asumir el cargo de Regidora de Obras Municipal del Ayuntamiento de San Jorge Nuchita, Distrito de Huajuapan, para el periodo del 27 de junio de 2026 al 31 de diciembre de 2028.<\/p>\n<p style=\"text-align: justify;\">Lo anterior responde a la solicitud presentada por el Ciudadano Constantino Santiago Vielma, Presidente Municipal de la citada demarcaci\u00f3n, ante la renuncia de la Ciudadana Mar\u00eda Reyes Camacho y de su Suplente, la Ciudadana Salustia Josefina P\u00e9rez Jim\u00e9nez. Por su parte, el \u00f3rgano legislativo acredit\u00f3 el expediente al cumplirse con los requisitos establecidos en los art\u00edculos 34, 41 y 83, fracci\u00f3n III, inciso b), p\u00e1rrafos pen\u00faltimo y \u00faltimo de la Ley Org\u00e1nica Municipal del Estado.<\/p>\n<p style=\"text-align: justify;\">Asimismo, se aval\u00f3 la elevaci\u00f3n de Categor\u00eda Administrativa de Agencia Municipal a favor de la Localidad de Guadalupe Nogales, perteneciente al Municipio de San Francisco Tlapancingo, Distrito de Silacayo\u00e1pam, tras el oficio de solicitud realizado por el Ciudadano Alejandro Luis Machuca Torralba, Presidente Municipal de dicha poblaci\u00f3n.<\/p>\n<p style=\"text-align: justify;\">En este sentido, la Comisi\u00f3n se\u00f1al\u00f3 que el dictamen cumpli\u00f3 con los requisitos y formalidades exigidos en los art\u00edculos 17, fracci\u00f3n I; 18; 20; 20 Ter; y 43, inciso A, fracciones III y IV de la Ley Org\u00e1nica Municipal del Estado, respetando el derecho fundamental de autodeterminaci\u00f3n de los Pueblos y Comunidades Ind\u00edgenas reconocido por la Constituci\u00f3n Federal, as\u00ed como por la Constituci\u00f3n Pol\u00edtica de Oaxaca en su art\u00edculo 16.<\/p>\n<p style=\"text-align: justify;\">Por lo anteriormente expuesto y para los efectos jur\u00eddicos correspondientes, se notificar\u00e1 formalmente a la Secretar\u00eda de Gobierno (Sego), a la Secretar\u00eda de Finanzas (Sefin), a la Auditor\u00eda Superior de Fiscalizaci\u00f3n del Estado (ASFE), al Instituto Nacional Electoral (INE), al Inegi y a los respectivos municipios.<\/p>\n<p style=\"text-align: justify;\">Dichos dict\u00e1menes fueron aprobados en la Sesi\u00f3n Ordinaria del 11 de agosto del a\u00f1o en curso.<\/p>\n<p>&nbsp;<\/p>\n","protected":false},"excerpt":{"rendered":"<p>#Redacci\u00f3nOaxaca #Oaxaca * El Pleno aval\u00f3 dos dict\u00e1menes de la Comisi\u00f3n Permanente de Gobierno y Asuntos Agrarios San Raymundo Jalpan, Oax., a 02 de septiembre de 2026.- Con el fin de designar a una autoridad municipal y elevar la Categor\u00eda Administrativa de una comunidad, ambas de la regi\u00f3n de la Mixteca, el Congreso local aprob\u00f3 [&hellip;]<\/p>\n","protected":false},"author":9,"featured_media":43725,"comment_status":"open","ping_status":"open","sticky":false,"template":"","format":"standard","meta":{"_jetpack_newsletter_access":"","_jetpack_dont_email_post_to_subs":false,"_jetpack_newsletter_tier_id":0,"_jetpack_memberships_contains_paywalled_content":false,"_jetpack_feature_clip_id":0,"_jetpack_memberships_contains_paid_content":false,"footnotes":"","jetpack_publicize_message":"","jetpack_publicize_feature_enabled":true,"jetpack_social_post_already_shared":true,"jetpack_social_options":{"image_generator_settings":{"template":"highway","default_image_id":0,"font":"","enabled":false},"version":2},"jetpack_post_was_ever_published":false},"categories":[4,5,1],"tags":[],"class_list":{"0":"post-43724","1":"post","2":"type-post","3":"status-publish","4":"format-standard","5":"has-post-thumbnail","7":"category-agenda-politica","8":"category-imagen","9":"category-uncategorized"},"jetpack_publicize_connections":[],"jetpack_sharing_enabled":true,"jetpack_shortlink":"https:\/\/wp.me\/p9Ynjw-bne","jetpack-related-posts":[{"id":41651,"url":"https:\/\/redaccionoaxaca.com\/index.php\/2026\/04\/19\/aprueba-legislativo-designaciones-en-ayuntamientos-elevacion-de-categoria-administrativa-y-denominacion-politica-de-nucleo-rural-en-localidades-de-la-costa-y-mixteca\/","url_meta":{"origin":43724,"position":0},"title":"Aprueba Legislativo designaciones en ayuntamientos, elevaci\u00f3n de categor\u00eda administrativa y Denominaci\u00f3n Pol\u00edtica de N\u00facleo Rural en localidades de la Costa y Mixteca","author":"ariadna","date":"abril 19, 2026","format":false,"excerpt":"#Redacci\u00f3nOaxaca #Oaxaca * Se avalaron cuatro dict\u00e1menes de la Comisi\u00f3n Permanente de Gobierno y Asuntos Agrarios San Raymundo Jalpan, Oax., 19 de abril de 2026.- El Congreso del Estado aprob\u00f3, con 30 votos a favor, cuatro dict\u00e1menes emitidos por la Comisi\u00f3n Permanente de Gobierno y Asuntos Agrarios, mediante los cuales\u2026","rel":"","context":"En &quot;Agenda Pol\u00edtica&quot;","block_context":{"text":"Agenda Pol\u00edtica","link":"https:\/\/redaccionoaxaca.com\/index.php\/category\/agenda-politica\/"},"img":{"alt_text":"","src":"https:\/\/i0.wp.com\/redaccionoaxaca.com\/wp-content\/uploads\/2026\/04\/Screenshot_20260419_150240_Facebook-scaled.jpg?fit=1200%2C710&ssl=1&resize=350%2C200","width":350,"height":200,"srcset":"https:\/\/i0.wp.com\/redaccionoaxaca.com\/wp-content\/uploads\/2026\/04\/Screenshot_20260419_150240_Facebook-scaled.jpg?fit=1200%2C710&ssl=1&resize=350%2C200 1x, https:\/\/i0.wp.com\/redaccionoaxaca.com\/wp-content\/uploads\/2026\/04\/Screenshot_20260419_150240_Facebook-scaled.jpg?fit=1200%2C710&ssl=1&resize=525%2C300 1.5x, https:\/\/i0.wp.com\/redaccionoaxaca.com\/wp-content\/uploads\/2026\/04\/Screenshot_20260419_150240_Facebook-scaled.jpg?fit=1200%2C710&ssl=1&resize=700%2C400 2x, https:\/\/i0.wp.com\/redaccionoaxaca.com\/wp-content\/uploads\/2026\/04\/Screenshot_20260419_150240_Facebook-scaled.jpg?fit=1200%2C710&ssl=1&resize=1050%2C600 3x"},"classes":[]},{"id":40750,"url":"https:\/\/redaccionoaxaca.com\/index.php\/2026\/02\/27\/aprueba-congreso-local-el-reconocimiento-y-elevacion-de-categorias-administrativas-a-favor-de-dos-localidades-y-la-designacion-de-una-autoridad-municipal\/","url_meta":{"origin":43724,"position":1},"title":"Aprueba Congreso local el reconocimiento y elevaci\u00f3n de categor\u00edas administrativas a favor de dos localidades y la designaci\u00f3n de una autoridad municipal","author":"ariadna","date":"febrero 27, 2026","format":false,"excerpt":"#Redacci\u00f3nOaxaca #Oaxaca * Se avalaron tres dict\u00e1menes de la Comisi\u00f3n Permanente de Gobierno y Asuntos Agrarios San Raymundo Jalpan, Oax., 27 de febrero de 2026.- El Congreso del Estado aprob\u00f3 por unanimidad tres dict\u00e1menes emitidos por la Comisi\u00f3n Permanente de Gobierno y Asuntos Agrarios, mediante los cuales se avala la\u2026","rel":"","context":"En &quot;Agenda Pol\u00edtica&quot;","block_context":{"text":"Agenda Pol\u00edtica","link":"https:\/\/redaccionoaxaca.com\/index.php\/category\/agenda-politica\/"},"img":{"alt_text":"","src":"https:\/\/i0.wp.com\/redaccionoaxaca.com\/wp-content\/uploads\/2026\/02\/Screenshot_20260227_210149_Facebook-scaled.jpg?fit=1200%2C795&ssl=1&resize=350%2C200","width":350,"height":200,"srcset":"https:\/\/i0.wp.com\/redaccionoaxaca.com\/wp-content\/uploads\/2026\/02\/Screenshot_20260227_210149_Facebook-scaled.jpg?fit=1200%2C795&ssl=1&resize=350%2C200 1x, https:\/\/i0.wp.com\/redaccionoaxaca.com\/wp-content\/uploads\/2026\/02\/Screenshot_20260227_210149_Facebook-scaled.jpg?fit=1200%2C795&ssl=1&resize=525%2C300 1.5x, https:\/\/i0.wp.com\/redaccionoaxaca.com\/wp-content\/uploads\/2026\/02\/Screenshot_20260227_210149_Facebook-scaled.jpg?fit=1200%2C795&ssl=1&resize=700%2C400 2x, https:\/\/i0.wp.com\/redaccionoaxaca.com\/wp-content\/uploads\/2026\/02\/Screenshot_20260227_210149_Facebook-scaled.jpg?fit=1200%2C795&ssl=1&resize=1050%2C600 3x"},"classes":[]},{"id":43396,"url":"https:\/\/redaccionoaxaca.com\/index.php\/2026\/08\/09\/aprueba-poder-legislativo-la-elevacion-de-categoria-administrativa-de-dos-agencias-municipales-y-dos-agencias-de-policia\/","url_meta":{"origin":43724,"position":2},"title":"Aprueba Poder Legislativo la elevaci\u00f3n de Categor\u00eda Administrativa de dos Agencias Municipales y dos Agencias de Polic\u00eda","author":"ariadna","date":"agosto 9, 2026","format":false,"excerpt":"#Redacci\u00f3nOaxaca #Oaxaca \u00b7 Se avalaron cuatro dict\u00e1menes de la Comisi\u00f3n Permanente de Gobierno y Asuntos Agrarios San Raymundo Jalpan, Oax., 08 de agosto de 2026.- En Sesi\u00f3n Ordinaria, la LXVI Legislatura aprob\u00f3 cuatro dict\u00e1menes de la Comisi\u00f3n Permanente de Gobierno y Asuntos Agrarios: dos para elevar localidades a la Categor\u00eda\u2026","rel":"","context":"En &quot;Agenda Pol\u00edtica&quot;","block_context":{"text":"Agenda Pol\u00edtica","link":"https:\/\/redaccionoaxaca.com\/index.php\/category\/agenda-politica\/"},"img":{"alt_text":"","src":"https:\/\/i0.wp.com\/redaccionoaxaca.com\/wp-content\/uploads\/2026\/08\/Screenshot_20260809_185937_Facebook-scaled.jpg?fit=1200%2C836&ssl=1&resize=350%2C200","width":350,"height":200,"srcset":"https:\/\/i0.wp.com\/redaccionoaxaca.com\/wp-content\/uploads\/2026\/08\/Screenshot_20260809_185937_Facebook-scaled.jpg?fit=1200%2C836&ssl=1&resize=350%2C200 1x, https:\/\/i0.wp.com\/redaccionoaxaca.com\/wp-content\/uploads\/2026\/08\/Screenshot_20260809_185937_Facebook-scaled.jpg?fit=1200%2C836&ssl=1&resize=525%2C300 1.5x, https:\/\/i0.wp.com\/redaccionoaxaca.com\/wp-content\/uploads\/2026\/08\/Screenshot_20260809_185937_Facebook-scaled.jpg?fit=1200%2C836&ssl=1&resize=700%2C400 2x, https:\/\/i0.wp.com\/redaccionoaxaca.com\/wp-content\/uploads\/2026\/08\/Screenshot_20260809_185937_Facebook-scaled.jpg?fit=1200%2C836&ssl=1&resize=1050%2C600 3x"},"classes":[]},{"id":32974,"url":"https:\/\/redaccionoaxaca.com\/index.php\/2024\/08\/13\/avala-congreso-elevacion-de-categoria-de-dos-localidades-de-oaxaca\/","url_meta":{"origin":43724,"position":3},"title":"Avala Congreso elevaci\u00f3n de categor\u00eda de dos localidades de Oaxaca","author":"ariadna","date":"agosto 13, 2024","format":false,"excerpt":"#Redacci\u00f3nOaxaca #Oaxaca \u2022Se trata de comunidades pertenecientes a la regi\u00f3n de la Mixteca. San Raymundo Jalpan, Oax. 13 de agosto de 2024.- En sesi\u00f3n ordinaria, el Pleno de la LXV Legislatura del Congreso local aprob\u00f3 los dict\u00e1menes por los cuales se avalan los cambios de categor\u00eda a dos localidades pertenecientes\u2026","rel":"","context":"En &quot;Agenda Pol\u00edtica&quot;","block_context":{"text":"Agenda Pol\u00edtica","link":"https:\/\/redaccionoaxaca.com\/index.php\/category\/agenda-politica\/"},"img":{"alt_text":"","src":"","width":0,"height":0},"classes":[]},{"id":43180,"url":"https:\/\/redaccionoaxaca.com\/index.php\/2026\/07\/25\/poder-legislativo-aprueba-designacion-de-autoridades-municipales-en-la-mixteca-sierra-sur-valles-centrales-y-sierra-flores-magon\/","url_meta":{"origin":43724,"position":4},"title":"Poder Legislativo aprueba designaci\u00f3n de autoridades municipales en la Mixteca, Sierra Sur, Valles Centrales y Sierra Flores Mag\u00f3n","author":"ariadna","date":"julio 25, 2026","format":false,"excerpt":"#Redacci\u00f3nOaxaca #Oaxaca * La LXVI Legislatura aval\u00f3 en Sesi\u00f3n Ordinaria cinco dict\u00e1menes emitidos por la Comisi\u00f3n Permanente de Gobierno y Asuntos Agrarios San Raymundo Jalpan, Oax., a 25 de julio de 2026.- En el ejercicio de sus facultades constitucionales y legales, la LXVI Legislatura del Congreso del Estado aprob\u00f3 por\u2026","rel":"","context":"En &quot;Agenda Pol\u00edtica&quot;","block_context":{"text":"Agenda Pol\u00edtica","link":"https:\/\/redaccionoaxaca.com\/index.php\/category\/agenda-politica\/"},"img":{"alt_text":"","src":"https:\/\/i0.wp.com\/redaccionoaxaca.com\/wp-content\/uploads\/2026\/07\/Screenshot_20260725_220840_Facebook-scaled.jpg?fit=1200%2C839&ssl=1&resize=350%2C200","width":350,"height":200,"srcset":"https:\/\/i0.wp.com\/redaccionoaxaca.com\/wp-content\/uploads\/2026\/07\/Screenshot_20260725_220840_Facebook-scaled.jpg?fit=1200%2C839&ssl=1&resize=350%2C200 1x, https:\/\/i0.wp.com\/redaccionoaxaca.com\/wp-content\/uploads\/2026\/07\/Screenshot_20260725_220840_Facebook-scaled.jpg?fit=1200%2C839&ssl=1&resize=525%2C300 1.5x, https:\/\/i0.wp.com\/redaccionoaxaca.com\/wp-content\/uploads\/2026\/07\/Screenshot_20260725_220840_Facebook-scaled.jpg?fit=1200%2C839&ssl=1&resize=700%2C400 2x, https:\/\/i0.wp.com\/redaccionoaxaca.com\/wp-content\/uploads\/2026\/07\/Screenshot_20260725_220840_Facebook-scaled.jpg?fit=1200%2C839&ssl=1&resize=1050%2C600 3x"},"classes":[]},{"id":40987,"url":"https:\/\/redaccionoaxaca.com\/index.php\/2026\/03\/13\/aprueba-congreso-local-designacion-de-dos-autoridades-municipales-elevacion-de-categorias-administrativas-y-el-cambio-de-nombre-a-una-rancheria\/","url_meta":{"origin":43724,"position":5},"title":"Aprueba Congreso local designaci\u00f3n de dos autoridades municipales, elevaci\u00f3n de categor\u00edas administrativas y el cambio de nombre a una rancher\u00eda","author":"ariadna","date":"marzo 13, 2026","format":false,"excerpt":"#Redacci\u00f3nOaxaca #Oaxaca * La LXVI Legislatura aprob\u00f3 cinco dict\u00e1menes de la Comisi\u00f3n Permanente de Gobierno y Asuntos Agrarios San Raymundo Jalpan, Oax., 13 de marzo de 2026.- La LXVI Legislatura aprob\u00f3 por unanimidad cinco dict\u00e1menes emitidos por la Comisi\u00f3n Permanente de Gobierno y Asuntos Agrarios, mediante los cuales se designaron\u2026","rel":"","context":"En &quot;Agenda Pol\u00edtica&quot;","block_context":{"text":"Agenda Pol\u00edtica","link":"https:\/\/redaccionoaxaca.com\/index.php\/category\/agenda-politica\/"},"img":{"alt_text":"","src":"https:\/\/i0.wp.com\/redaccionoaxaca.com\/wp-content\/uploads\/2026\/03\/Screenshot_20260313_191820_Facebook-scaled.jpg?fit=1200%2C788&ssl=1&resize=350%2C200","width":350,"height":200,"srcset":"https:\/\/i0.wp.com\/redaccionoaxaca.com\/wp-content\/uploads\/2026\/03\/Screenshot_20260313_191820_Facebook-scaled.jpg?fit=1200%2C788&ssl=1&resize=350%2C200 1x, https:\/\/i0.wp.com\/redaccionoaxaca.com\/wp-content\/uploads\/2026\/03\/Screenshot_20260313_191820_Facebook-scaled.jpg?fit=1200%2C788&ssl=1&resize=525%2C300 1.5x, https:\/\/i0.wp.com\/redaccionoaxaca.com\/wp-content\/uploads\/2026\/03\/Screenshot_20260313_191820_Facebook-scaled.jpg?fit=1200%2C788&ssl=1&resize=700%2C400 2x, https:\/\/i0.wp.com\/redaccionoaxaca.com\/wp-content\/uploads\/2026\/03\/Screenshot_20260313_191820_Facebook-scaled.jpg?fit=1200%2C788&ssl=1&resize=1050%2C600 3x"},"classes":[]}],"jetpack_featured_media_url":"https:\/\/i0.wp.com\/redaccionoaxaca.com\/wp-content\/uploads\/2026\/09\/Screenshot_20260902_211900_Facebook-scaled.jpg?fit=2560%2C1732&ssl=1","_links":{"self":[{"href":"https:\/\/redaccionoaxaca.com\/index.php\/wp-json\/wp\/v2\/posts\/43724","targetHints":{"allow":["GET"]}}],"collection":[{"href":"https:\/\/redaccionoaxaca.com\/index.php\/wp-json\/wp\/v2\/posts"}],"about":[{"href":"https:\/\/redaccionoaxaca.com\/index.php\/wp-json\/wp\/v2\/types\/post"}],"author":[{"embeddable":true,"href":"https:\/\/redaccionoaxaca.com\/index.php\/wp-json\/wp\/v2\/users\/9"}],"replies":[{"embeddable":true,"href":"https:\/\/redaccionoaxaca.com\/index.php\/wp-json\/wp\/v2\/comments?post=43724"}],"version-history":[{"count":2,"href":"https:\/\/redaccionoaxaca.com\/index.php\/wp-json\/wp\/v2\/posts\/43724\/revisions"}],"predecessor-version":[{"id":43727,"href":"https:\/\/redaccionoaxaca.com\/index.php\/wp-json\/wp\/v2\/posts\/43724\/revisions\/43727"}],"wp:featuredmedia":[{"embeddable":true,"href":"https:\/\/redaccionoaxaca.com\/index.php\/wp-json\/wp\/v2\/media\/43725"}],"wp:attachment":[{"href":"https:\/\/redaccionoaxaca.com\/index.php\/wp-json\/wp\/v2\/media?parent=43724"}],"wp:term":[{"taxonomy":"category","embeddable":true,"href":"https:\/\/redaccionoaxaca.com\/index.php\/wp-json\/wp\/v2\/categories?post=43724"},{"taxonomy":"post_tag","embeddable":true,"href":"https:\/\/redaccionoaxaca.com\/index.php\/wp-json\/wp\/v2\/tags?post=43724"}],"curies":[{"name":"wp","href":"https:\/\/api.w.org\/{rel}","templated":true}]}}