{"id":43728,"date":"2026-09-02T21:30:27","date_gmt":"2026-09-03T03:30:27","guid":{"rendered":"https:\/\/redaccionoaxaca.com\/?p=43728"},"modified":"2026-09-02T21:30:27","modified_gmt":"2026-09-03T03:30:27","slug":"ray-chagoya-entrega-obras-educativas-en-pueblo-nuevo","status":"publish","type":"post","link":"https:\/\/redaccionoaxaca.com\/index.php\/2026\/09\/02\/ray-chagoya-entrega-obras-educativas-en-pueblo-nuevo\/","title":{"rendered":"Ray Chagoya entrega obras educativas en Pueblo Nuevo"},"content":{"rendered":"<p><strong>#Redacci\u00f3nOaxaca<\/strong><\/p>\n<p><strong>#Oaxaca<\/strong><\/p>\n<p style=\"text-align: justify;\">El presidente municipal de Oaxaca de Ju\u00e1rez, Ray Chagoya, entreg\u00f3 obras de infraestructura educativa en la Agencia Municipal de Pueblo Nuevo, con el objetivo de mejorar las condiciones de aprendizaje y fortalecer los espacios destinados a las vecinitas y los vecinitos.<\/p>\n<p><img data-recalc-dims=\"1\" loading=\"lazy\" decoding=\"async\" data-attachment-id=\"43730\" data-permalink=\"https:\/\/redaccionoaxaca.com\/index.php\/2026\/09\/02\/ray-chagoya-entrega-obras-educativas-en-pueblo-nuevo\/img-20260902-wa0114\/\" data-orig-file=\"https:\/\/i0.wp.com\/redaccionoaxaca.com\/wp-content\/uploads\/2026\/09\/IMG-20260902-WA0114.jpg?fit=1600%2C1066&amp;ssl=1\" data-orig-size=\"1600,1066\" data-comments-opened=\"1\" data-image-meta=\"{&quot;aperture&quot;:&quot;0&quot;,&quot;credit&quot;:&quot;&quot;,&quot;camera&quot;:&quot;&quot;,&quot;caption&quot;:&quot;&quot;,&quot;created_timestamp&quot;:&quot;0&quot;,&quot;copyright&quot;:&quot;&quot;,&quot;focal_length&quot;:&quot;0&quot;,&quot;iso&quot;:&quot;0&quot;,&quot;shutter_speed&quot;:&quot;0&quot;,&quot;title&quot;:&quot;&quot;,&quot;orientation&quot;:&quot;0&quot;}\" data-image-title=\"IMG-20260902-WA0114\" data-image-description=\"\" data-image-caption=\"\" data-large-file=\"https:\/\/i0.wp.com\/redaccionoaxaca.com\/wp-content\/uploads\/2026\/09\/IMG-20260902-WA0114.jpg?fit=696%2C464&amp;ssl=1\" class=\"size-medium wp-image-43730 aligncenter\" src=\"https:\/\/i0.wp.com\/redaccionoaxaca.com\/wp-content\/uploads\/2026\/09\/IMG-20260902-WA0114.jpg?resize=300%2C200&#038;ssl=1\" alt=\"\" width=\"300\" height=\"200\" srcset=\"https:\/\/i0.wp.com\/redaccionoaxaca.com\/wp-content\/uploads\/2026\/09\/IMG-20260902-WA0114.jpg?resize=300%2C200&amp;ssl=1 300w, https:\/\/i0.wp.com\/redaccionoaxaca.com\/wp-content\/uploads\/2026\/09\/IMG-20260902-WA0114.jpg?resize=1024%2C682&amp;ssl=1 1024w, https:\/\/i0.wp.com\/redaccionoaxaca.com\/wp-content\/uploads\/2026\/09\/IMG-20260902-WA0114.jpg?resize=768%2C512&amp;ssl=1 768w, https:\/\/i0.wp.com\/redaccionoaxaca.com\/wp-content\/uploads\/2026\/09\/IMG-20260902-WA0114.jpg?resize=1536%2C1023&amp;ssl=1 1536w, https:\/\/i0.wp.com\/redaccionoaxaca.com\/wp-content\/uploads\/2026\/09\/IMG-20260902-WA0114.jpg?resize=630%2C420&amp;ssl=1 630w, https:\/\/i0.wp.com\/redaccionoaxaca.com\/wp-content\/uploads\/2026\/09\/IMG-20260902-WA0114.jpg?resize=696%2C464&amp;ssl=1 696w, https:\/\/i0.wp.com\/redaccionoaxaca.com\/wp-content\/uploads\/2026\/09\/IMG-20260902-WA0114.jpg?resize=1068%2C712&amp;ssl=1 1068w, https:\/\/i0.wp.com\/redaccionoaxaca.com\/wp-content\/uploads\/2026\/09\/IMG-20260902-WA0114.jpg?w=1600&amp;ssl=1 1600w, https:\/\/i0.wp.com\/redaccionoaxaca.com\/wp-content\/uploads\/2026\/09\/IMG-20260902-WA0114.jpg?w=1392&amp;ssl=1 1392w\" sizes=\"auto, (max-width: 300px) 100vw, 300px\" \/><\/p>\n<p style=\"text-align: justify;\">Las acciones incluyeron la construcci\u00f3n de una cancha y un aula did\u00e1ctica en la Escuela Primaria Cuauht\u00e9moc, turno vespertino; la entrega de aulas did\u00e1cticas en la Escuela Primaria Emiliano Zapata, turno matutino, en beneficio de 807 personas; as\u00ed como la construcci\u00f3n de un aula de medios en la Escuela Primaria Francisco Zarco, que beneficia a 349 personas.<\/p>\n<p style=\"text-align: justify;\">En conjunto, estas obras representan una inversi\u00f3n superior a 2.3 millones de pesos y forman parte de las acciones que impulsa el Gobierno Municipal, con el respaldo de los gobiernos Estatal y Federal, para fortalecer la infraestructura educativa y generar mejores espacios para la comunidad estudiantil de las agencias de Oaxaca de Ju\u00e1rez.<\/p>\n<p><img data-recalc-dims=\"1\" loading=\"lazy\" decoding=\"async\" data-attachment-id=\"43729\" data-permalink=\"https:\/\/redaccionoaxaca.com\/index.php\/2026\/09\/02\/ray-chagoya-entrega-obras-educativas-en-pueblo-nuevo\/inshot_20260902_212744689\/\" data-orig-file=\"https:\/\/i0.wp.com\/redaccionoaxaca.com\/wp-content\/uploads\/2026\/09\/InShot_20260902_212744689.jpg?fit=1920%2C1920&amp;ssl=1\" data-orig-size=\"1920,1920\" data-comments-opened=\"1\" data-image-meta=\"{&quot;aperture&quot;:&quot;0&quot;,&quot;credit&quot;:&quot;&quot;,&quot;camera&quot;:&quot;&quot;,&quot;caption&quot;:&quot;&quot;,&quot;created_timestamp&quot;:&quot;0&quot;,&quot;copyright&quot;:&quot;&quot;,&quot;focal_length&quot;:&quot;0&quot;,&quot;iso&quot;:&quot;0&quot;,&quot;shutter_speed&quot;:&quot;0&quot;,&quot;title&quot;:&quot;&quot;,&quot;orientation&quot;:&quot;0&quot;}\" data-image-title=\"InShot_20260902_212744689\" data-image-description=\"\" data-image-caption=\"\" data-large-file=\"https:\/\/i0.wp.com\/redaccionoaxaca.com\/wp-content\/uploads\/2026\/09\/InShot_20260902_212744689.jpg?fit=696%2C696&amp;ssl=1\" class=\"alignnone size-medium wp-image-43729\" src=\"https:\/\/i0.wp.com\/redaccionoaxaca.com\/wp-content\/uploads\/2026\/09\/InShot_20260902_212744689.jpg?resize=300%2C300&#038;ssl=1\" alt=\"\" width=\"300\" height=\"300\" srcset=\"https:\/\/i0.wp.com\/redaccionoaxaca.com\/wp-content\/uploads\/2026\/09\/InShot_20260902_212744689.jpg?resize=300%2C300&amp;ssl=1 300w, https:\/\/i0.wp.com\/redaccionoaxaca.com\/wp-content\/uploads\/2026\/09\/InShot_20260902_212744689.jpg?resize=1024%2C1024&amp;ssl=1 1024w, https:\/\/i0.wp.com\/redaccionoaxaca.com\/wp-content\/uploads\/2026\/09\/InShot_20260902_212744689.jpg?resize=150%2C150&amp;ssl=1 150w, https:\/\/i0.wp.com\/redaccionoaxaca.com\/wp-content\/uploads\/2026\/09\/InShot_20260902_212744689.jpg?resize=768%2C768&amp;ssl=1 768w, https:\/\/i0.wp.com\/redaccionoaxaca.com\/wp-content\/uploads\/2026\/09\/InShot_20260902_212744689.jpg?resize=1536%2C1536&amp;ssl=1 1536w, https:\/\/i0.wp.com\/redaccionoaxaca.com\/wp-content\/uploads\/2026\/09\/InShot_20260902_212744689.jpg?resize=420%2C420&amp;ssl=1 420w, https:\/\/i0.wp.com\/redaccionoaxaca.com\/wp-content\/uploads\/2026\/09\/InShot_20260902_212744689.jpg?resize=696%2C696&amp;ssl=1 696w, https:\/\/i0.wp.com\/redaccionoaxaca.com\/wp-content\/uploads\/2026\/09\/InShot_20260902_212744689.jpg?resize=1068%2C1068&amp;ssl=1 1068w, https:\/\/i0.wp.com\/redaccionoaxaca.com\/wp-content\/uploads\/2026\/09\/InShot_20260902_212744689.jpg?w=1920&amp;ssl=1 1920w, https:\/\/i0.wp.com\/redaccionoaxaca.com\/wp-content\/uploads\/2026\/09\/InShot_20260902_212744689.jpg?w=1392&amp;ssl=1 1392w\" sizes=\"auto, (max-width: 300px) 100vw, 300px\" \/><\/p>\n","protected":false},"excerpt":{"rendered":"<p>#Redacci\u00f3nOaxaca #Oaxaca El presidente municipal de Oaxaca de Ju\u00e1rez, Ray Chagoya, entreg\u00f3 obras de infraestructura educativa en la Agencia Municipal de Pueblo Nuevo, con el objetivo de mejorar las condiciones de aprendizaje y fortalecer los espacios destinados a las vecinitas y los vecinitos. Las acciones incluyeron la construcci\u00f3n de una cancha y un aula did\u00e1ctica [&hellip;]<\/p>\n","protected":false},"author":9,"featured_media":43731,"comment_status":"open","ping_status":"open","sticky":false,"template":"","format":"standard","meta":{"_jetpack_newsletter_access":"","_jetpack_dont_email_post_to_subs":false,"_jetpack_newsletter_tier_id":0,"_jetpack_memberships_contains_paywalled_content":false,"_jetpack_feature_clip_id":0,"_jetpack_memberships_contains_paid_content":false,"footnotes":"","jetpack_publicize_message":"","jetpack_publicize_feature_enabled":true,"jetpack_social_post_already_shared":true,"jetpack_social_options":{"image_generator_settings":{"template":"highway","default_image_id":0,"font":"","enabled":false},"version":2},"jetpack_post_was_ever_published":false},"categories":[4,5,870,6],"tags":[],"class_list":{"0":"post-43728","1":"post","2":"type-post","3":"status-publish","4":"format-standard","5":"has-post-thumbnail","7":"category-agenda-politica","8":"category-imagen","9":"category-obras-publicas","10":"category-tendencias"},"jetpack_publicize_connections":[],"jetpack_sharing_enabled":true,"jetpack_shortlink":"https:\/\/wp.me\/p9Ynjw-bni","jetpack-related-posts":[{"id":37181,"url":"https:\/\/redaccionoaxaca.com\/index.php\/2025\/06\/29\/ray-chagoya-y-salomon-jara-recorren-agencias-municipales-con-acciones-que-responden-a-las-necesidades-del-pueblo\/","url_meta":{"origin":43728,"position":0},"title":"Ray Chagoya y Salom\u00f3n Jara recorren agencias municipales con acciones que responden a las necesidades del pueblo","author":"ariadna","date":"junio 29, 2025","format":false,"excerpt":"#Redacci\u00f3nOaxaca #Oaxaca * La estrategia \u201cTrabajo que Transforma tu Municipio\u201d avanza con obras concretas en beneficio de la capital Oaxaca de Ju\u00e1rez, Oax., 29 de junio de 2025.- El presidente municipal Ray Chagoya y el gobernador Salom\u00f3n Jara Cruz encabezaron una gira de trabajo por las agencias de Trinidad de\u2026","rel":"","context":"En &quot;Agenda Pol\u00edtica&quot;","block_context":{"text":"Agenda Pol\u00edtica","link":"https:\/\/redaccionoaxaca.com\/index.php\/category\/agenda-politica\/"},"img":{"alt_text":"","src":"https:\/\/i0.wp.com\/redaccionoaxaca.com\/wp-content\/uploads\/2025\/06\/IMG-20250629-WA0296-300x200.jpg?resize=350%2C200&ssl=1","width":350,"height":200},"classes":[]},{"id":43524,"url":"https:\/\/redaccionoaxaca.com\/index.php\/2026\/08\/17\/ray-chagoya-atiende-peticion-vecinas-y-vecinos-en-la-calle-esmeralda-de-pueblo-nuevo\/","url_meta":{"origin":43728,"position":1},"title":"Ray Chagoya atiende petici\u00f3n vecinas y vecinos en la calle Esmeralda de Pueblo Nuevo","author":"ariadna","date":"agosto 17, 2026","format":false,"excerpt":"#Redacci\u00f3nOaxaca #Oaxaca Como parte de sus recorridos permanentes en territorio, el presidente municipal de Oaxaca de Ju\u00e1rez, Ray Chagoya, supervis\u00f3 los trabajos de rehabilitaci\u00f3n de la calle Esmeralda, en la agencia de Pueblo Nuevo, una petici\u00f3n vecinal que permaneci\u00f3 sin respuesta durante m\u00e1s de tres d\u00e9cadas. Durante el encuentro con\u2026","rel":"","context":"En &quot;Imagen&quot;","block_context":{"text":"Imagen","link":"https:\/\/redaccionoaxaca.com\/index.php\/category\/imagen\/"},"img":{"alt_text":"","src":"https:\/\/i0.wp.com\/redaccionoaxaca.com\/wp-content\/uploads\/2026\/08\/IMG-20260817-WA0162.jpg?fit=1200%2C673&ssl=1&resize=350%2C200","width":350,"height":200,"srcset":"https:\/\/i0.wp.com\/redaccionoaxaca.com\/wp-content\/uploads\/2026\/08\/IMG-20260817-WA0162.jpg?fit=1200%2C673&ssl=1&resize=350%2C200 1x, https:\/\/i0.wp.com\/redaccionoaxaca.com\/wp-content\/uploads\/2026\/08\/IMG-20260817-WA0162.jpg?fit=1200%2C673&ssl=1&resize=525%2C300 1.5x, https:\/\/i0.wp.com\/redaccionoaxaca.com\/wp-content\/uploads\/2026\/08\/IMG-20260817-WA0162.jpg?fit=1200%2C673&ssl=1&resize=700%2C400 2x, https:\/\/i0.wp.com\/redaccionoaxaca.com\/wp-content\/uploads\/2026\/08\/IMG-20260817-WA0162.jpg?fit=1200%2C673&ssl=1&resize=1050%2C600 3x"},"classes":[]},{"id":6598,"url":"https:\/\/redaccionoaxaca.com\/index.php\/2019\/05\/02\/celebra-el-gobernador-dia-del-nino-en-primaria-benito-juarez-con-obras-multiples-construccion-de-rampa-macro-tunel-de-cosecha-y-entrega-de-regalos\/","url_meta":{"origin":43728,"position":2},"title":"Celebra el Gobernador d\u00eda del ni\u00f1o en Primaria Benito Ju\u00e1rez con obras m\u00faltiples, construcci\u00f3n de rampa, macro t\u00fanel de cosecha y entrega de regalos","author":"denise","date":"mayo 2, 2019","format":"video","excerpt":"#Redacci\u00f3nOaxaca El Gobernador de Oaxaca, Alejandro Murat Hinojosa, y la Presidenta del\u00a0\u00a0Sistema para el Desarrollo Integral de la Familia (DIF) Estatal, Ivette Moran, llegaron este d\u00eda a la Escuela Primaria Benito Ju\u00e1rez, uno de los edificios m\u00e1s antiguos del centro de la ciudad, construido en 1926, para celebrar el d\u00eda\u2026","rel":"","context":"En &quot;Imagen&quot;","block_context":{"text":"Imagen","link":"https:\/\/redaccionoaxaca.com\/index.php\/category\/imagen\/"},"img":{"alt_text":"","src":"","width":0,"height":0},"classes":[]},{"id":42837,"url":"https:\/\/redaccionoaxaca.com\/index.php\/2026\/07\/01\/impulsa-ray-chagoya-obras-comunitarias-con-entrega-del-banco-de-materiales\/","url_meta":{"origin":43728,"position":3},"title":"Impulsa Ray Chagoya obras comunitarias con entrega del Banco de Materiales","author":"ariadna","date":"julio 1, 2026","format":false,"excerpt":"#Redacci\u00f3nOaxaca #Oaxaca El presidente municipal de Oaxaca de Ju\u00e1rez, Ray Chagoya, realiz\u00f3 la entrega del Banco de Materiales en las agencias municipales de Santa Rosa Panzacola y San Mart\u00edn Mexicapan, con el prop\u00f3sito de fortalecer el tequio y promover obras comunitarias que contribuyan al mejoramiento de los espacios p\u00fablicos y\u2026","rel":"","context":"En &quot;Imagen&quot;","block_context":{"text":"Imagen","link":"https:\/\/redaccionoaxaca.com\/index.php\/category\/imagen\/"},"img":{"alt_text":"","src":"https:\/\/i0.wp.com\/redaccionoaxaca.com\/wp-content\/uploads\/2026\/07\/IMG-20260701-WA0066.jpg?fit=1200%2C801&ssl=1&resize=350%2C200","width":350,"height":200,"srcset":"https:\/\/i0.wp.com\/redaccionoaxaca.com\/wp-content\/uploads\/2026\/07\/IMG-20260701-WA0066.jpg?fit=1200%2C801&ssl=1&resize=350%2C200 1x, https:\/\/i0.wp.com\/redaccionoaxaca.com\/wp-content\/uploads\/2026\/07\/IMG-20260701-WA0066.jpg?fit=1200%2C801&ssl=1&resize=525%2C300 1.5x, https:\/\/i0.wp.com\/redaccionoaxaca.com\/wp-content\/uploads\/2026\/07\/IMG-20260701-WA0066.jpg?fit=1200%2C801&ssl=1&resize=700%2C400 2x, https:\/\/i0.wp.com\/redaccionoaxaca.com\/wp-content\/uploads\/2026\/07\/IMG-20260701-WA0066.jpg?fit=1200%2C801&ssl=1&resize=1050%2C600 3x"},"classes":[]},{"id":43391,"url":"https:\/\/redaccionoaxaca.com\/index.php\/2026\/08\/08\/nueva-vialidad-en-pueblo-nuevo-mejora-conectividad-entre-oaxaca-de-juarez-y-municipios-vecinos\/","url_meta":{"origin":43728,"position":4},"title":"Nueva vialidad en Pueblo Nuevo mejora conectividad entre Oaxaca de Ju\u00e1rez y municipios vecinos","author":"ariadna","date":"agosto 8, 2026","format":false,"excerpt":"#Redacci\u00f3nOaxaca #Oaxaca El presidente municipal de Oaxaca de Ju\u00e1rez, Ray Chagoya Villanueva y el gobernador del estado, Salom\u00f3n Jara Cruz, inauguraron la pavimentaci\u00f3n de la calle Genaro V. V\u00e1squez, en la colonia La Joya de la agencia de Pueblo Nuevo, una obra que mejora la movilidad, seguridad y conectividad para\u2026","rel":"","context":"En &quot;Mesa de Redacci\u00f3n&quot;","block_context":{"text":"Mesa de Redacci\u00f3n","link":"https:\/\/redaccionoaxaca.com\/index.php\/category\/mesa-de-redaccion\/"},"img":{"alt_text":"","src":"https:\/\/i0.wp.com\/redaccionoaxaca.com\/wp-content\/uploads\/2026\/08\/IMG-20260808-WA0051.jpg?fit=1200%2C673&ssl=1&resize=350%2C200","width":350,"height":200,"srcset":"https:\/\/i0.wp.com\/redaccionoaxaca.com\/wp-content\/uploads\/2026\/08\/IMG-20260808-WA0051.jpg?fit=1200%2C673&ssl=1&resize=350%2C200 1x, https:\/\/i0.wp.com\/redaccionoaxaca.com\/wp-content\/uploads\/2026\/08\/IMG-20260808-WA0051.jpg?fit=1200%2C673&ssl=1&resize=525%2C300 1.5x, https:\/\/i0.wp.com\/redaccionoaxaca.com\/wp-content\/uploads\/2026\/08\/IMG-20260808-WA0051.jpg?fit=1200%2C673&ssl=1&resize=700%2C400 2x, https:\/\/i0.wp.com\/redaccionoaxaca.com\/wp-content\/uploads\/2026\/08\/IMG-20260808-WA0051.jpg?fit=1200%2C673&ssl=1&resize=1050%2C600 3x"},"classes":[]},{"id":42865,"url":"https:\/\/redaccionoaxaca.com\/index.php\/2026\/07\/04\/ray-chagoya-entrega-banco-de-materiales-en-las-agencias-de-montoya-y-dolores-para-impulsar-obras-comunitarias\/","url_meta":{"origin":43728,"position":5},"title":"Ray Chagoya entrega Banco de Materiales en las Agencias de Montoya y Dolores para impulsar obras comunitarias","author":"ariadna","date":"julio 4, 2026","format":false,"excerpt":"#Redacci\u00f3nOaxaca #Oaxaca El presidente municipal de Oaxaca de Ju\u00e1rez, Ray Chagoya, encabez\u00f3 la entrega del Banco de Materiales en las agencias de Montoya y Dolores, con el objetivo de que las y los vecinos se organicen y realicen obras que contribuyan al mejoramiento de sus colonias. Durante ambas jornadas, en\u2026","rel":"","context":"En &quot;Imagen&quot;","block_context":{"text":"Imagen","link":"https:\/\/redaccionoaxaca.com\/index.php\/category\/imagen\/"},"img":{"alt_text":"","src":"https:\/\/i0.wp.com\/redaccionoaxaca.com\/wp-content\/uploads\/2026\/07\/IMG-20260704-WA0094.jpg?fit=1200%2C800&ssl=1&resize=350%2C200","width":350,"height":200,"srcset":"https:\/\/i0.wp.com\/redaccionoaxaca.com\/wp-content\/uploads\/2026\/07\/IMG-20260704-WA0094.jpg?fit=1200%2C800&ssl=1&resize=350%2C200 1x, https:\/\/i0.wp.com\/redaccionoaxaca.com\/wp-content\/uploads\/2026\/07\/IMG-20260704-WA0094.jpg?fit=1200%2C800&ssl=1&resize=525%2C300 1.5x, https:\/\/i0.wp.com\/redaccionoaxaca.com\/wp-content\/uploads\/2026\/07\/IMG-20260704-WA0094.jpg?fit=1200%2C800&ssl=1&resize=700%2C400 2x, https:\/\/i0.wp.com\/redaccionoaxaca.com\/wp-content\/uploads\/2026\/07\/IMG-20260704-WA0094.jpg?fit=1200%2C800&ssl=1&resize=1050%2C600 3x"},"classes":[]}],"jetpack_featured_media_url":"https:\/\/i0.wp.com\/redaccionoaxaca.com\/wp-content\/uploads\/2026\/09\/IMG-20260902-WA0119.jpg?fit=960%2C540&ssl=1","_links":{"self":[{"href":"https:\/\/redaccionoaxaca.com\/index.php\/wp-json\/wp\/v2\/posts\/43728","targetHints":{"allow":["GET"]}}],"collection":[{"href":"https:\/\/redaccionoaxaca.com\/index.php\/wp-json\/wp\/v2\/posts"}],"about":[{"href":"https:\/\/redaccionoaxaca.com\/index.php\/wp-json\/wp\/v2\/types\/post"}],"author":[{"embeddable":true,"href":"https:\/\/redaccionoaxaca.com\/index.php\/wp-json\/wp\/v2\/users\/9"}],"replies":[{"embeddable":true,"href":"https:\/\/redaccionoaxaca.com\/index.php\/wp-json\/wp\/v2\/comments?post=43728"}],"version-history":[{"count":1,"href":"https:\/\/redaccionoaxaca.com\/index.php\/wp-json\/wp\/v2\/posts\/43728\/revisions"}],"predecessor-version":[{"id":43732,"href":"https:\/\/redaccionoaxaca.com\/index.php\/wp-json\/wp\/v2\/posts\/43728\/revisions\/43732"}],"wp:featuredmedia":[{"embeddable":true,"href":"https:\/\/redaccionoaxaca.com\/index.php\/wp-json\/wp\/v2\/media\/43731"}],"wp:attachment":[{"href":"https:\/\/redaccionoaxaca.com\/index.php\/wp-json\/wp\/v2\/media?parent=43728"}],"wp:term":[{"taxonomy":"category","embeddable":true,"href":"https:\/\/redaccionoaxaca.com\/index.php\/wp-json\/wp\/v2\/categories?post=43728"},{"taxonomy":"post_tag","embeddable":true,"href":"https:\/\/redaccionoaxaca.com\/index.php\/wp-json\/wp\/v2\/tags?post=43728"}],"curies":[{"name":"wp","href":"https:\/\/api.w.org\/{rel}","templated":true}]}}