{"id":43733,"date":"2026-09-03T08:46:19","date_gmt":"2026-09-03T14:46:19","guid":{"rendered":"https:\/\/redaccionoaxaca.com\/?p=43733"},"modified":"2026-09-03T08:46:19","modified_gmt":"2026-09-03T14:46:19","slug":"detienen-a-sindico-y-regidor-de-santiago-choapam-por-violencia-politica-contra-presidenta-municipal","status":"publish","type":"post","link":"https:\/\/redaccionoaxaca.com\/index.php\/2026\/09\/03\/detienen-a-sindico-y-regidor-de-santiago-choapam-por-violencia-politica-contra-presidenta-municipal\/","title":{"rendered":"Detienen a s\u00edndico y regidor de Santiago Cho\u00e1pam por Violencia Pol\u00edtica contra Presidenta Municipal"},"content":{"rendered":"<p><strong>#Redacci\u00f3nOaxaca<\/strong><\/p>\n<p><strong>#Oaxaca<\/strong><\/p>\n<p><strong>#JaimeGUERRERO<\/strong><\/p>\n<p style=\"text-align: justify;\">La Fiscal\u00eda de Oaxaca detuvo al s\u00edndico municipal de Santiago Cho\u00e1pam, Jorge M\u00e9ndez Mart\u00ednez, y al regidor de Hacienda, Avelino Bartolo Cruz, acusados de presuntamente retener, amenazar e intimidar a la presidenta municipal, Dolores Luciano Valad\u00e9s, para obligarla a renunciar al cargo.<\/p>\n<p><img data-recalc-dims=\"1\" loading=\"lazy\" decoding=\"async\" data-attachment-id=\"43736\" data-permalink=\"https:\/\/redaccionoaxaca.com\/index.php\/2026\/09\/03\/detienen-a-sindico-y-regidor-de-santiago-choapam-por-violencia-politica-contra-presidenta-municipal\/img-20260903-wa0033\/\" data-orig-file=\"https:\/\/i0.wp.com\/redaccionoaxaca.com\/wp-content\/uploads\/2026\/09\/IMG-20260903-WA0033.jpg?fit=1600%2C1066&amp;ssl=1\" data-orig-size=\"1600,1066\" data-comments-opened=\"1\" data-image-meta=\"{&quot;aperture&quot;:&quot;0&quot;,&quot;credit&quot;:&quot;&quot;,&quot;camera&quot;:&quot;&quot;,&quot;caption&quot;:&quot;&quot;,&quot;created_timestamp&quot;:&quot;0&quot;,&quot;copyright&quot;:&quot;&quot;,&quot;focal_length&quot;:&quot;0&quot;,&quot;iso&quot;:&quot;0&quot;,&quot;shutter_speed&quot;:&quot;0&quot;,&quot;title&quot;:&quot;&quot;,&quot;orientation&quot;:&quot;0&quot;}\" data-image-title=\"IMG-20260903-WA0033\" data-image-description=\"\" data-image-caption=\"\" data-large-file=\"https:\/\/i0.wp.com\/redaccionoaxaca.com\/wp-content\/uploads\/2026\/09\/IMG-20260903-WA0033.jpg?fit=696%2C464&amp;ssl=1\" class=\"size-medium wp-image-43736 aligncenter\" src=\"https:\/\/i0.wp.com\/redaccionoaxaca.com\/wp-content\/uploads\/2026\/09\/IMG-20260903-WA0033.jpg?resize=300%2C200&#038;ssl=1\" alt=\"\" width=\"300\" height=\"200\" srcset=\"https:\/\/i0.wp.com\/redaccionoaxaca.com\/wp-content\/uploads\/2026\/09\/IMG-20260903-WA0033.jpg?resize=300%2C200&amp;ssl=1 300w, https:\/\/i0.wp.com\/redaccionoaxaca.com\/wp-content\/uploads\/2026\/09\/IMG-20260903-WA0033.jpg?resize=1024%2C682&amp;ssl=1 1024w, https:\/\/i0.wp.com\/redaccionoaxaca.com\/wp-content\/uploads\/2026\/09\/IMG-20260903-WA0033.jpg?resize=768%2C512&amp;ssl=1 768w, https:\/\/i0.wp.com\/redaccionoaxaca.com\/wp-content\/uploads\/2026\/09\/IMG-20260903-WA0033.jpg?resize=1536%2C1023&amp;ssl=1 1536w, https:\/\/i0.wp.com\/redaccionoaxaca.com\/wp-content\/uploads\/2026\/09\/IMG-20260903-WA0033.jpg?resize=630%2C420&amp;ssl=1 630w, https:\/\/i0.wp.com\/redaccionoaxaca.com\/wp-content\/uploads\/2026\/09\/IMG-20260903-WA0033.jpg?resize=696%2C464&amp;ssl=1 696w, https:\/\/i0.wp.com\/redaccionoaxaca.com\/wp-content\/uploads\/2026\/09\/IMG-20260903-WA0033.jpg?resize=1068%2C712&amp;ssl=1 1068w, https:\/\/i0.wp.com\/redaccionoaxaca.com\/wp-content\/uploads\/2026\/09\/IMG-20260903-WA0033.jpg?w=1600&amp;ssl=1 1600w, https:\/\/i0.wp.com\/redaccionoaxaca.com\/wp-content\/uploads\/2026\/09\/IMG-20260903-WA0033.jpg?w=1392&amp;ssl=1 1392w\" sizes=\"auto, (max-width: 300px) 100vw, 300px\" \/><\/p>\n<p style=\"text-align: justify;\">Ambos funcionarios son imputados por el delito de Violencia Pol\u00edtica contra las Mujeres en Raz\u00f3n de G\u00e9nero (VPMRG), dentro de la causa penal 376\/2026. Una tercera persona, Liz Magali Silva Pacheco, tambi\u00e9n figura como imputada en el proceso.<\/p>\n<p style=\"text-align: justify;\">De acuerdo con la investigaci\u00f3n de la Fiscal\u00eda Especializada en Delitos Electorales, los hechos ocurrieron los d\u00edas 9 y 10 de junio de 2026, cuando presuntamente se realizaron actos de retenci\u00f3n, amenazas e intimidaci\u00f3n contra la edil.<\/p>\n<p style=\"text-align: justify;\">Las investigaciones establecen que el objetivo habr\u00eda sido presionar a Dolores Luciano Valad\u00e9s para que firmara su renuncia a la Presidencia Municipal y aceptara la intervenci\u00f3n de asesores t\u00e9cnicos que pretend\u00edan imponerle.<\/p>\n<p style=\"text-align: justify;\">El caso qued\u00f3 integrado en las carpetas de investigaci\u00f3n 13427\/FEDE\/FEDE\/2026 y 17807\/FEDE\/FEDE\/2026, posteriormente acumuladas.<\/p>\n<p style=\"text-align: justify;\">El 19 de agosto, agentes del Ministerio P\u00fablico presentaron ante un juez los datos de prueba y solicitaron \u00f3rdenes de aprehensi\u00f3n. La autoridad judicial consider\u00f3 procedente la petici\u00f3n y libr\u00f3 los mandamientos dentro de la causa penal 376\/2026.<\/p>\n<p style=\"text-align: justify;\">Este mi\u00e9rcoles 2 de septiembre, elementos de la Agencia Estatal de Investigaciones localizaron a M\u00e9ndez Mart\u00ednez y Bartolo Cruz aproximadamente a las 09:40 horas sobre la carretera federal 190, tramo Oaxaca-Istmo, a la altura de la entrada a Uni\u00f3n Zapata, Tlacolula, donde fueron detenidos.<\/p>\n<p style=\"text-align: justify;\">El Instituto Estatal Electoral y de Participaci\u00f3n Ciudadana de Oaxaca (IEEPCO) confirm\u00f3 que Dolores Luciano Valad\u00e9s fue electa por Santo Domingo Latani dentro del proceso comunitario para integrar el Ayuntamiento de Santiago Cho\u00e1pam.<\/p>\n<p style=\"text-align: justify;\">En ese mismo proceso fueron electos Jorge M\u00e9ndez Mart\u00ednez por San Juan del R\u00edo y Avelino Bartolo Cruz por la cabecera municipal de Santiago Cho\u00e1pam.<\/p>\n<p style=\"text-align: justify;\">Despu\u00e9s de su detenci\u00f3n, ambos funcionarios fueron sometidos a certificaci\u00f3n m\u00e9dica, registrados ante el Registro Nacional de Detenciones y puestos a disposici\u00f3n de la autoridad judicial para continuar con el procedimiento penal.<\/p>\n<p style=\"text-align: justify;\">La Fiscal\u00eda precis\u00f3 que continuar\u00e1 con las actuaciones ministeriales y procesales correspondientes, mientras los imputados mantienen la presunci\u00f3n de inocencia hasta que exista una resoluci\u00f3n judicial.<\/p>\n<p><img data-recalc-dims=\"1\" loading=\"lazy\" decoding=\"async\" data-attachment-id=\"43734\" data-permalink=\"https:\/\/redaccionoaxaca.com\/index.php\/2026\/09\/03\/detienen-a-sindico-y-regidor-de-santiago-choapam-por-violencia-politica-contra-presidenta-municipal\/img-20260903-wa0034\/\" data-orig-file=\"https:\/\/i0.wp.com\/redaccionoaxaca.com\/wp-content\/uploads\/2026\/09\/IMG-20260903-WA0034.jpg?fit=1600%2C1066&amp;ssl=1\" data-orig-size=\"1600,1066\" data-comments-opened=\"1\" data-image-meta=\"{&quot;aperture&quot;:&quot;0&quot;,&quot;credit&quot;:&quot;&quot;,&quot;camera&quot;:&quot;&quot;,&quot;caption&quot;:&quot;&quot;,&quot;created_timestamp&quot;:&quot;0&quot;,&quot;copyright&quot;:&quot;&quot;,&quot;focal_length&quot;:&quot;0&quot;,&quot;iso&quot;:&quot;0&quot;,&quot;shutter_speed&quot;:&quot;0&quot;,&quot;title&quot;:&quot;&quot;,&quot;orientation&quot;:&quot;0&quot;}\" data-image-title=\"IMG-20260903-WA0034\" data-image-description=\"\" data-image-caption=\"\" data-large-file=\"https:\/\/i0.wp.com\/redaccionoaxaca.com\/wp-content\/uploads\/2026\/09\/IMG-20260903-WA0034.jpg?fit=696%2C464&amp;ssl=1\" class=\"size-medium wp-image-43734 aligncenter\" src=\"https:\/\/i0.wp.com\/redaccionoaxaca.com\/wp-content\/uploads\/2026\/09\/IMG-20260903-WA0034.jpg?resize=300%2C200&#038;ssl=1\" alt=\"\" width=\"300\" height=\"200\" srcset=\"https:\/\/i0.wp.com\/redaccionoaxaca.com\/wp-content\/uploads\/2026\/09\/IMG-20260903-WA0034.jpg?resize=300%2C200&amp;ssl=1 300w, https:\/\/i0.wp.com\/redaccionoaxaca.com\/wp-content\/uploads\/2026\/09\/IMG-20260903-WA0034.jpg?resize=1024%2C682&amp;ssl=1 1024w, https:\/\/i0.wp.com\/redaccionoaxaca.com\/wp-content\/uploads\/2026\/09\/IMG-20260903-WA0034.jpg?resize=768%2C512&amp;ssl=1 768w, https:\/\/i0.wp.com\/redaccionoaxaca.com\/wp-content\/uploads\/2026\/09\/IMG-20260903-WA0034.jpg?resize=1536%2C1023&amp;ssl=1 1536w, https:\/\/i0.wp.com\/redaccionoaxaca.com\/wp-content\/uploads\/2026\/09\/IMG-20260903-WA0034.jpg?resize=630%2C420&amp;ssl=1 630w, https:\/\/i0.wp.com\/redaccionoaxaca.com\/wp-content\/uploads\/2026\/09\/IMG-20260903-WA0034.jpg?resize=696%2C464&amp;ssl=1 696w, https:\/\/i0.wp.com\/redaccionoaxaca.com\/wp-content\/uploads\/2026\/09\/IMG-20260903-WA0034.jpg?resize=1068%2C712&amp;ssl=1 1068w, https:\/\/i0.wp.com\/redaccionoaxaca.com\/wp-content\/uploads\/2026\/09\/IMG-20260903-WA0034.jpg?w=1600&amp;ssl=1 1600w, https:\/\/i0.wp.com\/redaccionoaxaca.com\/wp-content\/uploads\/2026\/09\/IMG-20260903-WA0034.jpg?w=1392&amp;ssl=1 1392w\" sizes=\"auto, (max-width: 300px) 100vw, 300px\" \/> <img data-recalc-dims=\"1\" loading=\"lazy\" decoding=\"async\" data-attachment-id=\"43735\" data-permalink=\"https:\/\/redaccionoaxaca.com\/index.php\/2026\/09\/03\/detienen-a-sindico-y-regidor-de-santiago-choapam-por-violencia-politica-contra-presidenta-municipal\/img-20260903-wa0036\/\" data-orig-file=\"https:\/\/i0.wp.com\/redaccionoaxaca.com\/wp-content\/uploads\/2026\/09\/IMG-20260903-WA0036.jpg?fit=1600%2C1066&amp;ssl=1\" data-orig-size=\"1600,1066\" data-comments-opened=\"1\" data-image-meta=\"{&quot;aperture&quot;:&quot;0&quot;,&quot;credit&quot;:&quot;&quot;,&quot;camera&quot;:&quot;&quot;,&quot;caption&quot;:&quot;&quot;,&quot;created_timestamp&quot;:&quot;0&quot;,&quot;copyright&quot;:&quot;&quot;,&quot;focal_length&quot;:&quot;0&quot;,&quot;iso&quot;:&quot;0&quot;,&quot;shutter_speed&quot;:&quot;0&quot;,&quot;title&quot;:&quot;&quot;,&quot;orientation&quot;:&quot;0&quot;}\" data-image-title=\"IMG-20260903-WA0036\" data-image-description=\"\" data-image-caption=\"\" data-large-file=\"https:\/\/i0.wp.com\/redaccionoaxaca.com\/wp-content\/uploads\/2026\/09\/IMG-20260903-WA0036.jpg?fit=696%2C464&amp;ssl=1\" class=\"size-medium wp-image-43735 aligncenter\" src=\"https:\/\/i0.wp.com\/redaccionoaxaca.com\/wp-content\/uploads\/2026\/09\/IMG-20260903-WA0036.jpg?resize=300%2C200&#038;ssl=1\" alt=\"\" width=\"300\" height=\"200\" srcset=\"https:\/\/i0.wp.com\/redaccionoaxaca.com\/wp-content\/uploads\/2026\/09\/IMG-20260903-WA0036.jpg?resize=300%2C200&amp;ssl=1 300w, https:\/\/i0.wp.com\/redaccionoaxaca.com\/wp-content\/uploads\/2026\/09\/IMG-20260903-WA0036.jpg?resize=1024%2C682&amp;ssl=1 1024w, https:\/\/i0.wp.com\/redaccionoaxaca.com\/wp-content\/uploads\/2026\/09\/IMG-20260903-WA0036.jpg?resize=768%2C512&amp;ssl=1 768w, https:\/\/i0.wp.com\/redaccionoaxaca.com\/wp-content\/uploads\/2026\/09\/IMG-20260903-WA0036.jpg?resize=1536%2C1023&amp;ssl=1 1536w, https:\/\/i0.wp.com\/redaccionoaxaca.com\/wp-content\/uploads\/2026\/09\/IMG-20260903-WA0036.jpg?resize=630%2C420&amp;ssl=1 630w, https:\/\/i0.wp.com\/redaccionoaxaca.com\/wp-content\/uploads\/2026\/09\/IMG-20260903-WA0036.jpg?resize=696%2C464&amp;ssl=1 696w, https:\/\/i0.wp.com\/redaccionoaxaca.com\/wp-content\/uploads\/2026\/09\/IMG-20260903-WA0036.jpg?resize=1068%2C712&amp;ssl=1 1068w, https:\/\/i0.wp.com\/redaccionoaxaca.com\/wp-content\/uploads\/2026\/09\/IMG-20260903-WA0036.jpg?w=1600&amp;ssl=1 1600w, https:\/\/i0.wp.com\/redaccionoaxaca.com\/wp-content\/uploads\/2026\/09\/IMG-20260903-WA0036.jpg?w=1392&amp;ssl=1 1392w\" sizes=\"auto, (max-width: 300px) 100vw, 300px\" \/><\/p>\n","protected":false},"excerpt":{"rendered":"<p>#Redacci\u00f3nOaxaca #Oaxaca #JaimeGUERRERO La Fiscal\u00eda de Oaxaca detuvo al s\u00edndico municipal de Santiago Cho\u00e1pam, Jorge M\u00e9ndez Mart\u00ednez, y al regidor de Hacienda, Avelino Bartolo Cruz, acusados de presuntamente retener, amenazar e intimidar a la presidenta municipal, Dolores Luciano Valad\u00e9s, para obligarla a renunciar al cargo. Ambos funcionarios son imputados por el delito de Violencia Pol\u00edtica [&hellip;]<\/p>\n","protected":false},"author":9,"featured_media":43736,"comment_status":"open","ping_status":"open","sticky":false,"template":"","format":"standard","meta":{"_jetpack_newsletter_access":"","_jetpack_dont_email_post_to_subs":false,"_jetpack_newsletter_tier_id":0,"_jetpack_memberships_contains_paywalled_content":false,"_jetpack_feature_clip_id":0,"_jetpack_memberships_contains_paid_content":false,"footnotes":"","jetpack_publicize_message":"","jetpack_publicize_feature_enabled":true,"jetpack_social_post_already_shared":true,"jetpack_social_options":{"image_generator_settings":{"template":"highway","default_image_id":0,"font":"","enabled":false},"version":2},"jetpack_post_was_ever_published":false},"categories":[4,3,6],"tags":[],"class_list":{"0":"post-43733","1":"post","2":"type-post","3":"status-publish","4":"format-standard","5":"has-post-thumbnail","7":"category-agenda-politica","8":"category-mesa-de-redaccion","9":"category-tendencias"},"jetpack_publicize_connections":[],"jetpack_sharing_enabled":true,"jetpack_shortlink":"https:\/\/wp.me\/p9Ynjw-bnn","jetpack-related-posts":[{"id":42373,"url":"https:\/\/redaccionoaxaca.com\/index.php\/2026\/06\/03\/vinculan-a-proceso-a-ex-presidenta-municipal-de-tejalapam-por-secuestro-a-sindico-tipificado-como-violencia-politica\/","url_meta":{"origin":43733,"position":0},"title":"Vinculan a proceso a ex presidenta municipal de Tejal\u00e1pam por secuestro a s\u00edndico, tipificado como violencia pol\u00edtica","author":"ariadna","date":"junio 3, 2026","format":false,"excerpt":"#Redacci\u00f3nOaxaca #Oaxaca #JaimeGUERRERO La ex presidenta municipal de San Felipe Tejal\u00e1pam, Mar\u00eda Anita R.P., fue vinculada a proceso por la presunta comisi\u00f3n del delito de violencia pol\u00edtica contra el s\u00edndico de ese ayuntamiento, a quien habr\u00eda privado de su libertad mientras ejerc\u00eda el cargo. La Fiscal\u00eda General del Estado de\u2026","rel":"","context":"En &quot;Agenda Pol\u00edtica&quot;","block_context":{"text":"Agenda Pol\u00edtica","link":"https:\/\/redaccionoaxaca.com\/index.php\/category\/agenda-politica\/"},"img":{"alt_text":"","src":"https:\/\/i0.wp.com\/redaccionoaxaca.com\/wp-content\/uploads\/2026\/06\/Detienen-ex-presidenta-municipal-Oaxaca-.jpeg?fit=825%2C807&ssl=1&resize=350%2C200","width":350,"height":200,"srcset":"https:\/\/i0.wp.com\/redaccionoaxaca.com\/wp-content\/uploads\/2026\/06\/Detienen-ex-presidenta-municipal-Oaxaca-.jpeg?fit=825%2C807&ssl=1&resize=350%2C200 1x, https:\/\/i0.wp.com\/redaccionoaxaca.com\/wp-content\/uploads\/2026\/06\/Detienen-ex-presidenta-municipal-Oaxaca-.jpeg?fit=825%2C807&ssl=1&resize=525%2C300 1.5x, https:\/\/i0.wp.com\/redaccionoaxaca.com\/wp-content\/uploads\/2026\/06\/Detienen-ex-presidenta-municipal-Oaxaca-.jpeg?fit=825%2C807&ssl=1&resize=700%2C400 2x"},"classes":[]},{"id":32573,"url":"https:\/\/redaccionoaxaca.com\/index.php\/2024\/07\/09\/sindico-y-regidor-de-hacienda-son-violentadores-politicos-de-presidenta-municipal-y-regidora-de-zapotitlan-palmas-teeo\/","url_meta":{"origin":43733,"position":1},"title":"S\u00edndico y regidor de hacienda son violentadores pol\u00edticos  de Presidenta Municipal y regidora de Zapotitl\u00e1n Palmas: TEEO","author":"ariadna","date":"julio 9, 2024","format":false,"excerpt":"#Redacci\u00f3nOaxaca #Oaxaca Jaime GUERRERO El Tribunal Electoral del Estado de Oaxaca (TEEO) acredit\u00f3 la violencia pol\u00edtica en raz\u00f3n de g\u00e9nero cometida por el s\u00edndico municipal Jos\u00e9 Longinos Mart\u00ednez y el regidor de Hacienda Dami\u00e1n Reyes Longinos, del Ayuntamiento de Zapotitl\u00e1n Palmas, en contra la presidenta municipa, In\u00e9s Mart\u00ednez Reyes y\u2026","rel":"","context":"En &quot;Imagen&quot;","block_context":{"text":"Imagen","link":"https:\/\/redaccionoaxaca.com\/index.php\/category\/imagen\/"},"img":{"alt_text":"","src":"https:\/\/i0.wp.com\/redaccionoaxaca.com\/wp-content\/uploads\/2024\/07\/2800_20240708170858-300x169.jpg?resize=350%2C200&ssl=1","width":350,"height":200},"classes":[]},{"id":27723,"url":"https:\/\/redaccionoaxaca.com\/index.php\/2022\/09\/07\/acusan-a-presidenta-y-sindico-municipal-de-cienega-zimatlan-de-ejercer-violencia-politica-y-sexual-contra-regidoras-y-directoras-del-ayuntamiento\/","url_meta":{"origin":43733,"position":2},"title":"Acusan a presidenta y s\u00edndico municipal de Cienega Zimatl\u00e1n de ejercer violencia pol\u00edtica y sexual contra regidoras y directoras del ayuntamiento","author":"ariadna","date":"septiembre 7, 2022","format":false,"excerpt":"#Redacci\u00f3nOaxaca #Oaxaca Ariadna Mendoza Regidoras y directoras del municipio de la Cienega Zimatl\u00e1n acusaron a la presidenta municipal, Marisela Morales Guti\u00e9rrez y al s\u00edndico municipal, Antonio Moreno Florian de ejercer violencia pol\u00edtica, acoso laboral y acoso sexual contra las seis funcionarias p\u00fablicas. En este sentido la Regidora de Protecci\u00f3n Civil,\u2026","rel":"","context":"En &quot;Agenda Pol\u00edtica&quot;","block_context":{"text":"Agenda Pol\u00edtica","link":"https:\/\/redaccionoaxaca.com\/index.php\/category\/agenda-politica\/"},"img":{"alt_text":"","src":"","width":0,"height":0},"classes":[]},{"id":30079,"url":"https:\/\/redaccionoaxaca.com\/index.php\/2024\/01\/08\/30079\/","url_meta":{"origin":43733,"position":3},"title":"Presidenta municipal de Zapotitl\u00e1n Palmas denuncia a autoridades de su cabildo de ejercer violencia pol\u00edtica en raz\u00f3n de g\u00e9nero","author":"ariadna","date":"enero 8, 2024","format":false,"excerpt":"#Redacci\u00f3nOaxaca #Oaxaca Ariadna Mendoza Este lunes, la presidenta municipal de Zapotitl\u00e1n Palmas, In\u00e9s Mart\u00ednez Reyes, junto con autoridades del cabildo llegaron a palacio de gobierno, para protestar y denunciar directamente al s\u00edndico municipal de la localidad, Jos\u00e9 Longinos Mart\u00ednez y al regidor de hacienda, Damian Reyes Longinos, de cometer violencia\u2026","rel":"","context":"En &quot;Agenda Pol\u00edtica&quot;","block_context":{"text":"Agenda Pol\u00edtica","link":"https:\/\/redaccionoaxaca.com\/index.php\/category\/agenda-politica\/"},"img":{"alt_text":"","src":"","width":0,"height":0},"classes":[]},{"id":29305,"url":"https:\/\/redaccionoaxaca.com\/index.php\/2023\/09\/18\/alcaldesa-de-choapam-es-violentada-por-ser-mujer-por-su-agencia-yahuive-la-tachan-de-inepta-y-se-posesionaron-del-ayuntamiento-impidiendo-el-trabajo-con-las-5-agencias-restantes\/","url_meta":{"origin":43733,"position":4},"title":"Alcaldesa de Choapam es violentada por ser mujer por su agencia Yahuive, la tachan de inepta y se posesionaron del Ayuntamiento impidiendo el trabajo con las 5 agencias restantes","author":"ariadna","date":"septiembre 18, 2023","format":false,"excerpt":"#Redacci\u00f3nOaxaca #Oaxaca Acompa\u00f1ada de vecinos de las agencias municipales que conforman el Ayuntamiento de Santiago Choapam, la Alcaldesa, Hermelanda Santiago Garc\u00eda, denunci\u00f3 violencia pol\u00edtica por parte de ciudadanos de la agencia Santa Mar\u00eda Yahuive, y pese a que el di\u00e1logo se ha intentado por diversos medios, incluso a trav\u00e9s de\u2026","rel":"","context":"En &quot;Agenda Pol\u00edtica&quot;","block_context":{"text":"Agenda Pol\u00edtica","link":"https:\/\/redaccionoaxaca.com\/index.php\/category\/agenda-politica\/"},"img":{"alt_text":"","src":"","width":0,"height":0},"classes":[]},{"id":10992,"url":"https:\/\/redaccionoaxaca.com\/index.php\/2020\/03\/03\/presidenta-de-teopoxco-teme-por-su-vida-falso-transgenero-y-sindico-municipal-detras-de-la-violencia-politica\/","url_meta":{"origin":43733,"position":5},"title":"Presidenta de Teopoxco teme por su vida, falso transg\u00e9nero  y s\u00edndico municipal, detr\u00e1s de la violencia pol\u00edtica","author":"ariadna","date":"marzo 3, 2020","format":false,"excerpt":"#Redacci\u00f3nOaxaca #Oaxaca Jaime GUERRERO La presidenta municipal de Santa Mar\u00eda Teopoxco, Susana Alvarado, revel\u00f3 temer por su vida debido a la violencia pol\u00edtica y de g\u00e9nero en su contra encabezada por el falso transg\u00e9nero y s\u00edndico municipal Carlos Quevedo Fabi\u00e1n. La situaci\u00f3n en el municipio - indic\u00f3- cada d\u00eda se\u2026","rel":"","context":"Entrada similar ","block_context":{"text":"Entrada similar ","link":""},"img":{"alt_text":"","src":"","width":0,"height":0},"classes":[]}],"jetpack_featured_media_url":"https:\/\/i0.wp.com\/redaccionoaxaca.com\/wp-content\/uploads\/2026\/09\/IMG-20260903-WA0033.jpg?fit=1600%2C1066&ssl=1","_links":{"self":[{"href":"https:\/\/redaccionoaxaca.com\/index.php\/wp-json\/wp\/v2\/posts\/43733","targetHints":{"allow":["GET"]}}],"collection":[{"href":"https:\/\/redaccionoaxaca.com\/index.php\/wp-json\/wp\/v2\/posts"}],"about":[{"href":"https:\/\/redaccionoaxaca.com\/index.php\/wp-json\/wp\/v2\/types\/post"}],"author":[{"embeddable":true,"href":"https:\/\/redaccionoaxaca.com\/index.php\/wp-json\/wp\/v2\/users\/9"}],"replies":[{"embeddable":true,"href":"https:\/\/redaccionoaxaca.com\/index.php\/wp-json\/wp\/v2\/comments?post=43733"}],"version-history":[{"count":1,"href":"https:\/\/redaccionoaxaca.com\/index.php\/wp-json\/wp\/v2\/posts\/43733\/revisions"}],"predecessor-version":[{"id":43737,"href":"https:\/\/redaccionoaxaca.com\/index.php\/wp-json\/wp\/v2\/posts\/43733\/revisions\/43737"}],"wp:featuredmedia":[{"embeddable":true,"href":"https:\/\/redaccionoaxaca.com\/index.php\/wp-json\/wp\/v2\/media\/43736"}],"wp:attachment":[{"href":"https:\/\/redaccionoaxaca.com\/index.php\/wp-json\/wp\/v2\/media?parent=43733"}],"wp:term":[{"taxonomy":"category","embeddable":true,"href":"https:\/\/redaccionoaxaca.com\/index.php\/wp-json\/wp\/v2\/categories?post=43733"},{"taxonomy":"post_tag","embeddable":true,"href":"https:\/\/redaccionoaxaca.com\/index.php\/wp-json\/wp\/v2\/tags?post=43733"}],"curies":[{"name":"wp","href":"https:\/\/api.w.org\/{rel}","templated":true}]}}