{"id":43738,"date":"2026-09-03T10:18:28","date_gmt":"2026-09-03T16:18:28","guid":{"rendered":"https:\/\/redaccionoaxaca.com\/?p=43738"},"modified":"2026-09-03T10:18:28","modified_gmt":"2026-09-03T16:18:28","slug":"retienen-a-periodista-y-autoridades-de-san-sebastian-rio-hondo-oaxaca-alertan-por-riesgo-a-su-integridad","status":"publish","type":"post","link":"https:\/\/redaccionoaxaca.com\/index.php\/2026\/09\/03\/retienen-a-periodista-y-autoridades-de-san-sebastian-rio-hondo-oaxaca-alertan-por-riesgo-a-su-integridad\/","title":{"rendered":"Retienen a periodista y autoridades de San Sebasti\u00e1n R\u00edo Hondo, Oaxaca; alertan por riesgo a su integridad"},"content":{"rendered":"<p><strong>#Redacci\u00f3nOaxaca<\/strong><\/p>\n<p><strong>#Oaxaca<\/strong><\/p>\n<p><strong>#JaimeGUERRERO<\/strong><\/p>\n<p style=\"text-align: justify;\">El periodista Graciano G\u00f3mez Lescas, de TV Bus, permanece retenido junto con autoridades de San Sebasti\u00e1n R\u00edo Hondo en el Barrio El Portillo, de esa demarcaci\u00f3n perteneciente al distrito de Miahuatl\u00e1n de Porfirio D\u00edaz, una situaci\u00f3n que ha generado preocupaci\u00f3n entre el gremio period\u00edstico de Oaxaca.<\/p>\n<p><img data-recalc-dims=\"1\" loading=\"lazy\" decoding=\"async\" data-attachment-id=\"43740\" data-permalink=\"https:\/\/redaccionoaxaca.com\/index.php\/2026\/09\/03\/retienen-a-periodista-y-autoridades-de-san-sebastian-rio-hondo-oaxaca-alertan-por-riesgo-a-su-integridad\/creator-gd-jpeg-v1-0-using-ijg-jpeg-v62-quality-82-2\/\" data-orig-file=\"https:\/\/i0.wp.com\/redaccionoaxaca.com\/wp-content\/uploads\/2026\/09\/5-1-600x3601-2.jpg?fit=2333%2C1258&amp;ssl=1\" data-orig-size=\"2333,1258\" data-comments-opened=\"1\" data-image-meta=\"{&quot;aperture&quot;:&quot;0&quot;,&quot;credit&quot;:&quot;&quot;,&quot;camera&quot;:&quot;&quot;,&quot;caption&quot;:&quot;CREATOR: gd-jpeg v1.0 (using IJG JPEG v62), quality = 82?&quot;,&quot;created_timestamp&quot;:&quot;0&quot;,&quot;copyright&quot;:&quot;&quot;,&quot;focal_length&quot;:&quot;0&quot;,&quot;iso&quot;:&quot;0&quot;,&quot;shutter_speed&quot;:&quot;0&quot;,&quot;title&quot;:&quot;CREATOR: gd-jpeg v1.0 (using IJG JPEG v62), quality = 82?&quot;,&quot;orientation&quot;:&quot;1&quot;}\" data-image-title=\"CREATOR: gd-jpeg v1.0 (using IJG JPEG v62), quality = 82?\" data-image-description=\"\" data-image-caption=\"&lt;p&gt;CREATOR: gd-jpeg v1.0 (using IJG JPEG v62), quality = 82?&lt;\/p&gt;\n\" data-large-file=\"https:\/\/i0.wp.com\/redaccionoaxaca.com\/wp-content\/uploads\/2026\/09\/5-1-600x3601-2.jpg?fit=696%2C375&amp;ssl=1\" class=\"size-medium wp-image-43740\" src=\"https:\/\/i0.wp.com\/redaccionoaxaca.com\/wp-content\/uploads\/2026\/09\/5-1-600x3601-2.jpg?resize=300%2C162&#038;ssl=1\" alt=\"\" width=\"300\" height=\"162\" srcset=\"https:\/\/i0.wp.com\/redaccionoaxaca.com\/wp-content\/uploads\/2026\/09\/5-1-600x3601-2.jpg?resize=300%2C162&amp;ssl=1 300w, https:\/\/i0.wp.com\/redaccionoaxaca.com\/wp-content\/uploads\/2026\/09\/5-1-600x3601-2.jpg?resize=1024%2C552&amp;ssl=1 1024w, https:\/\/i0.wp.com\/redaccionoaxaca.com\/wp-content\/uploads\/2026\/09\/5-1-600x3601-2.jpg?resize=768%2C414&amp;ssl=1 768w, https:\/\/i0.wp.com\/redaccionoaxaca.com\/wp-content\/uploads\/2026\/09\/5-1-600x3601-2.jpg?resize=1536%2C828&amp;ssl=1 1536w, https:\/\/i0.wp.com\/redaccionoaxaca.com\/wp-content\/uploads\/2026\/09\/5-1-600x3601-2.jpg?resize=2048%2C1104&amp;ssl=1 2048w, https:\/\/i0.wp.com\/redaccionoaxaca.com\/wp-content\/uploads\/2026\/09\/5-1-600x3601-2.jpg?resize=779%2C420&amp;ssl=1 779w, https:\/\/i0.wp.com\/redaccionoaxaca.com\/wp-content\/uploads\/2026\/09\/5-1-600x3601-2.jpg?resize=696%2C375&amp;ssl=1 696w, https:\/\/i0.wp.com\/redaccionoaxaca.com\/wp-content\/uploads\/2026\/09\/5-1-600x3601-2.jpg?resize=1068%2C580&amp;ssl=1 1068w, https:\/\/i0.wp.com\/redaccionoaxaca.com\/wp-content\/uploads\/2026\/09\/5-1-600x3601-2.jpg?w=1392&amp;ssl=1 1392w\" sizes=\"auto, (max-width: 300px) 100vw, 300px\" \/><\/p>\n<p>&nbsp;<\/p>\n<p style=\"text-align: justify;\">De acuerdo con el propio testimonio de G\u00f3mez Lescas, la retenci\u00f3n comenz\u00f3 desde las cuatro de la tarde de ayer, cuando se encontraba dando cobertura period\u00edstica a una reuni\u00f3n que sosten\u00edan el representante de la comunidad, el alcalde Rigoberto Ram\u00edrez L\u00f3pez, el suplente y el tesorero del edil.<\/p>\n<p style=\"text-align: justify;\">Las personas privadas de su libertad son Rigoberto Primitivo Ram\u00edrez L\u00f3pez, Alcalde Municipal Constitucional.<\/p>\n<p style=\"text-align: justify;\">Juan Hern\u00e1ndez, Suplente del Alcalde; Juan Domingo Pascual Vel\u00e1squez, Secretario del Alcalde; Cirilo Eduardo Hern\u00e1ndez, Representante del Barrio El Portillo; Irma Mart\u00ednez, Esposa del representante del Barrio El Portillo.<\/p>\n<p style=\"text-align: justify;\">Lo mismo, Graciano G\u00f3mez Lescas.<\/p>\n<p style=\"text-align: justify;\">Durante ese encuentro lleg\u00f3 la contraparte del presidente comunitario, Efra\u00edn Ram\u00edrez, quien \u2014seg\u00fan relat\u00f3 el comunicador\u2014 fue nombrado o autonombrado luego de un conflicto postelectoral que se vivi\u00f3 en esa demarcaci\u00f3n: un peque\u00f1o grupo de pobladores que no reconoci\u00f3 al presidente constitucional que result\u00f3 electo form\u00f3 lo que G\u00f3mez Lescas describi\u00f3 como &#8220;una supuesta autoridad comunitaria&#8221;.<\/p>\n<p style=\"text-align: justify;\">G\u00f3mez Lescas narr\u00f3 que \u00e9l acudi\u00f3 al lugar como periodista, en cobertura del encuentro, y que desde entonces \u00e9l y el resto de los retenidos no fueron autorizados ni siquiera a ir al ba\u00f1o, ni se les proporcionaron alimentos, hasta la madrugada, cuando familiares de las autoridades retenidas lograron hacerles llegar caf\u00e9.<\/p>\n<p style=\"text-align: justify;\">Junto con el comunicador y las autoridades municipales tambi\u00e9n fue retenida la esposa del representante del Portillo.<\/p>\n<p style=\"text-align: justify;\">El periodista relat\u00f3 adem\u00e1s que el presidente municipal, Rigoberto Ram\u00edrez L\u00f3pez, fue agredido f\u00edsicamente por sus captores, y que a \u00e9l mismo lo amenazaron con machetes pese a haberse identificado como periodista.<\/p>\n<p style=\"text-align: justify;\">Seg\u00fan su relato, quienes los mantienen retenidos son el presidente comunitario Efra\u00edn Ram\u00edrez y su supuesto cabildo.<\/p>\n<p style=\"text-align: justify;\">De acuerdo con el testimonio del comunicador, existe una disputa entre dos figuras que buscan ejercer como autoridad en San Sebasti\u00e1n R\u00edo Hondo: un alcalde designado a partir del presidente electo, y otro emanado de la autonombrada autoridad comunitaria encabezada por Efra\u00edn Ram\u00edrez, cuyos seguidores est\u00e1n inconformes con el resultado del proceso postelectoral.<\/p>\n<p style=\"text-align: justify;\">Hasta el momento no se ha destrabado el conflicto para garantizar la liberaci\u00f3n de las personas retenidas.<\/p>\n<p style=\"text-align: justify;\">La mayor preocupaci\u00f3n se concentra en la integridad f\u00edsica de G\u00f3mez Lescas y de las autoridades retenidas, luego de las agresiones ya reportadas contra el presidente municipal y las amenazas directas contra el propio comunicador.<\/p>\n<p style=\"text-align: justify;\">Exigen intervenci\u00f3n inmediata<\/p>\n<p style=\"text-align: justify;\">Ante esta situaci\u00f3n, el gremio period\u00edstico exige a las autoridades estatales actuar de manera inmediata, establecer los canales de di\u00e1logo necesarios y garantizar la seguridad y libertad del comunicador.<\/p>\n<p style=\"text-align: justify;\">Periodistas del sector demandan que las autoridades de seguridad y gobernabilidad hagan su trabajo y eviten que la situaci\u00f3n escale, adem\u00e1s de garantizar el respeto a la libertad de expresi\u00f3n y al ejercicio period\u00edstico.<\/p>\n","protected":false},"excerpt":{"rendered":"<p>#Redacci\u00f3nOaxaca #Oaxaca #JaimeGUERRERO El periodista Graciano G\u00f3mez Lescas, de TV Bus, permanece retenido junto con autoridades de San Sebasti\u00e1n R\u00edo Hondo en el Barrio El Portillo, de esa demarcaci\u00f3n perteneciente al distrito de Miahuatl\u00e1n de Porfirio D\u00edaz, una situaci\u00f3n que ha generado preocupaci\u00f3n entre el gremio period\u00edstico de Oaxaca. &nbsp; De acuerdo con el propio [&hellip;]<\/p>\n","protected":false},"author":9,"featured_media":43740,"comment_status":"open","ping_status":"open","sticky":false,"template":"","format":"standard","meta":{"_jetpack_newsletter_access":"","_jetpack_dont_email_post_to_subs":false,"_jetpack_newsletter_tier_id":0,"_jetpack_memberships_contains_paywalled_content":false,"_jetpack_feature_clip_id":0,"_jetpack_memberships_contains_paid_content":false,"footnotes":"","jetpack_publicize_message":"","jetpack_publicize_feature_enabled":true,"jetpack_social_post_already_shared":true,"jetpack_social_options":{"image_generator_settings":{"template":"highway","default_image_id":0,"font":"","enabled":false},"version":2},"jetpack_post_was_ever_published":false},"categories":[4,5,3],"tags":[],"class_list":{"0":"post-43738","1":"post","2":"type-post","3":"status-publish","4":"format-standard","5":"has-post-thumbnail","7":"category-agenda-politica","8":"category-imagen","9":"category-mesa-de-redaccion"},"jetpack_publicize_connections":[],"jetpack_sharing_enabled":true,"jetpack_shortlink":"https:\/\/wp.me\/p9Ynjw-bns","jetpack-related-posts":[{"id":27936,"url":"https:\/\/redaccionoaxaca.com\/index.php\/2022\/09\/22\/tras-14-dias-de-bloqueo-en-san-jose-del-pacifico-congreso-inicia-proceso-destitucion-de-edil-de-san-mateo-rio-hondo\/","url_meta":{"origin":43738,"position":0},"title":"Tras 14 d\u00edas de bloqueo en San Jos\u00e9 del Pacifico,  Congreso inicia proceso destituci\u00f3n de edil de San Mateo Rio Hondo","author":"ariadna","date":"septiembre 22, 2022","format":false,"excerpt":"#Redacci\u00f3nOaxaca #Oaxaca Jaime GUERRERO Tras 14 d\u00edas de bloqueo a la carretera federal 175 a la altura del poblado San Jos\u00e9 del Pacifico, por parte de pobladores de San Mateo R\u00edos Hondo, la Comisi\u00f3n de Gobernaci\u00f3n y Asuntos Agrarios de la LXV Legislatura, anunci\u00f3 que, iniciaran el proceso de destituci\u00f3n\u2026","rel":"","context":"En &quot;Agenda Pol\u00edtica&quot;","block_context":{"text":"Agenda Pol\u00edtica","link":"https:\/\/redaccionoaxaca.com\/index.php\/category\/agenda-politica\/"},"img":{"alt_text":"","src":"","width":0,"height":0},"classes":[]},{"id":15774,"url":"https:\/\/redaccionoaxaca.com\/index.php\/2020\/12\/13\/video-gobierno-de-alejandro-murat-y-federacion-unidos-para-saldar-deuda-historica-con-los-pueblos-de-oaxaca\/","url_meta":{"origin":43738,"position":1},"title":"VIDEO: Gobierno de Alejandro Murat y Federaci\u00f3n, unidos para saldar  deuda hist\u00f3rica con los pueblos de Oaxaca.","author":"ariadna","date":"diciembre 13, 2020","format":"video","excerpt":"#Redacci\u00f3nOaxaca #Oaxaca \u2022 En el marco de la visita del Presidente de M\u00e9xico a Oaxaca, se inauguraron la construcci\u00f3n de los accesos a las cabeceras municipales de Santa Ana y San Mateo R\u00edo Hondo del Distrito de Miahuatl\u00e1n \u2022 Durante esta gira por la Sierra Sur, el Presidente de M\u00e9xico\u2026","rel":"","context":"En &quot;Agenda Pol\u00edtica&quot;","block_context":{"text":"Agenda Pol\u00edtica","link":"https:\/\/redaccionoaxaca.com\/index.php\/category\/agenda-politica\/"},"img":{"alt_text":"","src":"https:\/\/i0.wp.com\/redaccionoaxaca.com\/wp-content\/uploads\/2020\/12\/IMG-20201213-WA0088-300x200.jpg?resize=350%2C200","width":350,"height":200},"classes":[]},{"id":29065,"url":"https:\/\/redaccionoaxaca.com\/index.php\/2023\/08\/08\/rio-hondo-toma-delegacion-de-bienestar-en-oaxaca-reclama-recursos-por-danos-de-agatha-edil-destituido-malverso-recursos-scjn-y-congreso-entramparon\/","url_meta":{"origin":43738,"position":2},"title":"R\u00edo Hondo toma delegaci\u00f3n de Bienestar en Oaxaca, reclama recursos por  da\u00f1os de Agatha; edil destituido malverso recursos, SCJN y Congreso entramparon","author":"ariadna","date":"agosto 8, 2023","format":false,"excerpt":"#Redacci\u00f3nOaxaca #Oaxaca Jaime GUERRERO En medio de su conflicto pol\u00edtico-electoral, habitantes de San Mateo R\u00edo Hondo, tomaron las instalaciones de la delegaci\u00f3n de la Secretar\u00eda de Bienestar en #Oaxaca que, encabeza, Nancy Ortiz Cabrera, para exigir la liberaci\u00f3n de una segunda ministraci\u00f3n de recursos para los damnificados del hurac\u00e1n \u00c1gatha\u2026","rel":"","context":"En &quot;Imagen&quot;","block_context":{"text":"Imagen","link":"https:\/\/redaccionoaxaca.com\/index.php\/category\/imagen\/"},"img":{"alt_text":"","src":"","width":0,"height":0},"classes":[]},{"id":24107,"url":"https:\/\/redaccionoaxaca.com\/index.php\/2022\/02\/18\/video-grupo-de-choque-golpea-a-periodista-en-oaxaca-cubria-una-protesta\/","url_meta":{"origin":43738,"position":3},"title":"VIDEO: Grupo de choque golpea a periodista en Oaxaca; cubr\u00eda una protesta.","author":"ariadna","date":"febrero 18, 2022","format":"video","excerpt":"#Redacci\u00f3nOaxaca #Oaxaca Citlalli L\u00f3pez Vel\u00e1zquez El periodista Javier Santiago fue agredido por un grupo de choque quienes de manera violenta desalojaron a normalistas que realizaban un bloqueo sobre la Carretera Federal 190 en Oaxaca. El hecho ocurri\u00f3 alrededor de las 13 horas cuando un grupo de al menos medio centenar\u2026","rel":"","context":"En &quot;Agenda Pol\u00edtica&quot;","block_context":{"text":"Agenda Pol\u00edtica","link":"https:\/\/redaccionoaxaca.com\/index.php\/category\/agenda-politica\/"},"img":{"alt_text":"","src":"","width":0,"height":0},"classes":[]},{"id":23998,"url":"https:\/\/redaccionoaxaca.com\/index.php\/2022\/02\/12\/que-no-haya-impunidad-la-exigencia-de-la-familia-de-heber-periodista-asesinado-en-9-anos-11-periodistas-privados-de-la-vida-en-oaxaca\/","url_meta":{"origin":43738,"position":4},"title":"\u201cQue no haya impunidad\u201d, la exigencia de la familia de Heber, periodista asesinado  En 9 a\u00f1os 11 periodistas privados de la vida en Oaxaca.","author":"ariadna","date":"febrero 12, 2022","format":"video","excerpt":"#Redacci\u00f3nOaxaca #Oaxaca Citlalli L\u00f3pez Vel\u00e1zquez Videos de Roselia Chaca Familiares de Heber L\u00f3pez, periodista asesinado en Salina Cruz, exigieron a las autoridades esclarecer los hechos y no permitir que haya impunidad. \u00a0 \u201cHeber era una persona de car\u00e1cter fuerte, leal, sincero. \u00c9l empez\u00f3 en el periodismo hace 15 a\u00f1os aproximadamente.\u2026","rel":"","context":"En &quot;Al Cierre&quot;","block_context":{"text":"Al Cierre","link":"https:\/\/redaccionoaxaca.com\/index.php\/category\/al-cierre\/"},"img":{"alt_text":"","src":"","width":0,"height":0},"classes":[]},{"id":42362,"url":"https:\/\/redaccionoaxaca.com\/index.php\/2026\/06\/02\/secuestran-a-periodista-en-veracruz-gremio-nacional-condena-el-hecho-y-exige-su-localizacion-con-vida\/","url_meta":{"origin":43738,"position":5},"title":"Secuestran a periodista en Veracruz; gremio nacional condena el hecho y exige su localizaci\u00f3n con vida","author":"ariadna","date":"junio 2, 2026","format":"video","excerpt":"#Redacci\u00f3nOaxaca #Oaxaca El secuestro de la periodista Roxana Berenice Guzm\u00e1n Ram\u00edrez, directora del portal *Pulso Informativo del Sureste*, gener\u00f3 una fuerte condena por parte del Foro Nacional de Periodistas y Comunicadores A.C., que exigi\u00f3 a las autoridades federales y estatales su localizaci\u00f3n inmediata con vida. A trav\u00e9s de un pronunciamiento\u2026","rel":"","context":"En &quot;Agenda Pol\u00edtica&quot;","block_context":{"text":"Agenda Pol\u00edtica","link":"https:\/\/redaccionoaxaca.com\/index.php\/category\/agenda-politica\/"},"img":{"alt_text":"","src":"https:\/\/i0.wp.com\/redaccionoaxaca.com\/wp-content\/uploads\/2026\/06\/InShot_20260602_191521803-1.jpg?fit=1200%2C844&ssl=1&resize=350%2C200","width":350,"height":200,"srcset":"https:\/\/i0.wp.com\/redaccionoaxaca.com\/wp-content\/uploads\/2026\/06\/InShot_20260602_191521803-1.jpg?fit=1200%2C844&ssl=1&resize=350%2C200 1x, https:\/\/i0.wp.com\/redaccionoaxaca.com\/wp-content\/uploads\/2026\/06\/InShot_20260602_191521803-1.jpg?fit=1200%2C844&ssl=1&resize=525%2C300 1.5x, https:\/\/i0.wp.com\/redaccionoaxaca.com\/wp-content\/uploads\/2026\/06\/InShot_20260602_191521803-1.jpg?fit=1200%2C844&ssl=1&resize=700%2C400 2x, https:\/\/i0.wp.com\/redaccionoaxaca.com\/wp-content\/uploads\/2026\/06\/InShot_20260602_191521803-1.jpg?fit=1200%2C844&ssl=1&resize=1050%2C600 3x"},"classes":[]}],"jetpack_featured_media_url":"https:\/\/i0.wp.com\/redaccionoaxaca.com\/wp-content\/uploads\/2026\/09\/5-1-600x3601-2.jpg?fit=2333%2C1258&ssl=1","_links":{"self":[{"href":"https:\/\/redaccionoaxaca.com\/index.php\/wp-json\/wp\/v2\/posts\/43738","targetHints":{"allow":["GET"]}}],"collection":[{"href":"https:\/\/redaccionoaxaca.com\/index.php\/wp-json\/wp\/v2\/posts"}],"about":[{"href":"https:\/\/redaccionoaxaca.com\/index.php\/wp-json\/wp\/v2\/types\/post"}],"author":[{"embeddable":true,"href":"https:\/\/redaccionoaxaca.com\/index.php\/wp-json\/wp\/v2\/users\/9"}],"replies":[{"embeddable":true,"href":"https:\/\/redaccionoaxaca.com\/index.php\/wp-json\/wp\/v2\/comments?post=43738"}],"version-history":[{"count":1,"href":"https:\/\/redaccionoaxaca.com\/index.php\/wp-json\/wp\/v2\/posts\/43738\/revisions"}],"predecessor-version":[{"id":43741,"href":"https:\/\/redaccionoaxaca.com\/index.php\/wp-json\/wp\/v2\/posts\/43738\/revisions\/43741"}],"wp:featuredmedia":[{"embeddable":true,"href":"https:\/\/redaccionoaxaca.com\/index.php\/wp-json\/wp\/v2\/media\/43740"}],"wp:attachment":[{"href":"https:\/\/redaccionoaxaca.com\/index.php\/wp-json\/wp\/v2\/media?parent=43738"}],"wp:term":[{"taxonomy":"category","embeddable":true,"href":"https:\/\/redaccionoaxaca.com\/index.php\/wp-json\/wp\/v2\/categories?post=43738"},{"taxonomy":"post_tag","embeddable":true,"href":"https:\/\/redaccionoaxaca.com\/index.php\/wp-json\/wp\/v2\/tags?post=43738"}],"curies":[{"name":"wp","href":"https:\/\/api.w.org\/{rel}","templated":true}]}}