{"id":43743,"date":"2026-09-03T23:04:32","date_gmt":"2026-09-04T05:04:32","guid":{"rendered":"https:\/\/redaccionoaxaca.com\/?p=43743"},"modified":"2026-09-03T23:04:32","modified_gmt":"2026-09-04T05:04:32","slug":"nueva-constitucion-de-oaxaca-reduciria-de-148-a-81-articulos-interculturalidad-sera-eje-del-nuevo-pacto-politico","status":"publish","type":"post","link":"https:\/\/redaccionoaxaca.com\/index.php\/2026\/09\/03\/nueva-constitucion-de-oaxaca-reduciria-de-148-a-81-articulos-interculturalidad-sera-eje-del-nuevo-pacto-politico\/","title":{"rendered":"Nueva Constituci\u00f3n de Oaxaca reducir\u00eda de 148 a 81 art\u00edculos; interculturalidad ser\u00e1 eje del nuevo pacto pol\u00edtico"},"content":{"rendered":"<p><strong>#Redacci\u00f3nOaxaca<\/strong><\/p>\n<p><strong>#Oaxaca<\/strong><\/p>\n<p><strong>#JaimeGUERRERO<\/strong><\/p>\n<p style=\"text-align: justify;\">El Gobierno de Oaxaca entreg\u00f3 al Congreso del Estado la iniciativa de Reforma Integral a la Constituci\u00f3n Pol\u00edtica local, que plantea reducir de 148 a 81 art\u00edculos la Carta Magna y colocar a la interculturalidad como columna vertebral de un nuevo ordenamiento construido a partir de propuestas de pueblos, comunidades y distintos sectores de la sociedad.<\/p>\n<p style=\"text-align: justify;\">La iniciativa fue entregada por el secretario de Gobierno, Jes\u00fas Romero L\u00f3pez, y el consejero jur\u00eddico, Geovany V\u00e1squez Sagrero, a las presidentas de la Junta de Coordinaci\u00f3n Pol\u00edtica (Jucopo), Tania Caballero Navarro, y de la Mesa Directiva, Eva Diego Cruz.<\/p>\n<p style=\"text-align: justify;\">El proyecto est\u00e1 organizado en siete t\u00edtulos y 81 art\u00edculos, frente a los aproximadamente 148 que integran actualmente la Constituci\u00f3n estatal, cuyo texto vigente tiene como base la Carta Magna promulgada en 1922 y que, a lo largo de m\u00e1s de un siglo, ha acumulado cientos de modificaciones.<\/p>\n<p style=\"text-align: justify;\">Para elaborar la propuesta se realizaron 25 encuentros regionales y tem\u00e1ticos en las ocho regiones de Oaxaca, con la participaci\u00f3n de 8 mil 870 personas, adem\u00e1s de universidades, especialistas, organizaciones y barras y colegios de abogados.<\/p>\n<p style=\"text-align: justify;\">Durante ese proceso fueron recibidas m\u00e1s de 10 mil propuestas. Tambi\u00e9n se revisaron 129 iniciativas de reformas constitucionales presentadas en legislaturas anteriores para determinar cu\u00e1les de sus planteamientos pod\u00edan incorporarse al nuevo texto.<\/p>\n<p style=\"text-align: justify;\">V\u00e1squez Sagrero explic\u00f3 que el objetivo no fue solamente elaborar una Constituci\u00f3n para Oaxaca, sino incorporar a Oaxaca dentro de la propia Constituci\u00f3n desde la visi\u00f3n de los pueblos originarios y de las propuestas recogidas durante las consultas.<\/p>\n<p style=\"text-align: justify;\">La interculturalidad constituye uno de los principales ejes de la iniciativa, con el prop\u00f3sito de reconocer constitucionalmente la diversidad \u00e9tnica, ling\u00fc\u00edstica y comunitaria del estado, as\u00ed como instituciones y pr\u00e1cticas propias de los pueblos ind\u00edgenas y afromexicanos.<\/p>\n<p style=\"text-align: justify;\">El proyecto pretende adem\u00e1s simplificar el texto constitucional. Durante los trabajos previos, integrantes de la comisi\u00f3n encargada de construir la propuesta advirtieron que la Constituci\u00f3n vigente se hab\u00eda convertido en un ordenamiento extenso y complejo como consecuencia de las reformas acumuladas.<\/p>\n<p style=\"text-align: justify;\">La presidenta de la Jucopo, Tania Caballero Navarro, afirm\u00f3 que el Congreso analizar\u00e1 la iniciativa con pluralidad y apertura pol\u00edtica, y sostuvo que el nuevo marco constitucional deber\u00e1 reconocer la realidad de una entidad profundamente diversa e intercultural.<\/p>\n<p style=\"text-align: justify;\">Se\u00f1al\u00f3 que pr\u00e1cticas comunitarias como el tequio, la asamblea, la gozona y la Guelaguetza forman parte de la manera en que pueblos y comunidades se organizan y entienden colectivamente, por lo que el nuevo pacto constitucional deber\u00e1 considerar esa realidad.<\/p>\n<p style=\"text-align: justify;\">La entrega de la iniciativa no implica su aprobaci\u00f3n autom\u00e1tica.<\/p>\n<p style=\"text-align: justify;\">Con su recepci\u00f3n inicia formalmente la discusi\u00f3n en la LXVI Legislatura, donde las diputadas y diputados podr\u00e1n modificar, incorporar o eliminar disposiciones antes de someter la reforma constitucional a votaci\u00f3n.<\/p>\n<p style=\"text-align: justify;\">El proceso de renovaci\u00f3n constitucional comenz\u00f3 en 2025, en el marco del Bicentenario de la primera Constituci\u00f3n Pol\u00edtica del Estado Libre y Soberano de Oaxaca, promulgada en 1825, y deriv\u00f3 en los encuentros regionales, mesas tem\u00e1ticas y trabajos jur\u00eddicos que dieron forma al documento entregado este jueves al Poder Legislativo.<\/p>\n","protected":false},"excerpt":{"rendered":"<p>#Redacci\u00f3nOaxaca #Oaxaca #JaimeGUERRERO El Gobierno de Oaxaca entreg\u00f3 al Congreso del Estado la iniciativa de Reforma Integral a la Constituci\u00f3n Pol\u00edtica local, que plantea reducir de 148 a 81 art\u00edculos la Carta Magna y colocar a la interculturalidad como columna vertebral de un nuevo ordenamiento construido a partir de propuestas de pueblos, comunidades y distintos [&hellip;]<\/p>\n","protected":false},"author":9,"featured_media":43744,"comment_status":"open","ping_status":"open","sticky":false,"template":"","format":"standard","meta":{"_jetpack_newsletter_access":"","_jetpack_dont_email_post_to_subs":false,"_jetpack_newsletter_tier_id":0,"_jetpack_memberships_contains_paywalled_content":false,"_jetpack_feature_clip_id":0,"_jetpack_memberships_contains_paid_content":false,"footnotes":"","jetpack_publicize_message":"","jetpack_publicize_feature_enabled":true,"jetpack_social_post_already_shared":true,"jetpack_social_options":{"image_generator_settings":{"template":"highway","default_image_id":0,"font":"","enabled":false},"version":2},"jetpack_post_was_ever_published":false},"categories":[4,3,6],"tags":[],"class_list":{"0":"post-43743","1":"post","2":"type-post","3":"status-publish","4":"format-standard","5":"has-post-thumbnail","7":"category-agenda-politica","8":"category-mesa-de-redaccion","9":"category-tendencias"},"jetpack_publicize_connections":[],"jetpack_sharing_enabled":true,"jetpack_shortlink":"https:\/\/wp.me\/p9Ynjw-bnx","jetpack-related-posts":[{"id":20331,"url":"https:\/\/redaccionoaxaca.com\/index.php\/2021\/08\/25\/faculta-congreso-al-ieepco-a-que-convoque-a-eleccion-de-gubernatura-de-oaxaca\/","url_meta":{"origin":43743,"position":0},"title":"Faculta Congreso al IEEPCO a que convoque a elecci\u00f3n de gubernatura de Oaxaca.","author":"ariadna","date":"agosto 25, 2021","format":false,"excerpt":"#Redacci\u00f3nOaxaca #Oaxaca Comunicado San Raymundo Jalpan Oax. 25 de agosto de 2021.- La LXIV Legislatura del Congreso Local facult\u00f3 a la Autoridad Electoral en Oaxaca, para que convoque a elecciones ordinarias del a\u00f1o 2022 en las cuales se renovar\u00e1 el Poder Ejecutivo del Estado. El acuerdo establece que \u201cEn t\u00e9rminos\u2026","rel":"","context":"En &quot;Agenda Pol\u00edtica&quot;","block_context":{"text":"Agenda Pol\u00edtica","link":"https:\/\/redaccionoaxaca.com\/index.php\/category\/agenda-politica\/"},"img":{"alt_text":"","src":"https:\/\/i0.wp.com\/redaccionoaxaca.com\/wp-content\/uploads\/2021\/08\/FOTO-2.2-Faculta-Congreso-al-IEEPCO-a-que-convoque-a-eleccion-de-gubernatura-de-Oaxaca-300x200.jpeg?resize=350%2C200&ssl=1","width":350,"height":200},"classes":[]},{"id":12598,"url":"https:\/\/redaccionoaxaca.com\/index.php\/2020\/05\/28\/paridad-de-genero-en-municipios-indigenas-de-oaxaca-esperara-congreso-aprueba-reforma-electoral-para-acatar-50-50-en-cabildos-en-2023\/","url_meta":{"origin":43743,"position":1},"title":"Paridad de g\u00e9nero en municipios ind\u00edgenas de Oaxaca esperar\u00e1; Congreso aprueba reforma electoral para acatar 50-50 en cabildos, en 2023.","author":"ariadna","date":"mayo 28, 2020","format":false,"excerpt":"#Redacci\u00f3nOaxaca #Oaxaca Jaime GUERRERO En la reforma a la Ley de Instituciones y Procedimientos Electorales del Estado de Oaxaca, la paridad de g\u00e9nero en la integraci\u00f3n de planillas en las elecciones de autoridades de los 417 municipios que se rigen por sistemas normativos internos en Oaxaca, se realizar\u00e1 de forma\u2026","rel":"","context":"En &quot;Agenda Pol\u00edtica&quot;","block_context":{"text":"Agenda Pol\u00edtica","link":"https:\/\/redaccionoaxaca.com\/index.php\/category\/agenda-politica\/"},"img":{"alt_text":"","src":"","width":0,"height":0},"classes":[]},{"id":26585,"url":"https:\/\/redaccionoaxaca.com\/index.php\/2022\/07\/06\/congreso-expide-bando-solemne-para-que-todo-oaxaca-se-entere-que-salomon-jara-es-gobernador-del-2022-al-2028\/","url_meta":{"origin":43743,"position":2},"title":"Congreso expide \u201cBando Solemne\u201d para que todo Oaxaca  se enter\u00e9 que Salom\u00f3n Jara es gobernador del 2022 al 2028","author":"ariadna","date":"julio 6, 2022","format":false,"excerpt":"#Redacci\u00f3nOaxaca #Oaxaca Jaime GUERRERO De conformidad con lo previsto en el Art\u00edculo 114 Bis, de la Constituci\u00f3n Pol\u00edtica de Oaxaca, y la resoluci\u00f3n del pasado 22 de junio emitida por el Tribunal Electoral del Estado de Oaxaca (TEEO), el Congreso del Estado expidi\u00f3 el Bando Solemne para dar a conocer\u2026","rel":"","context":"En &quot;Agenda Pol\u00edtica&quot;","block_context":{"text":"Agenda Pol\u00edtica","link":"https:\/\/redaccionoaxaca.com\/index.php\/category\/agenda-politica\/"},"img":{"alt_text":"","src":"","width":0,"height":0},"classes":[]},{"id":41767,"url":"https:\/\/redaccionoaxaca.com\/index.php\/2026\/04\/25\/presentan-en-el-congreso-del-estado-propuesta-para-garantizar-el-acceso-a-plataformas-gubernamentales-en-lenguas-indigenas\/","url_meta":{"origin":43743,"position":3},"title":"Presentan en el Congreso del Estado propuesta para garantizar el acceso a plataformas gubernamentales en lenguas ind\u00edgenas","author":"ariadna","date":"abril 25, 2026","format":false,"excerpt":"#Redacci\u00f3nOaxaca #Oaxaca * Se plantea que las plataformas digitales cuenten con traducciones escritas, im\u00e1genes, as\u00ed como herramientas de audio y video San Raymundo Jalpan, Oax., a 25 de abril de 2026.- Con el objetivo de fortalecer el acceso igualitario a la informaci\u00f3n p\u00fablica, la diputada Analy Peral Vivar, integrante del\u2026","rel":"","context":"En &quot;Agenda Pol\u00edtica&quot;","block_context":{"text":"Agenda Pol\u00edtica","link":"https:\/\/redaccionoaxaca.com\/index.php\/category\/agenda-politica\/"},"img":{"alt_text":"","src":"https:\/\/i0.wp.com\/redaccionoaxaca.com\/wp-content\/uploads\/2026\/04\/Screenshot_20260425_194515_Facebook-scaled.jpg?fit=1200%2C562&ssl=1&resize=350%2C200","width":350,"height":200,"srcset":"https:\/\/i0.wp.com\/redaccionoaxaca.com\/wp-content\/uploads\/2026\/04\/Screenshot_20260425_194515_Facebook-scaled.jpg?fit=1200%2C562&ssl=1&resize=350%2C200 1x, https:\/\/i0.wp.com\/redaccionoaxaca.com\/wp-content\/uploads\/2026\/04\/Screenshot_20260425_194515_Facebook-scaled.jpg?fit=1200%2C562&ssl=1&resize=525%2C300 1.5x, https:\/\/i0.wp.com\/redaccionoaxaca.com\/wp-content\/uploads\/2026\/04\/Screenshot_20260425_194515_Facebook-scaled.jpg?fit=1200%2C562&ssl=1&resize=700%2C400 2x, https:\/\/i0.wp.com\/redaccionoaxaca.com\/wp-content\/uploads\/2026\/04\/Screenshot_20260425_194515_Facebook-scaled.jpg?fit=1200%2C562&ssl=1&resize=1050%2C600 3x"},"classes":[]},{"id":35887,"url":"https:\/\/redaccionoaxaca.com\/index.php\/2025\/02\/28\/desde-el-parlamento-se-busca-preservar-y-revitalizar-las-lenguas-indigenas-de-oaxaca\/","url_meta":{"origin":43743,"position":4},"title":"Desde el Parlamento se busca preservar y revitalizar las lenguas ind\u00edgenas de Oaxaca","author":"ariadna","date":"febrero 28, 2025","format":false,"excerpt":"#Redacci\u00f3nOaxaca #Oaxaca * Se emite un exhorto al INALI, la SEP, IEEPO y Secretar\u00eda de Interculturalidad para instrumentar acciones encaminadas a la protecci\u00f3n de las 15 lenguas maternas, pues son parte del patrimonio de los pueblos originarios * La iniciativa fue presentada por el diputado Zeferino Garc\u00eda Jer\u00f3nimo San Raymundo\u2026","rel":"","context":"En &quot;Agenda Pol\u00edtica&quot;","block_context":{"text":"Agenda Pol\u00edtica","link":"https:\/\/redaccionoaxaca.com\/index.php\/category\/agenda-politica\/"},"img":{"alt_text":"","src":"","width":0,"height":0},"classes":[]},{"id":39231,"url":"https:\/\/redaccionoaxaca.com\/index.php\/2025\/11\/25\/gobernador-presenta-iniciativa-para-extinguir-organo-garante-autonomo-y-crear-transparencia-para-el-pueblo-de-oaxaca-subordinado-al-ejecutivo\/","url_meta":{"origin":43743,"position":5},"title":"Gobernador presenta iniciativa para extinguir \u00f3rgano garante aut\u00f3nomo y crear \u201cTransparencia para el Pueblo de Oaxaca\u201d subordinado al Ejecutivo","author":"ariadna","date":"noviembre 25, 2025","format":false,"excerpt":"#Redacci\u00f3nOaxaca #Oaxaca Jaime GUERRERO El gobernador Salom\u00f3n Jara Cruz remiti\u00f3 al Congreso local la iniciativa de la Ley de Transparencia, Acceso a la Informaci\u00f3n P\u00fablica con Sentido Social y Buen Gobierno de Oaxaca y la Ley de Protecci\u00f3n de Datos Personales en Posesi\u00f3n de Sujetos Obligados del Estado, con la\u2026","rel":"","context":"En &quot;Agenda Pol\u00edtica&quot;","block_context":{"text":"Agenda Pol\u00edtica","link":"https:\/\/redaccionoaxaca.com\/index.php\/category\/agenda-politica\/"},"img":{"alt_text":"","src":"https:\/\/i0.wp.com\/redaccionoaxaca.com\/wp-content\/uploads\/2025\/11\/images-2025-11-25T105856.012.jpeg?fit=739%2C415&ssl=1&resize=350%2C200","width":350,"height":200,"srcset":"https:\/\/i0.wp.com\/redaccionoaxaca.com\/wp-content\/uploads\/2025\/11\/images-2025-11-25T105856.012.jpeg?fit=739%2C415&ssl=1&resize=350%2C200 1x, https:\/\/i0.wp.com\/redaccionoaxaca.com\/wp-content\/uploads\/2025\/11\/images-2025-11-25T105856.012.jpeg?fit=739%2C415&ssl=1&resize=525%2C300 1.5x, https:\/\/i0.wp.com\/redaccionoaxaca.com\/wp-content\/uploads\/2025\/11\/images-2025-11-25T105856.012.jpeg?fit=739%2C415&ssl=1&resize=700%2C400 2x"},"classes":[]}],"jetpack_featured_media_url":"https:\/\/i0.wp.com\/redaccionoaxaca.com\/wp-content\/uploads\/2026\/09\/IMG-20260903-WA0124.jpg?fit=1434%2C998&ssl=1","_links":{"self":[{"href":"https:\/\/redaccionoaxaca.com\/index.php\/wp-json\/wp\/v2\/posts\/43743","targetHints":{"allow":["GET"]}}],"collection":[{"href":"https:\/\/redaccionoaxaca.com\/index.php\/wp-json\/wp\/v2\/posts"}],"about":[{"href":"https:\/\/redaccionoaxaca.com\/index.php\/wp-json\/wp\/v2\/types\/post"}],"author":[{"embeddable":true,"href":"https:\/\/redaccionoaxaca.com\/index.php\/wp-json\/wp\/v2\/users\/9"}],"replies":[{"embeddable":true,"href":"https:\/\/redaccionoaxaca.com\/index.php\/wp-json\/wp\/v2\/comments?post=43743"}],"version-history":[{"count":1,"href":"https:\/\/redaccionoaxaca.com\/index.php\/wp-json\/wp\/v2\/posts\/43743\/revisions"}],"predecessor-version":[{"id":43745,"href":"https:\/\/redaccionoaxaca.com\/index.php\/wp-json\/wp\/v2\/posts\/43743\/revisions\/43745"}],"wp:featuredmedia":[{"embeddable":true,"href":"https:\/\/redaccionoaxaca.com\/index.php\/wp-json\/wp\/v2\/media\/43744"}],"wp:attachment":[{"href":"https:\/\/redaccionoaxaca.com\/index.php\/wp-json\/wp\/v2\/media?parent=43743"}],"wp:term":[{"taxonomy":"category","embeddable":true,"href":"https:\/\/redaccionoaxaca.com\/index.php\/wp-json\/wp\/v2\/categories?post=43743"},{"taxonomy":"post_tag","embeddable":true,"href":"https:\/\/redaccionoaxaca.com\/index.php\/wp-json\/wp\/v2\/tags?post=43743"}],"curies":[{"name":"wp","href":"https:\/\/api.w.org\/{rel}","templated":true}]}}