{"id":43746,"date":"2026-09-03T23:11:59","date_gmt":"2026-09-04T05:11:59","guid":{"rendered":"https:\/\/redaccionoaxaca.com\/?p=43746"},"modified":"2026-09-03T23:11:59","modified_gmt":"2026-09-04T05:11:59","slug":"participa-congreso-del-estado-en-ceremonia-civica-de-izamiento-del-labaro-patrio","status":"publish","type":"post","link":"https:\/\/redaccionoaxaca.com\/index.php\/2026\/09\/03\/participa-congreso-del-estado-en-ceremonia-civica-de-izamiento-del-labaro-patrio\/","title":{"rendered":"Participa Congreso del Estado en ceremonia c\u00edvica de Izamiento del L\u00e1baro Patrio"},"content":{"rendered":"<p><strong>#Redacci\u00f3nOaxaca<\/strong><\/p>\n<p><strong>#Oaxaca<\/strong><\/p>\n<p style=\"text-align: justify;\">* <em>Desde la Alameda de Le\u00f3n, la LXVI Legislatura llam\u00f3 a honrar la lucha del pueblo mexicano mediante la defensa de la soberan\u00eda, el trabajo por la justicia y la construcci\u00f3n de una sociedad igualitaria<\/em><\/p>\n<p style=\"text-align: justify;\">Oaxaca de Ju\u00e1rez, Oax., a 03 de septiembre de 2026.- \u201cLa Independencia fue nuestra primera gran transformaci\u00f3n nacional y no fue solamente una lucha contra el dominio espa\u00f1ol, fue el inicio de la idea de que este pa\u00eds debe pertenecer a su pueblo y ning\u00fan poder debe estar por encima de su voluntad\u201d, afirm\u00f3 la presidenta de la Mesa Directiva de la LXVI Legislatura del Congreso del Estado, diputada Eva Diego Cruz, durante la ceremonia c\u00edvica de Izamiento de la Bandera Nacional.<\/p>\n<p><img data-recalc-dims=\"1\" loading=\"lazy\" decoding=\"async\" data-attachment-id=\"43747\" data-permalink=\"https:\/\/redaccionoaxaca.com\/index.php\/2026\/09\/03\/participa-congreso-del-estado-en-ceremonia-civica-de-izamiento-del-labaro-patrio\/screenshot_20260903_230820_facebook\/\" data-orig-file=\"https:\/\/i0.wp.com\/redaccionoaxaca.com\/wp-content\/uploads\/2026\/09\/Screenshot_20260903_230820_Facebook-scaled.jpg?fit=2560%2C1670&amp;ssl=1\" data-orig-size=\"2560,1670\" data-comments-opened=\"1\" data-image-meta=\"{&quot;aperture&quot;:&quot;0&quot;,&quot;credit&quot;:&quot;&quot;,&quot;camera&quot;:&quot;&quot;,&quot;caption&quot;:&quot;&quot;,&quot;created_timestamp&quot;:&quot;0&quot;,&quot;copyright&quot;:&quot;&quot;,&quot;focal_length&quot;:&quot;0&quot;,&quot;iso&quot;:&quot;0&quot;,&quot;shutter_speed&quot;:&quot;0&quot;,&quot;title&quot;:&quot;&quot;,&quot;orientation&quot;:&quot;1&quot;}\" data-image-title=\"Screenshot_20260903_230820_Facebook\" data-image-description=\"\" data-image-caption=\"\" data-large-file=\"https:\/\/i0.wp.com\/redaccionoaxaca.com\/wp-content\/uploads\/2026\/09\/Screenshot_20260903_230820_Facebook-scaled.jpg?fit=696%2C454&amp;ssl=1\" class=\"size-medium wp-image-43747 aligncenter\" src=\"https:\/\/i0.wp.com\/redaccionoaxaca.com\/wp-content\/uploads\/2026\/09\/Screenshot_20260903_230820_Facebook.jpg?resize=300%2C196&#038;ssl=1\" alt=\"\" width=\"300\" height=\"196\" srcset=\"https:\/\/i0.wp.com\/redaccionoaxaca.com\/wp-content\/uploads\/2026\/09\/Screenshot_20260903_230820_Facebook-scaled.jpg?resize=300%2C196&amp;ssl=1 300w, https:\/\/i0.wp.com\/redaccionoaxaca.com\/wp-content\/uploads\/2026\/09\/Screenshot_20260903_230820_Facebook-scaled.jpg?resize=1024%2C668&amp;ssl=1 1024w, https:\/\/i0.wp.com\/redaccionoaxaca.com\/wp-content\/uploads\/2026\/09\/Screenshot_20260903_230820_Facebook-scaled.jpg?resize=768%2C501&amp;ssl=1 768w, https:\/\/i0.wp.com\/redaccionoaxaca.com\/wp-content\/uploads\/2026\/09\/Screenshot_20260903_230820_Facebook-scaled.jpg?resize=1536%2C1002&amp;ssl=1 1536w, https:\/\/i0.wp.com\/redaccionoaxaca.com\/wp-content\/uploads\/2026\/09\/Screenshot_20260903_230820_Facebook-scaled.jpg?resize=2048%2C1336&amp;ssl=1 2048w, https:\/\/i0.wp.com\/redaccionoaxaca.com\/wp-content\/uploads\/2026\/09\/Screenshot_20260903_230820_Facebook-scaled.jpg?resize=644%2C420&amp;ssl=1 644w, https:\/\/i0.wp.com\/redaccionoaxaca.com\/wp-content\/uploads\/2026\/09\/Screenshot_20260903_230820_Facebook-scaled.jpg?resize=696%2C454&amp;ssl=1 696w, https:\/\/i0.wp.com\/redaccionoaxaca.com\/wp-content\/uploads\/2026\/09\/Screenshot_20260903_230820_Facebook-scaled.jpg?resize=1068%2C697&amp;ssl=1 1068w, https:\/\/i0.wp.com\/redaccionoaxaca.com\/wp-content\/uploads\/2026\/09\/Screenshot_20260903_230820_Facebook-scaled.jpg?resize=741%2C486&amp;ssl=1 741w, https:\/\/i0.wp.com\/redaccionoaxaca.com\/wp-content\/uploads\/2026\/09\/Screenshot_20260903_230820_Facebook-scaled.jpg?w=1392&amp;ssl=1 1392w\" sizes=\"auto, (max-width: 300px) 100vw, 300px\" \/><\/p>\n<p style=\"text-align: justify;\">Al encabezar el acto conmemorativo en el marco del programa \u201cSeptiembre, Mes de la Patria\u201d, la legisladora subray\u00f3 que esta conmemoraci\u00f3n permite recordar la lucha hist\u00f3rica del pueblo mexicano por constituirse como una naci\u00f3n libre, soberana y due\u00f1a de su propio destino.<\/p>\n<p style=\"text-align: justify;\">Asimismo, enfatiz\u00f3 el papel determinante de mujeres como Mar\u00eda Josefa Ortiz T\u00e9llez-Gir\u00f3n y Leona Vicario, as\u00ed como de muchas otras combatientes an\u00f3nimas, de la mano de la relevancia hist\u00f3rica que tuvo Oaxaca en 1812 durante la gesta insurgente encabezada por Jos\u00e9 Mar\u00eda Morelos y Pav\u00f3n.<\/p>\n<p style=\"text-align: justify;\">\u200bEn ese sentido, la titular de la Mesa Directiva hizo un llamado a honrar dicho legado mediante la defensa de la soberan\u00eda, el trabajo por la justicia y la construcci\u00f3n de un entorno donde la libertad y la igualdad sean derechos garantizados. A\u00f1adi\u00f3 que las grandes transformaciones de M\u00e9xico nacen de su gente, por lo que desde Oaxaca se continuar\u00e1 aportando a la historia nacional con dignidad, orgullo y amor a la patria.<\/p>\n<p style=\"text-align: justify;\">\u200bDurante el desarrollo del acto c\u00edvico, la diputada M\u00f3nica Bel\u00e9n L\u00f3pez Javier, integrante del Grupo Parlamentario del Partido de la Transformaci\u00f3n Oaxaque\u00f1a, dio lectura a la Proclama de Independencia. En su intervenci\u00f3n, contextualiz\u00f3 la jornada hist\u00f3rica del 16 de septiembre de 1810 en Dolores, Guanajuato, en la que Miguel Hidalgo y Costilla convoc\u00f3 a la poblaci\u00f3n para iniciar el movimiento emancipador.<\/p>\n<p style=\"text-align: justify;\">\u200bDe igual forma, la legisladora rememor\u00f3 la arenga pronunciada por el Padre de la Patria, en la cual exhort\u00f3 al pueblo a sacudirse tres siglos de servidumbre y tiran\u00eda para alcanzar la verdadera felicidad a trav\u00e9s de la libertad, encendiendo as\u00ed la antorcha libertaria de la naci\u00f3n.<\/p>\n<p style=\"text-align: justify;\">\u200bEl evento cont\u00f3 con la presencia representativa del Teniente Coronel de Sanidad Abraham Bautista Ubera y el Teniente Coronel Jes\u00fas Isidro Jim\u00e9nez de la Octava Regi\u00f3n Militar.<\/p>\n<p style=\"text-align: justify;\">Tambi\u00e9n asistieron las diputadas y los diputados Sandra Daniela Taurino Jim\u00e9nez, Mauro Cruz S\u00e1nchez, Elvia Gabriela P\u00e9rez L\u00f3pez, Mar\u00eda Francisca Antonio Santiago, Karla Clarissa Bornios Pel\u00e1ez, Melina Hern\u00e1ndez Sosa, Hayde\u00e9 Irma Reyes Soto, Maria Eulalia Velasco Ram\u00edrez, Raynel Ram\u00edrez Mijangos, Isa\u00edas Carranza Secundino, Israel L\u00f3pez S\u00e1nchez, Juan Marcelino S\u00e1nchez Valdivieso, Iv\u00e1n Osael Quiroz Mart\u00ednez e Isaac L\u00f3pez L\u00f3pez.<\/p>\n<p style=\"text-align: justify;\">Asimismo la Banda de M\u00fasica de la Octava Regi\u00f3n Militar, bajo la direcci\u00f3n del Mayor M\u00fasico Jaime Velasco Cruz, la cual interpret\u00f3 la marcha \u201cPatria M\u00eda\u201d.<\/p>\n<p><img data-recalc-dims=\"1\" loading=\"lazy\" decoding=\"async\" data-attachment-id=\"43748\" data-permalink=\"https:\/\/redaccionoaxaca.com\/index.php\/2026\/09\/03\/participa-congreso-del-estado-en-ceremonia-civica-de-izamiento-del-labaro-patrio\/screenshot_20260903_230826_facebook\/\" data-orig-file=\"https:\/\/i0.wp.com\/redaccionoaxaca.com\/wp-content\/uploads\/2026\/09\/Screenshot_20260903_230826_Facebook-scaled.jpg?fit=2560%2C2192&amp;ssl=1\" data-orig-size=\"2560,2192\" data-comments-opened=\"1\" data-image-meta=\"{&quot;aperture&quot;:&quot;0&quot;,&quot;credit&quot;:&quot;&quot;,&quot;camera&quot;:&quot;&quot;,&quot;caption&quot;:&quot;&quot;,&quot;created_timestamp&quot;:&quot;0&quot;,&quot;copyright&quot;:&quot;&quot;,&quot;focal_length&quot;:&quot;0&quot;,&quot;iso&quot;:&quot;0&quot;,&quot;shutter_speed&quot;:&quot;0&quot;,&quot;title&quot;:&quot;&quot;,&quot;orientation&quot;:&quot;1&quot;}\" data-image-title=\"Screenshot_20260903_230826_Facebook\" data-image-description=\"\" data-image-caption=\"\" data-large-file=\"https:\/\/i0.wp.com\/redaccionoaxaca.com\/wp-content\/uploads\/2026\/09\/Screenshot_20260903_230826_Facebook-scaled.jpg?fit=696%2C596&amp;ssl=1\" class=\"size-medium wp-image-43748 aligncenter\" src=\"https:\/\/i0.wp.com\/redaccionoaxaca.com\/wp-content\/uploads\/2026\/09\/Screenshot_20260903_230826_Facebook.jpg?resize=300%2C257&#038;ssl=1\" alt=\"\" width=\"300\" height=\"257\" srcset=\"https:\/\/i0.wp.com\/redaccionoaxaca.com\/wp-content\/uploads\/2026\/09\/Screenshot_20260903_230826_Facebook-scaled.jpg?resize=300%2C257&amp;ssl=1 300w, https:\/\/i0.wp.com\/redaccionoaxaca.com\/wp-content\/uploads\/2026\/09\/Screenshot_20260903_230826_Facebook-scaled.jpg?resize=1024%2C877&amp;ssl=1 1024w, https:\/\/i0.wp.com\/redaccionoaxaca.com\/wp-content\/uploads\/2026\/09\/Screenshot_20260903_230826_Facebook-scaled.jpg?resize=768%2C658&amp;ssl=1 768w, https:\/\/i0.wp.com\/redaccionoaxaca.com\/wp-content\/uploads\/2026\/09\/Screenshot_20260903_230826_Facebook-scaled.jpg?resize=1536%2C1315&amp;ssl=1 1536w, https:\/\/i0.wp.com\/redaccionoaxaca.com\/wp-content\/uploads\/2026\/09\/Screenshot_20260903_230826_Facebook-scaled.jpg?resize=2048%2C1754&amp;ssl=1 2048w, https:\/\/i0.wp.com\/redaccionoaxaca.com\/wp-content\/uploads\/2026\/09\/Screenshot_20260903_230826_Facebook-scaled.jpg?resize=490%2C420&amp;ssl=1 490w, https:\/\/i0.wp.com\/redaccionoaxaca.com\/wp-content\/uploads\/2026\/09\/Screenshot_20260903_230826_Facebook-scaled.jpg?resize=696%2C596&amp;ssl=1 696w, https:\/\/i0.wp.com\/redaccionoaxaca.com\/wp-content\/uploads\/2026\/09\/Screenshot_20260903_230826_Facebook-scaled.jpg?resize=1068%2C915&amp;ssl=1 1068w, https:\/\/i0.wp.com\/redaccionoaxaca.com\/wp-content\/uploads\/2026\/09\/Screenshot_20260903_230826_Facebook-scaled.jpg?w=1392&amp;ssl=1 1392w\" sizes=\"auto, (max-width: 300px) 100vw, 300px\" \/><\/p>\n<p style=\"text-align: justify;\">\u200b<\/p>\n","protected":false},"excerpt":{"rendered":"<p>#Redacci\u00f3nOaxaca #Oaxaca * Desde la Alameda de Le\u00f3n, la LXVI Legislatura llam\u00f3 a honrar la lucha del pueblo mexicano mediante la defensa de la soberan\u00eda, el trabajo por la justicia y la construcci\u00f3n de una sociedad igualitaria Oaxaca de Ju\u00e1rez, Oax., a 03 de septiembre de 2026.- \u201cLa Independencia fue nuestra primera gran transformaci\u00f3n nacional [&hellip;]<\/p>\n","protected":false},"author":9,"featured_media":43747,"comment_status":"open","ping_status":"open","sticky":false,"template":"","format":"standard","meta":{"_jetpack_newsletter_access":"","_jetpack_dont_email_post_to_subs":false,"_jetpack_newsletter_tier_id":0,"_jetpack_memberships_contains_paywalled_content":false,"_jetpack_feature_clip_id":0,"_jetpack_memberships_contains_paid_content":false,"footnotes":"","jetpack_publicize_message":"","jetpack_publicize_feature_enabled":true,"jetpack_social_post_already_shared":true,"jetpack_social_options":{"image_generator_settings":{"template":"highway","default_image_id":0,"font":"","enabled":false},"version":2},"jetpack_post_was_ever_published":false},"categories":[4,7,5,3,1],"tags":[],"class_list":{"0":"post-43746","1":"post","2":"type-post","3":"status-publish","4":"format-standard","5":"has-post-thumbnail","7":"category-agenda-politica","8":"category-al-cierre","9":"category-imagen","10":"category-mesa-de-redaccion","11":"category-uncategorized"},"jetpack_publicize_connections":[],"jetpack_sharing_enabled":true,"jetpack_shortlink":"https:\/\/wp.me\/p9Ynjw-bnA","jetpack-related-posts":[{"id":40520,"url":"https:\/\/redaccionoaxaca.com\/index.php\/2026\/02\/15\/poder-legislativo-participa-en-ceremonia-civica-por-el-cxcv-aniversario-luctuoso-de-vicente-guerrero\/","url_meta":{"origin":43746,"position":0},"title":"Poder Legislativo participa en ceremonia c\u00edvica por el CXCV aniversario luctuoso de Vicente Guerrero","author":"ariadna","date":"febrero 15, 2026","format":false,"excerpt":"#Redacci\u00f3nOaxaca #Oaxaca * Diputadas y diputados de la LXVI Legislatura refrendaron su compromiso con los valores republicanos y la memoria hist\u00f3rica nacional Cuil\u00e1pam de Guerrero, Oax., a 14 de febrero de 2026.- El Congreso del Estado particip\u00f3 en la ceremonia c\u00edvica con motivo del CXCV aniversario luctuoso del General Vicente\u2026","rel":"","context":"En &quot;Agenda Pol\u00edtica&quot;","block_context":{"text":"Agenda Pol\u00edtica","link":"https:\/\/redaccionoaxaca.com\/index.php\/category\/agenda-politica\/"},"img":{"alt_text":"","src":"https:\/\/i0.wp.com\/redaccionoaxaca.com\/wp-content\/uploads\/2026\/02\/Screenshot_20260215_145250_Facebook-scaled.jpg?fit=1200%2C765&ssl=1&resize=350%2C200","width":350,"height":200,"srcset":"https:\/\/i0.wp.com\/redaccionoaxaca.com\/wp-content\/uploads\/2026\/02\/Screenshot_20260215_145250_Facebook-scaled.jpg?fit=1200%2C765&ssl=1&resize=350%2C200 1x, https:\/\/i0.wp.com\/redaccionoaxaca.com\/wp-content\/uploads\/2026\/02\/Screenshot_20260215_145250_Facebook-scaled.jpg?fit=1200%2C765&ssl=1&resize=525%2C300 1.5x, https:\/\/i0.wp.com\/redaccionoaxaca.com\/wp-content\/uploads\/2026\/02\/Screenshot_20260215_145250_Facebook-scaled.jpg?fit=1200%2C765&ssl=1&resize=700%2C400 2x, https:\/\/i0.wp.com\/redaccionoaxaca.com\/wp-content\/uploads\/2026\/02\/Screenshot_20260215_145250_Facebook-scaled.jpg?fit=1200%2C765&ssl=1&resize=1050%2C600 3x"},"classes":[]},{"id":27710,"url":"https:\/\/redaccionoaxaca.com\/index.php\/2022\/09\/07\/participa-dalia-banos-noyola-en-ceremonia-de-izamiento-de-bandera-nacional-y-en-homenaje-a-victimas-de-terremoto\/","url_meta":{"origin":43746,"position":1},"title":"Participa Dalia Ba\u00f1os Noyola en ceremonia de izamiento de Bandera Nacional y en homenaje a v\u00edctimas de terremoto","author":"ariadna","date":"septiembre 7, 2022","format":false,"excerpt":"#Redacci\u00f3nOaxaca #Oaxaca Oaxaca de Ju\u00e1rez, Oax. a 07 de septiembre de 2022.- La titular de la Secretar\u00eda de Seguridad P\u00fablica de Oaxaca (SSPO) Dalia Ba\u00f1os Noyola, particip\u00f3 esta ma\u00f1ana en la ceremonia de izamiento y arreamiento de Bandera Nacional en el marco del mes de septiembre y en conmemoraci\u00f3n a\u2026","rel":"","context":"En &quot;Imagen&quot;","block_context":{"text":"Imagen","link":"https:\/\/redaccionoaxaca.com\/index.php\/category\/imagen\/"},"img":{"alt_text":"","src":"https:\/\/i0.wp.com\/redaccionoaxaca.com\/wp-content\/uploads\/2022\/09\/IMG-20220907-WA0116-300x169.jpg?resize=350%2C200&ssl=1","width":350,"height":200},"classes":[]},{"id":33232,"url":"https:\/\/redaccionoaxaca.com\/index.php\/2024\/09\/05\/realiza-poder-judicial-del-estado-izamiento-de-la-bandera-nacional-por-septiembre-mes-de-la-patria\/","url_meta":{"origin":43746,"position":2},"title":"Realiza Poder Judicial del Estado izamiento de la Bandera Nacional por \u201cSeptiembre, mes de la Patria\u201d","author":"ariadna","date":"septiembre 5, 2024","format":false,"excerpt":"#Redacci\u00f3nOaxaca #Oaxaca En el marco de las actividades del Programa \u201cSeptiembre, Mes de la Patria; Mes de la Cuarta Transformaci\u00f3n\u201d, con motivo de las conmemoraciones por el 214 Aniversario de la Independencia de M\u00e9xico, el Tribunal Superior de Justicia y el Consejo de la Judicatura del Poder Judicial del Estado\u2026","rel":"","context":"En &quot;Agenda Pol\u00edtica&quot;","block_context":{"text":"Agenda Pol\u00edtica","link":"https:\/\/redaccionoaxaca.com\/index.php\/category\/agenda-politica\/"},"img":{"alt_text":"","src":"https:\/\/i0.wp.com\/redaccionoaxaca.com\/wp-content\/uploads\/2024\/09\/IMG-20240904-WA0125-300x200.jpg?resize=350%2C200&ssl=1","width":350,"height":200},"classes":[]},{"id":36480,"url":"https:\/\/redaccionoaxaca.com\/index.php\/2025\/04\/09\/rinde-la-lxvi-legislatura-de-oaxaca-homenaje-postumo-al-artista-oaxaqueno-moises-cabrera-orozco\/","url_meta":{"origin":43746,"position":3},"title":"Rinde la LXVI Legislatura de Oaxaca homenaje p\u00f3stumo al artista oaxaque\u00f1o Mois\u00e9s Cabrera Orozco","author":"ariadna","date":"abril 9, 2025","format":false,"excerpt":"#Redacci\u00f3nOaxaca #Oaxaca * El legado del escultor permanece en su est\u00e9tica monumental en las estatuas del coloso de Guelatao, don Benito Ju\u00e1rez Garc\u00eda * Sus piezas permanecer\u00e1n como testimonio de su genio y su amor a la tierra que lo vio nacer * Con este tipo de tributos se busca\u2026","rel":"","context":"En &quot;Agenda Pol\u00edtica&quot;","block_context":{"text":"Agenda Pol\u00edtica","link":"https:\/\/redaccionoaxaca.com\/index.php\/category\/agenda-politica\/"},"img":{"alt_text":"","src":"https:\/\/i0.wp.com\/redaccionoaxaca.com\/wp-content\/uploads\/2025\/04\/Screenshot_20250409_162159_Facebook-293x300.jpg?resize=350%2C200&ssl=1","width":350,"height":200},"classes":[]},{"id":38540,"url":"https:\/\/redaccionoaxaca.com\/index.php\/2025\/10\/03\/por-conmemoracion-del-159-aniversario-de-la-batalla-de-miahuatlan-congreso-de-oaxaca-realiza-sesion-solemne-en-este-municipio-de-la-sierra-sur\/","url_meta":{"origin":43746,"position":4},"title":"Por conmemoraci\u00f3n del 159 aniversario de la Batalla de Miahuatl\u00e1n, Congreso de Oaxaca realiza Sesi\u00f3n Solemne en este municipio de la Sierra Sur","author":"ariadna","date":"octubre 3, 2025","format":false,"excerpt":"#Redaci\u00f3nOaxaca #Oaxaca * Fue develada la placa alusiva al cambio de denominaci\u00f3n de la cabecera municipal a \u201cHeroica Ciudad de Miahuatl\u00e1n de Porfirio D\u00edaz\u201d Heroica Ciudad de Miahuatl\u00e1n de Porfirio D\u00edaz, Oax., a 03 de octubre de 2025.- En el marco de la conmemoraci\u00f3n del 159 Aniversario de la Batalla\u2026","rel":"","context":"En &quot;Agenda Pol\u00edtica&quot;","block_context":{"text":"Agenda Pol\u00edtica","link":"https:\/\/redaccionoaxaca.com\/index.php\/category\/agenda-politica\/"},"img":{"alt_text":"","src":"https:\/\/i0.wp.com\/redaccionoaxaca.com\/wp-content\/uploads\/2025\/10\/Screenshot_20251003_195557_Facebook-300x187.jpg?resize=350%2C200&ssl=1","width":350,"height":200},"classes":[]},{"id":37475,"url":"https:\/\/redaccionoaxaca.com\/index.php\/2025\/07\/18\/congreso-de-oaxaca-conmemora-aniversario-luctuoso-del-benemerito-de-las-americas\/","url_meta":{"origin":43746,"position":5},"title":"Congreso de Oaxaca conmemora Aniversario Luctuoso del Benem\u00e9rito de las Am\u00e9ricas","author":"ariadna","date":"julio 18, 2025","format":false,"excerpt":"#Redacci\u00f3nOaxaca #Oaxaca * En la ceremonia c\u00edvica se recordaron los principios y el legado del Patricio de Guelatao San Raymundo Jalpan, Oax., a 18 de julio de 2025.- El Congreso del Estado de Oaxaca conmemor\u00f3 este viernes el 153 Aniversario Luctuoso de Benito Ju\u00e1rez Garc\u00eda y con motivo de esta\u2026","rel":"","context":"En &quot;Agenda Pol\u00edtica&quot;","block_context":{"text":"Agenda Pol\u00edtica","link":"https:\/\/redaccionoaxaca.com\/index.php\/category\/agenda-politica\/"},"img":{"alt_text":"","src":"https:\/\/i0.wp.com\/redaccionoaxaca.com\/wp-content\/uploads\/2025\/07\/IMG-20250718-WA0056.jpg?fit=1200%2C1099&ssl=1&resize=350%2C200","width":350,"height":200,"srcset":"https:\/\/i0.wp.com\/redaccionoaxaca.com\/wp-content\/uploads\/2025\/07\/IMG-20250718-WA0056.jpg?fit=1200%2C1099&ssl=1&resize=350%2C200 1x, https:\/\/i0.wp.com\/redaccionoaxaca.com\/wp-content\/uploads\/2025\/07\/IMG-20250718-WA0056.jpg?fit=1200%2C1099&ssl=1&resize=525%2C300 1.5x, https:\/\/i0.wp.com\/redaccionoaxaca.com\/wp-content\/uploads\/2025\/07\/IMG-20250718-WA0056.jpg?fit=1200%2C1099&ssl=1&resize=700%2C400 2x, https:\/\/i0.wp.com\/redaccionoaxaca.com\/wp-content\/uploads\/2025\/07\/IMG-20250718-WA0056.jpg?fit=1200%2C1099&ssl=1&resize=1050%2C600 3x"},"classes":[]}],"jetpack_featured_media_url":"https:\/\/i0.wp.com\/redaccionoaxaca.com\/wp-content\/uploads\/2026\/09\/Screenshot_20260903_230820_Facebook-scaled.jpg?fit=2560%2C1670&ssl=1","_links":{"self":[{"href":"https:\/\/redaccionoaxaca.com\/index.php\/wp-json\/wp\/v2\/posts\/43746","targetHints":{"allow":["GET"]}}],"collection":[{"href":"https:\/\/redaccionoaxaca.com\/index.php\/wp-json\/wp\/v2\/posts"}],"about":[{"href":"https:\/\/redaccionoaxaca.com\/index.php\/wp-json\/wp\/v2\/types\/post"}],"author":[{"embeddable":true,"href":"https:\/\/redaccionoaxaca.com\/index.php\/wp-json\/wp\/v2\/users\/9"}],"replies":[{"embeddable":true,"href":"https:\/\/redaccionoaxaca.com\/index.php\/wp-json\/wp\/v2\/comments?post=43746"}],"version-history":[{"count":1,"href":"https:\/\/redaccionoaxaca.com\/index.php\/wp-json\/wp\/v2\/posts\/43746\/revisions"}],"predecessor-version":[{"id":43749,"href":"https:\/\/redaccionoaxaca.com\/index.php\/wp-json\/wp\/v2\/posts\/43746\/revisions\/43749"}],"wp:featuredmedia":[{"embeddable":true,"href":"https:\/\/redaccionoaxaca.com\/index.php\/wp-json\/wp\/v2\/media\/43747"}],"wp:attachment":[{"href":"https:\/\/redaccionoaxaca.com\/index.php\/wp-json\/wp\/v2\/media?parent=43746"}],"wp:term":[{"taxonomy":"category","embeddable":true,"href":"https:\/\/redaccionoaxaca.com\/index.php\/wp-json\/wp\/v2\/categories?post=43746"},{"taxonomy":"post_tag","embeddable":true,"href":"https:\/\/redaccionoaxaca.com\/index.php\/wp-json\/wp\/v2\/tags?post=43746"}],"curies":[{"name":"wp","href":"https:\/\/api.w.org\/{rel}","templated":true}]}}