{"id":43750,"date":"2026-09-03T23:16:32","date_gmt":"2026-09-04T05:16:32","guid":{"rendered":"https:\/\/redaccionoaxaca.com\/?p=43750"},"modified":"2026-09-03T23:16:32","modified_gmt":"2026-09-04T05:16:32","slug":"oaxaca-necesita-una-constitucion-con-justicia-social-que-reconozca-al-pueblo-y-se-construya-escuchando-a-la-gente-tania-caballero","status":"publish","type":"post","link":"https:\/\/redaccionoaxaca.com\/index.php\/2026\/09\/03\/oaxaca-necesita-una-constitucion-con-justicia-social-que-reconozca-al-pueblo-y-se-construya-escuchando-a-la-gente-tania-caballero\/","title":{"rendered":"Oaxaca necesita una Constituci\u00f3n con justicia social, que reconozca al pueblo y se construya escuchando a la gente: Tania Caballero"},"content":{"rendered":"<p><strong>#Redacci\u00f3nOaxaca<\/strong><\/p>\n<p><strong>#Oaxaca<\/strong><\/p>\n<p style=\"text-align: justify;\">* <em>La presidenta de la Jucopo destac\u00f3 la recepci\u00f3n de la Iniciativa de Reforma Integral enviada por el Gobernador Salom\u00f3n Jara Cruz<\/em><\/p>\n<p style=\"text-align: justify;\">San Raymundo Jalpan, Oax., a 03 de septiembre de 2026.- La presidenta de la Junta de Coordinaci\u00f3n Pol\u00edtica (Jucopo) de la LXVI Legislatura del Congreso del Estado, diputada Tania Caballero Navarro, afirm\u00f3 que Oaxaca requiere una Constituci\u00f3n Pol\u00edtica que reconozca la realidad del pueblo al que sirve, refleje la diversidad intercultural de su poblaci\u00f3n y se construya de la mano de quienes antes no eran escuchados, al participar en el acto de Entrega-Recepci\u00f3n de la Iniciativa de Reforma Integral a la Constituci\u00f3n Pol\u00edtica del Estado Libre y Soberano de Oaxaca, enviada por el titular del Poder Ejecutivo, Salom\u00f3n Jara Cruz.<\/p>\n<p><img data-recalc-dims=\"1\" loading=\"lazy\" decoding=\"async\" data-attachment-id=\"43751\" data-permalink=\"https:\/\/redaccionoaxaca.com\/index.php\/2026\/09\/03\/oaxaca-necesita-una-constitucion-con-justicia-social-que-reconozca-al-pueblo-y-se-construya-escuchando-a-la-gente-tania-caballero\/screenshot_20260903_231332_facebook\/\" data-orig-file=\"https:\/\/i0.wp.com\/redaccionoaxaca.com\/wp-content\/uploads\/2026\/09\/Screenshot_20260903_231332_Facebook-scaled.jpg?fit=2560%2C1458&amp;ssl=1\" data-orig-size=\"2560,1458\" data-comments-opened=\"1\" data-image-meta=\"{&quot;aperture&quot;:&quot;0&quot;,&quot;credit&quot;:&quot;&quot;,&quot;camera&quot;:&quot;&quot;,&quot;caption&quot;:&quot;&quot;,&quot;created_timestamp&quot;:&quot;0&quot;,&quot;copyright&quot;:&quot;&quot;,&quot;focal_length&quot;:&quot;0&quot;,&quot;iso&quot;:&quot;0&quot;,&quot;shutter_speed&quot;:&quot;0&quot;,&quot;title&quot;:&quot;&quot;,&quot;orientation&quot;:&quot;1&quot;}\" data-image-title=\"Screenshot_20260903_231332_Facebook\" data-image-description=\"\" data-image-caption=\"\" data-large-file=\"https:\/\/i0.wp.com\/redaccionoaxaca.com\/wp-content\/uploads\/2026\/09\/Screenshot_20260903_231332_Facebook-scaled.jpg?fit=696%2C396&amp;ssl=1\" class=\"size-medium wp-image-43751 aligncenter\" src=\"https:\/\/i0.wp.com\/redaccionoaxaca.com\/wp-content\/uploads\/2026\/09\/Screenshot_20260903_231332_Facebook.jpg?resize=300%2C171&#038;ssl=1\" alt=\"\" width=\"300\" height=\"171\" srcset=\"https:\/\/i0.wp.com\/redaccionoaxaca.com\/wp-content\/uploads\/2026\/09\/Screenshot_20260903_231332_Facebook-scaled.jpg?resize=300%2C171&amp;ssl=1 300w, https:\/\/i0.wp.com\/redaccionoaxaca.com\/wp-content\/uploads\/2026\/09\/Screenshot_20260903_231332_Facebook-scaled.jpg?resize=1024%2C583&amp;ssl=1 1024w, https:\/\/i0.wp.com\/redaccionoaxaca.com\/wp-content\/uploads\/2026\/09\/Screenshot_20260903_231332_Facebook-scaled.jpg?resize=768%2C437&amp;ssl=1 768w, https:\/\/i0.wp.com\/redaccionoaxaca.com\/wp-content\/uploads\/2026\/09\/Screenshot_20260903_231332_Facebook-scaled.jpg?resize=1536%2C875&amp;ssl=1 1536w, https:\/\/i0.wp.com\/redaccionoaxaca.com\/wp-content\/uploads\/2026\/09\/Screenshot_20260903_231332_Facebook-scaled.jpg?resize=2048%2C1166&amp;ssl=1 2048w, https:\/\/i0.wp.com\/redaccionoaxaca.com\/wp-content\/uploads\/2026\/09\/Screenshot_20260903_231332_Facebook-scaled.jpg?resize=738%2C420&amp;ssl=1 738w, https:\/\/i0.wp.com\/redaccionoaxaca.com\/wp-content\/uploads\/2026\/09\/Screenshot_20260903_231332_Facebook-scaled.jpg?resize=696%2C396&amp;ssl=1 696w, https:\/\/i0.wp.com\/redaccionoaxaca.com\/wp-content\/uploads\/2026\/09\/Screenshot_20260903_231332_Facebook-scaled.jpg?resize=1068%2C608&amp;ssl=1 1068w, https:\/\/i0.wp.com\/redaccionoaxaca.com\/wp-content\/uploads\/2026\/09\/Screenshot_20260903_231332_Facebook-scaled.jpg?w=1392&amp;ssl=1 1392w\" sizes=\"auto, (max-width: 300px) 100vw, 300px\" \/><\/p>\n<p style=\"text-align: justify;\">Ante los titulares de la Secretar\u00eda de Gobierno (Sego), Jes\u00fas Romero L\u00f3pez, y de la Consejer\u00eda Jur\u00eddica del Gobierno del Estado, Geovany V\u00e1squez Sagrero, as\u00ed como juristas, acad\u00e9micos, representantes populares y sociedad civil, la legisladora enfatiz\u00f3 que la entrega de la iniciativa marca el inicio de una nueva etapa, que representa un punto de inflexi\u00f3n pol\u00edtica para actualizar el pacto social del estado y poner en el centro el sentir de los pueblos ind\u00edgenas y afromexicanos.<\/p>\n<p style=\"text-align: justify;\">\u00abEste marco constitucional debe reconocer la realidad del pueblo al que sirve y Oaxaca es profundamente diverso e intercultural. El estado necesita una Carta Magna que corresponda al momento hist\u00f3rico que estamos viviendo, que reconozca lo que somos, proteja nuestros derechos y nos permita mirar hacia adelante sin renunciar a nuestras ra\u00edces\u00bb, asever\u00f3 Caballero Navarro.<\/p>\n<p style=\"text-align: justify;\">Indic\u00f3 que el ordenamiento debe responder a la profundidad pluri\u00e9tnica de la entidad, pues en este lugar conviven pueblos y comunidades originarias, con sistemas normativos propios y formas de organizaci\u00f3n comunitaria que han sobrevivido durante generaciones. \u201cAqu\u00ed el Tequio, la Asamblea, la Gozona y la Guelaguetza no son conceptos abstractos, son parte de nuestra manera de vivir y de entendernos como comunidad\u201d, sostuvo.<\/p>\n<p style=\"text-align: justify;\">En la sede del Congreso del Estado, destac\u00f3 que este proyecto emana de la participaci\u00f3n directa del pueblo a trav\u00e9s de encuentros regionales y tem\u00e1ticos, con la colaboraci\u00f3n de especialistas, acad\u00e9micos, organizaciones, as\u00ed como pueblos ind\u00edgenas y afromexicanos. Asimismo, reconoci\u00f3 la labor desempe\u00f1ada por los integrantes de la Mesa Redactora de la iniciativa.<\/p>\n<p style=\"text-align: justify;\">La presidenta de la Jucopo reiter\u00f3 que el Poder Legislativo actuar\u00e1 con responsabilidad, pluralidad y apertura pol\u00edtica para estudiar y analizar este pacto social que devuelva la dignidad y el reconocimiento al pueblo oaxaque\u00f1o. \u201cHoy comenzamos esta discusi\u00f3n y este Congreso estar\u00e1 a la altura de su responsabilidad con la historia y con el pueblo de Oaxaca\u201d, subray\u00f3.<\/p>\n<p><img data-recalc-dims=\"1\" loading=\"lazy\" decoding=\"async\" data-attachment-id=\"43752\" data-permalink=\"https:\/\/redaccionoaxaca.com\/index.php\/2026\/09\/03\/oaxaca-necesita-una-constitucion-con-justicia-social-que-reconozca-al-pueblo-y-se-construya-escuchando-a-la-gente-tania-caballero\/screenshot_20260903_231335_facebook\/\" data-orig-file=\"https:\/\/i0.wp.com\/redaccionoaxaca.com\/wp-content\/uploads\/2026\/09\/Screenshot_20260903_231335_Facebook-scaled.jpg?fit=2560%2C1455&amp;ssl=1\" data-orig-size=\"2560,1455\" data-comments-opened=\"1\" data-image-meta=\"{&quot;aperture&quot;:&quot;0&quot;,&quot;credit&quot;:&quot;&quot;,&quot;camera&quot;:&quot;&quot;,&quot;caption&quot;:&quot;&quot;,&quot;created_timestamp&quot;:&quot;0&quot;,&quot;copyright&quot;:&quot;&quot;,&quot;focal_length&quot;:&quot;0&quot;,&quot;iso&quot;:&quot;0&quot;,&quot;shutter_speed&quot;:&quot;0&quot;,&quot;title&quot;:&quot;&quot;,&quot;orientation&quot;:&quot;1&quot;}\" data-image-title=\"Screenshot_20260903_231335_Facebook\" data-image-description=\"\" data-image-caption=\"\" data-large-file=\"https:\/\/i0.wp.com\/redaccionoaxaca.com\/wp-content\/uploads\/2026\/09\/Screenshot_20260903_231335_Facebook-scaled.jpg?fit=696%2C396&amp;ssl=1\" class=\"size-medium wp-image-43752 aligncenter\" src=\"https:\/\/i0.wp.com\/redaccionoaxaca.com\/wp-content\/uploads\/2026\/09\/Screenshot_20260903_231335_Facebook.jpg?resize=300%2C170&#038;ssl=1\" alt=\"\" width=\"300\" height=\"170\" srcset=\"https:\/\/i0.wp.com\/redaccionoaxaca.com\/wp-content\/uploads\/2026\/09\/Screenshot_20260903_231335_Facebook-scaled.jpg?resize=300%2C170&amp;ssl=1 300w, https:\/\/i0.wp.com\/redaccionoaxaca.com\/wp-content\/uploads\/2026\/09\/Screenshot_20260903_231335_Facebook-scaled.jpg?resize=1024%2C582&amp;ssl=1 1024w, https:\/\/i0.wp.com\/redaccionoaxaca.com\/wp-content\/uploads\/2026\/09\/Screenshot_20260903_231335_Facebook-scaled.jpg?resize=768%2C436&amp;ssl=1 768w, https:\/\/i0.wp.com\/redaccionoaxaca.com\/wp-content\/uploads\/2026\/09\/Screenshot_20260903_231335_Facebook-scaled.jpg?resize=1536%2C873&amp;ssl=1 1536w, https:\/\/i0.wp.com\/redaccionoaxaca.com\/wp-content\/uploads\/2026\/09\/Screenshot_20260903_231335_Facebook-scaled.jpg?resize=2048%2C1164&amp;ssl=1 2048w, https:\/\/i0.wp.com\/redaccionoaxaca.com\/wp-content\/uploads\/2026\/09\/Screenshot_20260903_231335_Facebook-scaled.jpg?resize=739%2C420&amp;ssl=1 739w, https:\/\/i0.wp.com\/redaccionoaxaca.com\/wp-content\/uploads\/2026\/09\/Screenshot_20260903_231335_Facebook-scaled.jpg?resize=696%2C395&amp;ssl=1 696w, https:\/\/i0.wp.com\/redaccionoaxaca.com\/wp-content\/uploads\/2026\/09\/Screenshot_20260903_231335_Facebook-scaled.jpg?resize=1068%2C607&amp;ssl=1 1068w, https:\/\/i0.wp.com\/redaccionoaxaca.com\/wp-content\/uploads\/2026\/09\/Screenshot_20260903_231335_Facebook-scaled.jpg?w=1392&amp;ssl=1 1392w\" sizes=\"auto, (max-width: 300px) 100vw, 300px\" \/><\/p>\n","protected":false},"excerpt":{"rendered":"<p>#Redacci\u00f3nOaxaca #Oaxaca * La presidenta de la Jucopo destac\u00f3 la recepci\u00f3n de la Iniciativa de Reforma Integral enviada por el Gobernador Salom\u00f3n Jara Cruz San Raymundo Jalpan, Oax., a 03 de septiembre de 2026.- La presidenta de la Junta de Coordinaci\u00f3n Pol\u00edtica (Jucopo) de la LXVI Legislatura del Congreso del Estado, diputada Tania Caballero Navarro, [&hellip;]<\/p>\n","protected":false},"author":9,"featured_media":43751,"comment_status":"open","ping_status":"open","sticky":false,"template":"","format":"standard","meta":{"_jetpack_newsletter_access":"","_jetpack_dont_email_post_to_subs":false,"_jetpack_newsletter_tier_id":0,"_jetpack_memberships_contains_paywalled_content":false,"_jetpack_feature_clip_id":0,"_jetpack_memberships_contains_paid_content":false,"footnotes":"","jetpack_publicize_message":"","jetpack_publicize_feature_enabled":true,"jetpack_social_post_already_shared":true,"jetpack_social_options":{"image_generator_settings":{"template":"highway","default_image_id":0,"font":"","enabled":false},"version":2},"jetpack_post_was_ever_published":false},"categories":[4,7,5],"tags":[],"class_list":{"0":"post-43750","1":"post","2":"type-post","3":"status-publish","4":"format-standard","5":"has-post-thumbnail","7":"category-agenda-politica","8":"category-al-cierre","9":"category-imagen"},"jetpack_publicize_connections":[],"jetpack_sharing_enabled":true,"jetpack_shortlink":"https:\/\/wp.me\/p9Ynjw-bnE","jetpack-related-posts":[{"id":42353,"url":"https:\/\/redaccionoaxaca.com\/index.php\/2026\/06\/02\/presenta-diputada-tania-caballero-reforma-a-la-constitucion-de-oaxaca-para-blindar-procesos-electorales-ante-intervencion-extranjera\/","url_meta":{"origin":43750,"position":0},"title":"Presenta diputada Tania Caballero reforma a la Constituci\u00f3n de Oaxaca para blindar procesos electorales ante intervenci\u00f3n extranjera","author":"ariadna","date":"junio 2, 2026","format":false,"excerpt":"#Redacci\u00f3nOaxaca #Oaxaca * El Proyecto de Decreto busca reforzar los principios de certeza, imparcialidad y objetividad que rigen las instituciones del Estado San Raymundo Jalpan, Oax., a 02 de junio de 2026.- La presidenta de la Junta de Coordinaci\u00f3n Pol\u00edtica (Jucopo), diputada Tania Caballero Navarro, present\u00f3 una iniciativa para reformar\u2026","rel":"","context":"En &quot;Agenda Pol\u00edtica&quot;","block_context":{"text":"Agenda Pol\u00edtica","link":"https:\/\/redaccionoaxaca.com\/index.php\/category\/agenda-politica\/"},"img":{"alt_text":"","src":"https:\/\/i0.wp.com\/redaccionoaxaca.com\/wp-content\/uploads\/2026\/06\/Screenshot_20260602_175514_Facebook-scaled.jpg?fit=1200%2C700&ssl=1&resize=350%2C200","width":350,"height":200,"srcset":"https:\/\/i0.wp.com\/redaccionoaxaca.com\/wp-content\/uploads\/2026\/06\/Screenshot_20260602_175514_Facebook-scaled.jpg?fit=1200%2C700&ssl=1&resize=350%2C200 1x, https:\/\/i0.wp.com\/redaccionoaxaca.com\/wp-content\/uploads\/2026\/06\/Screenshot_20260602_175514_Facebook-scaled.jpg?fit=1200%2C700&ssl=1&resize=525%2C300 1.5x, https:\/\/i0.wp.com\/redaccionoaxaca.com\/wp-content\/uploads\/2026\/06\/Screenshot_20260602_175514_Facebook-scaled.jpg?fit=1200%2C700&ssl=1&resize=700%2C400 2x, https:\/\/i0.wp.com\/redaccionoaxaca.com\/wp-content\/uploads\/2026\/06\/Screenshot_20260602_175514_Facebook-scaled.jpg?fit=1200%2C700&ssl=1&resize=1050%2C600 3x"},"classes":[]},{"id":43743,"url":"https:\/\/redaccionoaxaca.com\/index.php\/2026\/09\/03\/nueva-constitucion-de-oaxaca-reduciria-de-148-a-81-articulos-interculturalidad-sera-eje-del-nuevo-pacto-politico\/","url_meta":{"origin":43750,"position":1},"title":"Nueva Constituci\u00f3n de Oaxaca reducir\u00eda de 148 a 81 art\u00edculos; interculturalidad ser\u00e1 eje del nuevo pacto pol\u00edtico","author":"ariadna","date":"septiembre 3, 2026","format":false,"excerpt":"#Redacci\u00f3nOaxaca #Oaxaca #JaimeGUERRERO El Gobierno de Oaxaca entreg\u00f3 al Congreso del Estado la iniciativa de Reforma Integral a la Constituci\u00f3n Pol\u00edtica local, que plantea reducir de 148 a 81 art\u00edculos la Carta Magna y colocar a la interculturalidad como columna vertebral de un nuevo ordenamiento construido a partir de propuestas\u2026","rel":"","context":"En &quot;Agenda Pol\u00edtica&quot;","block_context":{"text":"Agenda Pol\u00edtica","link":"https:\/\/redaccionoaxaca.com\/index.php\/category\/agenda-politica\/"},"img":{"alt_text":"","src":"https:\/\/i0.wp.com\/redaccionoaxaca.com\/wp-content\/uploads\/2026\/09\/IMG-20260903-WA0124.jpg?fit=1200%2C835&ssl=1&resize=350%2C200","width":350,"height":200,"srcset":"https:\/\/i0.wp.com\/redaccionoaxaca.com\/wp-content\/uploads\/2026\/09\/IMG-20260903-WA0124.jpg?fit=1200%2C835&ssl=1&resize=350%2C200 1x, https:\/\/i0.wp.com\/redaccionoaxaca.com\/wp-content\/uploads\/2026\/09\/IMG-20260903-WA0124.jpg?fit=1200%2C835&ssl=1&resize=525%2C300 1.5x, https:\/\/i0.wp.com\/redaccionoaxaca.com\/wp-content\/uploads\/2026\/09\/IMG-20260903-WA0124.jpg?fit=1200%2C835&ssl=1&resize=700%2C400 2x, https:\/\/i0.wp.com\/redaccionoaxaca.com\/wp-content\/uploads\/2026\/09\/IMG-20260903-WA0124.jpg?fit=1200%2C835&ssl=1&resize=1050%2C600 3x"},"classes":[]},{"id":40804,"url":"https:\/\/redaccionoaxaca.com\/index.php\/2026\/03\/03\/tania-caballero-la-4t-no-surgio-para-cuidar-posiciones-sino-para-ampliar-derechos-con-reforma-electoral\/","url_meta":{"origin":43750,"position":2},"title":"Tania Caballero: la 4T no surgi\u00f3 para cuidar posiciones sino para ampliar derechos con Reforma Electoral","author":"ariadna","date":"marzo 3, 2026","format":false,"excerpt":"#Redacci\u00f3nOaxaca #Oaxaca #JaimeGUERRERO \u201cLa Cuarta Transformaci\u00f3n no naci\u00f3 para administrar inercias. Naci\u00f3 para modificarlas. No surgi\u00f3 para cuidar posiciones, sino para ampliar derechos y cerrar espacios a los abusos del viejo r\u00e9gimen.\u201d As\u00ed lo afirm\u00f3 Tania Caballero Navarro, presidenta de la Junta de Coordinaci\u00f3n Pol\u00edtica (Jucopo) del Congreso de Oaxaca,\u2026","rel":"","context":"En &quot;Agenda Pol\u00edtica&quot;","block_context":{"text":"Agenda Pol\u00edtica","link":"https:\/\/redaccionoaxaca.com\/index.php\/category\/agenda-politica\/"},"img":{"alt_text":"","src":"https:\/\/i0.wp.com\/redaccionoaxaca.com\/wp-content\/uploads\/2026\/03\/FB_IMG_1772586335091.jpg?fit=1200%2C801&ssl=1&resize=350%2C200","width":350,"height":200,"srcset":"https:\/\/i0.wp.com\/redaccionoaxaca.com\/wp-content\/uploads\/2026\/03\/FB_IMG_1772586335091.jpg?fit=1200%2C801&ssl=1&resize=350%2C200 1x, https:\/\/i0.wp.com\/redaccionoaxaca.com\/wp-content\/uploads\/2026\/03\/FB_IMG_1772586335091.jpg?fit=1200%2C801&ssl=1&resize=525%2C300 1.5x, https:\/\/i0.wp.com\/redaccionoaxaca.com\/wp-content\/uploads\/2026\/03\/FB_IMG_1772586335091.jpg?fit=1200%2C801&ssl=1&resize=700%2C400 2x, https:\/\/i0.wp.com\/redaccionoaxaca.com\/wp-content\/uploads\/2026\/03\/FB_IMG_1772586335091.jpg?fit=1200%2C801&ssl=1&resize=1050%2C600 3x"},"classes":[]},{"id":40849,"url":"https:\/\/redaccionoaxaca.com\/index.php\/2026\/03\/05\/respaldar-la-reforma-electoral-es-estar-del-lado-del-pueblo-tania-caballero\/","url_meta":{"origin":43750,"position":3},"title":"Respaldar la Reforma Electoral es estar del lado del pueblo: Tania Caballero","author":"ariadna","date":"marzo 5, 2026","format":false,"excerpt":"#Redacci\u00f3nOaxaca #Oaxaca \u2022 La coordinadora parlamentaria de Morena reiter\u00f3 que desde Oaxaca se apoya la propuesta de la Presidenta Claudia Sheinbaum San Raymundo Jalpan, Oax., a 05 de marzo de 2026.- La Coordinadora del Grupo Parlamentario del Partido Movimiento de Regeneraci\u00f3n Nacional (Morena) en el Congreso del Estado, diputada Tania\u2026","rel":"","context":"En &quot;Agenda Pol\u00edtica&quot;","block_context":{"text":"Agenda Pol\u00edtica","link":"https:\/\/redaccionoaxaca.com\/index.php\/category\/agenda-politica\/"},"img":{"alt_text":"","src":"https:\/\/i0.wp.com\/redaccionoaxaca.com\/wp-content\/uploads\/2026\/03\/Screenshot_20260305_201011_Facebook-scaled.jpg?fit=1200%2C764&ssl=1&resize=350%2C200","width":350,"height":200,"srcset":"https:\/\/i0.wp.com\/redaccionoaxaca.com\/wp-content\/uploads\/2026\/03\/Screenshot_20260305_201011_Facebook-scaled.jpg?fit=1200%2C764&ssl=1&resize=350%2C200 1x, https:\/\/i0.wp.com\/redaccionoaxaca.com\/wp-content\/uploads\/2026\/03\/Screenshot_20260305_201011_Facebook-scaled.jpg?fit=1200%2C764&ssl=1&resize=525%2C300 1.5x, https:\/\/i0.wp.com\/redaccionoaxaca.com\/wp-content\/uploads\/2026\/03\/Screenshot_20260305_201011_Facebook-scaled.jpg?fit=1200%2C764&ssl=1&resize=700%2C400 2x, https:\/\/i0.wp.com\/redaccionoaxaca.com\/wp-content\/uploads\/2026\/03\/Screenshot_20260305_201011_Facebook-scaled.jpg?fit=1200%2C764&ssl=1&resize=1050%2C600 3x"},"classes":[]},{"id":39142,"url":"https:\/\/redaccionoaxaca.com\/index.php\/2025\/11\/15\/rinden-protesta-integrantes-de-la-junta-de-coordinacion-politica-jucopo\/","url_meta":{"origin":43750,"position":4},"title":"Rinden protesta integrantes de la Junta de Coordinaci\u00f3n Pol\u00edtica (Jucopo)","author":"ariadna","date":"noviembre 15, 2025","format":false,"excerpt":"#Redacci\u00f3nOaxaca #Oaxaca *La coordinadora del Grupo Parlamentario de Morena, diputada Tania Caballero Navarro asume la presidencia de este \u00f3rgano de gobierno San Raymundo Jalpan, Oax. 15 de noviembre de 2025.- En Sesi\u00f3n Extraordinaria correspondiente al Segundo A\u00f1o de Ejercicio Legal del Congreso del Estado, las coordinadoras de los grupos parlamentarios\u2026","rel":"","context":"En &quot;Agenda Pol\u00edtica&quot;","block_context":{"text":"Agenda Pol\u00edtica","link":"https:\/\/redaccionoaxaca.com\/index.php\/category\/agenda-politica\/"},"img":{"alt_text":"","src":"https:\/\/i0.wp.com\/redaccionoaxaca.com\/wp-content\/uploads\/2025\/11\/Screenshot_20251115_173558_Facebook-scaled.jpg?fit=1200%2C661&ssl=1&resize=350%2C200","width":350,"height":200,"srcset":"https:\/\/i0.wp.com\/redaccionoaxaca.com\/wp-content\/uploads\/2025\/11\/Screenshot_20251115_173558_Facebook-scaled.jpg?fit=1200%2C661&ssl=1&resize=350%2C200 1x, https:\/\/i0.wp.com\/redaccionoaxaca.com\/wp-content\/uploads\/2025\/11\/Screenshot_20251115_173558_Facebook-scaled.jpg?fit=1200%2C661&ssl=1&resize=525%2C300 1.5x, https:\/\/i0.wp.com\/redaccionoaxaca.com\/wp-content\/uploads\/2025\/11\/Screenshot_20251115_173558_Facebook-scaled.jpg?fit=1200%2C661&ssl=1&resize=700%2C400 2x, https:\/\/i0.wp.com\/redaccionoaxaca.com\/wp-content\/uploads\/2025\/11\/Screenshot_20251115_173558_Facebook-scaled.jpg?fit=1200%2C661&ssl=1&resize=1050%2C600 3x"},"classes":[]},{"id":40373,"url":"https:\/\/redaccionoaxaca.com\/index.php\/2026\/02\/05\/diputadas-de-la-lxvi-legislatura-conmemoran-el-cix-aniversario-de-la-constitucion-mexicana\/","url_meta":{"origin":43750,"position":5},"title":"Diputadas de la LXVI Legislatura conmemoran el CIX Aniversario de la Constituci\u00f3n Mexicana","author":"ariadna","date":"febrero 5, 2026","format":false,"excerpt":"#Redacci\u00f3nOaxaca #Oaxaca * La presidenta de la Jucopo, Tania Caballero Navarro, inform\u00f3 que se est\u00e1n ultimando los trabajos para la Nueva Constituci\u00f3n local Oaxaca de Ju\u00e1rez, Oax., a 05 de febrero de 2026.- En el marco del CIX Aniversario de la Promulgaci\u00f3n de la Constituci\u00f3n Pol\u00edtica de los Estados Unidos\u2026","rel":"","context":"En &quot;Agenda Pol\u00edtica&quot;","block_context":{"text":"Agenda Pol\u00edtica","link":"https:\/\/redaccionoaxaca.com\/index.php\/category\/agenda-politica\/"},"img":{"alt_text":"","src":"https:\/\/i0.wp.com\/redaccionoaxaca.com\/wp-content\/uploads\/2026\/02\/Screenshot_20260205_231721_Facebook-scaled.jpg?fit=1200%2C857&ssl=1&resize=350%2C200","width":350,"height":200,"srcset":"https:\/\/i0.wp.com\/redaccionoaxaca.com\/wp-content\/uploads\/2026\/02\/Screenshot_20260205_231721_Facebook-scaled.jpg?fit=1200%2C857&ssl=1&resize=350%2C200 1x, https:\/\/i0.wp.com\/redaccionoaxaca.com\/wp-content\/uploads\/2026\/02\/Screenshot_20260205_231721_Facebook-scaled.jpg?fit=1200%2C857&ssl=1&resize=525%2C300 1.5x, https:\/\/i0.wp.com\/redaccionoaxaca.com\/wp-content\/uploads\/2026\/02\/Screenshot_20260205_231721_Facebook-scaled.jpg?fit=1200%2C857&ssl=1&resize=700%2C400 2x, https:\/\/i0.wp.com\/redaccionoaxaca.com\/wp-content\/uploads\/2026\/02\/Screenshot_20260205_231721_Facebook-scaled.jpg?fit=1200%2C857&ssl=1&resize=1050%2C600 3x"},"classes":[]}],"jetpack_featured_media_url":"https:\/\/i0.wp.com\/redaccionoaxaca.com\/wp-content\/uploads\/2026\/09\/Screenshot_20260903_231332_Facebook-scaled.jpg?fit=2560%2C1458&ssl=1","_links":{"self":[{"href":"https:\/\/redaccionoaxaca.com\/index.php\/wp-json\/wp\/v2\/posts\/43750","targetHints":{"allow":["GET"]}}],"collection":[{"href":"https:\/\/redaccionoaxaca.com\/index.php\/wp-json\/wp\/v2\/posts"}],"about":[{"href":"https:\/\/redaccionoaxaca.com\/index.php\/wp-json\/wp\/v2\/types\/post"}],"author":[{"embeddable":true,"href":"https:\/\/redaccionoaxaca.com\/index.php\/wp-json\/wp\/v2\/users\/9"}],"replies":[{"embeddable":true,"href":"https:\/\/redaccionoaxaca.com\/index.php\/wp-json\/wp\/v2\/comments?post=43750"}],"version-history":[{"count":1,"href":"https:\/\/redaccionoaxaca.com\/index.php\/wp-json\/wp\/v2\/posts\/43750\/revisions"}],"predecessor-version":[{"id":43753,"href":"https:\/\/redaccionoaxaca.com\/index.php\/wp-json\/wp\/v2\/posts\/43750\/revisions\/43753"}],"wp:featuredmedia":[{"embeddable":true,"href":"https:\/\/redaccionoaxaca.com\/index.php\/wp-json\/wp\/v2\/media\/43751"}],"wp:attachment":[{"href":"https:\/\/redaccionoaxaca.com\/index.php\/wp-json\/wp\/v2\/media?parent=43750"}],"wp:term":[{"taxonomy":"category","embeddable":true,"href":"https:\/\/redaccionoaxaca.com\/index.php\/wp-json\/wp\/v2\/categories?post=43750"},{"taxonomy":"post_tag","embeddable":true,"href":"https:\/\/redaccionoaxaca.com\/index.php\/wp-json\/wp\/v2\/tags?post=43750"}],"curies":[{"name":"wp","href":"https:\/\/api.w.org\/{rel}","templated":true}]}}