{"id":43754,"date":"2026-09-03T23:25:02","date_gmt":"2026-09-04T05:25:02","guid":{"rendered":"https:\/\/redaccionoaxaca.com\/?p=43754"},"modified":"2026-09-03T23:25:02","modified_gmt":"2026-09-04T05:25:02","slug":"ray-chagoya-acerca-el-banco-de-materiales-a-mercados-de-oaxaca-de-juarez","status":"publish","type":"post","link":"https:\/\/redaccionoaxaca.com\/index.php\/2026\/09\/03\/ray-chagoya-acerca-el-banco-de-materiales-a-mercados-de-oaxaca-de-juarez\/","title":{"rendered":"Ray Chagoya acerca el Banco de Materiales a mercados de Oaxaca de Ju\u00e1rez"},"content":{"rendered":"<p><strong>#Redacci\u00f3nOaxaca<\/strong><\/p>\n<p><strong>#Oaxaca<\/strong><\/p>\n<p style=\"text-align: justify;\">El presidente municipal de Oaxaca de Ju\u00e1rez, Ray Chagoya, visit\u00f3 los mercados Zonal de Santa Rosa Panzacola, IV Centenario, de Artesan\u00edas, Benito Ju\u00e1rez y 20 de Noviembre, con el prop\u00f3sito de acercar el programa Banco de Materiales a las locatarias y locatarios e impulsar obras comunitarias que generen beneficios colectivos.<\/p>\n<p><img data-recalc-dims=\"1\" loading=\"lazy\" decoding=\"async\" data-attachment-id=\"43755\" data-permalink=\"https:\/\/redaccionoaxaca.com\/index.php\/2026\/09\/03\/ray-chagoya-acerca-el-banco-de-materiales-a-mercados-de-oaxaca-de-juarez\/img-20260903-wa0136\/\" data-orig-file=\"https:\/\/i0.wp.com\/redaccionoaxaca.com\/wp-content\/uploads\/2026\/09\/IMG-20260903-WA0136.jpg?fit=1600%2C1066&amp;ssl=1\" data-orig-size=\"1600,1066\" data-comments-opened=\"1\" data-image-meta=\"{&quot;aperture&quot;:&quot;0&quot;,&quot;credit&quot;:&quot;&quot;,&quot;camera&quot;:&quot;&quot;,&quot;caption&quot;:&quot;&quot;,&quot;created_timestamp&quot;:&quot;0&quot;,&quot;copyright&quot;:&quot;&quot;,&quot;focal_length&quot;:&quot;0&quot;,&quot;iso&quot;:&quot;0&quot;,&quot;shutter_speed&quot;:&quot;0&quot;,&quot;title&quot;:&quot;&quot;,&quot;orientation&quot;:&quot;0&quot;}\" data-image-title=\"IMG-20260903-WA0136\" data-image-description=\"\" data-image-caption=\"\" data-large-file=\"https:\/\/i0.wp.com\/redaccionoaxaca.com\/wp-content\/uploads\/2026\/09\/IMG-20260903-WA0136.jpg?fit=696%2C464&amp;ssl=1\" class=\"size-medium wp-image-43755 aligncenter\" src=\"https:\/\/i0.wp.com\/redaccionoaxaca.com\/wp-content\/uploads\/2026\/09\/IMG-20260903-WA0136.jpg?resize=300%2C200&#038;ssl=1\" alt=\"\" width=\"300\" height=\"200\" srcset=\"https:\/\/i0.wp.com\/redaccionoaxaca.com\/wp-content\/uploads\/2026\/09\/IMG-20260903-WA0136.jpg?resize=300%2C200&amp;ssl=1 300w, https:\/\/i0.wp.com\/redaccionoaxaca.com\/wp-content\/uploads\/2026\/09\/IMG-20260903-WA0136.jpg?resize=1024%2C682&amp;ssl=1 1024w, https:\/\/i0.wp.com\/redaccionoaxaca.com\/wp-content\/uploads\/2026\/09\/IMG-20260903-WA0136.jpg?resize=768%2C512&amp;ssl=1 768w, https:\/\/i0.wp.com\/redaccionoaxaca.com\/wp-content\/uploads\/2026\/09\/IMG-20260903-WA0136.jpg?resize=1536%2C1023&amp;ssl=1 1536w, https:\/\/i0.wp.com\/redaccionoaxaca.com\/wp-content\/uploads\/2026\/09\/IMG-20260903-WA0136.jpg?resize=630%2C420&amp;ssl=1 630w, https:\/\/i0.wp.com\/redaccionoaxaca.com\/wp-content\/uploads\/2026\/09\/IMG-20260903-WA0136.jpg?resize=696%2C464&amp;ssl=1 696w, https:\/\/i0.wp.com\/redaccionoaxaca.com\/wp-content\/uploads\/2026\/09\/IMG-20260903-WA0136.jpg?resize=1068%2C712&amp;ssl=1 1068w, https:\/\/i0.wp.com\/redaccionoaxaca.com\/wp-content\/uploads\/2026\/09\/IMG-20260903-WA0136.jpg?w=1600&amp;ssl=1 1600w, https:\/\/i0.wp.com\/redaccionoaxaca.com\/wp-content\/uploads\/2026\/09\/IMG-20260903-WA0136.jpg?w=1392&amp;ssl=1 1392w\" sizes=\"auto, (max-width: 300px) 100vw, 300px\" \/><\/p>\n<p style=\"text-align: justify;\">Durante el recorrido, el edil capitalino destac\u00f3 la importancia del trabajo comunitario y la participaci\u00f3n de quienes dan vida a los mercados de la ciudad, al se\u00f1alar que la suma de esfuerzos entre el Gobierno Municipal y las y los comerciantes permite mejorar estos espacios, atender sus principales necesidades y fortalecer la infraestructura en beneficio de quienes trabajan y acuden diariamente a ellos.<\/p>\n<p style=\"text-align: justify;\">Ray Chagoya reiter\u00f3 que el Gobierno Municipal continuar\u00e1 recorriendo los mercados y trabajando de manera cercana con las vecinas, vecinos y con quienes impulsan la econom\u00eda de la capital para promover acciones que contribuyan a dignificar estos espacios emblem\u00e1ticos y tradicionales de Oaxaca de Ju\u00e1rez.<\/p>\n<p><img data-recalc-dims=\"1\" loading=\"lazy\" decoding=\"async\" data-attachment-id=\"43756\" data-permalink=\"https:\/\/redaccionoaxaca.com\/index.php\/2026\/09\/03\/ray-chagoya-acerca-el-banco-de-materiales-a-mercados-de-oaxaca-de-juarez\/inshot_20260903_232340679\/\" data-orig-file=\"https:\/\/i0.wp.com\/redaccionoaxaca.com\/wp-content\/uploads\/2026\/09\/InShot_20260903_232340679.jpg?fit=1920%2C1920&amp;ssl=1\" data-orig-size=\"1920,1920\" data-comments-opened=\"1\" data-image-meta=\"{&quot;aperture&quot;:&quot;0&quot;,&quot;credit&quot;:&quot;&quot;,&quot;camera&quot;:&quot;&quot;,&quot;caption&quot;:&quot;&quot;,&quot;created_timestamp&quot;:&quot;0&quot;,&quot;copyright&quot;:&quot;&quot;,&quot;focal_length&quot;:&quot;0&quot;,&quot;iso&quot;:&quot;0&quot;,&quot;shutter_speed&quot;:&quot;0&quot;,&quot;title&quot;:&quot;&quot;,&quot;orientation&quot;:&quot;0&quot;}\" data-image-title=\"InShot_20260903_232340679\" data-image-description=\"\" data-image-caption=\"\" data-large-file=\"https:\/\/i0.wp.com\/redaccionoaxaca.com\/wp-content\/uploads\/2026\/09\/InShot_20260903_232340679.jpg?fit=696%2C696&amp;ssl=1\" class=\"size-medium wp-image-43756 aligncenter\" src=\"https:\/\/i0.wp.com\/redaccionoaxaca.com\/wp-content\/uploads\/2026\/09\/InShot_20260903_232340679.jpg?resize=300%2C300&#038;ssl=1\" alt=\"\" width=\"300\" height=\"300\" srcset=\"https:\/\/i0.wp.com\/redaccionoaxaca.com\/wp-content\/uploads\/2026\/09\/InShot_20260903_232340679.jpg?resize=300%2C300&amp;ssl=1 300w, https:\/\/i0.wp.com\/redaccionoaxaca.com\/wp-content\/uploads\/2026\/09\/InShot_20260903_232340679.jpg?resize=1024%2C1024&amp;ssl=1 1024w, https:\/\/i0.wp.com\/redaccionoaxaca.com\/wp-content\/uploads\/2026\/09\/InShot_20260903_232340679.jpg?resize=150%2C150&amp;ssl=1 150w, https:\/\/i0.wp.com\/redaccionoaxaca.com\/wp-content\/uploads\/2026\/09\/InShot_20260903_232340679.jpg?resize=768%2C768&amp;ssl=1 768w, https:\/\/i0.wp.com\/redaccionoaxaca.com\/wp-content\/uploads\/2026\/09\/InShot_20260903_232340679.jpg?resize=1536%2C1536&amp;ssl=1 1536w, https:\/\/i0.wp.com\/redaccionoaxaca.com\/wp-content\/uploads\/2026\/09\/InShot_20260903_232340679.jpg?resize=420%2C420&amp;ssl=1 420w, https:\/\/i0.wp.com\/redaccionoaxaca.com\/wp-content\/uploads\/2026\/09\/InShot_20260903_232340679.jpg?resize=696%2C696&amp;ssl=1 696w, https:\/\/i0.wp.com\/redaccionoaxaca.com\/wp-content\/uploads\/2026\/09\/InShot_20260903_232340679.jpg?resize=1068%2C1068&amp;ssl=1 1068w, https:\/\/i0.wp.com\/redaccionoaxaca.com\/wp-content\/uploads\/2026\/09\/InShot_20260903_232340679.jpg?w=1920&amp;ssl=1 1920w, https:\/\/i0.wp.com\/redaccionoaxaca.com\/wp-content\/uploads\/2026\/09\/InShot_20260903_232340679.jpg?w=1392&amp;ssl=1 1392w\" sizes=\"auto, (max-width: 300px) 100vw, 300px\" \/><\/p>\n","protected":false},"excerpt":{"rendered":"<p>#Redacci\u00f3nOaxaca #Oaxaca El presidente municipal de Oaxaca de Ju\u00e1rez, Ray Chagoya, visit\u00f3 los mercados Zonal de Santa Rosa Panzacola, IV Centenario, de Artesan\u00edas, Benito Ju\u00e1rez y 20 de Noviembre, con el prop\u00f3sito de acercar el programa Banco de Materiales a las locatarias y locatarios e impulsar obras comunitarias que generen beneficios colectivos. Durante el recorrido, [&hellip;]<\/p>\n","protected":false},"author":9,"featured_media":43757,"comment_status":"open","ping_status":"open","sticky":false,"template":"","format":"standard","meta":{"_jetpack_newsletter_access":"","_jetpack_dont_email_post_to_subs":false,"_jetpack_newsletter_tier_id":0,"_jetpack_memberships_contains_paywalled_content":false,"_jetpack_feature_clip_id":0,"_jetpack_memberships_contains_paid_content":false,"footnotes":"","jetpack_publicize_message":"","jetpack_publicize_feature_enabled":true,"jetpack_social_post_already_shared":true,"jetpack_social_options":{"image_generator_settings":{"template":"highway","default_image_id":0,"font":"","enabled":false},"version":2},"jetpack_post_was_ever_published":false},"categories":[4,5,3],"tags":[],"class_list":{"0":"post-43754","1":"post","2":"type-post","3":"status-publish","4":"format-standard","5":"has-post-thumbnail","7":"category-agenda-politica","8":"category-imagen","9":"category-mesa-de-redaccion"},"jetpack_publicize_connections":[],"jetpack_sharing_enabled":true,"jetpack_shortlink":"https:\/\/wp.me\/p9Ynjw-bnI","jetpack-related-posts":[{"id":42865,"url":"https:\/\/redaccionoaxaca.com\/index.php\/2026\/07\/04\/ray-chagoya-entrega-banco-de-materiales-en-las-agencias-de-montoya-y-dolores-para-impulsar-obras-comunitarias\/","url_meta":{"origin":43754,"position":0},"title":"Ray Chagoya entrega Banco de Materiales en las Agencias de Montoya y Dolores para impulsar obras comunitarias","author":"ariadna","date":"julio 4, 2026","format":false,"excerpt":"#Redacci\u00f3nOaxaca #Oaxaca El presidente municipal de Oaxaca de Ju\u00e1rez, Ray Chagoya, encabez\u00f3 la entrega del Banco de Materiales en las agencias de Montoya y Dolores, con el objetivo de que las y los vecinos se organicen y realicen obras que contribuyan al mejoramiento de sus colonias. Durante ambas jornadas, en\u2026","rel":"","context":"En &quot;Imagen&quot;","block_context":{"text":"Imagen","link":"https:\/\/redaccionoaxaca.com\/index.php\/category\/imagen\/"},"img":{"alt_text":"","src":"https:\/\/i0.wp.com\/redaccionoaxaca.com\/wp-content\/uploads\/2026\/07\/IMG-20260704-WA0094.jpg?fit=1200%2C800&ssl=1&resize=350%2C200","width":350,"height":200,"srcset":"https:\/\/i0.wp.com\/redaccionoaxaca.com\/wp-content\/uploads\/2026\/07\/IMG-20260704-WA0094.jpg?fit=1200%2C800&ssl=1&resize=350%2C200 1x, https:\/\/i0.wp.com\/redaccionoaxaca.com\/wp-content\/uploads\/2026\/07\/IMG-20260704-WA0094.jpg?fit=1200%2C800&ssl=1&resize=525%2C300 1.5x, https:\/\/i0.wp.com\/redaccionoaxaca.com\/wp-content\/uploads\/2026\/07\/IMG-20260704-WA0094.jpg?fit=1200%2C800&ssl=1&resize=700%2C400 2x, https:\/\/i0.wp.com\/redaccionoaxaca.com\/wp-content\/uploads\/2026\/07\/IMG-20260704-WA0094.jpg?fit=1200%2C800&ssl=1&resize=1050%2C600 3x"},"classes":[]},{"id":43368,"url":"https:\/\/redaccionoaxaca.com\/index.php\/2026\/08\/06\/ray-chagoya-supervisa-que-el-banco-de-materiales-se-traduzca-en-obras-comunitarias-en-viguera\/","url_meta":{"origin":43754,"position":1},"title":"Ray Chagoya supervisa que el Banco de Materiales se traduzca en obras comunitarias en Viguera","author":"ariadna","date":"agosto 6, 2026","format":false,"excerpt":"#Redacci\u00f3nOaxaca #Oaxaca En la agencia municipal de Trinidad de Viguera, el presidente municipal de Oaxaca de Ju\u00e1rez, Ray Chagoya, acompa\u00f1ado del agente municipal Jes\u00fas Franco Ju\u00e1rez e integrantes de su Cabildo, constat\u00f3 que las herramientas entregadas a trav\u00e9s del Banco de Materiales se utilizan en el mejoramiento de banquetas y\u2026","rel":"","context":"En &quot;Al Cierre&quot;","block_context":{"text":"Al Cierre","link":"https:\/\/redaccionoaxaca.com\/index.php\/category\/al-cierre\/"},"img":{"alt_text":"","src":"https:\/\/i0.wp.com\/redaccionoaxaca.com\/wp-content\/uploads\/2026\/08\/IMG-20260806-WA0046.jpg?fit=1200%2C801&ssl=1&resize=350%2C200","width":350,"height":200,"srcset":"https:\/\/i0.wp.com\/redaccionoaxaca.com\/wp-content\/uploads\/2026\/08\/IMG-20260806-WA0046.jpg?fit=1200%2C801&ssl=1&resize=350%2C200 1x, https:\/\/i0.wp.com\/redaccionoaxaca.com\/wp-content\/uploads\/2026\/08\/IMG-20260806-WA0046.jpg?fit=1200%2C801&ssl=1&resize=525%2C300 1.5x, https:\/\/i0.wp.com\/redaccionoaxaca.com\/wp-content\/uploads\/2026\/08\/IMG-20260806-WA0046.jpg?fit=1200%2C801&ssl=1&resize=700%2C400 2x, https:\/\/i0.wp.com\/redaccionoaxaca.com\/wp-content\/uploads\/2026\/08\/IMG-20260806-WA0046.jpg?fit=1200%2C801&ssl=1&resize=1050%2C600 3x"},"classes":[]},{"id":42837,"url":"https:\/\/redaccionoaxaca.com\/index.php\/2026\/07\/01\/impulsa-ray-chagoya-obras-comunitarias-con-entrega-del-banco-de-materiales\/","url_meta":{"origin":43754,"position":2},"title":"Impulsa Ray Chagoya obras comunitarias con entrega del Banco de Materiales","author":"ariadna","date":"julio 1, 2026","format":false,"excerpt":"#Redacci\u00f3nOaxaca #Oaxaca El presidente municipal de Oaxaca de Ju\u00e1rez, Ray Chagoya, realiz\u00f3 la entrega del Banco de Materiales en las agencias municipales de Santa Rosa Panzacola y San Mart\u00edn Mexicapan, con el prop\u00f3sito de fortalecer el tequio y promover obras comunitarias que contribuyan al mejoramiento de los espacios p\u00fablicos y\u2026","rel":"","context":"En &quot;Imagen&quot;","block_context":{"text":"Imagen","link":"https:\/\/redaccionoaxaca.com\/index.php\/category\/imagen\/"},"img":{"alt_text":"","src":"https:\/\/i0.wp.com\/redaccionoaxaca.com\/wp-content\/uploads\/2026\/07\/IMG-20260701-WA0066.jpg?fit=1200%2C801&ssl=1&resize=350%2C200","width":350,"height":200,"srcset":"https:\/\/i0.wp.com\/redaccionoaxaca.com\/wp-content\/uploads\/2026\/07\/IMG-20260701-WA0066.jpg?fit=1200%2C801&ssl=1&resize=350%2C200 1x, https:\/\/i0.wp.com\/redaccionoaxaca.com\/wp-content\/uploads\/2026\/07\/IMG-20260701-WA0066.jpg?fit=1200%2C801&ssl=1&resize=525%2C300 1.5x, https:\/\/i0.wp.com\/redaccionoaxaca.com\/wp-content\/uploads\/2026\/07\/IMG-20260701-WA0066.jpg?fit=1200%2C801&ssl=1&resize=700%2C400 2x, https:\/\/i0.wp.com\/redaccionoaxaca.com\/wp-content\/uploads\/2026\/07\/IMG-20260701-WA0066.jpg?fit=1200%2C801&ssl=1&resize=1050%2C600 3x"},"classes":[]},{"id":40593,"url":"https:\/\/redaccionoaxaca.com\/index.php\/2026\/02\/19\/comerciantes-de-mercados-de-oaxaca-salen-a-las-calles-acusan-irregularidades-en-juicio-contra-reglamento-municipal\/","url_meta":{"origin":43754,"position":3},"title":"Comerciantes de mercados de Oaxaca salen a las calles; acusan irregularidades en juicio contra reglamento municipal","author":"ariadna","date":"febrero 19, 2026","format":false,"excerpt":"#Redacci\u00f3nOaxaca #Oaxaca Comerciantes de los mercados p\u00fablicos y de la Central de Abasto de\u00a0Oaxaca de Ju\u00e1rez\u00a0se manifestaron este d\u00eda para denunciar presuntas irregularidades en el juicio de amparo que promovieron desde junio de 2025 contra el Reglamento de Mercados P\u00fablicos. Los inconformes se\u00f1alaron que, aunque sus expedientes siguen en curso,\u2026","rel":"","context":"En &quot;Agenda Pol\u00edtica&quot;","block_context":{"text":"Agenda Pol\u00edtica","link":"https:\/\/redaccionoaxaca.com\/index.php\/category\/agenda-politica\/"},"img":{"alt_text":"","src":"https:\/\/i0.wp.com\/redaccionoaxaca.com\/wp-content\/uploads\/2026\/02\/FB_IMG_1771520811009.jpg?fit=1200%2C675&ssl=1&resize=350%2C200","width":350,"height":200,"srcset":"https:\/\/i0.wp.com\/redaccionoaxaca.com\/wp-content\/uploads\/2026\/02\/FB_IMG_1771520811009.jpg?fit=1200%2C675&ssl=1&resize=350%2C200 1x, https:\/\/i0.wp.com\/redaccionoaxaca.com\/wp-content\/uploads\/2026\/02\/FB_IMG_1771520811009.jpg?fit=1200%2C675&ssl=1&resize=525%2C300 1.5x, https:\/\/i0.wp.com\/redaccionoaxaca.com\/wp-content\/uploads\/2026\/02\/FB_IMG_1771520811009.jpg?fit=1200%2C675&ssl=1&resize=700%2C400 2x, https:\/\/i0.wp.com\/redaccionoaxaca.com\/wp-content\/uploads\/2026\/02\/FB_IMG_1771520811009.jpg?fit=1200%2C675&ssl=1&resize=1050%2C600 3x"},"classes":[]},{"id":43631,"url":"https:\/\/redaccionoaxaca.com\/index.php\/2026\/08\/27\/ray-chagoya-recibe-premio-a-las-mejores-practicas-de-gobiernos-locales-por-el-programa-banco-de-materiales\/","url_meta":{"origin":43754,"position":4},"title":"Ray Chagoya recibe Premio a las Mejores Pr\u00e1cticas de Gobiernos Locales por el programa Banco de Materiales","author":"ariadna","date":"agosto 27, 2026","format":false,"excerpt":"#Redacci\u00f3nOaxaca #Oaxaca El presidente municipal de Oaxaca de Ju\u00e1rez, Ray Chagoya, recibi\u00f3 el Premio a las Mejores Pr\u00e1cticas de Gobiernos Locales 2026, en la categor\u00eda Inversi\u00f3n Social Productiva, por el modelo de Construcciones Colectivas implementado a trav\u00e9s del programa Banco de Materiales. La iniciativa reconoce una forma de hacer obra\u2026","rel":"","context":"En &quot;Agenda Pol\u00edtica&quot;","block_context":{"text":"Agenda Pol\u00edtica","link":"https:\/\/redaccionoaxaca.com\/index.php\/category\/agenda-politica\/"},"img":{"alt_text":"","src":"https:\/\/i0.wp.com\/redaccionoaxaca.com\/wp-content\/uploads\/2026\/08\/IMG-20260827-WA0042.jpg?fit=1158%2C1200&ssl=1&resize=350%2C200","width":350,"height":200,"srcset":"https:\/\/i0.wp.com\/redaccionoaxaca.com\/wp-content\/uploads\/2026\/08\/IMG-20260827-WA0042.jpg?fit=1158%2C1200&ssl=1&resize=350%2C200 1x, https:\/\/i0.wp.com\/redaccionoaxaca.com\/wp-content\/uploads\/2026\/08\/IMG-20260827-WA0042.jpg?fit=1158%2C1200&ssl=1&resize=525%2C300 1.5x, https:\/\/i0.wp.com\/redaccionoaxaca.com\/wp-content\/uploads\/2026\/08\/IMG-20260827-WA0042.jpg?fit=1158%2C1200&ssl=1&resize=700%2C400 2x, https:\/\/i0.wp.com\/redaccionoaxaca.com\/wp-content\/uploads\/2026\/08\/IMG-20260827-WA0042.jpg?fit=1158%2C1200&ssl=1&resize=1050%2C600 3x"},"classes":[]},{"id":40213,"url":"https:\/\/redaccionoaxaca.com\/index.php\/2026\/01\/27\/cabildo-de-oaxaca-de-juarez-refrenda-unidad-para-trabajar-con-cercania-y-en-territorio\/","url_meta":{"origin":43754,"position":5},"title":"Cabildo de Oaxaca de Ju\u00e1rez refrenda unidad para trabajar con cercan\u00eda y en territorio","author":"ariadna","date":"enero 27, 2026","format":false,"excerpt":"#Redacci\u00f3nOaxaca #Oaxaca - Aprueban incentivos fiscales en apoyo a comerciantes de mercados p\u00fablicos. Oaxaca de Ju\u00e1rez, Oax. 27 de enero de 2026.\u2013 En sesi\u00f3n de Cabildo encabezada por el presidente municipal Ray Chagoya, las regidoras y regidores del Ayuntamiento de Oaxaca de Ju\u00e1rez coincidieron en la importancia de seguir fortaleciendo\u2026","rel":"","context":"En &quot;Agenda Pol\u00edtica&quot;","block_context":{"text":"Agenda Pol\u00edtica","link":"https:\/\/redaccionoaxaca.com\/index.php\/category\/agenda-politica\/"},"img":{"alt_text":"","src":"https:\/\/i0.wp.com\/redaccionoaxaca.com\/wp-content\/uploads\/2026\/01\/IMG-20260127-WA0122-1.jpg?fit=1069%2C715&ssl=1&resize=350%2C200","width":350,"height":200,"srcset":"https:\/\/i0.wp.com\/redaccionoaxaca.com\/wp-content\/uploads\/2026\/01\/IMG-20260127-WA0122-1.jpg?fit=1069%2C715&ssl=1&resize=350%2C200 1x, https:\/\/i0.wp.com\/redaccionoaxaca.com\/wp-content\/uploads\/2026\/01\/IMG-20260127-WA0122-1.jpg?fit=1069%2C715&ssl=1&resize=525%2C300 1.5x, https:\/\/i0.wp.com\/redaccionoaxaca.com\/wp-content\/uploads\/2026\/01\/IMG-20260127-WA0122-1.jpg?fit=1069%2C715&ssl=1&resize=700%2C400 2x, https:\/\/i0.wp.com\/redaccionoaxaca.com\/wp-content\/uploads\/2026\/01\/IMG-20260127-WA0122-1.jpg?fit=1069%2C715&ssl=1&resize=1050%2C600 3x"},"classes":[]}],"jetpack_featured_media_url":"https:\/\/i0.wp.com\/redaccionoaxaca.com\/wp-content\/uploads\/2026\/09\/IMG-20260903-WA0141.jpg?fit=1600%2C1120&ssl=1","_links":{"self":[{"href":"https:\/\/redaccionoaxaca.com\/index.php\/wp-json\/wp\/v2\/posts\/43754","targetHints":{"allow":["GET"]}}],"collection":[{"href":"https:\/\/redaccionoaxaca.com\/index.php\/wp-json\/wp\/v2\/posts"}],"about":[{"href":"https:\/\/redaccionoaxaca.com\/index.php\/wp-json\/wp\/v2\/types\/post"}],"author":[{"embeddable":true,"href":"https:\/\/redaccionoaxaca.com\/index.php\/wp-json\/wp\/v2\/users\/9"}],"replies":[{"embeddable":true,"href":"https:\/\/redaccionoaxaca.com\/index.php\/wp-json\/wp\/v2\/comments?post=43754"}],"version-history":[{"count":1,"href":"https:\/\/redaccionoaxaca.com\/index.php\/wp-json\/wp\/v2\/posts\/43754\/revisions"}],"predecessor-version":[{"id":43758,"href":"https:\/\/redaccionoaxaca.com\/index.php\/wp-json\/wp\/v2\/posts\/43754\/revisions\/43758"}],"wp:featuredmedia":[{"embeddable":true,"href":"https:\/\/redaccionoaxaca.com\/index.php\/wp-json\/wp\/v2\/media\/43757"}],"wp:attachment":[{"href":"https:\/\/redaccionoaxaca.com\/index.php\/wp-json\/wp\/v2\/media?parent=43754"}],"wp:term":[{"taxonomy":"category","embeddable":true,"href":"https:\/\/redaccionoaxaca.com\/index.php\/wp-json\/wp\/v2\/categories?post=43754"},{"taxonomy":"post_tag","embeddable":true,"href":"https:\/\/redaccionoaxaca.com\/index.php\/wp-json\/wp\/v2\/tags?post=43754"}],"curies":[{"name":"wp","href":"https:\/\/api.w.org\/{rel}","templated":true}]}}