{"id":43759,"date":"2026-09-04T11:12:53","date_gmt":"2026-09-04T17:12:53","guid":{"rendered":"https:\/\/redaccionoaxaca.com\/?p=43759"},"modified":"2026-09-04T11:12:53","modified_gmt":"2026-09-04T17:12:53","slug":"oaxaca-despliega-seguridad-en-chimalapas-ante-tension-por-conflicto-agrario-con-ejido-gustavo-diaz-ordaz","status":"publish","type":"post","link":"https:\/\/redaccionoaxaca.com\/index.php\/2026\/09\/04\/oaxaca-despliega-seguridad-en-chimalapas-ante-tension-por-conflicto-agrario-con-ejido-gustavo-diaz-ordaz\/","title":{"rendered":"Oaxaca despliega seguridad en Chimalapas ante tensi\u00f3n por conflicto agrario con ejido Gustavo D\u00edaz Ordaz"},"content":{"rendered":"<p><strong>#Redacci\u00f3nOaxaca<\/strong><\/p>\n<p><strong>#Oaxaca<\/strong><\/p>\n<p><strong>#JaimeGUERRERO<\/strong><\/p>\n<p style=\"text-align: justify;\">El Gobierno de Oaxaca despleg\u00f3 un operativo de seguridad y mantiene presencia interinstitucional en Los Chimalapas ante el riesgo de que escale el conflicto agrario entre comuneros de San Miguel Chimalapa y habitantes del ejido Gustavo D\u00edaz Ordaz, luego de vencer el plazo fijado por los zoques para alcanzar un acuerdo sobre las tierras en disputa.<\/p>\n<p style=\"text-align: justify;\">La tensi\u00f3n aument\u00f3 este viernes, cuando una comisi\u00f3n de alrededor de 500 comuneros anunci\u00f3 que acudir\u00eda a Gustavo D\u00edaz Ordaz para continuar un proceso de conciliaci\u00f3n directa y buscar la restituci\u00f3n pac\u00edfica de aproximadamente 4 mil 975 hect\u00e1reas que reclaman como parte de su territorio comunal.<\/p>\n<p style=\"text-align: justify;\">La Secretar\u00eda de Gobierno (Sego) inform\u00f3 que mantiene \u201catenci\u00f3n permanente en territorio\u201d y asegur\u00f3 que la prioridad es evitar hechos de violencia mediante el di\u00e1logo, la conciliaci\u00f3n y la construcci\u00f3n de acuerdos.<\/p>\n<p style=\"text-align: justify;\">En la zona participan la Sego, la Secretar\u00eda de Seguridad y Protecci\u00f3n Ciudadana, la representaci\u00f3n de la Secretar\u00eda de Gobernaci\u00f3n, la Coordinaci\u00f3n de Delegados de Paz Social, la Junta de Conciliaci\u00f3n Agraria y la Defensor\u00eda de los Derechos Humanos del Pueblo de Oaxaca.<\/p>\n<p style=\"text-align: justify;\">El conflicto se agudiz\u00f3 despu\u00e9s de que San Miguel Chimalapa emplaz\u00f3 a los habitantes de Gustavo D\u00edaz Ordaz a definir si disuelven voluntariamente el ejido y se incorporan al r\u00e9gimen comunal zoque o dejan las tierras reclamadas. Los ejidatarios han rechazado esa exigencia y defienden los derechos agrarios que aseguran tener reconocidos.<\/p>\n<p style=\"text-align: justify;\">En respuesta a la movilizaci\u00f3n anunciada por los Chimalapas, el Gobierno de Chiapas tambi\u00e9n reforz\u00f3 su presencia de seguridad con elementos estatales y de la Guardia Nacional y advirti\u00f3 que no tolerar\u00e1 actos de violencia ni despojo, al tiempo que llam\u00f3 a privilegiar el di\u00e1logo.<\/p>\n<p style=\"text-align: justify;\">El trasfondo del conflicto se remonta a m\u00e1s de medio siglo. En noviembre de 2021, la Suprema Corte de Justicia de la Naci\u00f3n resolvi\u00f3 la controversia constitucional sobre los l\u00edmites entre Oaxaca y Chiapas, fallo que reconoci\u00f3 a Oaxaca alrededor de 160 mil hect\u00e1reas que permanec\u00edan en disputa.<\/p>\n<p style=\"text-align: justify;\">Sin embargo, la resoluci\u00f3n territorial no extingui\u00f3 autom\u00e1ticamente los derechos agrarios previamente reconocidos a ejidos asentados en la zona, entre ellos Gustavo D\u00edaz Ordaz, por lo que persiste una controversia agraria distinta a la disputa lim\u00edtrofe entre ambos estados.<\/p>\n<p style=\"text-align: justify;\">El Gobierno de Oaxaca inform\u00f3 que mantiene comunicaci\u00f3n permanente con la Secretar\u00eda de Gobernaci\u00f3n y el Gobierno de Chiapas para coordinar acciones y evitar una confrontaci\u00f3n.<\/p>\n<p style=\"text-align: justify;\">Mientras tanto, la Procuradur\u00eda Agraria propuso instalar el pr\u00f3ximo lunes 7 de septiembre una mesa agraria en Oaxaca para buscar una salida institucional al conflicto.<\/p>\n<p>&nbsp;<\/p>\n","protected":false},"excerpt":{"rendered":"<p>#Redacci\u00f3nOaxaca #Oaxaca #JaimeGUERRERO El Gobierno de Oaxaca despleg\u00f3 un operativo de seguridad y mantiene presencia interinstitucional en Los Chimalapas ante el riesgo de que escale el conflicto agrario entre comuneros de San Miguel Chimalapa y habitantes del ejido Gustavo D\u00edaz Ordaz, luego de vencer el plazo fijado por los zoques para alcanzar un acuerdo sobre [&hellip;]<\/p>\n","protected":false},"author":9,"featured_media":43760,"comment_status":"open","ping_status":"open","sticky":false,"template":"","format":"standard","meta":{"_jetpack_newsletter_access":"","_jetpack_dont_email_post_to_subs":false,"_jetpack_newsletter_tier_id":0,"_jetpack_memberships_contains_paywalled_content":false,"_jetpack_feature_clip_id":0,"_jetpack_memberships_contains_paid_content":false,"footnotes":"","jetpack_publicize_message":"","jetpack_publicize_feature_enabled":true,"jetpack_social_post_already_shared":true,"jetpack_social_options":{"image_generator_settings":{"template":"highway","default_image_id":0,"font":"","enabled":false},"version":2},"jetpack_post_was_ever_published":false},"categories":[4,3,6],"tags":[],"class_list":{"0":"post-43759","1":"post","2":"type-post","3":"status-publish","4":"format-standard","5":"has-post-thumbnail","7":"category-agenda-politica","8":"category-mesa-de-redaccion","9":"category-tendencias"},"jetpack_publicize_connections":[],"jetpack_sharing_enabled":true,"jetpack_shortlink":"https:\/\/wp.me\/p9Ynjw-bnN","jetpack-related-posts":[{"id":34549,"url":"https:\/\/redaccionoaxaca.com\/index.php\/2024\/11\/23\/chimalapas-advierten-desalojo-de-chiapanecos-tras-reconocimiento-de-tribunal-agrario-a-cal-y-mayor-y-canaan-como-ejidos\/","url_meta":{"origin":43759,"position":0},"title":"Chimalapas advierten desalojo de chiapanecos, tras reconocimiento de Tribunal Agrario a Cal y Mayor y Canaan como ejidos","author":"ariadna","date":"noviembre 23, 2024","format":false,"excerpt":"#Redacci\u00f3nOaxaca #Oaxaca Jaime GUERRERO Luego de que, la Procuradur\u00eda Agraria, pierde litigio ante Tribunal Unitario Agrario en Tuxtepec, quien reconoci\u00f3 como ejidos a las comunidades Rafael Cal y Mayor y Canaan, fundadas por habitantes de Chiapas en territorio de Oaxaca, autoridades de Bienes Comunales de Santa Mar\u00eda Chimalapas, advierten desalojo\u2026","rel":"","context":"En &quot;Al Cierre&quot;","block_context":{"text":"Al Cierre","link":"https:\/\/redaccionoaxaca.com\/index.php\/category\/al-cierre\/"},"img":{"alt_text":"","src":"","width":0,"height":0},"classes":[]},{"id":40747,"url":"https:\/\/redaccionoaxaca.com\/index.php\/2026\/02\/27\/asesinan-a-comunero-mixe-en-loma-santa-cruz-mas-de-130-familias-huyen-por-incursion-armada-de-petapa\/","url_meta":{"origin":43759,"position":1},"title":"Asesinan a comunero mixe en Loma Santa Cruz; m\u00e1s de 130 familias huyen por incursi\u00f3n armada de Petapa","author":"ariadna","date":"febrero 27, 2026","format":false,"excerpt":"#Redacci\u00f3nOaxaca #Oaxaca #JaimeGUERRERO El comunero Israel Cabrera Andr\u00e9s, vecino de la comunidad de Loma Santa Cruz, perteneciente al municipio de San Juan Mazatl\u00e1n, en la regi\u00f3n Mixe de Oaxaca, fue asesinado el pasado 25 de febrero, presuntamente por integrantes del grupo armado vinculado a las autoridades de Santo Domingo Petapa.\u2026","rel":"","context":"En &quot;Agenda Pol\u00edtica&quot;","block_context":{"text":"Agenda Pol\u00edtica","link":"https:\/\/redaccionoaxaca.com\/index.php\/category\/agenda-politica\/"},"img":{"alt_text":"","src":"https:\/\/i0.wp.com\/redaccionoaxaca.com\/wp-content\/uploads\/2026\/02\/28-13.jpg?fit=1000%2C600&ssl=1&resize=350%2C200","width":350,"height":200,"srcset":"https:\/\/i0.wp.com\/redaccionoaxaca.com\/wp-content\/uploads\/2026\/02\/28-13.jpg?fit=1000%2C600&ssl=1&resize=350%2C200 1x, https:\/\/i0.wp.com\/redaccionoaxaca.com\/wp-content\/uploads\/2026\/02\/28-13.jpg?fit=1000%2C600&ssl=1&resize=525%2C300 1.5x, https:\/\/i0.wp.com\/redaccionoaxaca.com\/wp-content\/uploads\/2026\/02\/28-13.jpg?fit=1000%2C600&ssl=1&resize=700%2C400 2x"},"classes":[]},{"id":40779,"url":"https:\/\/redaccionoaxaca.com\/index.php\/2026\/03\/02\/retienen-comuneros-de-santa-maria-chimalapa-oaxaca-a-procurador-agrario-tras-perder-juicio-por-ejidos-chiapanecos-piden-reunion-con-sheinbaum\/","url_meta":{"origin":43759,"position":2},"title":"Retienen comuneros de Santa Mar\u00eda Chimalapa, Oaxaca a Procurador Agrario tras perder juicio por ejidos chiapanecos; piden reuni\u00f3n con Sheinbaum.","author":"ariadna","date":"marzo 2, 2026","format":false,"excerpt":"#Redacci\u00f3nOaxaca #Oaxaca #JaimeGUERRERO Pobladores de Santa Mar\u00eda Chimalapa, municipio ind\u00edgena zoque de la regi\u00f3n del Istmo de Tehuantepec, retuvieron esta tarde al titular de la Procuradur\u00eda Agraria Nacional, V\u00edctor Su\u00e1rez Carrera, al t\u00e9rmino de una asamblea comunitaria convocada para analizar el m\u00e1s reciente rev\u00e9s judicial en la disputa por los\u2026","rel":"","context":"En &quot;Agenda Pol\u00edtica&quot;","block_context":{"text":"Agenda Pol\u00edtica","link":"https:\/\/redaccionoaxaca.com\/index.php\/category\/agenda-politica\/"},"img":{"alt_text":"","src":"https:\/\/i0.wp.com\/redaccionoaxaca.com\/wp-content\/uploads\/2026\/03\/IMG-20260302-WA0254.jpg?fit=960%2C720&ssl=1&resize=350%2C200","width":350,"height":200,"srcset":"https:\/\/i0.wp.com\/redaccionoaxaca.com\/wp-content\/uploads\/2026\/03\/IMG-20260302-WA0254.jpg?fit=960%2C720&ssl=1&resize=350%2C200 1x, https:\/\/i0.wp.com\/redaccionoaxaca.com\/wp-content\/uploads\/2026\/03\/IMG-20260302-WA0254.jpg?fit=960%2C720&ssl=1&resize=525%2C300 1.5x, https:\/\/i0.wp.com\/redaccionoaxaca.com\/wp-content\/uploads\/2026\/03\/IMG-20260302-WA0254.jpg?fit=960%2C720&ssl=1&resize=700%2C400 2x"},"classes":[]},{"id":38257,"url":"https:\/\/redaccionoaxaca.com\/index.php\/2025\/09\/15\/balacera-por-conflicto-agrario-en-amoltepec-deja-heridos-y-un-desaparecido-helicoptero-traslada-a-lesionados-a-oaxaca\/","url_meta":{"origin":43759,"position":3},"title":"Balacera por conflicto agrario en Amoltepec deja heridos y un desaparecido; helic\u00f3ptero traslada a lesionados a Oaxaca","author":"ariadna","date":"septiembre 15, 2025","format":false,"excerpt":"#Redacci\u00f3nOaxaca #Oaxaca El hist\u00f3rico pleito de tierras entre Santiago Amoltepec y Santa Mar\u00eda Zaniza volvi\u00f3 a estallar en violencia. Un enfrentamiento armado, la ma\u00f1ana de este lunes, dej\u00f3 dos personas heridas y una desaparecida. El secretario de Gobierno, Jes\u00fas Romero L\u00f3pez, inform\u00f3 que el choque ocurri\u00f3 cuando un grupo de\u2026","rel":"","context":"En &quot;Agenda Pol\u00edtica&quot;","block_context":{"text":"Agenda Pol\u00edtica","link":"https:\/\/redaccionoaxaca.com\/index.php\/category\/agenda-politica\/"},"img":{"alt_text":"","src":"https:\/\/i0.wp.com\/redaccionoaxaca.com\/wp-content\/uploads\/2025\/09\/InShot_20250915_142525830-1.jpg?fit=1200%2C798&ssl=1&resize=350%2C200","width":350,"height":200,"srcset":"https:\/\/i0.wp.com\/redaccionoaxaca.com\/wp-content\/uploads\/2025\/09\/InShot_20250915_142525830-1.jpg?fit=1200%2C798&ssl=1&resize=350%2C200 1x, https:\/\/i0.wp.com\/redaccionoaxaca.com\/wp-content\/uploads\/2025\/09\/InShot_20250915_142525830-1.jpg?fit=1200%2C798&ssl=1&resize=525%2C300 1.5x, https:\/\/i0.wp.com\/redaccionoaxaca.com\/wp-content\/uploads\/2025\/09\/InShot_20250915_142525830-1.jpg?fit=1200%2C798&ssl=1&resize=700%2C400 2x, https:\/\/i0.wp.com\/redaccionoaxaca.com\/wp-content\/uploads\/2025\/09\/InShot_20250915_142525830-1.jpg?fit=1200%2C798&ssl=1&resize=1050%2C600 3x"},"classes":[]},{"id":40794,"url":"https:\/\/redaccionoaxaca.com\/index.php\/2026\/03\/03\/liberan-a-procurador-agrario-retenido-en-santa-maria-chimalapa-oaxaca-tras-acuerdo-de-mesa-con-segob\/","url_meta":{"origin":43759,"position":4},"title":"Liberan a Procurador Agrario retenido en Santa Mar\u00eda Chimalapa, Oaxaca, tras acuerdo de mesa con Segob","author":"ariadna","date":"marzo 3, 2026","format":"video","excerpt":"#Redacci\u00f3nOaxaca #Oaxaca #JaimeGUERRERO El Procurador Agrario Nacional, V\u00edctor Su\u00e1rez Carrera, fue liberado este martes a las 14:30 horas en el crucero de la agencia municipal El Mezquite, Ixtaltepec, luego de permanecer retenido desde el d\u00eda anterior por comuneros ind\u00edgenas zoques de Santa Mar\u00eda Chimalapa, quienes exig\u00edan una audiencia con la\u2026","rel":"","context":"En &quot;Agenda Pol\u00edtica&quot;","block_context":{"text":"Agenda Pol\u00edtica","link":"https:\/\/redaccionoaxaca.com\/index.php\/category\/agenda-politica\/"},"img":{"alt_text":"","src":"https:\/\/i0.wp.com\/redaccionoaxaca.com\/wp-content\/uploads\/2026\/03\/Screenshot_20260303_161220_WhatsApp-scaled.jpg?fit=1200%2C889&ssl=1&resize=350%2C200","width":350,"height":200,"srcset":"https:\/\/i0.wp.com\/redaccionoaxaca.com\/wp-content\/uploads\/2026\/03\/Screenshot_20260303_161220_WhatsApp-scaled.jpg?fit=1200%2C889&ssl=1&resize=350%2C200 1x, https:\/\/i0.wp.com\/redaccionoaxaca.com\/wp-content\/uploads\/2026\/03\/Screenshot_20260303_161220_WhatsApp-scaled.jpg?fit=1200%2C889&ssl=1&resize=525%2C300 1.5x, https:\/\/i0.wp.com\/redaccionoaxaca.com\/wp-content\/uploads\/2026\/03\/Screenshot_20260303_161220_WhatsApp-scaled.jpg?fit=1200%2C889&ssl=1&resize=700%2C400 2x, https:\/\/i0.wp.com\/redaccionoaxaca.com\/wp-content\/uploads\/2026\/03\/Screenshot_20260303_161220_WhatsApp-scaled.jpg?fit=1200%2C889&ssl=1&resize=1050%2C600 3x"},"classes":[]},{"id":16766,"url":"https:\/\/redaccionoaxaca.com\/index.php\/2021\/02\/08\/video-acusan-a-edil-municipal-de-ixcatlan-de-querer-reventar-acuerdo-de-paz-entre-comunidades-de-chalcatongo-e-ixcatlan-por-un-conflicto-agrario\/","url_meta":{"origin":43759,"position":5},"title":"VIDEO: Acusan a edil municipal de Ixcatl\u00e1n de querer reventar Acuerdo de Paz, entre comunidades de Chalcatongo e Ixcatl\u00e1n por un conflicto agrario.","author":"ariadna","date":"febrero 8, 2021","format":"video","excerpt":"#Redacci\u00f3nOaxaca #Oaxaca Ariadna Mendoza Autoridades comunales de #Chalcatongo de Hidalgo y Santo Domingo #Ixcatl\u00e1n protestaron frente a palacio para denunciar al presidente municipal de Santo Domingo Ixcatl\u00e1n, Bertoldo Bernab\u00e9 Garc\u00eda, de querer reventar el acuerdo de paz sobre un a\u00f1ejo conflicto agrario que ha prevalecido por m\u00e1s de 50 a\u00f1os\u2026","rel":"","context":"En &quot;Agenda Pol\u00edtica&quot;","block_context":{"text":"Agenda Pol\u00edtica","link":"https:\/\/redaccionoaxaca.com\/index.php\/category\/agenda-politica\/"},"img":{"alt_text":"","src":"","width":0,"height":0},"classes":[]}],"jetpack_featured_media_url":"https:\/\/i0.wp.com\/redaccionoaxaca.com\/wp-content\/uploads\/2026\/09\/3-6-600x3601-1.jpg?fit=2400%2C1332&ssl=1","_links":{"self":[{"href":"https:\/\/redaccionoaxaca.com\/index.php\/wp-json\/wp\/v2\/posts\/43759","targetHints":{"allow":["GET"]}}],"collection":[{"href":"https:\/\/redaccionoaxaca.com\/index.php\/wp-json\/wp\/v2\/posts"}],"about":[{"href":"https:\/\/redaccionoaxaca.com\/index.php\/wp-json\/wp\/v2\/types\/post"}],"author":[{"embeddable":true,"href":"https:\/\/redaccionoaxaca.com\/index.php\/wp-json\/wp\/v2\/users\/9"}],"replies":[{"embeddable":true,"href":"https:\/\/redaccionoaxaca.com\/index.php\/wp-json\/wp\/v2\/comments?post=43759"}],"version-history":[{"count":1,"href":"https:\/\/redaccionoaxaca.com\/index.php\/wp-json\/wp\/v2\/posts\/43759\/revisions"}],"predecessor-version":[{"id":43761,"href":"https:\/\/redaccionoaxaca.com\/index.php\/wp-json\/wp\/v2\/posts\/43759\/revisions\/43761"}],"wp:featuredmedia":[{"embeddable":true,"href":"https:\/\/redaccionoaxaca.com\/index.php\/wp-json\/wp\/v2\/media\/43760"}],"wp:attachment":[{"href":"https:\/\/redaccionoaxaca.com\/index.php\/wp-json\/wp\/v2\/media?parent=43759"}],"wp:term":[{"taxonomy":"category","embeddable":true,"href":"https:\/\/redaccionoaxaca.com\/index.php\/wp-json\/wp\/v2\/categories?post=43759"},{"taxonomy":"post_tag","embeddable":true,"href":"https:\/\/redaccionoaxaca.com\/index.php\/wp-json\/wp\/v2\/tags?post=43759"}],"curies":[{"name":"wp","href":"https:\/\/api.w.org\/{rel}","templated":true}]}}