{"id":43762,"date":"2026-09-04T17:58:44","date_gmt":"2026-09-04T23:58:44","guid":{"rendered":"https:\/\/redaccionoaxaca.com\/?p=43762"},"modified":"2026-09-04T17:58:44","modified_gmt":"2026-09-04T23:58:44","slug":"ray-chagoya-fortalece-el-trabajo-en-territorio-en-la-zona-norte-de-oaxaca-de-juarez","status":"publish","type":"post","link":"https:\/\/redaccionoaxaca.com\/index.php\/2026\/09\/04\/ray-chagoya-fortalece-el-trabajo-en-territorio-en-la-zona-norte-de-oaxaca-de-juarez\/","title":{"rendered":"Ray Chagoya fortalece el trabajo en territorio en la zona norte de Oaxaca de Ju\u00e1rez"},"content":{"rendered":"<p><strong>#Redacci\u00f3nOaxaca<\/strong><\/p>\n<p><strong>#Oaxaca<\/strong><\/p>\n<p style=\"text-align: justify;\">Como parte del trabajo cercano y permanente en territorio, el presidente municipal de Oaxaca de Ju\u00e1rez, Ray Chagoya, encabez\u00f3 un recorrido con vecinas y vecinos de la zona norte de la ciudad para conocer de manera directa sus solicitudes y las principales necesidades del entorno.<\/p>\n<p><img data-recalc-dims=\"1\" loading=\"lazy\" decoding=\"async\" data-attachment-id=\"43764\" data-permalink=\"https:\/\/redaccionoaxaca.com\/index.php\/2026\/09\/04\/ray-chagoya-fortalece-el-trabajo-en-territorio-en-la-zona-norte-de-oaxaca-de-juarez\/img-20260904-wa0059\/\" data-orig-file=\"https:\/\/i0.wp.com\/redaccionoaxaca.com\/wp-content\/uploads\/2026\/09\/IMG-20260904-WA0059.jpg?fit=1280%2C960&amp;ssl=1\" data-orig-size=\"1280,960\" data-comments-opened=\"1\" data-image-meta=\"{&quot;aperture&quot;:&quot;0&quot;,&quot;credit&quot;:&quot;&quot;,&quot;camera&quot;:&quot;&quot;,&quot;caption&quot;:&quot;&quot;,&quot;created_timestamp&quot;:&quot;0&quot;,&quot;copyright&quot;:&quot;&quot;,&quot;focal_length&quot;:&quot;0&quot;,&quot;iso&quot;:&quot;0&quot;,&quot;shutter_speed&quot;:&quot;0&quot;,&quot;title&quot;:&quot;&quot;,&quot;orientation&quot;:&quot;0&quot;}\" data-image-title=\"IMG-20260904-WA0059\" data-image-description=\"\" data-image-caption=\"\" data-large-file=\"https:\/\/i0.wp.com\/redaccionoaxaca.com\/wp-content\/uploads\/2026\/09\/IMG-20260904-WA0059.jpg?fit=696%2C522&amp;ssl=1\" class=\"size-medium wp-image-43764 aligncenter\" src=\"https:\/\/i0.wp.com\/redaccionoaxaca.com\/wp-content\/uploads\/2026\/09\/IMG-20260904-WA0059.jpg?resize=300%2C225&#038;ssl=1\" alt=\"\" width=\"300\" height=\"225\" srcset=\"https:\/\/i0.wp.com\/redaccionoaxaca.com\/wp-content\/uploads\/2026\/09\/IMG-20260904-WA0059.jpg?resize=300%2C225&amp;ssl=1 300w, https:\/\/i0.wp.com\/redaccionoaxaca.com\/wp-content\/uploads\/2026\/09\/IMG-20260904-WA0059.jpg?resize=1024%2C768&amp;ssl=1 1024w, https:\/\/i0.wp.com\/redaccionoaxaca.com\/wp-content\/uploads\/2026\/09\/IMG-20260904-WA0059.jpg?resize=768%2C576&amp;ssl=1 768w, https:\/\/i0.wp.com\/redaccionoaxaca.com\/wp-content\/uploads\/2026\/09\/IMG-20260904-WA0059.jpg?resize=560%2C420&amp;ssl=1 560w, https:\/\/i0.wp.com\/redaccionoaxaca.com\/wp-content\/uploads\/2026\/09\/IMG-20260904-WA0059.jpg?resize=80%2C60&amp;ssl=1 80w, https:\/\/i0.wp.com\/redaccionoaxaca.com\/wp-content\/uploads\/2026\/09\/IMG-20260904-WA0059.jpg?resize=696%2C522&amp;ssl=1 696w, https:\/\/i0.wp.com\/redaccionoaxaca.com\/wp-content\/uploads\/2026\/09\/IMG-20260904-WA0059.jpg?resize=1068%2C801&amp;ssl=1 1068w, https:\/\/i0.wp.com\/redaccionoaxaca.com\/wp-content\/uploads\/2026\/09\/IMG-20260904-WA0059.jpg?resize=265%2C198&amp;ssl=1 265w, https:\/\/i0.wp.com\/redaccionoaxaca.com\/wp-content\/uploads\/2026\/09\/IMG-20260904-WA0059.jpg?w=1280&amp;ssl=1 1280w\" sizes=\"auto, (max-width: 300px) 100vw, 300px\" \/><\/p>\n<p>&nbsp;<\/p>\n<p style=\"text-align: justify;\">Durante la jornada se identificaron diversos puntos que requieren atenci\u00f3n como el alumbrado p\u00fablico, el reforzamiento de la seguridad y la recolecci\u00f3n de residuos, al respecto, el edil indic\u00f3 que estas peticiones ser\u00e1n canalizadas a las \u00e1reas municipales correspondientes para dar seguimiento a las acciones necesarias.<\/p>\n<p style=\"text-align: justify;\">Con estos recorridos, Ray Chagoya mantiene una pol\u00edtica de cercan\u00eda con la ciudadan\u00eda, escuchando directamente a las vecinas y vecinos, y orientando los esfuerzos del Gobierno Municipal hacia soluciones que contribuyan a mejorar la vida cotidiana, el orden y la seguridad en las distintas zonas de Oaxaca de Ju\u00e1rez.<\/p>\n<p><img data-recalc-dims=\"1\" loading=\"lazy\" decoding=\"async\" data-attachment-id=\"43763\" data-permalink=\"https:\/\/redaccionoaxaca.com\/index.php\/2026\/09\/04\/ray-chagoya-fortalece-el-trabajo-en-territorio-en-la-zona-norte-de-oaxaca-de-juarez\/inshot_20260904_175704697\/\" data-orig-file=\"https:\/\/i0.wp.com\/redaccionoaxaca.com\/wp-content\/uploads\/2026\/09\/InShot_20260904_175704697.jpg?fit=1920%2C1920&amp;ssl=1\" data-orig-size=\"1920,1920\" data-comments-opened=\"1\" data-image-meta=\"{&quot;aperture&quot;:&quot;0&quot;,&quot;credit&quot;:&quot;&quot;,&quot;camera&quot;:&quot;&quot;,&quot;caption&quot;:&quot;&quot;,&quot;created_timestamp&quot;:&quot;0&quot;,&quot;copyright&quot;:&quot;&quot;,&quot;focal_length&quot;:&quot;0&quot;,&quot;iso&quot;:&quot;0&quot;,&quot;shutter_speed&quot;:&quot;0&quot;,&quot;title&quot;:&quot;&quot;,&quot;orientation&quot;:&quot;0&quot;}\" data-image-title=\"InShot_20260904_175704697\" data-image-description=\"\" data-image-caption=\"\" data-large-file=\"https:\/\/i0.wp.com\/redaccionoaxaca.com\/wp-content\/uploads\/2026\/09\/InShot_20260904_175704697.jpg?fit=696%2C696&amp;ssl=1\" class=\"size-medium wp-image-43763 aligncenter\" src=\"https:\/\/i0.wp.com\/redaccionoaxaca.com\/wp-content\/uploads\/2026\/09\/InShot_20260904_175704697.jpg?resize=300%2C300&#038;ssl=1\" alt=\"\" width=\"300\" height=\"300\" srcset=\"https:\/\/i0.wp.com\/redaccionoaxaca.com\/wp-content\/uploads\/2026\/09\/InShot_20260904_175704697.jpg?resize=300%2C300&amp;ssl=1 300w, https:\/\/i0.wp.com\/redaccionoaxaca.com\/wp-content\/uploads\/2026\/09\/InShot_20260904_175704697.jpg?resize=1024%2C1024&amp;ssl=1 1024w, https:\/\/i0.wp.com\/redaccionoaxaca.com\/wp-content\/uploads\/2026\/09\/InShot_20260904_175704697.jpg?resize=150%2C150&amp;ssl=1 150w, https:\/\/i0.wp.com\/redaccionoaxaca.com\/wp-content\/uploads\/2026\/09\/InShot_20260904_175704697.jpg?resize=768%2C768&amp;ssl=1 768w, https:\/\/i0.wp.com\/redaccionoaxaca.com\/wp-content\/uploads\/2026\/09\/InShot_20260904_175704697.jpg?resize=1536%2C1536&amp;ssl=1 1536w, https:\/\/i0.wp.com\/redaccionoaxaca.com\/wp-content\/uploads\/2026\/09\/InShot_20260904_175704697.jpg?resize=420%2C420&amp;ssl=1 420w, https:\/\/i0.wp.com\/redaccionoaxaca.com\/wp-content\/uploads\/2026\/09\/InShot_20260904_175704697.jpg?resize=696%2C696&amp;ssl=1 696w, https:\/\/i0.wp.com\/redaccionoaxaca.com\/wp-content\/uploads\/2026\/09\/InShot_20260904_175704697.jpg?resize=1068%2C1068&amp;ssl=1 1068w, https:\/\/i0.wp.com\/redaccionoaxaca.com\/wp-content\/uploads\/2026\/09\/InShot_20260904_175704697.jpg?w=1920&amp;ssl=1 1920w, https:\/\/i0.wp.com\/redaccionoaxaca.com\/wp-content\/uploads\/2026\/09\/InShot_20260904_175704697.jpg?w=1392&amp;ssl=1 1392w\" sizes=\"auto, (max-width: 300px) 100vw, 300px\" \/><\/p>\n","protected":false},"excerpt":{"rendered":"<p>#Redacci\u00f3nOaxaca #Oaxaca Como parte del trabajo cercano y permanente en territorio, el presidente municipal de Oaxaca de Ju\u00e1rez, Ray Chagoya, encabez\u00f3 un recorrido con vecinas y vecinos de la zona norte de la ciudad para conocer de manera directa sus solicitudes y las principales necesidades del entorno. &nbsp; Durante la jornada se identificaron diversos puntos [&hellip;]<\/p>\n","protected":false},"author":9,"featured_media":43765,"comment_status":"open","ping_status":"open","sticky":false,"template":"","format":"standard","meta":{"_jetpack_newsletter_access":"","_jetpack_dont_email_post_to_subs":false,"_jetpack_newsletter_tier_id":0,"_jetpack_memberships_contains_paywalled_content":false,"_jetpack_feature_clip_id":0,"_jetpack_memberships_contains_paid_content":false,"footnotes":"","jetpack_publicize_message":"","jetpack_publicize_feature_enabled":true,"jetpack_social_post_already_shared":true,"jetpack_social_options":{"image_generator_settings":{"template":"highway","default_image_id":0,"font":"","enabled":false},"version":2},"jetpack_post_was_ever_published":false},"categories":[4,7,5],"tags":[],"class_list":{"0":"post-43762","1":"post","2":"type-post","3":"status-publish","4":"format-standard","5":"has-post-thumbnail","7":"category-agenda-politica","8":"category-al-cierre","9":"category-imagen"},"jetpack_publicize_connections":[],"jetpack_sharing_enabled":true,"jetpack_shortlink":"https:\/\/wp.me\/p9Ynjw-bnQ","jetpack-related-posts":[{"id":43577,"url":"https:\/\/redaccionoaxaca.com\/index.php\/2026\/08\/21\/ray-chagoya-fortalece-y-dignifica-la-labor-de-la-policia-de-oaxaca-de-juarez-con-27-ascensos-y-entrega-de-uniformes\/","url_meta":{"origin":43762,"position":0},"title":"Ray Chagoya fortalece y dignifica la labor de la polic\u00eda de Oaxaca de Ju\u00e1rez con 27 ascensos y entrega de uniformes","author":"ariadna","date":"agosto 21, 2026","format":false,"excerpt":"#Redacci\u00f3nOaxaca #Oaxaca El presidente municipal de Oaxaca de Ju\u00e1rez, Ray Chagoya, encabez\u00f3 la Ceremonia de Ascenso y Entrega de Uniformes a 27 elementos de la Secretar\u00eda de Seguridad Vecinal, como parte de las acciones para fortalecer a la Polic\u00eda Municipal y a la Polic\u00eda Vial, as\u00ed como avanzar en la\u2026","rel":"","context":"En &quot;Agenda Pol\u00edtica&quot;","block_context":{"text":"Agenda Pol\u00edtica","link":"https:\/\/redaccionoaxaca.com\/index.php\/category\/agenda-politica\/"},"img":{"alt_text":"","src":"https:\/\/i0.wp.com\/redaccionoaxaca.com\/wp-content\/uploads\/2026\/08\/IMG-20260821-WA0113.jpg?fit=1200%2C800&ssl=1&resize=350%2C200","width":350,"height":200,"srcset":"https:\/\/i0.wp.com\/redaccionoaxaca.com\/wp-content\/uploads\/2026\/08\/IMG-20260821-WA0113.jpg?fit=1200%2C800&ssl=1&resize=350%2C200 1x, https:\/\/i0.wp.com\/redaccionoaxaca.com\/wp-content\/uploads\/2026\/08\/IMG-20260821-WA0113.jpg?fit=1200%2C800&ssl=1&resize=525%2C300 1.5x, https:\/\/i0.wp.com\/redaccionoaxaca.com\/wp-content\/uploads\/2026\/08\/IMG-20260821-WA0113.jpg?fit=1200%2C800&ssl=1&resize=700%2C400 2x, https:\/\/i0.wp.com\/redaccionoaxaca.com\/wp-content\/uploads\/2026\/08\/IMG-20260821-WA0113.jpg?fit=1200%2C800&ssl=1&resize=1050%2C600 3x"},"classes":[]},{"id":39611,"url":"https:\/\/redaccionoaxaca.com\/index.php\/2025\/12\/26\/ray-chagoya-refrenda-compromiso-de-trabajo-conjunto-con-medios-de-comunicacion\/","url_meta":{"origin":43762,"position":1},"title":"Ray Chagoya refrenda compromiso de trabajo conjunto con medios de comunicaci\u00f3n","author":"ariadna","date":"diciembre 26, 2025","format":false,"excerpt":"#Redacci\u00f3nOaxaca #Oaxaca * Di\u00e1logo abierto, balance de resultados y visi\u00f3n de futuro marcan encuentro de fin de a\u00f1o en Oaxaca de Ju\u00e1rez Oaxaca de Ju\u00e1rez, Oax., 26 de diciembre de 2025.\u2013 En el marco del cierre de a\u00f1o, el presidente municipal de Oaxaca de Ju\u00e1rez, Ray Chagoya, sostuvo un encuentro\u2026","rel":"","context":"En &quot;Agenda Pol\u00edtica&quot;","block_context":{"text":"Agenda Pol\u00edtica","link":"https:\/\/redaccionoaxaca.com\/index.php\/category\/agenda-politica\/"},"img":{"alt_text":"","src":"https:\/\/i0.wp.com\/redaccionoaxaca.com\/wp-content\/uploads\/2025\/12\/IMG-20251226-WA0103.jpg?fit=1200%2C801&ssl=1&resize=350%2C200","width":350,"height":200,"srcset":"https:\/\/i0.wp.com\/redaccionoaxaca.com\/wp-content\/uploads\/2025\/12\/IMG-20251226-WA0103.jpg?fit=1200%2C801&ssl=1&resize=350%2C200 1x, https:\/\/i0.wp.com\/redaccionoaxaca.com\/wp-content\/uploads\/2025\/12\/IMG-20251226-WA0103.jpg?fit=1200%2C801&ssl=1&resize=525%2C300 1.5x, https:\/\/i0.wp.com\/redaccionoaxaca.com\/wp-content\/uploads\/2025\/12\/IMG-20251226-WA0103.jpg?fit=1200%2C801&ssl=1&resize=700%2C400 2x, https:\/\/i0.wp.com\/redaccionoaxaca.com\/wp-content\/uploads\/2025\/12\/IMG-20251226-WA0103.jpg?fit=1200%2C801&ssl=1&resize=1050%2C600 3x"},"classes":[]},{"id":40105,"url":"https:\/\/redaccionoaxaca.com\/index.php\/2026\/01\/22\/oaxaca-de-juarez-refuerza-seguridad-metropolitana-en-mesa-regional\/","url_meta":{"origin":43762,"position":2},"title":"Oaxaca de Ju\u00e1rez refuerza seguridad metropolitana en Mesa Regional","author":"ariadna","date":"enero 22, 2026","format":false,"excerpt":"#Redacci\u00f3nOaxaca #Oaxaca * Autoridades de los Valles Centrales fortalecen la coordinaci\u00f3n intermunicipal para garantizar la tranquilidad de las familias oaxaque\u00f1as Oaxaca de Ju\u00e1rez, Oax. 22 de enero de enero de 2026\u2013 El presidente municipal de Ray Chagoya particip\u00f3 en la Mesa de Seguridad Regional, la cual fue encabezada por el\u2026","rel":"","context":"En &quot;Agenda Pol\u00edtica&quot;","block_context":{"text":"Agenda Pol\u00edtica","link":"https:\/\/redaccionoaxaca.com\/index.php\/category\/agenda-politica\/"},"img":{"alt_text":"","src":"https:\/\/i0.wp.com\/redaccionoaxaca.com\/wp-content\/uploads\/2026\/01\/IMG-20260122-WA0115.jpg?fit=853%2C569&ssl=1&resize=350%2C200","width":350,"height":200,"srcset":"https:\/\/i0.wp.com\/redaccionoaxaca.com\/wp-content\/uploads\/2026\/01\/IMG-20260122-WA0115.jpg?fit=853%2C569&ssl=1&resize=350%2C200 1x, https:\/\/i0.wp.com\/redaccionoaxaca.com\/wp-content\/uploads\/2026\/01\/IMG-20260122-WA0115.jpg?fit=853%2C569&ssl=1&resize=525%2C300 1.5x, https:\/\/i0.wp.com\/redaccionoaxaca.com\/wp-content\/uploads\/2026\/01\/IMG-20260122-WA0115.jpg?fit=853%2C569&ssl=1&resize=700%2C400 2x"},"classes":[]},{"id":39423,"url":"https:\/\/redaccionoaxaca.com\/index.php\/2025\/12\/09\/ray-chagoya-destaca-avances-en-seguridad-y-trabajo-coordinado-en-beneficio-de-oaxaca-de-juarez\/","url_meta":{"origin":43762,"position":3},"title":"Ray Chagoya destaca avances en seguridad y trabajo coordinado en beneficio de Oaxaca de Ju\u00e1rez","author":"ariadna","date":"diciembre 9, 2025","format":false,"excerpt":"#Redacci\u00f3nOaxaca #Oaxaca \u2022 Fortalecen vigilancia, proximidad y programas comunitarios para consolidar la paz en la capital Oaxaca de Ju\u00e1rez, Oax., 9 de diciembre de 2025.\u2014 En conferencia de prensa, el presidente municipal Ray Chagoya present\u00f3 los avances m\u00e1s recientes en materia de seguridad y bienestar, subrayando que Oaxaca de Ju\u00e1rez\u2026","rel":"","context":"En &quot;Agenda Pol\u00edtica&quot;","block_context":{"text":"Agenda Pol\u00edtica","link":"https:\/\/redaccionoaxaca.com\/index.php\/category\/agenda-politica\/"},"img":{"alt_text":"","src":"https:\/\/i0.wp.com\/redaccionoaxaca.com\/wp-content\/uploads\/2025\/12\/IMG-20251209-WA0206.jpg?fit=1200%2C937&ssl=1&resize=350%2C200","width":350,"height":200,"srcset":"https:\/\/i0.wp.com\/redaccionoaxaca.com\/wp-content\/uploads\/2025\/12\/IMG-20251209-WA0206.jpg?fit=1200%2C937&ssl=1&resize=350%2C200 1x, https:\/\/i0.wp.com\/redaccionoaxaca.com\/wp-content\/uploads\/2025\/12\/IMG-20251209-WA0206.jpg?fit=1200%2C937&ssl=1&resize=525%2C300 1.5x, https:\/\/i0.wp.com\/redaccionoaxaca.com\/wp-content\/uploads\/2025\/12\/IMG-20251209-WA0206.jpg?fit=1200%2C937&ssl=1&resize=700%2C400 2x, https:\/\/i0.wp.com\/redaccionoaxaca.com\/wp-content\/uploads\/2025\/12\/IMG-20251209-WA0206.jpg?fit=1200%2C937&ssl=1&resize=1050%2C600 3x"},"classes":[]},{"id":42279,"url":"https:\/\/redaccionoaxaca.com\/index.php\/2026\/05\/26\/refrenda-ray-chagoya-coordinacion-con-la-federacion-y-el-gobierno-del-estado\/","url_meta":{"origin":43762,"position":4},"title":"Refrenda Ray Chagoya coordinaci\u00f3n con la Federaci\u00f3n y el Gobierno del Estado","author":"ariadna","date":"mayo 26, 2026","format":false,"excerpt":"#Redacci\u00f3nOaxaca #Oaxaca En sesi\u00f3n de Cabildo, el presidente municipal de Oaxaca de Ju\u00e1rez, Ray Chagoya, reiter\u00f3 el respaldo institucional del Ayuntamiento a la visi\u00f3n de transformaci\u00f3n que encabeza la presidenta de M\u00e9xico, Claudia Sheinbaum Pardo, destacando la importancia de mantener una coordinaci\u00f3n permanente entre los gobiernos municipal, estatal y federal\u2026","rel":"","context":"En &quot;Imagen&quot;","block_context":{"text":"Imagen","link":"https:\/\/redaccionoaxaca.com\/index.php\/category\/imagen\/"},"img":{"alt_text":"","src":"https:\/\/i0.wp.com\/redaccionoaxaca.com\/wp-content\/uploads\/2026\/05\/IMG-20260526-WA0124-scaled.jpg?fit=1200%2C800&ssl=1&resize=350%2C200","width":350,"height":200,"srcset":"https:\/\/i0.wp.com\/redaccionoaxaca.com\/wp-content\/uploads\/2026\/05\/IMG-20260526-WA0124-scaled.jpg?fit=1200%2C800&ssl=1&resize=350%2C200 1x, https:\/\/i0.wp.com\/redaccionoaxaca.com\/wp-content\/uploads\/2026\/05\/IMG-20260526-WA0124-scaled.jpg?fit=1200%2C800&ssl=1&resize=525%2C300 1.5x, https:\/\/i0.wp.com\/redaccionoaxaca.com\/wp-content\/uploads\/2026\/05\/IMG-20260526-WA0124-scaled.jpg?fit=1200%2C800&ssl=1&resize=700%2C400 2x, https:\/\/i0.wp.com\/redaccionoaxaca.com\/wp-content\/uploads\/2026\/05\/IMG-20260526-WA0124-scaled.jpg?fit=1200%2C800&ssl=1&resize=1050%2C600 3x"},"classes":[]},{"id":43348,"url":"https:\/\/redaccionoaxaca.com\/index.php\/2026\/08\/05\/ray-chagoya-recorre-los-barrios-loma-rancho-y-los-molinos-para-atender-necesidades-vecinales\/","url_meta":{"origin":43762,"position":5},"title":"Ray Chagoya recorre los barrios Loma Rancho y Los Molinos para atender necesidades vecinales","author":"ariadna","date":"agosto 5, 2026","format":false,"excerpt":"#Redacci\u00f3nOaxaca #Oaxaca El presidente municipal de Oaxaca de Ju\u00e1rez, Ray Chagoya, encabez\u00f3 un recorrido por los barrios de Loma Rancho y Los Molinos, del norte de la capital. Acompa\u00f1ado por vecinas, vecinos, el agente municipal de San Felipe del Agua. Fernando Tom\u00e1s P\u00e9rez Bautista e integrantes del Cabildo, el edil\u2026","rel":"","context":"En &quot;Agenda Pol\u00edtica&quot;","block_context":{"text":"Agenda Pol\u00edtica","link":"https:\/\/redaccionoaxaca.com\/index.php\/category\/agenda-politica\/"},"img":{"alt_text":"","src":"https:\/\/i0.wp.com\/redaccionoaxaca.com\/wp-content\/uploads\/2026\/08\/IMG-20260805-WA0098.jpg?fit=1200%2C800&ssl=1&resize=350%2C200","width":350,"height":200,"srcset":"https:\/\/i0.wp.com\/redaccionoaxaca.com\/wp-content\/uploads\/2026\/08\/IMG-20260805-WA0098.jpg?fit=1200%2C800&ssl=1&resize=350%2C200 1x, https:\/\/i0.wp.com\/redaccionoaxaca.com\/wp-content\/uploads\/2026\/08\/IMG-20260805-WA0098.jpg?fit=1200%2C800&ssl=1&resize=525%2C300 1.5x, https:\/\/i0.wp.com\/redaccionoaxaca.com\/wp-content\/uploads\/2026\/08\/IMG-20260805-WA0098.jpg?fit=1200%2C800&ssl=1&resize=700%2C400 2x, https:\/\/i0.wp.com\/redaccionoaxaca.com\/wp-content\/uploads\/2026\/08\/IMG-20260805-WA0098.jpg?fit=1200%2C800&ssl=1&resize=1050%2C600 3x"},"classes":[]}],"jetpack_featured_media_url":"https:\/\/i0.wp.com\/redaccionoaxaca.com\/wp-content\/uploads\/2026\/09\/IMG-20260904-WA0056.jpg?fit=1280%2C960&ssl=1","_links":{"self":[{"href":"https:\/\/redaccionoaxaca.com\/index.php\/wp-json\/wp\/v2\/posts\/43762","targetHints":{"allow":["GET"]}}],"collection":[{"href":"https:\/\/redaccionoaxaca.com\/index.php\/wp-json\/wp\/v2\/posts"}],"about":[{"href":"https:\/\/redaccionoaxaca.com\/index.php\/wp-json\/wp\/v2\/types\/post"}],"author":[{"embeddable":true,"href":"https:\/\/redaccionoaxaca.com\/index.php\/wp-json\/wp\/v2\/users\/9"}],"replies":[{"embeddable":true,"href":"https:\/\/redaccionoaxaca.com\/index.php\/wp-json\/wp\/v2\/comments?post=43762"}],"version-history":[{"count":1,"href":"https:\/\/redaccionoaxaca.com\/index.php\/wp-json\/wp\/v2\/posts\/43762\/revisions"}],"predecessor-version":[{"id":43766,"href":"https:\/\/redaccionoaxaca.com\/index.php\/wp-json\/wp\/v2\/posts\/43762\/revisions\/43766"}],"wp:featuredmedia":[{"embeddable":true,"href":"https:\/\/redaccionoaxaca.com\/index.php\/wp-json\/wp\/v2\/media\/43765"}],"wp:attachment":[{"href":"https:\/\/redaccionoaxaca.com\/index.php\/wp-json\/wp\/v2\/media?parent=43762"}],"wp:term":[{"taxonomy":"category","embeddable":true,"href":"https:\/\/redaccionoaxaca.com\/index.php\/wp-json\/wp\/v2\/categories?post=43762"},{"taxonomy":"post_tag","embeddable":true,"href":"https:\/\/redaccionoaxaca.com\/index.php\/wp-json\/wp\/v2\/tags?post=43762"}],"curies":[{"name":"wp","href":"https:\/\/api.w.org\/{rel}","templated":true}]}}