{"id":43770,"date":"2026-09-04T23:12:35","date_gmt":"2026-09-05T05:12:35","guid":{"rendered":"https:\/\/redaccionoaxaca.com\/?p=43770"},"modified":"2026-09-04T23:12:35","modified_gmt":"2026-09-05T05:12:35","slug":"aprueba-congreso-local-exhorto-para-proteger-zonas-de-anidacion-de-tortugas-marinas-y-regular-vehiculos-todo-terreno-en-playas","status":"publish","type":"post","link":"https:\/\/redaccionoaxaca.com\/index.php\/2026\/09\/04\/aprueba-congreso-local-exhorto-para-proteger-zonas-de-anidacion-de-tortugas-marinas-y-regular-vehiculos-todo-terreno-en-playas\/","title":{"rendered":"Aprueba Congreso local exhorto para proteger zonas de anidaci\u00f3n de tortugas marinas y regular veh\u00edculos todo terreno en playas"},"content":{"rendered":"<p><strong>#Redacci\u00f3nOaxaca<\/strong><\/p>\n<p><strong>#Oaxaca<\/strong><\/p>\n<p style=\"text-align: justify;\">* <em>El acuerdo impulsa la coordinaci\u00f3n entre Semarnat y municipios costeros para delimitar playas y reglamentar el uso de cuatrimotos, racers y veh\u00edculos 4\u00d74 durante las temporadas de desove<\/em><\/p>\n<p style=\"text-align: justify;\">\u200bSan Raymundo Jalpan, Oax., a 04 de septiembre de 2026.- Con el objetivo de prevenir el da\u00f1o ambiental a las zonas de reserva y atendiendo a la pol\u00edtica ecol\u00f3gica humanista centrada en fortalecer a las comunidades locales y pueblos ind\u00edgenas, el Congreso local aprob\u00f3 exhortar a la Delegaci\u00f3n en Oaxaca de la Secretar\u00eda de Medio Ambiente y Recursos Naturales (Semarnat) a coordinarse con los municipios costeros para delimitar las zonas de anidaci\u00f3n y desove de tortugas marinas, as\u00ed como a regular el tr\u00e1nsito de veh\u00edculos motorizados en las playas.<\/p>\n<p><img data-recalc-dims=\"1\" loading=\"lazy\" decoding=\"async\" data-attachment-id=\"43771\" data-permalink=\"https:\/\/redaccionoaxaca.com\/index.php\/2026\/09\/04\/aprueba-congreso-local-exhorto-para-proteger-zonas-de-anidacion-de-tortugas-marinas-y-regular-vehiculos-todo-terreno-en-playas\/screenshot_20260904_204135_facebook\/\" data-orig-file=\"https:\/\/i0.wp.com\/redaccionoaxaca.com\/wp-content\/uploads\/2026\/09\/Screenshot_20260904_204135_Facebook-scaled.jpg?fit=2560%2C1707&amp;ssl=1\" data-orig-size=\"2560,1707\" data-comments-opened=\"1\" data-image-meta=\"{&quot;aperture&quot;:&quot;0&quot;,&quot;credit&quot;:&quot;&quot;,&quot;camera&quot;:&quot;&quot;,&quot;caption&quot;:&quot;&quot;,&quot;created_timestamp&quot;:&quot;0&quot;,&quot;copyright&quot;:&quot;&quot;,&quot;focal_length&quot;:&quot;0&quot;,&quot;iso&quot;:&quot;0&quot;,&quot;shutter_speed&quot;:&quot;0&quot;,&quot;title&quot;:&quot;&quot;,&quot;orientation&quot;:&quot;1&quot;}\" data-image-title=\"Screenshot_20260904_204135_Facebook\" data-image-description=\"\" data-image-caption=\"\" data-large-file=\"https:\/\/i0.wp.com\/redaccionoaxaca.com\/wp-content\/uploads\/2026\/09\/Screenshot_20260904_204135_Facebook-scaled.jpg?fit=696%2C464&amp;ssl=1\" class=\"size-medium wp-image-43771 aligncenter\" src=\"https:\/\/i0.wp.com\/redaccionoaxaca.com\/wp-content\/uploads\/2026\/09\/Screenshot_20260904_204135_Facebook.jpg?resize=300%2C200&#038;ssl=1\" alt=\"\" width=\"300\" height=\"200\" srcset=\"https:\/\/i0.wp.com\/redaccionoaxaca.com\/wp-content\/uploads\/2026\/09\/Screenshot_20260904_204135_Facebook-scaled.jpg?resize=300%2C200&amp;ssl=1 300w, https:\/\/i0.wp.com\/redaccionoaxaca.com\/wp-content\/uploads\/2026\/09\/Screenshot_20260904_204135_Facebook-scaled.jpg?resize=1024%2C683&amp;ssl=1 1024w, https:\/\/i0.wp.com\/redaccionoaxaca.com\/wp-content\/uploads\/2026\/09\/Screenshot_20260904_204135_Facebook-scaled.jpg?resize=768%2C512&amp;ssl=1 768w, https:\/\/i0.wp.com\/redaccionoaxaca.com\/wp-content\/uploads\/2026\/09\/Screenshot_20260904_204135_Facebook-scaled.jpg?resize=1536%2C1024&amp;ssl=1 1536w, https:\/\/i0.wp.com\/redaccionoaxaca.com\/wp-content\/uploads\/2026\/09\/Screenshot_20260904_204135_Facebook-scaled.jpg?resize=2048%2C1365&amp;ssl=1 2048w, https:\/\/i0.wp.com\/redaccionoaxaca.com\/wp-content\/uploads\/2026\/09\/Screenshot_20260904_204135_Facebook-scaled.jpg?resize=630%2C420&amp;ssl=1 630w, https:\/\/i0.wp.com\/redaccionoaxaca.com\/wp-content\/uploads\/2026\/09\/Screenshot_20260904_204135_Facebook-scaled.jpg?resize=696%2C464&amp;ssl=1 696w, https:\/\/i0.wp.com\/redaccionoaxaca.com\/wp-content\/uploads\/2026\/09\/Screenshot_20260904_204135_Facebook-scaled.jpg?resize=1068%2C712&amp;ssl=1 1068w, https:\/\/i0.wp.com\/redaccionoaxaca.com\/wp-content\/uploads\/2026\/09\/Screenshot_20260904_204135_Facebook-scaled.jpg?w=1392&amp;ssl=1 1392w\" sizes=\"auto, (max-width: 300px) 100vw, 300px\" \/><\/p>\n<p style=\"text-align: justify;\">\u200bEl Punto de Acuerdo, presentado por la diputada Karla Clarissa Bornios Pel\u00e1ez, integrante del Grupo Parlamentario de Morena, convoca a los Ayuntamientos a aprobar reglamentos locales que restrinjan o proh\u00edban la circulaci\u00f3n de cuatrimotos, racers y autos 4\u00d74. La medida busca frenar la destrucci\u00f3n de nidos y la compactaci\u00f3n de la arena en santuarios de relevancia mundial como Playa Escobilla, Morro Ayuta, Cahuit\u00e1n, Lagunas de Chacahua y Barra de la Cruz.<\/p>\n<p style=\"text-align: justify;\">\u200bDe acuerdo con lo expuesto en el dictamen, la Norma Oficial Mexicana NOM-059-SEMARNAT-2010 especifica que el tr\u00e1nsito de veh\u00edculos motorizados particulares est\u00e1 estrictamente prohibido en estas \u00e1reas costeras reservadas. En el mismo sentido, el art\u00edculo 420 del C\u00f3digo Penal Federal establece que cualquier da\u00f1o, recolecci\u00f3n o destrucci\u00f3n de ejemplares, nidos y huevos de tortuga marina constituye un delito federal.<\/p>\n<p style=\"text-align: justify;\">\u200bAl respecto, la legisladora se\u00f1al\u00f3 que la propuesta retoma la postura de la Semarnat al indicar que en el pa\u00eds se ha intensificado la protecci\u00f3n de los ecosistemas de anidaci\u00f3n de las tortugas marinas. Por ello, el exhorto contempla una tarea compartida, desde la organizaci\u00f3n de brigadas voluntarias para vigilar las playas, disuadir a los saqueadores de huevos y proteger a las hembras desovadoras, hasta retomar a nivel municipal la prevenci\u00f3n, sanci\u00f3n o prohibici\u00f3n del ingreso de cuatrimotos, camionetas y caballos en la arena.<\/p>\n<p style=\"text-align: justify;\">\u200b\u201cEsta es una medida urgente de protecci\u00f3n del h\u00e1bitat en el que las distintas especies de tortugas anidan y desovan, ya que este tipo de veh\u00edculos compactan el suelo, destruyen nidos e impiden el paso de las tortugas hacia el mar\u201d, sostuvo Bornios Pel\u00e1ez, al tiempo que enfatiz\u00f3 que las playas son el refugio de las especies protegidas y el patrimonio natural de las y los oaxaque\u00f1os.<\/p>\n<p style=\"text-align: justify;\">\u200b<img data-recalc-dims=\"1\" loading=\"lazy\" decoding=\"async\" data-attachment-id=\"43772\" data-permalink=\"https:\/\/redaccionoaxaca.com\/index.php\/2026\/09\/04\/aprueba-congreso-local-exhorto-para-proteger-zonas-de-anidacion-de-tortugas-marinas-y-regular-vehiculos-todo-terreno-en-playas\/screenshot_20260904_204139_facebook\/\" data-orig-file=\"https:\/\/i0.wp.com\/redaccionoaxaca.com\/wp-content\/uploads\/2026\/09\/Screenshot_20260904_204139_Facebook-scaled.jpg?fit=2560%2C1480&amp;ssl=1\" data-orig-size=\"2560,1480\" data-comments-opened=\"1\" data-image-meta=\"{&quot;aperture&quot;:&quot;0&quot;,&quot;credit&quot;:&quot;&quot;,&quot;camera&quot;:&quot;&quot;,&quot;caption&quot;:&quot;&quot;,&quot;created_timestamp&quot;:&quot;0&quot;,&quot;copyright&quot;:&quot;&quot;,&quot;focal_length&quot;:&quot;0&quot;,&quot;iso&quot;:&quot;0&quot;,&quot;shutter_speed&quot;:&quot;0&quot;,&quot;title&quot;:&quot;&quot;,&quot;orientation&quot;:&quot;1&quot;}\" data-image-title=\"Screenshot_20260904_204139_Facebook\" data-image-description=\"\" data-image-caption=\"\" data-large-file=\"https:\/\/i0.wp.com\/redaccionoaxaca.com\/wp-content\/uploads\/2026\/09\/Screenshot_20260904_204139_Facebook-scaled.jpg?fit=696%2C402&amp;ssl=1\" class=\"size-medium wp-image-43772 aligncenter\" src=\"https:\/\/i0.wp.com\/redaccionoaxaca.com\/wp-content\/uploads\/2026\/09\/Screenshot_20260904_204139_Facebook.jpg?resize=300%2C173&#038;ssl=1\" alt=\"\" width=\"300\" height=\"173\" srcset=\"https:\/\/i0.wp.com\/redaccionoaxaca.com\/wp-content\/uploads\/2026\/09\/Screenshot_20260904_204139_Facebook-scaled.jpg?resize=300%2C173&amp;ssl=1 300w, https:\/\/i0.wp.com\/redaccionoaxaca.com\/wp-content\/uploads\/2026\/09\/Screenshot_20260904_204139_Facebook-scaled.jpg?resize=1024%2C592&amp;ssl=1 1024w, https:\/\/i0.wp.com\/redaccionoaxaca.com\/wp-content\/uploads\/2026\/09\/Screenshot_20260904_204139_Facebook-scaled.jpg?resize=768%2C444&amp;ssl=1 768w, https:\/\/i0.wp.com\/redaccionoaxaca.com\/wp-content\/uploads\/2026\/09\/Screenshot_20260904_204139_Facebook-scaled.jpg?resize=1536%2C888&amp;ssl=1 1536w, https:\/\/i0.wp.com\/redaccionoaxaca.com\/wp-content\/uploads\/2026\/09\/Screenshot_20260904_204139_Facebook-scaled.jpg?resize=2048%2C1184&amp;ssl=1 2048w, https:\/\/i0.wp.com\/redaccionoaxaca.com\/wp-content\/uploads\/2026\/09\/Screenshot_20260904_204139_Facebook-scaled.jpg?resize=727%2C420&amp;ssl=1 727w, https:\/\/i0.wp.com\/redaccionoaxaca.com\/wp-content\/uploads\/2026\/09\/Screenshot_20260904_204139_Facebook-scaled.jpg?resize=696%2C402&amp;ssl=1 696w, https:\/\/i0.wp.com\/redaccionoaxaca.com\/wp-content\/uploads\/2026\/09\/Screenshot_20260904_204139_Facebook-scaled.jpg?resize=1068%2C617&amp;ssl=1 1068w, https:\/\/i0.wp.com\/redaccionoaxaca.com\/wp-content\/uploads\/2026\/09\/Screenshot_20260904_204139_Facebook-scaled.jpg?w=1392&amp;ssl=1 1392w\" sizes=\"auto, (max-width: 300px) 100vw, 300px\" \/><\/p>\n","protected":false},"excerpt":{"rendered":"<p>#Redacci\u00f3nOaxaca #Oaxaca * El acuerdo impulsa la coordinaci\u00f3n entre Semarnat y municipios costeros para delimitar playas y reglamentar el uso de cuatrimotos, racers y veh\u00edculos 4\u00d74 durante las temporadas de desove \u200bSan Raymundo Jalpan, Oax., a 04 de septiembre de 2026.- Con el objetivo de prevenir el da\u00f1o ambiental a las zonas de reserva y [&hellip;]<\/p>\n","protected":false},"author":9,"featured_media":43771,"comment_status":"open","ping_status":"open","sticky":false,"template":"","format":"standard","meta":{"_jetpack_newsletter_access":"","_jetpack_dont_email_post_to_subs":false,"_jetpack_newsletter_tier_id":0,"_jetpack_memberships_contains_paywalled_content":false,"_jetpack_feature_clip_id":0,"_jetpack_memberships_contains_paid_content":false,"footnotes":"","jetpack_publicize_message":"","jetpack_publicize_feature_enabled":true,"jetpack_social_post_already_shared":true,"jetpack_social_options":{"image_generator_settings":{"template":"highway","default_image_id":0,"font":"","enabled":false},"version":2},"jetpack_post_was_ever_published":false},"categories":[4,7,5],"tags":[],"class_list":{"0":"post-43770","1":"post","2":"type-post","3":"status-publish","4":"format-standard","5":"has-post-thumbnail","7":"category-agenda-politica","8":"category-al-cierre","9":"category-imagen"},"jetpack_publicize_connections":[],"jetpack_sharing_enabled":true,"jetpack_shortlink":"https:\/\/wp.me\/p9Ynjw-bnY","jetpack-related-posts":[{"id":41097,"url":"https:\/\/redaccionoaxaca.com\/index.php\/2026\/03\/20\/exhortan-a-autoridades-competentes-a-retirar-escollera-en-puerto-escondido\/","url_meta":{"origin":43770,"position":0},"title":"Exhortan a autoridades competentes a retirar escollera en Puerto Escondido","author":"ariadna","date":"marzo 20, 2026","format":false,"excerpt":"#Redacci\u00f3nOaxaca #Oaxaca * La medida tienen como fin recuperar el equilibrio marino y las condiciones naturales del oleaje San Raymundo Jalpan, Oax., a 20 de marzo de 2026.- En Sesi\u00f3n Ordinaria, el Congreso del Estado aprob\u00f3 de Urgente y Obvia Resoluci\u00f3n un exhorto dirigido al Cabildo de San Pedro Mixtepec\u2026","rel":"","context":"En &quot;Agenda Pol\u00edtica&quot;","block_context":{"text":"Agenda Pol\u00edtica","link":"https:\/\/redaccionoaxaca.com\/index.php\/category\/agenda-politica\/"},"img":{"alt_text":"","src":"https:\/\/i0.wp.com\/redaccionoaxaca.com\/wp-content\/uploads\/2026\/03\/Screenshot_20260320_140449_Facebook-scaled.jpg?fit=1200%2C734&ssl=1&resize=350%2C200","width":350,"height":200,"srcset":"https:\/\/i0.wp.com\/redaccionoaxaca.com\/wp-content\/uploads\/2026\/03\/Screenshot_20260320_140449_Facebook-scaled.jpg?fit=1200%2C734&ssl=1&resize=350%2C200 1x, https:\/\/i0.wp.com\/redaccionoaxaca.com\/wp-content\/uploads\/2026\/03\/Screenshot_20260320_140449_Facebook-scaled.jpg?fit=1200%2C734&ssl=1&resize=525%2C300 1.5x, https:\/\/i0.wp.com\/redaccionoaxaca.com\/wp-content\/uploads\/2026\/03\/Screenshot_20260320_140449_Facebook-scaled.jpg?fit=1200%2C734&ssl=1&resize=700%2C400 2x, https:\/\/i0.wp.com\/redaccionoaxaca.com\/wp-content\/uploads\/2026\/03\/Screenshot_20260320_140449_Facebook-scaled.jpg?fit=1200%2C734&ssl=1&resize=1050%2C600 3x"},"classes":[]},{"id":1103,"url":"https:\/\/redaccionoaxaca.com\/index.php\/2018\/07\/06\/inicia-la-temporada-de-tortuga-golfina-en-costas-de-oaxaca\/","url_meta":{"origin":43770,"position":1},"title":"INICIA LA TEMPORADA DE TORTUGA GOLFINA  EN COSTAS DE OAXACA","author":"denise","date":"julio 6, 2018","format":"video","excerpt":"\u00a0\u00a0Inicia la temporada 2018-2019 de tortuga golfina con las primeras arribadas a las costas Oaxaca \u00a0 \u00b7\u00a0\u00a0\u00a0\u00a0\u00a0\u00a0\u00a0\u00a0\u00a0Las playas de Escobilla y Morro Ayuta, son consideradas santuarios de importancia mundial, debido al alto n\u00famero de tortugas que llegan a anidar \u00a0 \u00b7\u00a0\u00a0\u00a0\u00a0\u00a0\u00a0\u00a0\u00a0\u00a0La CONANP lleva a cabo acciones de conservaci\u00f3n en 32\u2026","rel":"","context":"En &quot;Imagen&quot;","block_context":{"text":"Imagen","link":"https:\/\/redaccionoaxaca.com\/index.php\/category\/imagen\/"},"img":{"alt_text":"","src":"","width":0,"height":0},"classes":[]},{"id":2318,"url":"https:\/\/redaccionoaxaca.com\/index.php\/2018\/08\/31\/para-comercializacion-habrian-fraguado-captura-masiva-de-tortugas-en-fecha-cercana-a-desove-en-el-santuario-de-tortugas-mas-importante-del-mundo\/","url_meta":{"origin":43770,"position":2},"title":"Para comercializaci\u00f3n habr\u00edan fraguado captura masiva de tortugas en fecha cercana a desove en el santuario de tortugas m\u00e1s importante del mundo","author":"denise","date":"agosto 31, 2018","format":false,"excerpt":"#Redacci\u00f3nOaxaca MairaRic\u00e1rdez Al paso de las horas, la muerte masiva de entre 300 y 400 tortugas detectada el pasado martes frente a la playa Barra de Navidad en Santa Mar\u00eda Colotepec, evidencia una acci\u00f3n premeditada a partir de la cual el o los interesados buscaban sacar provecho de los quelonios.\u2026","rel":"","context":"En &quot;Tendencias&quot;","block_context":{"text":"Tendencias","link":"https:\/\/redaccionoaxaca.com\/index.php\/category\/tendencias\/"},"img":{"alt_text":"","src":"","width":0,"height":0},"classes":[]},{"id":24952,"url":"https:\/\/redaccionoaxaca.com\/index.php\/2022\/04\/06\/magna-limpieza-de-playas-tequio-en-municipios-costenos-previo-a-las-vacaciones-de-semana-santa\/","url_meta":{"origin":43770,"position":3},"title":"Magna limpieza de playas, tequio en Municipios Coste\u00f1os previo a las vacaciones de semana santa.","author":"ariadna","date":"abril 6, 2022","format":false,"excerpt":"#Redacci\u00f3nOaxaca #Oaxaca Maira Ric\u00e1rdez Este viernes 08 de abril a partir de las 7 de la ma\u00f1ana, ciudadanas y ciudadanos, empresarios y habitantes, trabajadores y visitantes, est\u00e1n convocados al operativo denominado \u201cMagna Limpieza de Playas, convocado por la Direcci\u00f3n de zona Federal y Playas Limpias del Municipio de la Villa\u2026","rel":"","context":"En &quot;Imagen&quot;","block_context":{"text":"Imagen","link":"https:\/\/redaccionoaxaca.com\/index.php\/category\/imagen\/"},"img":{"alt_text":"","src":"","width":0,"height":0},"classes":[]},{"id":42065,"url":"https:\/\/redaccionoaxaca.com\/index.php\/2026\/05\/13\/plantean-en-el-congreso-de-oaxaca-reducir-a-una-vez-al-ano-la-verificacion-vehicular\/","url_meta":{"origin":43770,"position":4},"title":"Plantean en el Congreso de Oaxaca reducir a una vez al a\u00f1o la verificaci\u00f3n vehicular","author":"ariadna","date":"mayo 13, 2026","format":false,"excerpt":"#Redacci\u00f3nOaxaca #Oaxaca * La iniciativa busca disminuir la emisi\u00f3n de gases contaminantes con el cumplimiento de las normas ambientales San Raymundo Jalpan, Oax., a 13 de mayo de 2026.- La diputada Irma Pineda Santiago, integrante del Grupo Parlamentario del Partido del Trabajo (PT), present\u00f3 ante la LXVI Legislatura una iniciativa\u2026","rel":"","context":"En &quot;Agenda Pol\u00edtica&quot;","block_context":{"text":"Agenda Pol\u00edtica","link":"https:\/\/redaccionoaxaca.com\/index.php\/category\/agenda-politica\/"},"img":{"alt_text":"","src":"https:\/\/i0.wp.com\/redaccionoaxaca.com\/wp-content\/uploads\/2026\/05\/Screenshot_20260513_152420_Facebook-scaled.jpg?fit=1200%2C703&ssl=1&resize=350%2C200","width":350,"height":200,"srcset":"https:\/\/i0.wp.com\/redaccionoaxaca.com\/wp-content\/uploads\/2026\/05\/Screenshot_20260513_152420_Facebook-scaled.jpg?fit=1200%2C703&ssl=1&resize=350%2C200 1x, https:\/\/i0.wp.com\/redaccionoaxaca.com\/wp-content\/uploads\/2026\/05\/Screenshot_20260513_152420_Facebook-scaled.jpg?fit=1200%2C703&ssl=1&resize=525%2C300 1.5x, https:\/\/i0.wp.com\/redaccionoaxaca.com\/wp-content\/uploads\/2026\/05\/Screenshot_20260513_152420_Facebook-scaled.jpg?fit=1200%2C703&ssl=1&resize=700%2C400 2x, https:\/\/i0.wp.com\/redaccionoaxaca.com\/wp-content\/uploads\/2026\/05\/Screenshot_20260513_152420_Facebook-scaled.jpg?fit=1200%2C703&ssl=1&resize=1050%2C600 3x"},"classes":[]},{"id":21303,"url":"https:\/\/redaccionoaxaca.com\/index.php\/2021\/09\/30\/mas-de-280-mil-tortugas-arriban-a-las-playas-de-oaxaca\/","url_meta":{"origin":43770,"position":5},"title":"MAS DE 280 MIL TORTUGAS ARRIBAN A LAS PLAYAS DE OAXACA","author":"denise","date":"septiembre 30, 2021","format":false,"excerpt":"#Redacci\u00f3nOaxacaLa sexta arribada de tortugas \"golfinas\" en el Santuario de Playa Escobilla, ubicada en la costa de #Oaxaca contabiliz\u00f3 m\u00e1s de 350 mil anidaciones y al t\u00e9rmino de la temporada se espera que casi un mill\u00f3n de ejemplares visiten el litoral de nuestra entidad. \u00c9rika Peralta Buend\u00eda, encargada del Santuario\u2026","rel":"","context":"En &quot;Al Cierre&quot;","block_context":{"text":"Al Cierre","link":"https:\/\/redaccionoaxaca.com\/index.php\/category\/al-cierre\/"},"img":{"alt_text":"","src":"","width":0,"height":0},"classes":[]}],"jetpack_featured_media_url":"https:\/\/i0.wp.com\/redaccionoaxaca.com\/wp-content\/uploads\/2026\/09\/Screenshot_20260904_204135_Facebook-scaled.jpg?fit=2560%2C1707&ssl=1","_links":{"self":[{"href":"https:\/\/redaccionoaxaca.com\/index.php\/wp-json\/wp\/v2\/posts\/43770","targetHints":{"allow":["GET"]}}],"collection":[{"href":"https:\/\/redaccionoaxaca.com\/index.php\/wp-json\/wp\/v2\/posts"}],"about":[{"href":"https:\/\/redaccionoaxaca.com\/index.php\/wp-json\/wp\/v2\/types\/post"}],"author":[{"embeddable":true,"href":"https:\/\/redaccionoaxaca.com\/index.php\/wp-json\/wp\/v2\/users\/9"}],"replies":[{"embeddable":true,"href":"https:\/\/redaccionoaxaca.com\/index.php\/wp-json\/wp\/v2\/comments?post=43770"}],"version-history":[{"count":1,"href":"https:\/\/redaccionoaxaca.com\/index.php\/wp-json\/wp\/v2\/posts\/43770\/revisions"}],"predecessor-version":[{"id":43773,"href":"https:\/\/redaccionoaxaca.com\/index.php\/wp-json\/wp\/v2\/posts\/43770\/revisions\/43773"}],"wp:featuredmedia":[{"embeddable":true,"href":"https:\/\/redaccionoaxaca.com\/index.php\/wp-json\/wp\/v2\/media\/43771"}],"wp:attachment":[{"href":"https:\/\/redaccionoaxaca.com\/index.php\/wp-json\/wp\/v2\/media?parent=43770"}],"wp:term":[{"taxonomy":"category","embeddable":true,"href":"https:\/\/redaccionoaxaca.com\/index.php\/wp-json\/wp\/v2\/categories?post=43770"},{"taxonomy":"post_tag","embeddable":true,"href":"https:\/\/redaccionoaxaca.com\/index.php\/wp-json\/wp\/v2\/tags?post=43770"}],"curies":[{"name":"wp","href":"https:\/\/api.w.org\/{rel}","templated":true}]}}