{"id":43774,"date":"2026-09-05T09:50:06","date_gmt":"2026-09-05T15:50:06","guid":{"rendered":"https:\/\/redaccionoaxaca.com\/?p=43774"},"modified":"2026-09-05T09:50:06","modified_gmt":"2026-09-05T15:50:06","slug":"convenio-de-limites-oaxaca-chiapas-desafia-sentencia-definitiva-de-la-corte-ministros-congreso-y-ejecutivo-podrian-ser-sujetos-a-juicio-politico","status":"publish","type":"post","link":"https:\/\/redaccionoaxaca.com\/index.php\/2026\/09\/05\/convenio-de-limites-oaxaca-chiapas-desafia-sentencia-definitiva-de-la-corte-ministros-congreso-y-ejecutivo-podrian-ser-sujetos-a-juicio-politico\/","title":{"rendered":"Convenio de l\u00edmites Oaxaca-Chiapas desaf\u00eda sentencia definitiva de la Corte; ministros, Congreso y Ejecutivo podr\u00edan ser sujetos a Juicio Pol\u00edtico"},"content":{"rendered":"<p><strong>#Redacci\u00f3nOaxaca<\/strong><\/p>\n<p><strong>#Oaxaca<\/strong><\/p>\n<p><strong>#JaimeGUERRERO<\/strong><\/p>\n<p style=\"text-align: justify;\">La disputa territorial entre Oaxaca y Chiapas abri\u00f3 un nuevo frente jur\u00eddico: el convenio amistoso firmado por ambos gobiernos para establecer el trazo de la frontera es se\u00f1alado de contravenir una sentencia definitiva de la Suprema Corte de Justicia de la Naci\u00f3n (SCJN).<\/p>\n<p><img data-recalc-dims=\"1\" loading=\"lazy\" decoding=\"async\" data-attachment-id=\"43775\" data-permalink=\"https:\/\/redaccionoaxaca.com\/index.php\/2026\/09\/05\/convenio-de-limites-oaxaca-chiapas-desafia-sentencia-definitiva-de-la-corte-ministros-congreso-y-ejecutivo-podrian-ser-sujetos-a-juicio-politico\/images-3-2\/\" data-orig-file=\"https:\/\/i0.wp.com\/redaccionoaxaca.com\/wp-content\/uploads\/2026\/09\/images-3.jpeg?fit=715%2C429&amp;ssl=1\" data-orig-size=\"715,429\" data-comments-opened=\"1\" data-image-meta=\"{&quot;aperture&quot;:&quot;0&quot;,&quot;credit&quot;:&quot;&quot;,&quot;camera&quot;:&quot;&quot;,&quot;caption&quot;:&quot;&quot;,&quot;created_timestamp&quot;:&quot;0&quot;,&quot;copyright&quot;:&quot;&quot;,&quot;focal_length&quot;:&quot;0&quot;,&quot;iso&quot;:&quot;0&quot;,&quot;shutter_speed&quot;:&quot;0&quot;,&quot;title&quot;:&quot;&quot;,&quot;orientation&quot;:&quot;0&quot;}\" data-image-title=\"images (3)\" data-image-description=\"\" data-image-caption=\"\" data-large-file=\"https:\/\/i0.wp.com\/redaccionoaxaca.com\/wp-content\/uploads\/2026\/09\/images-3.jpeg?fit=696%2C418&amp;ssl=1\" class=\"size-medium wp-image-43775 aligncenter\" src=\"https:\/\/i0.wp.com\/redaccionoaxaca.com\/wp-content\/uploads\/2026\/09\/images-3.jpeg?resize=300%2C180&#038;ssl=1\" alt=\"\" width=\"300\" height=\"180\" srcset=\"https:\/\/i0.wp.com\/redaccionoaxaca.com\/wp-content\/uploads\/2026\/09\/images-3.jpeg?resize=300%2C180&amp;ssl=1 300w, https:\/\/i0.wp.com\/redaccionoaxaca.com\/wp-content\/uploads\/2026\/09\/images-3.jpeg?resize=700%2C420&amp;ssl=1 700w, https:\/\/i0.wp.com\/redaccionoaxaca.com\/wp-content\/uploads\/2026\/09\/images-3.jpeg?resize=696%2C418&amp;ssl=1 696w, https:\/\/i0.wp.com\/redaccionoaxaca.com\/wp-content\/uploads\/2026\/09\/images-3.jpeg?w=715&amp;ssl=1 715w\" sizes=\"auto, (max-width: 300px) 100vw, 300px\" \/><\/p>\n<p style=\"text-align: justify;\">La controversia podr\u00eda derivar en solicitudes de juicio pol\u00edtico no s\u00f3lo contra ministros que eventualmente lo validen, sino tambi\u00e9n contra integrantes de los poderes Legislativo y Ejecutivo de Oaxaca involucrados en su aprobaci\u00f3n y ejecuci\u00f3n.<\/p>\n<p style=\"text-align: justify;\">El punto central es que la SCJN resolvi\u00f3 desde el 16 de noviembre de 2021, dentro de la controversia constitucional 121\/2012, la delimitaci\u00f3n territorial entre ambas entidades.<\/p>\n<p style=\"text-align: justify;\">Al tratarse de una sentencia definitiva y en etapa de cumplimiento, los poderes estatales estar\u00edan impedidos para modificar mediante un convenio posterior lo resuelto por el m\u00e1ximo tribunal.<\/p>\n<p style=\"text-align: justify;\">V\u00edctor Hugo Alejo Torres, asesor jur\u00eddico de San Francisco del Mar, calific\u00f3 el convenio como inconvencional, inconstitucional e ilegal.<\/p>\n<p style=\"text-align: justify;\">Sostuvo que reconocerlo implicar\u00eda que la propia Corte desconociera los efectos de su sentencia y vulnerara los principios de cosa juzgada y supremac\u00eda constitucional.<\/p>\n<p style=\"text-align: justify;\">Advirti\u00f3 que, si las ministras y ministros avalaran el acuerdo pese a la existencia de una resoluci\u00f3n definitiva, proceder\u00eda solicitar juicio pol\u00edtico contra quienes votaran a favor.<\/p>\n<p style=\"text-align: justify;\">Pero la eventual responsabilidad pol\u00edtica, sostuvo, alcanzar\u00eda tambi\u00e9n a los poderes de Oaxaca que intervinieron en la autorizaci\u00f3n y celebraci\u00f3n del convenio.<\/p>\n<p style=\"text-align: justify;\">Alejo Torres plante\u00f3 que el Congreso del Estado estaba impedido para otorgar al Ejecutivo facultades para convenir sobre la l\u00ednea lim\u00edtrofe, al encontrarse en ejecuci\u00f3n la sentencia.<\/p>\n<p style=\"text-align: justify;\">Sus atribuciones en esta materia, argument\u00f3, ya no estaban expeditas, sino sujetas al cumplimiento de lo ordenado por la SCJN.<\/p>\n<p style=\"text-align: justify;\">Bajo esa interpretaci\u00f3n, la autorizaci\u00f3n legislativa podr\u00eda constituir una violaci\u00f3n a los art\u00edculos 46 y 133 de la Constituci\u00f3n federal.<\/p>\n<p style=\"text-align: justify;\">Esto, al pretender modificar mediante actos de autoridades locales una sentencia que constituye una norma jur\u00eddica individualizada de suprema y estricta observancia.<\/p>\n<p style=\"text-align: justify;\">El mismo se\u00f1alamiento alcanzar\u00eda al Ejecutivo de Oaxaca, encabezado por el gobernador Salom\u00f3n Jara Cruz, por haber celebrado el convenio con Chiapas cuando ya exist\u00eda una resoluci\u00f3n constitucional que fijaba los l\u00edmites.<\/p>\n<p style=\"text-align: justify;\">La SCJN estableci\u00f3 que la l\u00ednea lim\u00edtrofe inicia en la Barra de Tonal\u00e1, a los 16 grados de latitud norte, con direcci\u00f3n al Cerro del Chilillo, contin\u00faa hacia el Cerro de la Jineta y concluye en el Cerro de los Mart\u00ednez.<\/p>\n<p style=\"text-align: justify;\">\u201cNadie ni nada puede modificar ese l\u00edmite\u201d, afirm\u00f3 Alejo Torres al sostener que la resoluci\u00f3n es definitiva, inatacable y de estricto cumplimiento.<\/p>\n<p style=\"text-align: justify;\">El conflicto pol\u00edtico-jur\u00eddico se remonta al 13 de abril de 2023, cuando el Congreso de Oaxaca aprob\u00f3 un decreto que, adem\u00e1s de atender la sentencia, autoriz\u00f3 al gobernador a celebrar un convenio amistoso de l\u00edmites con Chiapas.<\/p>\n<p style=\"text-align: justify;\">Cinco d\u00edas despu\u00e9s, el 18 de abril, ambos gobiernos suscribieron el acuerdo para reconocer un trazo correspondiente a las colindancias de Cintalapa, Arriaga y Tonal\u00e1, Chiapas, con San Pedro Tapanatepec y San Francisco del Mar, Oaxaca.<\/p>\n<p style=\"text-align: justify;\">Para ello tomaron como referencia el marco geoestad\u00edstico publicado por el INEGI hasta diciembre de 2018.<\/p>\n<p style=\"text-align: justify;\">Alejo Torres asegur\u00f3 que ese marco carece de valor jur\u00eddico para modificar la frontera fijada por la Corte.<\/p>\n<p style=\"text-align: justify;\">Record\u00f3 que Chiapas intent\u00f3 incorporarlo durante el procedimiento de aclaraci\u00f3n de sentencia, pero fue rechazado por la ministra instructora en marzo de 2024.<\/p>\n<p style=\"text-align: justify;\">Tambi\u00e9n cuestion\u00f3 que el Gobierno de Oaxaca dejara de nombrar perito top\u00f3grafo y de aportar elementos para acreditar f\u00edsicamente la Barra de Tonal\u00e1 y el Cerro del Chilillo.<\/p>\n<p style=\"text-align: justify;\">A su juicio, la l\u00ednea establecida por la SCJN est\u00e1 descrita sin ambig\u00fcedades y el Pleno debe limitarse a valorar los peritajes ordenados para corregir las coordenadas geogr\u00e1ficas, sin modificar el sentido de la sentencia.<\/p>\n<p style=\"text-align: justify;\">El abogado agreg\u00f3 que el convenio enfrentar\u00eda otro problema de legalidad porque, por Oaxaca, \u00fanicamente fue firmado por el gobernador y el secretario de Gobierno.<\/p>\n<p style=\"text-align: justify;\">Lo anterior, se\u00f1al\u00f3, pese a los requisitos establecidos en la Constituci\u00f3n estatal para los convenios celebrados por el Ejecutivo.<\/p>\n<p style=\"text-align: justify;\">La controversia jur\u00eddica coincide ahora con una nueva tensi\u00f3n territorial en Los Chimalapas, donde comuneros de San Miguel Chimalapa emprendieron acciones para recuperar las tierras del ejido Gustavo D\u00edaz Ordaz.<\/p>\n<p style=\"text-align: justify;\">Los comuneros reclaman aproximadamente 4 mil 975 hect\u00e1reas que consideran parte de su territorio comunal y plantearon a los habitantes de D\u00edaz Ordaz incorporarse al r\u00e9gimen comunal zoque o abandonar esas tierras.<\/p>\n<p style=\"text-align: justify;\">La movilizaci\u00f3n hacia la zona provoc\u00f3 el reforzamiento de la seguridad ante el riesgo de una confrontaci\u00f3n, mientras autoridades de Oaxaca y Chiapas mantienen presencia y seguimiento del conflicto.<\/p>\n<p style=\"text-align: justify;\">El caso de D\u00edaz Ordaz vuelve a colocar en el centro la ejecuci\u00f3n material de la sentencia de la SCJN y las consecuencias territoriales de la delimitaci\u00f3n entre Oaxaca y Chiapas.<\/p>\n<p style=\"text-align: justify;\">Por ello, Alejo Torres sostuvo que la Corte debe desechar el convenio y ordenar el cumplimiento estricto de su sentencia.<\/p>\n<p style=\"text-align: justify;\">De ocurrir lo contrario, advirti\u00f3, podr\u00eda abrirse la ruta para promover responsabilidades pol\u00edticas contra ministros, mientras la actuaci\u00f3n del Congreso y del Ejecutivo de Oaxaca tambi\u00e9n podr\u00eda ser cuestionada por haber autorizado y celebrado un convenio sobre una materia sujeta a una sentencia constitucional definitiva.<\/p>\n","protected":false},"excerpt":{"rendered":"<p>#Redacci\u00f3nOaxaca #Oaxaca #JaimeGUERRERO La disputa territorial entre Oaxaca y Chiapas abri\u00f3 un nuevo frente jur\u00eddico: el convenio amistoso firmado por ambos gobiernos para establecer el trazo de la frontera es se\u00f1alado de contravenir una sentencia definitiva de la Suprema Corte de Justicia de la Naci\u00f3n (SCJN). La controversia podr\u00eda derivar en solicitudes de juicio pol\u00edtico [&hellip;]<\/p>\n","protected":false},"author":9,"featured_media":43775,"comment_status":"open","ping_status":"open","sticky":false,"template":"","format":"standard","meta":{"_jetpack_newsletter_access":"","_jetpack_dont_email_post_to_subs":false,"_jetpack_newsletter_tier_id":0,"_jetpack_memberships_contains_paywalled_content":false,"_jetpack_feature_clip_id":0,"_jetpack_memberships_contains_paid_content":false,"footnotes":"","jetpack_publicize_message":"","jetpack_publicize_feature_enabled":true,"jetpack_social_post_already_shared":true,"jetpack_social_options":{"image_generator_settings":{"template":"highway","default_image_id":0,"font":"","enabled":false},"version":2},"jetpack_post_was_ever_published":false},"categories":[4,3,6],"tags":[],"class_list":{"0":"post-43774","1":"post","2":"type-post","3":"status-publish","4":"format-standard","5":"has-post-thumbnail","7":"category-agenda-politica","8":"category-mesa-de-redaccion","9":"category-tendencias"},"jetpack_publicize_connections":[],"jetpack_sharing_enabled":true,"jetpack_shortlink":"https:\/\/wp.me\/p9Ynjw-bo2","jetpack-related-posts":[{"id":22745,"url":"https:\/\/redaccionoaxaca.com\/index.php\/2021\/12\/02\/advierten-comuneros-de-santa-maria-chimalapas-a-amh-no-habra-dialogo-con-chiapanecos-exigen-reubicarlos-inmediatamente-tras-sentencia-de-la-scjn\/","url_meta":{"origin":43774,"position":0},"title":"Advierten comuneros de Santa Mar\u00eda Chimalapas a AMH &#8220;no habr\u00e1 di\u00e1logo con chiapanecos&#8221;; exigen reubicarlos inmediatamente tras sentencia de la SCJN.","author":"ariadna","date":"diciembre 2, 2021","format":false,"excerpt":"#Redacci\u00f3nOaxaca #Oaxaca Ariadna Mendoza Comuneros de Santa Mar\u00eda Chimalapas, inconformes ante las declaraciones del gobernador de Oaxaca, Alejandro Murat Hinojosa, luego de que \u00e9ste, hiciera declaraciones de entablar una mesa de \"di\u00e1logo y paz\" con el estado vecino de Chiapas, tras el resolutivo de la SCJN en el tema de\u2026","rel":"","context":"En &quot;Imagen&quot;","block_context":{"text":"Imagen","link":"https:\/\/redaccionoaxaca.com\/index.php\/category\/imagen\/"},"img":{"alt_text":"","src":"","width":0,"height":0},"classes":[]},{"id":30592,"url":"https:\/\/redaccionoaxaca.com\/index.php\/2024\/02\/19\/por-intromision-de-ex-fiscal-de-oaxaca-scjn-frena-incidente-de-aclaracion-de-sentencia-de-limites-de-chimalapas-y-chiapas\/","url_meta":{"origin":43774,"position":1},"title":"Por intromisi\u00f3n de ex Fiscal de Oaxaca, SCJN frena  incidente de aclaraci\u00f3n de sentencia de limites de Chimalapas y Chiapas","author":"ariadna","date":"febrero 19, 2024","format":false,"excerpt":"#Redacci\u00f3nOaxaca #Oaxaca Jaime GUERRERO El gobernador de Oaxaca Salom\u00f3n Jara Cruz responsabiliz\u00f3 al exfiscal del estado Arturo Peimbert Calvo de la suspensi\u00f3n del incidente de aclaraci\u00f3n de l\u00edmites entre la zona de Chimalapas y Chiapas, que la autoridad present\u00f3 ante la Suprema Corte de Justicia de la Naci\u00f3n (SCJN), en\u2026","rel":"","context":"En &quot;Agenda Pol\u00edtica&quot;","block_context":{"text":"Agenda Pol\u00edtica","link":"https:\/\/redaccionoaxaca.com\/index.php\/category\/agenda-politica\/"},"img":{"alt_text":"","src":"","width":0,"height":0},"classes":[]},{"id":20781,"url":"https:\/\/redaccionoaxaca.com\/index.php\/2021\/09\/10\/juicio-politico-vs-gobernador-de-oaxaca-inconstitucional-murat-podra-presentar-controversia-ante-scjn-vs-diputados\/","url_meta":{"origin":43774,"position":2},"title":"Juicio Pol\u00edtico vs Gobernador de Oaxaca, inconstitucional; Murat podr\u00e1 presentar controversia ante SCJN vs diputados.","author":"ariadna","date":"septiembre 10, 2021","format":false,"excerpt":"#Redacci\u00f3nOaxaca #Oaxaca Jaime GUERRERO Al no existir una denuncia contra el gobernador del Estado, Alejandro Murat Hinojosa, para incoar (iniciar ) un juicio pol\u00edtico en su contra, ese instrumento que pretenden impulsar 3 de 5 diputados y diputadas integrantes de la Comisi\u00f3n Instructora de la saliente LXIV Legislatura, ser\u00eda ilegal,\u2026","rel":"","context":"En &quot;Agenda Pol\u00edtica&quot;","block_context":{"text":"Agenda Pol\u00edtica","link":"https:\/\/redaccionoaxaca.com\/index.php\/category\/agenda-politica\/"},"img":{"alt_text":"","src":"","width":0,"height":0},"classes":[]},{"id":33884,"url":"https:\/\/redaccionoaxaca.com\/index.php\/2024\/10\/14\/por-crear-crisis-constitucional-al-obstruir-reforma-judicial-presentan-juicio-politico-vs-8-ministros-de-la-scjn\/","url_meta":{"origin":43774,"position":3},"title":"Por crear crisis constitucional, al obstruir Reforma Judicial, presentan Juicio Pol\u00edtico vs 8 ministros de la SCJN","author":"ariadna","date":"octubre 14, 2024","format":false,"excerpt":"#Redacci\u00f3nOaxaca #Oaxaca Jaime GUERRERO Abogados de la Universidad Aut\u00f3noma \u201cBenito Ju\u00e1rez\u201d de Oaxaca (UABJO) presentaron una demanda de juicio pol\u00edtico contra ocho ministros de la Suprema Corte de Justicia de la Naci\u00f3n (SCJN), por crear crisis constitucional, al obstruir la aplicaci\u00f3n del texto de la reci\u00e9n aprobada Reforma al Poder\u2026","rel":"","context":"En &quot;Agenda Pol\u00edtica&quot;","block_context":{"text":"Agenda Pol\u00edtica","link":"https:\/\/redaccionoaxaca.com\/index.php\/category\/agenda-politica\/"},"img":{"alt_text":"","src":"","width":0,"height":0},"classes":[]},{"id":28752,"url":"https:\/\/redaccionoaxaca.com\/index.php\/2023\/04\/19\/fortalecen-oaxaca-y-chiapas-hermandad-con-resolucion-historica-por-conflicto-de-limites-territoriales\/","url_meta":{"origin":43774,"position":4},"title":"Fortalecen Oaxaca y Chiapas hermandad con resoluci\u00f3n hist\u00f3rica por conflicto de l\u00edmites territoriales","author":"ariadna","date":"abril 19, 2023","format":false,"excerpt":"#Redacci\u00f3nOaxaca #Oaxaca San Raymundo Jalpan, Oax. 19 de abril de 2023.- Este martes, los gobernadores Salom\u00f3n Jara Cruz, de Oaxaca, y Rutilio Escand\u00f3n Cadenas, de Chiapas, acompa\u00f1ados del subsecretario de Desarrollo Democr\u00e1tico, Participaci\u00f3n Social y Asuntos Religiosos de la Secretar\u00eda de Gobernaci\u00f3n, C\u00e9sar Y\u00e1\u00f1ez Centeno, as\u00ed como de legisladores, autoridades\u2026","rel":"","context":"En &quot;Agenda Pol\u00edtica&quot;","block_context":{"text":"Agenda Pol\u00edtica","link":"https:\/\/redaccionoaxaca.com\/index.php\/category\/agenda-politica\/"},"img":{"alt_text":"","src":"https:\/\/i0.wp.com\/redaccionoaxaca.com\/wp-content\/uploads\/2023\/04\/IMG-20230419-WA0059-300x200.jpg?resize=350%2C200&ssl=1","width":350,"height":200},"classes":[]},{"id":22273,"url":"https:\/\/redaccionoaxaca.com\/index.php\/2021\/11\/11\/video-historico-scjn-devuelve-a-oaxaca-territorio-invadido-por-decreto-ilegal-de-congreso-chiapaneco-fija-linea-limitrofe-en-chimalapas\/","url_meta":{"origin":43774,"position":5},"title":"VIDEO: Hist\u00f3rico, SCJN devuelve a Oaxaca territorio invadido por decreto  ilegal de Congreso chiapaneco; fija l\u00ednea lim\u00edtrofe en Chimalapas.","author":"ariadna","date":"noviembre 11, 2021","format":"video","excerpt":"#Redacci\u00f3nOaxaca #Oaxaca Jaime GUERRERO Con 10 votos a favor 1 una en contra, el Pleno de los Ministros de la Suprema Corte de Justicia de la Naci\u00f3n (#SCJN), fijaron la l\u00ednea lim\u00edtrofe entre los estados de Chiapas y Oaxaca, y devolvieron territorio de los Chimalapas -invadido por decreto ilegal del\u2026","rel":"","context":"En &quot;Agenda Pol\u00edtica&quot;","block_context":{"text":"Agenda Pol\u00edtica","link":"https:\/\/redaccionoaxaca.com\/index.php\/category\/agenda-politica\/"},"img":{"alt_text":"","src":"","width":0,"height":0},"classes":[]}],"jetpack_featured_media_url":"https:\/\/i0.wp.com\/redaccionoaxaca.com\/wp-content\/uploads\/2026\/09\/images-3.jpeg?fit=715%2C429&ssl=1","_links":{"self":[{"href":"https:\/\/redaccionoaxaca.com\/index.php\/wp-json\/wp\/v2\/posts\/43774","targetHints":{"allow":["GET"]}}],"collection":[{"href":"https:\/\/redaccionoaxaca.com\/index.php\/wp-json\/wp\/v2\/posts"}],"about":[{"href":"https:\/\/redaccionoaxaca.com\/index.php\/wp-json\/wp\/v2\/types\/post"}],"author":[{"embeddable":true,"href":"https:\/\/redaccionoaxaca.com\/index.php\/wp-json\/wp\/v2\/users\/9"}],"replies":[{"embeddable":true,"href":"https:\/\/redaccionoaxaca.com\/index.php\/wp-json\/wp\/v2\/comments?post=43774"}],"version-history":[{"count":1,"href":"https:\/\/redaccionoaxaca.com\/index.php\/wp-json\/wp\/v2\/posts\/43774\/revisions"}],"predecessor-version":[{"id":43776,"href":"https:\/\/redaccionoaxaca.com\/index.php\/wp-json\/wp\/v2\/posts\/43774\/revisions\/43776"}],"wp:featuredmedia":[{"embeddable":true,"href":"https:\/\/redaccionoaxaca.com\/index.php\/wp-json\/wp\/v2\/media\/43775"}],"wp:attachment":[{"href":"https:\/\/redaccionoaxaca.com\/index.php\/wp-json\/wp\/v2\/media?parent=43774"}],"wp:term":[{"taxonomy":"category","embeddable":true,"href":"https:\/\/redaccionoaxaca.com\/index.php\/wp-json\/wp\/v2\/categories?post=43774"},{"taxonomy":"post_tag","embeddable":true,"href":"https:\/\/redaccionoaxaca.com\/index.php\/wp-json\/wp\/v2\/tags?post=43774"}],"curies":[{"name":"wp","href":"https:\/\/api.w.org\/{rel}","templated":true}]}}