{"id":43777,"date":"2026-09-05T23:01:32","date_gmt":"2026-09-06T05:01:32","guid":{"rendered":"https:\/\/redaccionoaxaca.com\/?p=43777"},"modified":"2026-09-05T23:01:32","modified_gmt":"2026-09-06T05:01:32","slug":"poder-legislativo-aprueba-elevacion-de-categoria-administrativa-a-favor-de-cinco-localidades-y-el-reconocimiento-de-dos-nucleos-rurales","status":"publish","type":"post","link":"https:\/\/redaccionoaxaca.com\/index.php\/2026\/09\/05\/poder-legislativo-aprueba-elevacion-de-categoria-administrativa-a-favor-de-cinco-localidades-y-el-reconocimiento-de-dos-nucleos-rurales\/","title":{"rendered":"\u200bPoder Legislativo aprueba elevaci\u00f3n de Categor\u00eda Administrativa a favor de cinco localidades y el reconocimiento de dos N\u00facleos Rurales"},"content":{"rendered":"<p><strong>#Redacci\u00f3nOaxaca<\/strong><\/p>\n<p><strong>#Oaxaca<\/strong><\/p>\n<p style=\"text-align: justify;\">* <em>La LXVI Legislatura aval\u00f3 diversos dict\u00e1menes de la Comisi\u00f3n Permanente de Gobierno y Asuntos Agrarios<\/em><\/p>\n<p style=\"text-align: justify;\">\u200bSan Raymundo Jalpan, Oax., a 05 de septiembre de 2026.- El Congreso del Estado aprob\u00f3 siete dict\u00e1menes de la Comisi\u00f3n Permanente de Gobierno y Asuntos Agrarios, con el objeto de elevar la Categor\u00eda Administrativa de cinco localidades y reconocer a dos N\u00facleos Rurales en las regiones de la Sierra de Flores Mag\u00f3n, Mixteca, Sierra Sur y Sierra de Ju\u00e1rez.<\/p>\n<p style=\"text-align: justify;\">\u200bPor lo tanto, el Pleno aprob\u00f3 la elevaci\u00f3n a la Categor\u00eda Administrativa de Agencia de Polic\u00eda a favor de las localidades de Santa Cruz Verde y Reforma Juquila, ambas pertenecientes al Municipio de San Sebasti\u00e1n Tecomaxtlahuaca, Distrito de Juxtlahuaca; as\u00ed como de Buena Vista, Municipio de San Crist\u00f3bal Amoltepec, Distrito de Tlaxiaco, en la regi\u00f3n Mixteca.<\/p>\n<p style=\"text-align: justify;\">\u200bDe igual manera, se aval\u00f3 la elevaci\u00f3n a la Categor\u00eda Administrativa de Agencia Municipal a favor de las localidades de Coquito, Municipio de Santiago Minas, Distrito de Sola de Vega; y San Juan Tagui, perteneciente al Municipio de San Ildefonso Villa Alta, Distrito de Villa Alta, en las regiones Sierra Sur y Sierra Ju\u00e1rez, respectivamente.<\/p>\n<p style=\"text-align: justify;\">\u200bAsimismo, se aprob\u00f3 el reconocimiento con la Denominaci\u00f3n de \u201cN\u00facleo Rural\u201d a favor de las localidades de La Divina Providencia y Guadalupe del R\u00edo, ambas del Municipio de San Mart\u00edn Peras, Distrito de Juxtlahuaca, en la regi\u00f3n Mixteca.<\/p>\n<p style=\"text-align: justify;\">\u200bLo anterior tiene como fundamento los requisitos y formalidades exigidos en los art\u00edculos 17, fracci\u00f3n I; 18; 20; 20 Ter; y 43, inciso A, fracciones III y IV de la Ley Org\u00e1nica Municipal del Estado, respetando el derecho fundamental a la autodeterminaci\u00f3n de los pueblos y comunidades ind\u00edgenas reconocido por la Constituci\u00f3n Federal, as\u00ed como por la Constituci\u00f3n Pol\u00edtica de Oaxaca en su art\u00edculo 16.<\/p>\n<p style=\"text-align: justify;\">\u200bPor lo anteriormente expuesto y para los efectos jur\u00eddicos correspondientes, se notificar\u00e1 formalmente a la Secretar\u00eda de Gobierno (Sego), a la Secretar\u00eda de Finanzas (Sefin), a la Auditor\u00eda Superior de Fiscalizaci\u00f3n del Estado (ASFE), al Instituto Nacional Electoral (INE), al Inegi y a los respectivos municipios.<\/p>\n<p style=\"text-align: justify;\">\u200bDichos dict\u00e1menes fueron aprobados en la Sesi\u00f3n Ordinaria del 18 de agosto del presente a\u00f1o.<\/p>\n","protected":false},"excerpt":{"rendered":"<p>#Redacci\u00f3nOaxaca #Oaxaca * La LXVI Legislatura aval\u00f3 diversos dict\u00e1menes de la Comisi\u00f3n Permanente de Gobierno y Asuntos Agrarios \u200bSan Raymundo Jalpan, Oax., a 05 de septiembre de 2026.- El Congreso del Estado aprob\u00f3 siete dict\u00e1menes de la Comisi\u00f3n Permanente de Gobierno y Asuntos Agrarios, con el objeto de elevar la Categor\u00eda Administrativa de cinco localidades [&hellip;]<\/p>\n","protected":false},"author":9,"featured_media":43778,"comment_status":"open","ping_status":"open","sticky":false,"template":"","format":"standard","meta":{"_jetpack_newsletter_access":"","_jetpack_dont_email_post_to_subs":false,"_jetpack_newsletter_tier_id":0,"_jetpack_memberships_contains_paywalled_content":false,"_jetpack_feature_clip_id":0,"_jetpack_memberships_contains_paid_content":false,"footnotes":"","jetpack_publicize_message":"","jetpack_publicize_feature_enabled":true,"jetpack_social_post_already_shared":true,"jetpack_social_options":{"image_generator_settings":{"template":"highway","default_image_id":0,"font":"","enabled":false},"version":2},"jetpack_post_was_ever_published":false},"categories":[1],"tags":[],"class_list":{"0":"post-43777","1":"post","2":"type-post","3":"status-publish","4":"format-standard","5":"has-post-thumbnail","7":"category-uncategorized"},"jetpack_publicize_connections":[],"jetpack_sharing_enabled":true,"jetpack_shortlink":"https:\/\/wp.me\/p9Ynjw-bo5","jetpack-related-posts":[{"id":32974,"url":"https:\/\/redaccionoaxaca.com\/index.php\/2024\/08\/13\/avala-congreso-elevacion-de-categoria-de-dos-localidades-de-oaxaca\/","url_meta":{"origin":43777,"position":0},"title":"Avala Congreso elevaci\u00f3n de categor\u00eda de dos localidades de Oaxaca","author":"ariadna","date":"agosto 13, 2024","format":false,"excerpt":"#Redacci\u00f3nOaxaca #Oaxaca \u2022Se trata de comunidades pertenecientes a la regi\u00f3n de la Mixteca. San Raymundo Jalpan, Oax. 13 de agosto de 2024.- En sesi\u00f3n ordinaria, el Pleno de la LXV Legislatura del Congreso local aprob\u00f3 los dict\u00e1menes por los cuales se avalan los cambios de categor\u00eda a dos localidades pertenecientes\u2026","rel":"","context":"En &quot;Agenda Pol\u00edtica&quot;","block_context":{"text":"Agenda Pol\u00edtica","link":"https:\/\/redaccionoaxaca.com\/index.php\/category\/agenda-politica\/"},"img":{"alt_text":"","src":"","width":0,"height":0},"classes":[]},{"id":33259,"url":"https:\/\/redaccionoaxaca.com\/index.php\/2024\/09\/09\/avala-congreso-elevacion-de-categoria-administrativa-de-comunidades-de-oaxaca\/","url_meta":{"origin":43777,"position":1},"title":"Avala Congreso elevaci\u00f3n de categor\u00eda administrativa de comunidades de Oaxaca","author":"ariadna","date":"septiembre 9, 2024","format":false,"excerpt":"#Redacci\u00f3nOaxaca #Oaxaca San Raymundo Jalpan, Oax. 06 de septiembre de 2024.- Con 31 votos a favor, el Pleno de la LXV Legislatura local aprob\u00f3 tres dict\u00e1menes con proyecto de decreto, mediante los cuales se avala que una comunidad de San Mart\u00edn Peras y dos localidades de San Miguel el Grande,\u2026","rel":"","context":"Entrada similar ","block_context":{"text":"Entrada similar ","link":""},"img":{"alt_text":"","src":"","width":0,"height":0},"classes":[]},{"id":41598,"url":"https:\/\/redaccionoaxaca.com\/index.php\/2026\/04\/16\/congreso-del-estado-aprueba-la-elevacion-de-categoria-administrativa-a-agencia-municipal-de-tres-localidades-de-la-costa-e-istmo\/","url_meta":{"origin":43777,"position":2},"title":"Congreso del Estado aprueba la elevaci\u00f3n de categor\u00eda administrativa a Agencia Municipal de tres localidades de la Costa e Istmo","author":"ariadna","date":"abril 16, 2026","format":false,"excerpt":"#Redacci\u00f3nOaxaca #Oaxaca * Se avalaron tres dict\u00e1menes de la Comisi\u00f3n Permanente de Gobierno y Asuntos Agrarios San Raymundo Jalpan, Oax., 16 de abril de 2026.- En Sesi\u00f3n Ordinaria, la LXVI Legislatura aprob\u00f3 por unanimidad tres dict\u00e1menes emitidos por la Comisi\u00f3n Permanente de Gobierno y Asuntos Agrarios, mediante los cuales se\u2026","rel":"","context":"En &quot;Agenda Pol\u00edtica&quot;","block_context":{"text":"Agenda Pol\u00edtica","link":"https:\/\/redaccionoaxaca.com\/index.php\/category\/agenda-politica\/"},"img":{"alt_text":"","src":"https:\/\/i0.wp.com\/redaccionoaxaca.com\/wp-content\/uploads\/2026\/04\/Screenshot_20260416_203428_Facebook-scaled.jpg?fit=1200%2C810&ssl=1&resize=350%2C200","width":350,"height":200,"srcset":"https:\/\/i0.wp.com\/redaccionoaxaca.com\/wp-content\/uploads\/2026\/04\/Screenshot_20260416_203428_Facebook-scaled.jpg?fit=1200%2C810&ssl=1&resize=350%2C200 1x, https:\/\/i0.wp.com\/redaccionoaxaca.com\/wp-content\/uploads\/2026\/04\/Screenshot_20260416_203428_Facebook-scaled.jpg?fit=1200%2C810&ssl=1&resize=525%2C300 1.5x, https:\/\/i0.wp.com\/redaccionoaxaca.com\/wp-content\/uploads\/2026\/04\/Screenshot_20260416_203428_Facebook-scaled.jpg?fit=1200%2C810&ssl=1&resize=700%2C400 2x, https:\/\/i0.wp.com\/redaccionoaxaca.com\/wp-content\/uploads\/2026\/04\/Screenshot_20260416_203428_Facebook-scaled.jpg?fit=1200%2C810&ssl=1&resize=1050%2C600 3x"},"classes":[]},{"id":40750,"url":"https:\/\/redaccionoaxaca.com\/index.php\/2026\/02\/27\/aprueba-congreso-local-el-reconocimiento-y-elevacion-de-categorias-administrativas-a-favor-de-dos-localidades-y-la-designacion-de-una-autoridad-municipal\/","url_meta":{"origin":43777,"position":3},"title":"Aprueba Congreso local el reconocimiento y elevaci\u00f3n de categor\u00edas administrativas a favor de dos localidades y la designaci\u00f3n de una autoridad municipal","author":"ariadna","date":"febrero 27, 2026","format":false,"excerpt":"#Redacci\u00f3nOaxaca #Oaxaca * Se avalaron tres dict\u00e1menes de la Comisi\u00f3n Permanente de Gobierno y Asuntos Agrarios San Raymundo Jalpan, Oax., 27 de febrero de 2026.- El Congreso del Estado aprob\u00f3 por unanimidad tres dict\u00e1menes emitidos por la Comisi\u00f3n Permanente de Gobierno y Asuntos Agrarios, mediante los cuales se avala la\u2026","rel":"","context":"En &quot;Agenda Pol\u00edtica&quot;","block_context":{"text":"Agenda Pol\u00edtica","link":"https:\/\/redaccionoaxaca.com\/index.php\/category\/agenda-politica\/"},"img":{"alt_text":"","src":"https:\/\/i0.wp.com\/redaccionoaxaca.com\/wp-content\/uploads\/2026\/02\/Screenshot_20260227_210149_Facebook-scaled.jpg?fit=1200%2C795&ssl=1&resize=350%2C200","width":350,"height":200,"srcset":"https:\/\/i0.wp.com\/redaccionoaxaca.com\/wp-content\/uploads\/2026\/02\/Screenshot_20260227_210149_Facebook-scaled.jpg?fit=1200%2C795&ssl=1&resize=350%2C200 1x, https:\/\/i0.wp.com\/redaccionoaxaca.com\/wp-content\/uploads\/2026\/02\/Screenshot_20260227_210149_Facebook-scaled.jpg?fit=1200%2C795&ssl=1&resize=525%2C300 1.5x, https:\/\/i0.wp.com\/redaccionoaxaca.com\/wp-content\/uploads\/2026\/02\/Screenshot_20260227_210149_Facebook-scaled.jpg?fit=1200%2C795&ssl=1&resize=700%2C400 2x, https:\/\/i0.wp.com\/redaccionoaxaca.com\/wp-content\/uploads\/2026\/02\/Screenshot_20260227_210149_Facebook-scaled.jpg?fit=1200%2C795&ssl=1&resize=1050%2C600 3x"},"classes":[]},{"id":43396,"url":"https:\/\/redaccionoaxaca.com\/index.php\/2026\/08\/09\/aprueba-poder-legislativo-la-elevacion-de-categoria-administrativa-de-dos-agencias-municipales-y-dos-agencias-de-policia\/","url_meta":{"origin":43777,"position":4},"title":"Aprueba Poder Legislativo la elevaci\u00f3n de Categor\u00eda Administrativa de dos Agencias Municipales y dos Agencias de Polic\u00eda","author":"ariadna","date":"agosto 9, 2026","format":false,"excerpt":"#Redacci\u00f3nOaxaca #Oaxaca \u00b7 Se avalaron cuatro dict\u00e1menes de la Comisi\u00f3n Permanente de Gobierno y Asuntos Agrarios San Raymundo Jalpan, Oax., 08 de agosto de 2026.- En Sesi\u00f3n Ordinaria, la LXVI Legislatura aprob\u00f3 cuatro dict\u00e1menes de la Comisi\u00f3n Permanente de Gobierno y Asuntos Agrarios: dos para elevar localidades a la Categor\u00eda\u2026","rel":"","context":"En &quot;Agenda Pol\u00edtica&quot;","block_context":{"text":"Agenda Pol\u00edtica","link":"https:\/\/redaccionoaxaca.com\/index.php\/category\/agenda-politica\/"},"img":{"alt_text":"","src":"https:\/\/i0.wp.com\/redaccionoaxaca.com\/wp-content\/uploads\/2026\/08\/Screenshot_20260809_185937_Facebook-scaled.jpg?fit=1200%2C836&ssl=1&resize=350%2C200","width":350,"height":200,"srcset":"https:\/\/i0.wp.com\/redaccionoaxaca.com\/wp-content\/uploads\/2026\/08\/Screenshot_20260809_185937_Facebook-scaled.jpg?fit=1200%2C836&ssl=1&resize=350%2C200 1x, https:\/\/i0.wp.com\/redaccionoaxaca.com\/wp-content\/uploads\/2026\/08\/Screenshot_20260809_185937_Facebook-scaled.jpg?fit=1200%2C836&ssl=1&resize=525%2C300 1.5x, https:\/\/i0.wp.com\/redaccionoaxaca.com\/wp-content\/uploads\/2026\/08\/Screenshot_20260809_185937_Facebook-scaled.jpg?fit=1200%2C836&ssl=1&resize=700%2C400 2x, https:\/\/i0.wp.com\/redaccionoaxaca.com\/wp-content\/uploads\/2026\/08\/Screenshot_20260809_185937_Facebook-scaled.jpg?fit=1200%2C836&ssl=1&resize=1050%2C600 3x"},"classes":[]},{"id":41651,"url":"https:\/\/redaccionoaxaca.com\/index.php\/2026\/04\/19\/aprueba-legislativo-designaciones-en-ayuntamientos-elevacion-de-categoria-administrativa-y-denominacion-politica-de-nucleo-rural-en-localidades-de-la-costa-y-mixteca\/","url_meta":{"origin":43777,"position":5},"title":"Aprueba Legislativo designaciones en ayuntamientos, elevaci\u00f3n de categor\u00eda administrativa y Denominaci\u00f3n Pol\u00edtica de N\u00facleo Rural en localidades de la Costa y Mixteca","author":"ariadna","date":"abril 19, 2026","format":false,"excerpt":"#Redacci\u00f3nOaxaca #Oaxaca * Se avalaron cuatro dict\u00e1menes de la Comisi\u00f3n Permanente de Gobierno y Asuntos Agrarios San Raymundo Jalpan, Oax., 19 de abril de 2026.- El Congreso del Estado aprob\u00f3, con 30 votos a favor, cuatro dict\u00e1menes emitidos por la Comisi\u00f3n Permanente de Gobierno y Asuntos Agrarios, mediante los cuales\u2026","rel":"","context":"En &quot;Agenda Pol\u00edtica&quot;","block_context":{"text":"Agenda Pol\u00edtica","link":"https:\/\/redaccionoaxaca.com\/index.php\/category\/agenda-politica\/"},"img":{"alt_text":"","src":"https:\/\/i0.wp.com\/redaccionoaxaca.com\/wp-content\/uploads\/2026\/04\/Screenshot_20260419_150240_Facebook-scaled.jpg?fit=1200%2C710&ssl=1&resize=350%2C200","width":350,"height":200,"srcset":"https:\/\/i0.wp.com\/redaccionoaxaca.com\/wp-content\/uploads\/2026\/04\/Screenshot_20260419_150240_Facebook-scaled.jpg?fit=1200%2C710&ssl=1&resize=350%2C200 1x, https:\/\/i0.wp.com\/redaccionoaxaca.com\/wp-content\/uploads\/2026\/04\/Screenshot_20260419_150240_Facebook-scaled.jpg?fit=1200%2C710&ssl=1&resize=525%2C300 1.5x, https:\/\/i0.wp.com\/redaccionoaxaca.com\/wp-content\/uploads\/2026\/04\/Screenshot_20260419_150240_Facebook-scaled.jpg?fit=1200%2C710&ssl=1&resize=700%2C400 2x, https:\/\/i0.wp.com\/redaccionoaxaca.com\/wp-content\/uploads\/2026\/04\/Screenshot_20260419_150240_Facebook-scaled.jpg?fit=1200%2C710&ssl=1&resize=1050%2C600 3x"},"classes":[]}],"jetpack_featured_media_url":"https:\/\/i0.wp.com\/redaccionoaxaca.com\/wp-content\/uploads\/2026\/09\/Screenshot_20260905_225813_Facebook-scaled.jpg?fit=2560%2C1699&ssl=1","_links":{"self":[{"href":"https:\/\/redaccionoaxaca.com\/index.php\/wp-json\/wp\/v2\/posts\/43777","targetHints":{"allow":["GET"]}}],"collection":[{"href":"https:\/\/redaccionoaxaca.com\/index.php\/wp-json\/wp\/v2\/posts"}],"about":[{"href":"https:\/\/redaccionoaxaca.com\/index.php\/wp-json\/wp\/v2\/types\/post"}],"author":[{"embeddable":true,"href":"https:\/\/redaccionoaxaca.com\/index.php\/wp-json\/wp\/v2\/users\/9"}],"replies":[{"embeddable":true,"href":"https:\/\/redaccionoaxaca.com\/index.php\/wp-json\/wp\/v2\/comments?post=43777"}],"version-history":[{"count":1,"href":"https:\/\/redaccionoaxaca.com\/index.php\/wp-json\/wp\/v2\/posts\/43777\/revisions"}],"predecessor-version":[{"id":43779,"href":"https:\/\/redaccionoaxaca.com\/index.php\/wp-json\/wp\/v2\/posts\/43777\/revisions\/43779"}],"wp:featuredmedia":[{"embeddable":true,"href":"https:\/\/redaccionoaxaca.com\/index.php\/wp-json\/wp\/v2\/media\/43778"}],"wp:attachment":[{"href":"https:\/\/redaccionoaxaca.com\/index.php\/wp-json\/wp\/v2\/media?parent=43777"}],"wp:term":[{"taxonomy":"category","embeddable":true,"href":"https:\/\/redaccionoaxaca.com\/index.php\/wp-json\/wp\/v2\/categories?post=43777"},{"taxonomy":"post_tag","embeddable":true,"href":"https:\/\/redaccionoaxaca.com\/index.php\/wp-json\/wp\/v2\/tags?post=43777"}],"curies":[{"name":"wp","href":"https:\/\/api.w.org\/{rel}","templated":true}]}}