{"id":5640,"date":"2019-03-05T13:49:34","date_gmt":"2019-03-05T19:49:34","guid":{"rendered":"http:\/\/redaccionoaxaca.com\/?p=5640"},"modified":"2019-03-05T13:49:34","modified_gmt":"2019-03-05T19:49:34","slug":"46-casos-coxsackie-y-45-de-pediculosis-tan-solo-en-la-jurisdiccion-01-confirma-la-secretaria-de-salud-del-estado-hasta-el-cierre-de-febrero","status":"publish","type":"post","link":"https:\/\/redaccionoaxaca.com\/index.php\/2019\/03\/05\/46-casos-coxsackie-y-45-de-pediculosis-tan-solo-en-la-jurisdiccion-01-confirma-la-secretaria-de-salud-del-estado-hasta-el-cierre-de-febrero\/","title":{"rendered":"46 casos Coxsackie y 45 de pediculosis tan solo en la Jurisdicci\u00f3n 01 confirma la Secretaria de Salud del Estado hasta el cierre de febrero."},"content":{"rendered":"<p style=\"text-align: justify;\"><strong>#Redacci\u00f3nOaxaca<\/strong><\/p>\n<p style=\"text-align: justify;\"><strong>#Oaxaca<\/strong><\/p>\n<p style=\"text-align: justify;\"><strong>Maira Ric\u00e1rdez<\/strong><\/p>\n<p style=\"text-align: justify;\">Hasta la semana pasada, en el Estado de Oaxaca, la Secretar\u00eda de Salud registr\u00f3 tan solo en la jurisdicci\u00f3n No. 1, 46 casos confirmados del denominado virus Coxsackie, que afecta principalmente a infantes hasta de nueve a\u00f1os de edad; el virus Coxsackie pertenece a la familia de los enterovirus, que incluye los virus de la poliomielitis y el de la hepatitis A, los cuales viven en el tracto digestivo del ser humano. Este virus se puede contagiar de una persona a otra a trav\u00e9s del contacto con manos sucias o superficies contaminadas con heces fecales.<\/p>\n<p style=\"text-align: justify;\">Estos casos hasta la primera semana de marzo, se han registrado en San Mart\u00edn Toxpalan en la regi\u00f3n Ca\u00f1ada, 15 casos, en Tlacochahuaya en los Valles Centrales del Estado 18 casos m\u00e1s, y, en esta ciudad de Oaxaca de Ju\u00e1rez, 13 casos confirmados tambi\u00e9n. El total se ha dado en guarder\u00edas, los casos est\u00e1n identificados y se han tomado las medidas necesarias, inform\u00f3 el Titular de la Unidad de Epidemiologia de los Servicios de Salud del Estado, Dr. Miguel V\u00e1squez.<\/p>\n<p style=\"text-align: justify;\">La tambi\u00e9n llamada enfermedad mano-pie-boca cursa con ampollas rojas y dolorosas en garganta, lengua, enc\u00edas, paladar y la cara interna de las mejillas, as\u00ed como en palmas de las manos y plantas de los pies. En la mayor\u00eda de casos, el Coxsackie provoca s\u00edntomas leves parecidos a una gripe, que desaparecen sin tratamiento, pero en algunos casos pueden generar infecciones m\u00e1s graves., no hay un tratamiento especifico para curarlo explic\u00f3, solo se recomienda reposo y aislamiento para evitar un circulo de contagio.<\/p>\n<p style=\"text-align: justify;\">Pese a estos 46 casos, no se trata de una pandemia, aclar\u00f3, se han creado filtros para que no crezca el contagio y los menores afectados cursen este tiempo en casa, la enfermedad tiene un ciclo de no m\u00e1s de una semana.<\/p>\n<p style=\"text-align: justify;\">En asunto aparte pero tambi\u00e9n preocupante para padres de familia con menores de edad, el m\u00e9dico reconoci\u00f3 que este periodo de calor es proclive para casos de pediculosis, es decir, piojos, y ya se confirmaron al menos 45 casos; 17 en dos escuelas de esta ciudad, 20 m\u00e1s en San Pablo Huixtepec y 8 en Amatl\u00e1n, en estos casos la recomendaci\u00f3n es la misma, periodo de aislamiento hasta lograr la erradicaci\u00f3n de la plaga, plaga que es combatida con higiene diaria y el uso de shampoos especializados.<\/p>\n<p><img data-recalc-dims=\"1\" loading=\"lazy\" decoding=\"async\" class=\"size-medium wp-image-5641 aligncenter\" src=\"https:\/\/i0.wp.com\/redaccionoaxaca.com\/wp-content\/uploads\/2019\/03\/images-3-1-300x300.jpeg?resize=300%2C300\" alt=\"\" width=\"300\" height=\"300\" \/><\/p>\n","protected":false},"excerpt":{"rendered":"<p>#Redacci\u00f3nOaxaca #Oaxaca Maira Ric\u00e1rdez Hasta la semana pasada, en el Estado de Oaxaca, la Secretar\u00eda de Salud registr\u00f3 tan solo en la jurisdicci\u00f3n No. 1, 46 casos confirmados del denominado virus Coxsackie, que afecta principalmente a infantes hasta de nueve a\u00f1os de edad; el virus Coxsackie pertenece a la familia de los enterovirus, que incluye [&hellip;]<\/p>\n","protected":false},"author":3,"featured_media":0,"comment_status":"open","ping_status":"open","sticky":false,"template":"","format":"standard","meta":{"jetpack_post_was_ever_published":false,"_jetpack_newsletter_access":"","_jetpack_dont_email_post_to_subs":false,"_jetpack_newsletter_tier_id":0,"_jetpack_memberships_contains_paywalled_content":false,"_jetpack_memberships_contains_paid_content":false,"footnotes":"","jetpack_publicize_message":"","jetpack_publicize_feature_enabled":true,"jetpack_social_post_already_shared":true,"jetpack_social_options":{"image_generator_settings":{"template":"highway","default_image_id":0,"font":"","enabled":false},"version":2}},"categories":[1],"tags":[],"class_list":{"0":"post-5640","1":"post","2":"type-post","3":"status-publish","4":"format-standard","6":"category-uncategorized"},"jetpack_publicize_connections":[],"jetpack_featured_media_url":"","jetpack_sharing_enabled":true,"jetpack_shortlink":"https:\/\/wp.me\/p9Ynjw-1sY","jetpack-related-posts":[{"id":16022,"url":"https:\/\/redaccionoaxaca.com\/index.php\/2021\/01\/03\/la-jurisdiccion-sanitaria-de-valles-centrales-presenta-mayor-numero-de-nuevos-casos-con-703\/","url_meta":{"origin":5640,"position":0},"title":"La Jurisdicci\u00f3n Sanitaria de Valles Centrales presenta mayor n\u00famero de nuevos casos con 703.","author":"ariadna","date":"enero 3, 2021","format":false,"excerpt":"#Redacci\u00f3nOaxaca #Oaxaca \u2022 A partir de este a\u00f1o, los mensajes dominicales referentes al desarrollo de la pandemia en la entidad, incluir\u00e1n un resumen de la situaci\u00f3n epidemiol\u00f3gica Oaxaca de Ju\u00e1rez, Oax. 3 de enero de 2021. \u201cNos acompa\u00f1a la esperanza de la existencia de la vacuna que ya ha comenzado\u2026","rel":"","context":"En &quot;Al Cierre&quot;","block_context":{"text":"Al Cierre","link":"https:\/\/redaccionoaxaca.com\/index.php\/category\/al-cierre\/"},"img":{"alt_text":"","src":"","width":0,"height":0},"classes":[]},{"id":14149,"url":"https:\/\/redaccionoaxaca.com\/index.php\/2020\/08\/27\/casa-hogar-para-el-adulto-mayor-del-municipio-de-oaxaca-infestada-de-covid19-solo-9-de-sus-moradores-no-han-sido-contagiados-a-esta-fecha-5-han-muerto\/","url_meta":{"origin":5640,"position":1},"title":"Casa Hogar para el Adulto Mayor del Municipio de Oaxaca infestada de covid19, solo 9 de sus moradores no han sido contagiados a esta fecha, 5 han muerto.","author":"ariadna","date":"agosto 27, 2020","format":false,"excerpt":"#Redacci\u00f3nOaxaca #Oaxaca Maira Ric\u00e1rdez *Los reclusorios del Estado registran 22 confirmados y 13 sospechosos, actualmente solo 1 activo. En solo los \u00faltimos 15 d\u00edas, los contagios de Covid19 se multiplicaron a casi un 300 por ciento en el Asilo Municipal o casa hogar para el adulto mayor de Oaxaca de\u2026","rel":"","context":"En &quot;Al Cierre&quot;","block_context":{"text":"Al Cierre","link":"https:\/\/redaccionoaxaca.com\/index.php\/category\/al-cierre\/"},"img":{"alt_text":"","src":"","width":0,"height":0},"classes":[]},{"id":13305,"url":"https:\/\/redaccionoaxaca.com\/index.php\/2020\/07\/08\/esta-semana-es-decisiva-en-oaxaca-para-saber-el-rumbo-respecto-al-covid-afirma-la-secretaria-de-salud\/","url_meta":{"origin":5640,"position":2},"title":"Esta semana es decisiva en Oaxaca para saber el rumbo respecto al Covid afirma la Secretar\u00eda de Salud.","author":"ariadna","date":"julio 8, 2020","format":false,"excerpt":"#Redacci\u00f3nOaxaca #Oaxaca Maira Ric\u00e1rdez Esta semana es decisiva en el Estado de Oaxaca para saber si habremos de regresar o no a la normalidad respecto al covid19, permanecer en sem\u00e1foro naranja, tal vez descender a amarillo, o en caso contrario, regresar al rojo. La expectativa de la Secretar\u00eda de salud\u2026","rel":"","context":"En &quot;Imagen&quot;","block_context":{"text":"Imagen","link":"https:\/\/redaccionoaxaca.com\/index.php\/category\/imagen\/"},"img":{"alt_text":"","src":"","width":0,"height":0},"classes":[]},{"id":11843,"url":"https:\/\/redaccionoaxaca.com\/index.php\/2020\/04\/15\/es-magdalena-apazco-el-ayuntamiento-2-en-numero-de-casos-de-covid-en-todo-el-estado-le-antecede-solamente-la-capital-oaxaquena\/","url_meta":{"origin":5640,"position":3},"title":"Es Magdalena Apazco el Ayuntamiento 2 en n\u00famero de casos de Covid en todo el Estado, le antecede solamente la capital Oaxaque\u00f1a.","author":"ariadna","date":"abril 15, 2020","format":false,"excerpt":"#Redacci\u00f3nOaxaca #Oaxaca Maira Ric\u00e1rdez La Secretar\u00eda de Salud del pa\u00eds inform\u00f3 al cierre del martes 14 que se registraron un total de 5 mil 399 casos confirmados de Covid-19, y 406 decesos en todo el pa\u00eds. Los datos abiertos publicados en el gobierno federal permiten conocer que hay casos detectados\u2026","rel":"","context":"En &quot;Mesa de Redacci\u00f3n&quot;","block_context":{"text":"Mesa de Redacci\u00f3n","link":"https:\/\/redaccionoaxaca.com\/index.php\/category\/mesa-de-redaccion\/"},"img":{"alt_text":"","src":"","width":0,"height":0},"classes":[]},{"id":12818,"url":"https:\/\/redaccionoaxaca.com\/index.php\/2020\/06\/11\/contagiados-de-covid-estan-acudiendo-tarde-a-solicitar-auxilio-medico-salen-a-la-calle-cuando-ya-no-pueden-ni-respirar-acrecentando-la-tragedia-salud\/","url_meta":{"origin":5640,"position":4},"title":"Contagiados de covid est\u00e1n acudiendo tarde a solicitar auxilio m\u00e9dico, salen a la calle cuando ya no pueden ni respirar, acrecentando la tragedia: Salud.","author":"ariadna","date":"junio 11, 2020","format":false,"excerpt":"#Redacci\u00f3nOaxaca #Oaxaca Maira Ric\u00e1rdez Los casos de muerte repentina, aquellos en que familiares y cercanos a las victimas aseguran que su paciente \u201cgozaba de buena salud\u201d y que han muerto de manera inesperada, el Director de la Jurisdicci\u00f3n No. 1 de los Servicios de Salud de Oaxaca, Dr. Mario Mart\u00ednez\u2026","rel":"","context":"En &quot;Mesa de Redacci\u00f3n&quot;","block_context":{"text":"Mesa de Redacci\u00f3n","link":"https:\/\/redaccionoaxaca.com\/index.php\/category\/mesa-de-redaccion\/"},"img":{"alt_text":"","src":"","width":0,"height":0},"classes":[]},{"id":17922,"url":"https:\/\/redaccionoaxaca.com\/index.php\/2021\/03\/30\/565-caso-de-reacciones-tras-la-aplicacion-de-la-vacuna-contra-la-covid19-ha-contabilizado-a-la-fecha-la-secretaria-de-salud-de-oaxaca\/","url_meta":{"origin":5640,"position":5},"title":"565 caso de reacciones tras la aplicaci\u00f3n de la vacuna contra la Covid19 ha contabilizado a la fecha la Secretar\u00eda de Salud de Oaxaca.","author":"ariadna","date":"marzo 30, 2021","format":false,"excerpt":"#Redacci\u00f3nOaxaca #Oaxaca Maira Ric\u00e1rdez *De los 565, solo 6 casos fueron determinados como graves por la federaci\u00f3n, y la gran mayor\u00eda fueron \u201ccoincidentes\u201d, por situaciones previas en el organismo de quienes la recibieron La Secretar\u00eda de Salud del Estado, reconoci\u00f3 hasta el s\u00e1bado de la semana pasada, un total de\u2026","rel":"","context":"En &quot;Al Cierre&quot;","block_context":{"text":"Al Cierre","link":"https:\/\/redaccionoaxaca.com\/index.php\/category\/al-cierre\/"},"img":{"alt_text":"","src":"","width":0,"height":0},"classes":[]}],"_links":{"self":[{"href":"https:\/\/redaccionoaxaca.com\/index.php\/wp-json\/wp\/v2\/posts\/5640","targetHints":{"allow":["GET"]}}],"collection":[{"href":"https:\/\/redaccionoaxaca.com\/index.php\/wp-json\/wp\/v2\/posts"}],"about":[{"href":"https:\/\/redaccionoaxaca.com\/index.php\/wp-json\/wp\/v2\/types\/post"}],"author":[{"embeddable":true,"href":"https:\/\/redaccionoaxaca.com\/index.php\/wp-json\/wp\/v2\/users\/3"}],"replies":[{"embeddable":true,"href":"https:\/\/redaccionoaxaca.com\/index.php\/wp-json\/wp\/v2\/comments?post=5640"}],"version-history":[{"count":1,"href":"https:\/\/redaccionoaxaca.com\/index.php\/wp-json\/wp\/v2\/posts\/5640\/revisions"}],"predecessor-version":[{"id":5643,"href":"https:\/\/redaccionoaxaca.com\/index.php\/wp-json\/wp\/v2\/posts\/5640\/revisions\/5643"}],"wp:attachment":[{"href":"https:\/\/redaccionoaxaca.com\/index.php\/wp-json\/wp\/v2\/media?parent=5640"}],"wp:term":[{"taxonomy":"category","embeddable":true,"href":"https:\/\/redaccionoaxaca.com\/index.php\/wp-json\/wp\/v2\/categories?post=5640"},{"taxonomy":"post_tag","embeddable":true,"href":"https:\/\/redaccionoaxaca.com\/index.php\/wp-json\/wp\/v2\/tags?post=5640"}],"curies":[{"name":"wp","href":"https:\/\/api.w.org\/{rel}","templated":true}]}}