{"id":5652,"date":"2019-03-06T18:23:00","date_gmt":"2019-03-07T00:23:00","guid":{"rendered":"http:\/\/redaccionoaxaca.com\/?p=5652"},"modified":"2019-03-06T18:23:00","modified_gmt":"2019-03-07T00:23:00","slug":"congreso-de-oaxaca-aprueba-la-guardia-nacional-de-amlo","status":"publish","type":"post","link":"https:\/\/redaccionoaxaca.com\/index.php\/2019\/03\/06\/congreso-de-oaxaca-aprueba-la-guardia-nacional-de-amlo\/","title":{"rendered":"Congreso de Oaxaca, aprueba la Guardia Nacional de AMLO."},"content":{"rendered":"<p style=\"text-align: justify;\"><strong>#Redacci\u00f3nOaxaca<\/strong><\/p>\n<p style=\"text-align: justify;\"><strong>#Oaxaca<\/strong><\/p>\n<p style=\"text-align: justify;\"><strong>Jaime GUERRERO<\/strong><\/p>\n<p style=\"text-align: justify;\">Con 40 votos a favor y en medio de jovialidad de diputados de Morena, la LXIV Legislatura, aprob\u00f3 la minuta de reforma constitucional que crea la Guardia Nacional, enviada por el Congreso de la Uni\u00f3n, al Poder Legislativo de Oaxaca. Con ello, el Congreso del Estado, se convirti\u00f3 en el Legislativo Estatal, n\u00famero 18 que aprob\u00f3 ese proyecto de seguridad nacional que impulso el Presidente, Andr\u00e9s Manuel L\u00f3pez Obrador.<br \/>\nAntes, los diputados de Morena, PT y el PAN, se enfrascaron en una discusi\u00f3n est\u00e9ril, por los programas y presupuestos asignados a las Estancias Infantiles, Refugios para Mujeres V\u00edctimas de Violencia y el fen\u00f3meno de la inseguridad en el Estado.<br \/>\nTras desahogar, 47 propuestas legislativas y 37 dictamenes de Comisiones -previo acuerdo al seno de la Junta de Coordinaci\u00f3n Pol\u00edtica- los diputados del PRI, Morena, PT, PES, PVEM, PAN y Mujeres Independientes, celebraron una sesi\u00f3n extraordinaria para avalar esa figura policiaca-militar, para que sea promulgada en diario oficial de la federaci\u00f3n y cobre el rango constitucional.<br \/>\nPara la ocasi\u00f3n, el grupo de 16 diputados de Morena que encabeza la Coordinadora, Laura Estrada Mauro, mandaron a hacer playeras blancas con la leyenda de \u201cGuardia Nacional\u201d. Se automarginaron, el grupo de 9 opositores a la tambi\u00e9n Presidenta de la Junta de Coordinaci\u00f3n Pol\u00edtica, pese a que recibieron la prenda.<br \/>\nPor la ocasi\u00f3n, lac\u00f3nico, el coordinador de los diputados locales del PRI, Alejandro Avil\u00e9s \u00c1lvarez, le obsequi\u00f3 una playera la leyenda \u201cGuardia Nacional\u201d, en color verde al morenista, Oth\u00f3n Cuevas C\u00f3rdova, quien subi\u00f3 al fijar posicionamiento en tribuna. Hasta ah\u00ed lleg\u00f3 el pri\u00edsta a obsequiar la camiseta al morenista, quien sosteni\u00e9ndola con la mano en alto, dijo: \u201camor y paz\u201d. En seguida resalt\u00f3 la Guardia Nacional de su jefe pol\u00edtico, Andr\u00e9s Manuel L\u00f3pez Obrador.<br \/>\nNo conforme, Avil\u00e9s \u00c1lvarez, volvi\u00f3 a realizar la misma acci\u00f3n al pie de las curules, ante un sonrojado, Cuevas C\u00f3rdova. La acci\u00f3n del pri\u00edsta, desato las risas de las legisladores de todas las fuerzas pol\u00edticas.<br \/>\nPara respaldar la Guardia Nacional, fijaron posicionamiento el diputado del PT, No\u00e9 Doroteo Castillejos y Pavel Mel\u00e9ndez Cruz, ambos, leyeron los puntos medulares de la minuta que crea la Guardia Nacional.<br \/>\nDe su lado, la vocera de la bancada de Morena, Delfina Guzm\u00e1n D\u00edaz, asegur\u00f3 que la Guardia Nacional, ser\u00e1 una instituci\u00f3n Civil Profesional encargada de prevenir y atacar el delito en todo el territorio Mexicano, con funciones de garante de la seguridad, la paz p\u00fablica y la libertad, adem\u00e1s de actuar como auxiliar del Ministerio P\u00fablico.<br \/>\nLa Guardia Nacional, agreg\u00f3, tendr\u00e1 disciplina militar en lo relacionado a su organizaci\u00f3n, pero en cuanto hace a sus funciones ligadas al contacto permanente con la ciudadan\u00eda se desempe\u00f1ara bajo medidas de autoridad civil.<br \/>\nDestac\u00f3 que queda prohibido que las personas detenidas en el uso de sus atribuciones, que establece la reforma sean trasladadas o resguardadas en instalaciones militares.<br \/>\nEn el caso de los miembros Guarda Nacional que cometan un delito o falta administrativa durante el desarrollo de sus funciones, ser\u00e1n juzgados por el fuero civil y no por el fuero militar. Adem\u00e1s queda reconocida la jurisdicci\u00f3n de la Corte Penal Internacional, sin limitaciones ni condicionamientos.<br \/>\nGuzm\u00e1n D\u00edaz, recalc\u00f3 que en la minuta se establece que los elementos de la Guarda Nacional recibir\u00e1n formaci\u00f3n en el manejo de protocolo para la intervenci\u00f3n y el uso de la fuerza, atendiendo a los criterios de necesidad, proporcionalidad y respeto a las leyes vigentes, para garantizar los derechos humanos y asegurar la actuaci\u00f3n de la nueva corporaci\u00f3n con apego a los protocolos de protecci\u00f3n de las garant\u00edas establecidas en la Constituci\u00f3n Federal.<br \/>\nLa Polic\u00eda Militar y Naval que se integren a la Guardia Nacional, conserven sus rangos, as\u00ed como las prestaciones de acuerdo a su nivel jer\u00e1rquico y de mando.<br \/>\nTras votaci\u00f3n, los morenistas corearon en se\u00f1al de victoria: \u201ces un honor estar con Obrador\u201d. Luego vinieron las fotos y con orgullo portando su playera con la leyenda alusiva al acto legislativo.<br \/>\nAs\u00ed, luego de casi 4 meses de discusiones y de cinco versiones de dict\u00e1menes y modificaciones en el Congreso de la Uni\u00f3n, el Congreso de Oaxaca, aprob\u00f3 la reforma constitucional por la cual se crea la Guardia Nacional, una nueva fuerza policial de seguridad, complementada con disciplina y adiestramiento militar, que se espera que cuente con 150 mil elementos al finalizar el sexenio de L\u00f3pez Obrador.<br \/>\nEl mando ser\u00e1 civil y habr\u00e1 una temporalidad limitada, a no m\u00e1s de 5 a\u00f1os, de colaboraci\u00f3n de las fuerzas armadas en materia de seguridad p\u00fablica; as\u00ed como la pronta reglamentaci\u00f3n del uso leg\u00edtimo de la fuerza, lo que significa el respeto a los derechos humanos y a los convenios internacionales firmados por M\u00e9xico.<\/p>\n<div style=\"width: 696px;\" class=\"wp-video\"><video class=\"wp-video-shortcode\" id=\"video-5652-1\" width=\"696\" height=\"392\" preload=\"metadata\" controls=\"controls\"><source type=\"video\/mp4\" src=\"http:\/\/redaccionoaxaca.com\/wp-content\/uploads\/2019\/03\/6-de-marzo-de-2019-a-las-6_08-p.-m.-2019-03-06-18-12-16.mp4?_=1\" \/><a href=\"http:\/\/redaccionoaxaca.com\/wp-content\/uploads\/2019\/03\/6-de-marzo-de-2019-a-las-6_08-p.-m.-2019-03-06-18-12-16.mp4\">http:\/\/redaccionoaxaca.com\/wp-content\/uploads\/2019\/03\/6-de-marzo-de-2019-a-las-6_08-p.-m.-2019-03-06-18-12-16.mp4<\/a><\/video><\/div>\n","protected":false},"excerpt":{"rendered":"<p>#Redacci\u00f3nOaxaca #Oaxaca Jaime GUERRERO Con 40 votos a favor y en medio de jovialidad de diputados de Morena, la LXIV Legislatura, aprob\u00f3 la minuta de reforma constitucional que crea la Guardia Nacional, enviada por el Congreso de la Uni\u00f3n, al Poder Legislativo de Oaxaca. Con ello, el Congreso del Estado, se convirti\u00f3 en el Legislativo [&hellip;]<\/p>\n","protected":false},"author":2,"featured_media":0,"comment_status":"open","ping_status":"open","sticky":false,"template":"","format":"standard","meta":{"jetpack_post_was_ever_published":false,"_jetpack_newsletter_access":"","_jetpack_dont_email_post_to_subs":false,"_jetpack_newsletter_tier_id":0,"_jetpack_memberships_contains_paywalled_content":false,"_jetpack_memberships_contains_paid_content":false,"footnotes":"","jetpack_publicize_message":"","jetpack_publicize_feature_enabled":true,"jetpack_social_post_already_shared":true,"jetpack_social_options":{"image_generator_settings":{"template":"highway","default_image_id":0,"font":"","enabled":false},"version":2}},"categories":[1],"tags":[],"class_list":{"0":"post-5652","1":"post","2":"type-post","3":"status-publish","4":"format-standard","6":"category-uncategorized"},"jetpack_publicize_connections":[],"jetpack_featured_media_url":"","jetpack_sharing_enabled":true,"jetpack_shortlink":"https:\/\/wp.me\/p9Ynjw-1ta","jetpack-related-posts":[{"id":38415,"url":"https:\/\/redaccionoaxaca.com\/index.php\/2025\/09\/25\/congreso-de-oaxaca-avala-minuta-del-congreso-de-la-union-para-subsanar-omisiones-en-reforma-que-transfirio-guardia-nacional-a-defensa-nacional\/","url_meta":{"origin":5652,"position":0},"title":"Congreso de Oaxaca avala minuta del Congreso de la Uni\u00f3n para subsanar omisiones en reforma que transfiri\u00f3 Guardia Nacional a Defensa Nacional","author":"ariadna","date":"septiembre 25, 2025","format":false,"excerpt":"#Redacci\u00f3nOaxaca #Oaxaca Jaime GUERRERO Para subsanar omisiones en la reforma que transfiri\u00f3 la Guardia Nacional a la Defensa Nacional, el pleno del Congreso de Oaxaca, aprob\u00f3 la minuta de reforma constitucional -enviad por el Congreso de la Uni\u00f3n- para otorgarle al Senado y, en su caso, a la Comisi\u00f3n Permanente,\u2026","rel":"","context":"En &quot;Agenda Pol\u00edtica&quot;","block_context":{"text":"Agenda Pol\u00edtica","link":"https:\/\/redaccionoaxaca.com\/index.php\/category\/agenda-politica\/"},"img":{"alt_text":"","src":"https:\/\/i0.wp.com\/redaccionoaxaca.com\/wp-content\/uploads\/2025\/09\/images-2025-09-25T093943.316.jpeg?fit=726%2C422&ssl=1&resize=350%2C200","width":350,"height":200,"srcset":"https:\/\/i0.wp.com\/redaccionoaxaca.com\/wp-content\/uploads\/2025\/09\/images-2025-09-25T093943.316.jpeg?fit=726%2C422&ssl=1&resize=350%2C200 1x, https:\/\/i0.wp.com\/redaccionoaxaca.com\/wp-content\/uploads\/2025\/09\/images-2025-09-25T093943.316.jpeg?fit=726%2C422&ssl=1&resize=525%2C300 1.5x, https:\/\/i0.wp.com\/redaccionoaxaca.com\/wp-content\/uploads\/2025\/09\/images-2025-09-25T093943.316.jpeg?fit=726%2C422&ssl=1&resize=700%2C400 2x"},"classes":[]},{"id":22352,"url":"https:\/\/redaccionoaxaca.com\/index.php\/2021\/11\/16\/teeo-devuelve-silla-de-la-jucopo-al-pan-y-pt-podran-integrar-bancada-con-2-diputados\/","url_meta":{"origin":5652,"position":1},"title":"TEEO devuelve silla de la Jucopo al PAN y PT;  podr\u00e1n integrar bancada con 2 diputados.","author":"ariadna","date":"noviembre 16, 2021","format":false,"excerpt":"#Redacci\u00f3nOaxaca #Oaxaca Jaime GUERRERO El Tribunal Electoral del Estado de Oaxaca (#TEEO), determin\u00f3 que ser\u00e1n inaplicables los art\u00edculos reformados de la ley org\u00e1nica y reglamento del Congreso del Estado que, establec\u00edan que para formar grupo parlamentario, se necesitaban 3 diputados de una misma filiaci\u00f3n como m\u00ednimo. Con ello, los diputados\u2026","rel":"","context":"En &quot;Agenda Pol\u00edtica&quot;","block_context":{"text":"Agenda Pol\u00edtica","link":"https:\/\/redaccionoaxaca.com\/index.php\/category\/agenda-politica\/"},"img":{"alt_text":"","src":"","width":0,"height":0},"classes":[]},{"id":33558,"url":"https:\/\/redaccionoaxaca.com\/index.php\/2024\/09\/26\/congreso-de-oaxaca-aprueba-reformas-de-guardia-nacional-y-de-pueblos-indigenas\/","url_meta":{"origin":5652,"position":2},"title":"Congreso de Oaxaca, aprueba reformas de Guardia Nacional y de pueblos ind\u00edgenas","author":"ariadna","date":"septiembre 26, 2024","format":false,"excerpt":"#Redacci\u00f3nOaxaca #Oaxaca Jaime GUERRERO Sin oposici\u00f3n alguna, por mayor\u00eda calificada, el Congreso de Oaxaca, acat\u00f3 la instrucci\u00f3n de su jefe pol\u00edtico nacional, Andr\u00e9s Manuel L\u00f3pez Obrador y del Gobernador, Salom\u00f3n Jara Cruz, al aprobar las minutas enviadas por el Congreso de la Uni\u00f3n, en materia de reforma ind\u00edgena y de\u2026","rel":"","context":"En &quot;Agenda Pol\u00edtica&quot;","block_context":{"text":"Agenda Pol\u00edtica","link":"https:\/\/redaccionoaxaca.com\/index.php\/category\/agenda-politica\/"},"img":{"alt_text":"","src":"","width":0,"height":0},"classes":[]},{"id":10523,"url":"https:\/\/redaccionoaxaca.com\/index.php\/2020\/02\/06\/congreso-de-oaxaca-pide-auxilio-de-la-gn-y-presidente-de-la-jucopo-sugiere-a-gobernador-ajustar-gabinete-en-la-ssp-smo-y-hasta-en-fge\/","url_meta":{"origin":5652,"position":3},"title":"Congreso de Oaxaca pide auxilio de la GN y presidente de la Jucopo sugiere a Gobernador ajustar Gabinete en la SSP, SMO y hasta en FGE.","author":"ariadna","date":"febrero 6, 2020","format":false,"excerpt":"#Redacci\u00f3nOaxaca #Oaxaca Jaime GUERRERO\u00a0 Frente a los hechos delectivos que se han presentado en la entidad, la LXIV Legislatura, exhort\u00f3 al gobernador del Estado, Alejandro Murat Hinojosa, a pedir el auxilio de la Guardia Nacional si el sistema de seguridad p\u00fablica estatal no logra asegurar la tranquilidad ciudadana. Por lo\u2026","rel":"","context":"Entrada similar ","block_context":{"text":"Entrada similar ","link":""},"img":{"alt_text":"","src":"","width":0,"height":0},"classes":[]},{"id":30707,"url":"https:\/\/redaccionoaxaca.com\/index.php\/2024\/02\/29\/avala-congreso-de-oaxaca-interpretacion-al-decreto-sobre-guardia-nacional-realizada-por-el-congreso-de-la-union\/","url_meta":{"origin":5652,"position":4},"title":"Avala Congreso de Oaxaca interpretaci\u00f3n al decreto sobre Guardia Nacional realizada por el Congreso de la Uni\u00f3n","author":"ariadna","date":"febrero 29, 2024","format":false,"excerpt":"#Redacci\u00f3nOaxaca #Oaxaca San Raymundo Jalpan, Oax. 28 de febrero de 2024.- El Congreso H. Congreso del Estado de Oaxaca aval\u00f3 la interpretaci\u00f3n del alcance del art\u00edculo tercero transitorio del decreto mediante el que se reform\u00f3 la Constituci\u00f3n Pol\u00edtica de los Estados Unidos Mexicanos, en materia de Guardia Nacional, publicado en\u2026","rel":"","context":"En &quot;Agenda Pol\u00edtica&quot;","block_context":{"text":"Agenda Pol\u00edtica","link":"https:\/\/redaccionoaxaca.com\/index.php\/category\/agenda-politica\/"},"img":{"alt_text":"","src":"","width":0,"height":0},"classes":[]},{"id":8436,"url":"https:\/\/redaccionoaxaca.com\/index.php\/2019\/09\/12\/morena-va-por-reforma-constitucional-para-constituir-congreso-con-30-diputados-en-oaxaca-propone-eliminar-12-pluris\/","url_meta":{"origin":5652,"position":5},"title":"Morena va por reforma constitucional para constituir  Congreso con 30 diputados en Oaxaca; propone eliminar 12 pluris.","author":"ariadna","date":"septiembre 12, 2019","format":false,"excerpt":"#Redacci\u00f3nOaxaca #Oaxaca Jaime GUERRERO En la LXIV Legislatura, se analiza una reforma constitucional para reducir en 5 los diputados plurinominales locales. Actualmente, son 17 los legisladores locales que son electos por la representaci\u00f3n proporcional. Con la propuesta se pretende reducir de 42 a 30 el numero total de diputados locales,\u2026","rel":"","context":"Entrada similar ","block_context":{"text":"Entrada similar ","link":""},"img":{"alt_text":"","src":"","width":0,"height":0},"classes":[]}],"_links":{"self":[{"href":"https:\/\/redaccionoaxaca.com\/index.php\/wp-json\/wp\/v2\/posts\/5652","targetHints":{"allow":["GET"]}}],"collection":[{"href":"https:\/\/redaccionoaxaca.com\/index.php\/wp-json\/wp\/v2\/posts"}],"about":[{"href":"https:\/\/redaccionoaxaca.com\/index.php\/wp-json\/wp\/v2\/types\/post"}],"author":[{"embeddable":true,"href":"https:\/\/redaccionoaxaca.com\/index.php\/wp-json\/wp\/v2\/users\/2"}],"replies":[{"embeddable":true,"href":"https:\/\/redaccionoaxaca.com\/index.php\/wp-json\/wp\/v2\/comments?post=5652"}],"version-history":[{"count":1,"href":"https:\/\/redaccionoaxaca.com\/index.php\/wp-json\/wp\/v2\/posts\/5652\/revisions"}],"predecessor-version":[{"id":5655,"href":"https:\/\/redaccionoaxaca.com\/index.php\/wp-json\/wp\/v2\/posts\/5652\/revisions\/5655"}],"wp:attachment":[{"href":"https:\/\/redaccionoaxaca.com\/index.php\/wp-json\/wp\/v2\/media?parent=5652"}],"wp:term":[{"taxonomy":"category","embeddable":true,"href":"https:\/\/redaccionoaxaca.com\/index.php\/wp-json\/wp\/v2\/categories?post=5652"},{"taxonomy":"post_tag","embeddable":true,"href":"https:\/\/redaccionoaxaca.com\/index.php\/wp-json\/wp\/v2\/tags?post=5652"}],"curies":[{"name":"wp","href":"https:\/\/api.w.org\/{rel}","templated":true}]}}